





{"id":9987,"date":"2018-06-13T09:40:02","date_gmt":"2018-06-13T07:40:02","guid":{"rendered":"https:\/\/m3caravaning.com\/?p=9987"},"modified":"2024-05-28T10:31:40","modified_gmt":"2024-05-28T08:31:40","slug":"caravana-weinsberg-coneixent-la-caraone-390-qd","status":"publish","type":"post","link":"https:\/\/m3caravaning.com\/ca\/caravanes\/caravana-weinsberg-coneixent-la-caraone-390-qd\/","title":{"rendered":"Caravana Weinsberg: coneixent la Caraone 390 QD"},"content":{"rendered":"<div id=\"ez-toc-container\" class=\"ez-toc-v2_0_82_2 counter-hierarchy ez-toc-counter ez-toc-custom ez-toc-container-direction\">\n<div class=\"ez-toc-title-container\">\n<p class=\"ez-toc-title ez-toc-toggle\" style=\"cursor:pointer\">Tabla de contenido<\/p>\n<span class=\"ez-toc-title-toggle\"><\/span><\/div>\n<nav><ul class='ez-toc-list ez-toc-list-level-1 ' ><li class='ez-toc-page-1 ez-toc-heading-level-1'><a class=\"ez-toc-link ez-toc-heading-1\" href=\"https:\/\/m3caravaning.com\/ca\/caravanes\/caravana-weinsberg-coneixent-la-caraone-390-qd\/#Descobreix_la_nova_caravana_weisnberg\" >Descobreix la nova caravana weisnberg<\/a><ul class='ez-toc-list-level-2' ><li class='ez-toc-heading-level-2'><a class=\"ez-toc-link ez-toc-heading-2\" href=\"https:\/\/m3caravaning.com\/ca\/caravanes\/caravana-weinsberg-coneixent-la-caraone-390-qd\/#La_caravana_amb_espai_per_tu\" >La caravana amb espai per tu<\/a><\/li><\/ul><\/li><\/ul><\/nav><\/div>\n<h1><span class=\"ez-toc-section\" id=\"Descobreix_la_nova_caravana_weisnberg\"><\/span>Descobreix la nova caravana weisnberg<span class=\"ez-toc-section-end\"><\/span><\/h1>\n<p>Tens pensat comprar-te una\u00a0<a href=\"https:\/\/m3caravaning.com\/ca\/caravanes\/\"><strong>caravana<\/strong>\u00a0<\/a>i no saps per quin model decantar-te? Des de M3 Caravaning volem mostrar-te les caracter\u00edstiques de molts dels nostres productes, ajudant-te a con\u00e8ixer els nostres vehicles molt m\u00e9s a fons i puguis triar el que m\u00e9s s&#8217;adapta a la teva idea. Coneix el nou\u00a0<strong>model de caravana de Weinsberg<\/strong>.<\/p>\n<p>Avui parlarem de la\u00a0<strong>caravana Weinsberg Caraone 390 QD<\/strong>\u00a0que \u00e9s una bona opci\u00f3 per a fam\u00edlies de fins a 4 integrants. \u00c9s lleugera, amb una MMA de 1000 quilos que fa que tingui facilitat per ser arrossegada per gaireb\u00e9 qualsevol autom\u00f2bil i sense cap tipus de perm\u00eds especial.<\/p>\n<h2><span class=\"ez-toc-section\" id=\"La_caravana_amb_espai_per_tu\"><\/span>La caravana amb espai per tu<span class=\"ez-toc-section-end\"><\/span><\/h2>\n<p>\u00c9s una\u00a0<strong>caravana<\/strong>\u00a0molt acollidora, a la part davantera hi trobem amb un llit doble fixe transversal de 135x196cm, que pot ocultar-se darrera d&#8217;una cortina. T\u00e9 somier de l\u00e0mines de fusta que s&#8217;aixeca per accedir a un gran espai que serveix per guardar el que necessitis.<\/p>\n<p>La cuina d&#8217;aquesta\u00a0<strong>caravana Weinsberg<\/strong>\u00a0es troba situada a la part central, compta amb tres fogons i pica amb tapa de vidre. Els fogons s\u00f3n amplis i compten amb bastant espai de treball, a m\u00e9s a m\u00e9s existeix un ala abatible per ampliar la zona si es necessit\u00e9s. La nevera Trivalente t\u00e9 una capacitat de 110 litres.<\/p>\n<p>La sala d\u2019estar de la\u00a0<strong>caravana<\/strong>\u00a0est\u00e0 situada a la part posterior i t\u00e9 espai per albergar a quatre persones tranquil\u00b7lament sense cap tipus de problema d&#8217;espai. Es pot transformar en llit per a dues persones.<\/p>\n<p>En aquesta part posterior de la\u00a0<strong>nova caravana<\/strong> tamb\u00e9 ens trobem amb el bany. Amb bastant espai per guardar els estris necessaris gr\u00e0cies als seus dos armaris. Compta amb plat de dutxa, lavabo i WC. T&#8217;interessa? Vine a M3 Caravaning, podr\u00e0s veure aquesta caravana Weinsberg i comprovar les seves prestacions. T&#8217;encantar\u00e0!<\/p>\n","protected":false},"excerpt":{"rendered":"<p>Descobreix la nova caravana weisnberg Tens pensat comprar-te una\u00a0caravana\u00a0i no saps per quin model decantar-te? Des de M3 Caravaning volem mostrar-te les caracter\u00edstiques de molts dels nostres productes, ajudant-te a con\u00e8ixer els nostres vehicles molt m\u00e9s a fons i puguis triar el que m\u00e9s s&#8217;adapta a la teva idea. Coneix el nou\u00a0model de caravana de<\/p>\n","protected":false},"author":2,"featured_media":875,"comment_status":"closed","ping_status":"open","sticky":false,"template":"","format":"standard","meta":{"footnotes":""},"categories":[17],"tags":[],"class_list":["post-9987","post","type-post","status-publish","format-standard","has-post-thumbnail","hentry","category-caravanes"],"yoast_head":"<!-- This site is optimized with the Yoast SEO plugin v22.4 - https:\/\/yoast.com\/wordpress\/plugins\/seo\/ -->\n<title>Caravana Weinsberg: coneixent la Caraone 390 QD - Autocaravanas, caravanas y furgonetas campers nuevas, ocasi\u00f3n y segunda mano<\/title>\n<meta name=\"robots\" content=\"index, follow, max-snippet:-1, max-image-preview:large, max-video-preview:-1\" \/>\n<link rel=\"canonical\" href=\"https:\/\/m3caravaning.com\/ca\/caravanes\/caravana-weinsberg-coneixent-la-caraone-390-qd\/\" \/>\n<meta property=\"og:locale\" content=\"ca_ES\" \/>\n<meta property=\"og:type\" content=\"article\" \/>\n<meta property=\"og:title\" content=\"Caravana Weinsberg: coneixent la Caraone 390 QD - Autocaravanas, caravanas y furgonetas campers nuevas, ocasi\u00f3n y segunda mano\" \/>\n<meta property=\"og:description\" content=\"Descobreix la nova caravana weisnberg Tens pensat comprar-te una\u00a0caravana\u00a0i no saps per quin model decantar-te? Des de M3 Caravaning volem mostrar-te les caracter\u00edstiques de molts dels nostres productes, ajudant-te a con\u00e8ixer els nostres vehicles molt m\u00e9s a fons i puguis triar el que m\u00e9s s&#8217;adapta a la teva idea. Coneix el nou\u00a0model de caravana de\" \/>\n<meta property=\"og:url\" content=\"https:\/\/m3caravaning.com\/ca\/caravanes\/caravana-weinsberg-coneixent-la-caraone-390-qd\/\" \/>\n<meta property=\"og:site_name\" content=\"Autocaravanas, caravanas y furgonetas campers nuevas, ocasi\u00f3n y segunda mano\" \/>\n<meta property=\"article:publisher\" content=\"https:\/\/www.facebook.com\/m3caravaning\" \/>\n<meta property=\"article:published_time\" content=\"2018-06-13T07:40:02+00:00\" \/>\n<meta property=\"article:modified_time\" content=\"2024-05-28T08:31:40+00:00\" \/>\n<meta property=\"og:image\" content=\"https:\/\/m3caravaning.com\/wp-content\/uploads\/2021\/01\/caravana-nueva-weinsberg-conociendo-la-caraone-390-qd-id-170.jpg\" \/>\n\t<meta property=\"og:image:width\" content=\"1000\" \/>\n\t<meta property=\"og:image:height\" content=\"450\" \/>\n\t<meta property=\"og:image:type\" content=\"image\/jpeg\" \/>\n<meta name=\"author\" content=\"M3 Caravaning\" \/>\n<meta name=\"twitter:card\" content=\"summary_large_image\" \/>\n<meta name=\"twitter:creator\" content=\"@M3Caravaning\" \/>\n<meta name=\"twitter:site\" content=\"@M3Caravaning\" \/>\n<meta name=\"twitter:label1\" content=\"Written by\" \/>\n\t<meta name=\"twitter:data1\" content=\"M3 Caravaning\" \/>\n\t<meta name=\"twitter:label2\" content=\"Est. reading time\" \/>\n\t<meta name=\"twitter:data2\" content=\"2 minutes\" \/>\n<script type=\"application\/ld+json\" class=\"yoast-schema-graph\">{\"@context\":\"https:\/\/schema.org\",\"@graph\":[{\"@type\":\"WebPage\",\"@id\":\"https:\/\/m3caravaning.com\/ca\/caravanes\/caravana-weinsberg-coneixent-la-caraone-390-qd\/\",\"url\":\"https:\/\/m3caravaning.com\/ca\/caravanes\/caravana-weinsberg-coneixent-la-caraone-390-qd\/\",\"name\":\"Caravana Weinsberg: coneixent la Caraone 390 QD - Autocaravanas, caravanas y furgonetas campers nuevas, ocasi\u00f3n y segunda mano\",\"isPartOf\":{\"@id\":\"https:\/\/m3caravaning.com\/ca\/#website\"},\"primaryImageOfPage\":{\"@id\":\"https:\/\/m3caravaning.com\/ca\/caravanes\/caravana-weinsberg-coneixent-la-caraone-390-qd\/#primaryimage\"},\"image\":{\"@id\":\"https:\/\/m3caravaning.com\/ca\/caravanes\/caravana-weinsberg-coneixent-la-caraone-390-qd\/#primaryimage\"},\"thumbnailUrl\":\"https:\/\/m3caravaning.com\/wp-content\/uploads\/2021\/01\/caravana-nueva-weinsberg-conociendo-la-caraone-390-qd-id-170.jpg\",\"datePublished\":\"2018-06-13T07:40:02+00:00\",\"dateModified\":\"2024-05-28T08:31:40+00:00\",\"author\":{\"@id\":\"https:\/\/m3caravaning.com\/ca\/#\/schema\/person\/10e5f1edce4be1f414d4bde1bcf0c65f\"},\"breadcrumb\":{\"@id\":\"https:\/\/m3caravaning.com\/ca\/caravanes\/caravana-weinsberg-coneixent-la-caraone-390-qd\/#breadcrumb\"},\"inLanguage\":\"ca\",\"potentialAction\":[{\"@type\":\"ReadAction\",\"target\":[\"https:\/\/m3caravaning.com\/ca\/caravanes\/caravana-weinsberg-coneixent-la-caraone-390-qd\/\"]}]},{\"@type\":\"ImageObject\",\"inLanguage\":\"ca\",\"@id\":\"https:\/\/m3caravaning.com\/ca\/caravanes\/caravana-weinsberg-coneixent-la-caraone-390-qd\/#primaryimage\",\"url\":\"https:\/\/m3caravaning.com\/wp-content\/uploads\/2021\/01\/caravana-nueva-weinsberg-conociendo-la-caraone-390-qd-id-170.jpg\",\"contentUrl\":\"https:\/\/m3caravaning.com\/wp-content\/uploads\/2021\/01\/caravana-nueva-weinsberg-conociendo-la-caraone-390-qd-id-170.jpg\",\"width\":1000,\"height\":450},{\"@type\":\"BreadcrumbList\",\"@id\":\"https:\/\/m3caravaning.com\/ca\/caravanes\/caravana-weinsberg-coneixent-la-caraone-390-qd\/#breadcrumb\",\"itemListElement\":[{\"@type\":\"ListItem\",\"position\":1,\"name\":\"Portada\",\"item\":\"https:\/\/m3caravaning.com\/ca\/\"},{\"@type\":\"ListItem\",\"position\":2,\"name\":\"Caravana Weinsberg: coneixent la Caraone 390 QD\"}]},{\"@type\":\"WebSite\",\"@id\":\"https:\/\/m3caravaning.com\/ca\/#website\",\"url\":\"https:\/\/m3caravaning.com\/ca\/\",\"name\":\"Autocaravanas, caravanas y furgonetas campers nuevas, ocasi\u00f3n y segunda mano\",\"description\":\"Tu tienda de autocaravanas, campers y caravanas nuevas y de segunda mano. Alquiler, tienda de recambios, taller, seguros, etc.\",\"potentialAction\":[{\"@type\":\"SearchAction\",\"target\":{\"@type\":\"EntryPoint\",\"urlTemplate\":\"https:\/\/m3caravaning.com\/ca\/?s={search_term_string}\"},\"query-input\":\"required name=search_term_string\"}],\"inLanguage\":\"ca\"},{\"@type\":\"Person\",\"@id\":\"https:\/\/m3caravaning.com\/ca\/#\/schema\/person\/10e5f1edce4be1f414d4bde1bcf0c65f\",\"name\":\"M3 Caravaning\",\"image\":{\"@type\":\"ImageObject\",\"inLanguage\":\"ca\",\"@id\":\"https:\/\/m3caravaning.com\/ca\/#\/schema\/person\/image\/\",\"url\":\"https:\/\/secure.gravatar.com\/avatar\/45cc9e7bfaa20654bd7626e499aa306a8db18ee338763b6b771e707ccbeef54c?s=96&d=mm&r=g\",\"contentUrl\":\"https:\/\/secure.gravatar.com\/avatar\/45cc9e7bfaa20654bd7626e499aa306a8db18ee338763b6b771e707ccbeef54c?s=96&d=mm&r=g\",\"caption\":\"M3 Caravaning\"}}]}<\/script>\n<!-- \/ Yoast SEO plugin. -->","yoast_head_json":{"title":"Caravana Weinsberg: coneixent la Caraone 390 QD - Autocaravanas, caravanas y furgonetas campers nuevas, ocasi\u00f3n y segunda mano","robots":{"index":"index","follow":"follow","max-snippet":"max-snippet:-1","max-image-preview":"max-image-preview:large","max-video-preview":"max-video-preview:-1"},"canonical":"https:\/\/m3caravaning.com\/ca\/caravanes\/caravana-weinsberg-coneixent-la-caraone-390-qd\/","og_locale":"ca_ES","og_type":"article","og_title":"Caravana Weinsberg: coneixent la Caraone 390 QD - Autocaravanas, caravanas y furgonetas campers nuevas, ocasi\u00f3n y segunda mano","og_description":"Descobreix la nova caravana weisnberg Tens pensat comprar-te una\u00a0caravana\u00a0i no saps per quin model decantar-te? Des de M3 Caravaning volem mostrar-te les caracter\u00edstiques de molts dels nostres productes, ajudant-te a con\u00e8ixer els nostres vehicles molt m\u00e9s a fons i puguis triar el que m\u00e9s s&#8217;adapta a la teva idea. Coneix el nou\u00a0model de caravana de","og_url":"https:\/\/m3caravaning.com\/ca\/caravanes\/caravana-weinsberg-coneixent-la-caraone-390-qd\/","og_site_name":"Autocaravanas, caravanas y furgonetas campers nuevas, ocasi\u00f3n y segunda mano","article_publisher":"https:\/\/www.facebook.com\/m3caravaning","article_published_time":"2018-06-13T07:40:02+00:00","article_modified_time":"2024-05-28T08:31:40+00:00","og_image":[{"width":1000,"height":450,"url":"https:\/\/m3caravaning.com\/wp-content\/uploads\/2021\/01\/caravana-nueva-weinsberg-conociendo-la-caraone-390-qd-id-170.jpg","type":"image\/jpeg"}],"author":"M3 Caravaning","twitter_card":"summary_large_image","twitter_creator":"@M3Caravaning","twitter_site":"@M3Caravaning","twitter_misc":{"Written by":"M3 Caravaning","Est. reading time":"2 minutes"},"schema":{"@context":"https:\/\/schema.org","@graph":[{"@type":"WebPage","@id":"https:\/\/m3caravaning.com\/ca\/caravanes\/caravana-weinsberg-coneixent-la-caraone-390-qd\/","url":"https:\/\/m3caravaning.com\/ca\/caravanes\/caravana-weinsberg-coneixent-la-caraone-390-qd\/","name":"Caravana Weinsberg: coneixent la Caraone 390 QD - Autocaravanas, caravanas y furgonetas campers nuevas, ocasi\u00f3n y segunda mano","isPartOf":{"@id":"https:\/\/m3caravaning.com\/ca\/#website"},"primaryImageOfPage":{"@id":"https:\/\/m3caravaning.com\/ca\/caravanes\/caravana-weinsberg-coneixent-la-caraone-390-qd\/#primaryimage"},"image":{"@id":"https:\/\/m3caravaning.com\/ca\/caravanes\/caravana-weinsberg-coneixent-la-caraone-390-qd\/#primaryimage"},"thumbnailUrl":"https:\/\/m3caravaning.com\/wp-content\/uploads\/2021\/01\/caravana-nueva-weinsberg-conociendo-la-caraone-390-qd-id-170.jpg","datePublished":"2018-06-13T07:40:02+00:00","dateModified":"2024-05-28T08:31:40+00:00","author":{"@id":"https:\/\/m3caravaning.com\/ca\/#\/schema\/person\/10e5f1edce4be1f414d4bde1bcf0c65f"},"breadcrumb":{"@id":"https:\/\/m3caravaning.com\/ca\/caravanes\/caravana-weinsberg-coneixent-la-caraone-390-qd\/#breadcrumb"},"inLanguage":"ca","potentialAction":[{"@type":"ReadAction","target":["https:\/\/m3caravaning.com\/ca\/caravanes\/caravana-weinsberg-coneixent-la-caraone-390-qd\/"]}]},{"@type":"ImageObject","inLanguage":"ca","@id":"https:\/\/m3caravaning.com\/ca\/caravanes\/caravana-weinsberg-coneixent-la-caraone-390-qd\/#primaryimage","url":"https:\/\/m3caravaning.com\/wp-content\/uploads\/2021\/01\/caravana-nueva-weinsberg-conociendo-la-caraone-390-qd-id-170.jpg","contentUrl":"https:\/\/m3caravaning.com\/wp-content\/uploads\/2021\/01\/caravana-nueva-weinsberg-conociendo-la-caraone-390-qd-id-170.jpg","width":1000,"height":450},{"@type":"BreadcrumbList","@id":"https:\/\/m3caravaning.com\/ca\/caravanes\/caravana-weinsberg-coneixent-la-caraone-390-qd\/#breadcrumb","itemListElement":[{"@type":"ListItem","position":1,"name":"Portada","item":"https:\/\/m3caravaning.com\/ca\/"},{"@type":"ListItem","position":2,"name":"Caravana Weinsberg: coneixent la Caraone 390 QD"}]},{"@type":"WebSite","@id":"https:\/\/m3caravaning.com\/ca\/#website","url":"https:\/\/m3caravaning.com\/ca\/","name":"Autocaravanas, caravanas y furgonetas campers nuevas, ocasi\u00f3n y segunda mano","description":"Tu tienda de autocaravanas, campers y caravanas nuevas y de segunda mano. Alquiler, tienda de recambios, taller, seguros, etc.","potentialAction":[{"@type":"SearchAction","target":{"@type":"EntryPoint","urlTemplate":"https:\/\/m3caravaning.com\/ca\/?s={search_term_string}"},"query-input":"required name=search_term_string"}],"inLanguage":"ca"},{"@type":"Person","@id":"https:\/\/m3caravaning.com\/ca\/#\/schema\/person\/10e5f1edce4be1f414d4bde1bcf0c65f","name":"M3 Caravaning","image":{"@type":"ImageObject","inLanguage":"ca","@id":"https:\/\/m3caravaning.com\/ca\/#\/schema\/person\/image\/","url":"https:\/\/secure.gravatar.com\/avatar\/45cc9e7bfaa20654bd7626e499aa306a8db18ee338763b6b771e707ccbeef54c?s=96&d=mm&r=g","contentUrl":"https:\/\/secure.gravatar.com\/avatar\/45cc9e7bfaa20654bd7626e499aa306a8db18ee338763b6b771e707ccbeef54c?s=96&d=mm&r=g","caption":"M3 Caravaning"}}]}},"_links":{"self":[{"href":"https:\/\/m3caravaning.com\/ca\/wp-json\/wp\/v2\/posts\/9987","targetHints":{"allow":["GET"]}}],"collection":[{"href":"https:\/\/m3caravaning.com\/ca\/wp-json\/wp\/v2\/posts"}],"about":[{"href":"https:\/\/m3caravaning.com\/ca\/wp-json\/wp\/v2\/types\/post"}],"author":[{"embeddable":true,"href":"https:\/\/m3caravaning.com\/ca\/wp-json\/wp\/v2\/users\/2"}],"replies":[{"embeddable":true,"href":"https:\/\/m3caravaning.com\/ca\/wp-json\/wp\/v2\/comments?post=9987"}],"version-history":[{"count":1,"href":"https:\/\/m3caravaning.com\/ca\/wp-json\/wp\/v2\/posts\/9987\/revisions"}],"predecessor-version":[{"id":619690,"href":"https:\/\/m3caravaning.com\/ca\/wp-json\/wp\/v2\/posts\/9987\/revisions\/619690"}],"wp:featuredmedia":[{"embeddable":true,"href":"https:\/\/m3caravaning.com\/ca\/wp-json\/wp\/v2\/media\/875"}],"wp:attachment":[{"href":"https:\/\/m3caravaning.com\/ca\/wp-json\/wp\/v2\/media?parent=9987"}],"wp:term":[{"taxonomy":"category","embeddable":true,"href":"https:\/\/m3caravaning.com\/ca\/wp-json\/wp\/v2\/categories?post=9987"},{"taxonomy":"post_tag","embeddable":true,"href":"https:\/\/m3caravaning.com\/ca\/wp-json\/wp\/v2\/tags?post=9987"}],"curies":[{"name":"wp","href":"https:\/\/api.w.org\/{rel}","templated":true}]}}