





{"id":9983,"date":"2020-05-09T09:35:42","date_gmt":"2020-05-09T07:35:42","guid":{"rendered":"https:\/\/m3caravaning.com\/?p=9983"},"modified":"2021-06-15T15:55:34","modified_gmt":"2021-06-15T13:55:34","slug":"protocol-de-seguretat-a-la-quinzena-del-caravaning-a-m3-caravaning","status":"publish","type":"post","link":"https:\/\/m3caravaning.com\/ca\/autocaravanes\/protocol-de-seguretat-a-la-quinzena-del-caravaning-a-m3-caravaning\/","title":{"rendered":"Protocol de seguretat a la Quinzena del Caravaning a M3 Caravaning"},"content":{"rendered":"<p>Ens veiem obligats a comunicar que, durant la\u00a0<strong>Quinzena el Caravaning no hi haur\u00e0 cita pr\u00e8via<\/strong>\u00a0(DURANT EL CAP DE SETMANA) i per raons sanit\u00e0ries, hi haur\u00e0 un\u00a0<strong>aforament restringit a l&#8217;exposici\u00f3 interior<\/strong>\u00a0de vehicles, d&#8217;autocaravanes, caravanes i campers. Preguem que vinguin el m\u00ednim de persones possibles per unitat familiar. (Recomanem 2 membres per fam\u00edlia).<\/p>\n<p>M3 Caravaning disposa d&#8217;una\u00a0<strong>gran exposici\u00f3 d&#8217;autocaravanes, caravanes i furgonetes campers<\/strong>, tant noves, com outlet i segona m\u00e0. Part de la\u00a0<strong>exposici\u00f3 \u00e9s a l&#8217;exterior<\/strong>, i en aquesta tots els visitants podran veure els vehicles i passejar per les diferents zones, mentre l&#8217;aforament de l&#8217;exposici\u00f3 interior es va buidant.<\/p>\n<p>Demanem a tots els visitants,\u00a0<strong>complir les mesures de seguretat<\/strong>\u00a0recomanades, com portar **mascareta **i respectar la dist\u00e0ncia de seguretat entre els assistents. Dins de l&#8217;exposici\u00f3 interior, hi haur\u00e0 diversos punts de\u00a0<strong>gel hidroalcoh\u00f3lico<\/strong>, que tots els visitants hauran d&#8217;aplicar abans de visitar les autocaravanes, caravanes o campers de l&#8217;exposici\u00f3.<\/p>\n<p>Per als\u00a0<strong>clients<\/strong>\u00a0que ja\u00a0<strong>hagin estat atesos amb anterioritat<\/strong>\u00a0per un dels nostres comercials o per a clients que\u00a0<strong>ja hagin triat el seu vehicle<\/strong>\u00a0per a la seva adquisici\u00f3 (marca i model)\u00a0<strong>podran contactar amb un comercial pr\u00e8viament<\/strong>\u00a0durant els dies laborables, per poder organitzar una visita i aix\u00ed garantir que pugui ser at\u00e8s.<\/p>\n<p>Lamentem les mol\u00e8sties que aquesta situaci\u00f3 pugui ocasionar i preguem comprensi\u00f3, s\u00f3n mesures per a la seguretat de tots.<\/p>\n<p>moltes gr\u00e0cies<\/p>\n","protected":false},"excerpt":{"rendered":"<p>Ens veiem obligats a comunicar que, durant la\u00a0Quinzena el Caravaning no hi haur\u00e0 cita pr\u00e8via\u00a0(DURANT EL CAP DE SETMANA) i per raons sanit\u00e0ries, hi haur\u00e0 un\u00a0aforament restringit a l&#8217;exposici\u00f3 interior\u00a0de vehicles, d&#8217;autocaravanes, caravanes i campers. Preguem que vinguin el m\u00ednim de persones possibles per unitat familiar. (Recomanem 2 membres per fam\u00edlia). M3 Caravaning disposa d&#8217;una\u00a0gran<\/p>\n","protected":false},"author":2,"featured_media":953,"comment_status":"closed","ping_status":"open","sticky":false,"template":"","format":"standard","meta":{"footnotes":""},"categories":[15,16,17],"tags":[],"class_list":["post-9983","post","type-post","status-publish","format-standard","has-post-thumbnail","hentry","category-autocaravanes","category-campers-ca","category-caravanes"],"yoast_head":"<!-- This site is optimized with the Yoast SEO plugin v22.4 - https:\/\/yoast.com\/wordpress\/plugins\/seo\/ -->\n<title>Protocol de seguretat a la Quinzena del Caravaning a M3 Caravaning - Autocaravanas, caravanas y furgonetas campers nuevas, ocasi\u00f3n y segunda mano<\/title>\n<meta name=\"robots\" content=\"index, follow, max-snippet:-1, max-image-preview:large, max-video-preview:-1\" \/>\n<link rel=\"canonical\" href=\"https:\/\/m3caravaning.com\/ca\/autocaravanes\/protocol-de-seguretat-a-la-quinzena-del-caravaning-a-m3-caravaning\/\" \/>\n<meta property=\"og:locale\" content=\"ca_ES\" \/>\n<meta property=\"og:type\" content=\"article\" \/>\n<meta property=\"og:title\" content=\"Protocol de seguretat a la Quinzena del Caravaning a M3 Caravaning - Autocaravanas, caravanas y furgonetas campers nuevas, ocasi\u00f3n y segunda mano\" \/>\n<meta property=\"og:description\" content=\"Ens veiem obligats a comunicar que, durant la\u00a0Quinzena el Caravaning no hi haur\u00e0 cita pr\u00e8via\u00a0(DURANT EL CAP DE SETMANA) i per raons sanit\u00e0ries, hi haur\u00e0 un\u00a0aforament restringit a l&#8217;exposici\u00f3 interior\u00a0de vehicles, d&#8217;autocaravanes, caravanes i campers. Preguem que vinguin el m\u00ednim de persones possibles per unitat familiar. (Recomanem 2 membres per fam\u00edlia). M3 Caravaning disposa d&#8217;una\u00a0gran\" \/>\n<meta property=\"og:url\" content=\"https:\/\/m3caravaning.com\/ca\/autocaravanes\/protocol-de-seguretat-a-la-quinzena-del-caravaning-a-m3-caravaning\/\" \/>\n<meta property=\"og:site_name\" content=\"Autocaravanas, caravanas y furgonetas campers nuevas, ocasi\u00f3n y segunda mano\" \/>\n<meta property=\"article:publisher\" content=\"https:\/\/www.facebook.com\/m3caravaning\" \/>\n<meta property=\"article:published_time\" content=\"2020-05-09T07:35:42+00:00\" \/>\n<meta property=\"article:modified_time\" content=\"2021-06-15T13:55:34+00:00\" \/>\n<meta property=\"og:image\" content=\"https:\/\/m3caravaning.com\/wp-content\/uploads\/2021\/01\/protocolo-de-seguridad-en-la-quincena-del-caravaning-en-m3-caravaning-id-435.gif\" \/>\n\t<meta property=\"og:image:width\" content=\"300\" \/>\n\t<meta property=\"og:image:height\" content=\"250\" \/>\n\t<meta property=\"og:image:type\" content=\"image\/gif\" \/>\n<meta name=\"author\" content=\"M3 Caravaning\" \/>\n<meta name=\"twitter:card\" content=\"summary_large_image\" \/>\n<meta name=\"twitter:creator\" content=\"@M3Caravaning\" \/>\n<meta name=\"twitter:site\" content=\"@M3Caravaning\" \/>\n<meta name=\"twitter:label1\" content=\"Written by\" \/>\n\t<meta name=\"twitter:data1\" content=\"M3 Caravaning\" \/>\n\t<meta name=\"twitter:label2\" content=\"Est. reading time\" \/>\n\t<meta name=\"twitter:data2\" content=\"2 minutes\" \/>\n<script type=\"application\/ld+json\" class=\"yoast-schema-graph\">{\"@context\":\"https:\/\/schema.org\",\"@graph\":[{\"@type\":\"WebPage\",\"@id\":\"https:\/\/m3caravaning.com\/ca\/autocaravanes\/protocol-de-seguretat-a-la-quinzena-del-caravaning-a-m3-caravaning\/\",\"url\":\"https:\/\/m3caravaning.com\/ca\/autocaravanes\/protocol-de-seguretat-a-la-quinzena-del-caravaning-a-m3-caravaning\/\",\"name\":\"Protocol de seguretat a la Quinzena del Caravaning a M3 Caravaning - Autocaravanas, caravanas y furgonetas campers nuevas, ocasi\u00f3n y segunda mano\",\"isPartOf\":{\"@id\":\"https:\/\/m3caravaning.com\/ca\/#website\"},\"primaryImageOfPage\":{\"@id\":\"https:\/\/m3caravaning.com\/ca\/autocaravanes\/protocol-de-seguretat-a-la-quinzena-del-caravaning-a-m3-caravaning\/#primaryimage\"},\"image\":{\"@id\":\"https:\/\/m3caravaning.com\/ca\/autocaravanes\/protocol-de-seguretat-a-la-quinzena-del-caravaning-a-m3-caravaning\/#primaryimage\"},\"thumbnailUrl\":\"https:\/\/m3caravaning.com\/wp-content\/uploads\/2021\/01\/protocolo-de-seguridad-en-la-quincena-del-caravaning-en-m3-caravaning-id-435.gif\",\"datePublished\":\"2020-05-09T07:35:42+00:00\",\"dateModified\":\"2021-06-15T13:55:34+00:00\",\"author\":{\"@id\":\"https:\/\/m3caravaning.com\/ca\/#\/schema\/person\/10e5f1edce4be1f414d4bde1bcf0c65f\"},\"breadcrumb\":{\"@id\":\"https:\/\/m3caravaning.com\/ca\/autocaravanes\/protocol-de-seguretat-a-la-quinzena-del-caravaning-a-m3-caravaning\/#breadcrumb\"},\"inLanguage\":\"ca\",\"potentialAction\":[{\"@type\":\"ReadAction\",\"target\":[\"https:\/\/m3caravaning.com\/ca\/autocaravanes\/protocol-de-seguretat-a-la-quinzena-del-caravaning-a-m3-caravaning\/\"]}]},{\"@type\":\"ImageObject\",\"inLanguage\":\"ca\",\"@id\":\"https:\/\/m3caravaning.com\/ca\/autocaravanes\/protocol-de-seguretat-a-la-quinzena-del-caravaning-a-m3-caravaning\/#primaryimage\",\"url\":\"https:\/\/m3caravaning.com\/wp-content\/uploads\/2021\/01\/protocolo-de-seguridad-en-la-quincena-del-caravaning-en-m3-caravaning-id-435.gif\",\"contentUrl\":\"https:\/\/m3caravaning.com\/wp-content\/uploads\/2021\/01\/protocolo-de-seguridad-en-la-quincena-del-caravaning-en-m3-caravaning-id-435.gif\",\"width\":300,\"height\":250},{\"@type\":\"BreadcrumbList\",\"@id\":\"https:\/\/m3caravaning.com\/ca\/autocaravanes\/protocol-de-seguretat-a-la-quinzena-del-caravaning-a-m3-caravaning\/#breadcrumb\",\"itemListElement\":[{\"@type\":\"ListItem\",\"position\":1,\"name\":\"Portada\",\"item\":\"https:\/\/m3caravaning.com\/ca\/\"},{\"@type\":\"ListItem\",\"position\":2,\"name\":\"Protocol de seguretat a la Quinzena del Caravaning a M3 Caravaning\"}]},{\"@type\":\"WebSite\",\"@id\":\"https:\/\/m3caravaning.com\/ca\/#website\",\"url\":\"https:\/\/m3caravaning.com\/ca\/\",\"name\":\"Autocaravanas, caravanas y furgonetas campers nuevas, ocasi\u00f3n y segunda mano\",\"description\":\"Tu tienda de autocaravanas, campers y caravanas nuevas y de segunda mano. Alquiler, tienda de recambios, taller, seguros, etc.\",\"potentialAction\":[{\"@type\":\"SearchAction\",\"target\":{\"@type\":\"EntryPoint\",\"urlTemplate\":\"https:\/\/m3caravaning.com\/ca\/?s={search_term_string}\"},\"query-input\":\"required name=search_term_string\"}],\"inLanguage\":\"ca\"},{\"@type\":\"Person\",\"@id\":\"https:\/\/m3caravaning.com\/ca\/#\/schema\/person\/10e5f1edce4be1f414d4bde1bcf0c65f\",\"name\":\"M3 Caravaning\",\"image\":{\"@type\":\"ImageObject\",\"inLanguage\":\"ca\",\"@id\":\"https:\/\/m3caravaning.com\/ca\/#\/schema\/person\/image\/\",\"url\":\"https:\/\/secure.gravatar.com\/avatar\/45cc9e7bfaa20654bd7626e499aa306a8db18ee338763b6b771e707ccbeef54c?s=96&d=mm&r=g\",\"contentUrl\":\"https:\/\/secure.gravatar.com\/avatar\/45cc9e7bfaa20654bd7626e499aa306a8db18ee338763b6b771e707ccbeef54c?s=96&d=mm&r=g\",\"caption\":\"M3 Caravaning\"}}]}<\/script>\n<!-- \/ Yoast SEO plugin. -->","yoast_head_json":{"title":"Protocol de seguretat a la Quinzena del Caravaning a M3 Caravaning - Autocaravanas, caravanas y furgonetas campers nuevas, ocasi\u00f3n y segunda mano","robots":{"index":"index","follow":"follow","max-snippet":"max-snippet:-1","max-image-preview":"max-image-preview:large","max-video-preview":"max-video-preview:-1"},"canonical":"https:\/\/m3caravaning.com\/ca\/autocaravanes\/protocol-de-seguretat-a-la-quinzena-del-caravaning-a-m3-caravaning\/","og_locale":"ca_ES","og_type":"article","og_title":"Protocol de seguretat a la Quinzena del Caravaning a M3 Caravaning - Autocaravanas, caravanas y furgonetas campers nuevas, ocasi\u00f3n y segunda mano","og_description":"Ens veiem obligats a comunicar que, durant la\u00a0Quinzena el Caravaning no hi haur\u00e0 cita pr\u00e8via\u00a0(DURANT EL CAP DE SETMANA) i per raons sanit\u00e0ries, hi haur\u00e0 un\u00a0aforament restringit a l&#8217;exposici\u00f3 interior\u00a0de vehicles, d&#8217;autocaravanes, caravanes i campers. Preguem que vinguin el m\u00ednim de persones possibles per unitat familiar. (Recomanem 2 membres per fam\u00edlia). M3 Caravaning disposa d&#8217;una\u00a0gran","og_url":"https:\/\/m3caravaning.com\/ca\/autocaravanes\/protocol-de-seguretat-a-la-quinzena-del-caravaning-a-m3-caravaning\/","og_site_name":"Autocaravanas, caravanas y furgonetas campers nuevas, ocasi\u00f3n y segunda mano","article_publisher":"https:\/\/www.facebook.com\/m3caravaning","article_published_time":"2020-05-09T07:35:42+00:00","article_modified_time":"2021-06-15T13:55:34+00:00","og_image":[{"width":300,"height":250,"url":"https:\/\/m3caravaning.com\/wp-content\/uploads\/2021\/01\/protocolo-de-seguridad-en-la-quincena-del-caravaning-en-m3-caravaning-id-435.gif","type":"image\/gif"}],"author":"M3 Caravaning","twitter_card":"summary_large_image","twitter_creator":"@M3Caravaning","twitter_site":"@M3Caravaning","twitter_misc":{"Written by":"M3 Caravaning","Est. reading time":"2 minutes"},"schema":{"@context":"https:\/\/schema.org","@graph":[{"@type":"WebPage","@id":"https:\/\/m3caravaning.com\/ca\/autocaravanes\/protocol-de-seguretat-a-la-quinzena-del-caravaning-a-m3-caravaning\/","url":"https:\/\/m3caravaning.com\/ca\/autocaravanes\/protocol-de-seguretat-a-la-quinzena-del-caravaning-a-m3-caravaning\/","name":"Protocol de seguretat a la Quinzena del Caravaning a M3 Caravaning - Autocaravanas, caravanas y furgonetas campers nuevas, ocasi\u00f3n y segunda mano","isPartOf":{"@id":"https:\/\/m3caravaning.com\/ca\/#website"},"primaryImageOfPage":{"@id":"https:\/\/m3caravaning.com\/ca\/autocaravanes\/protocol-de-seguretat-a-la-quinzena-del-caravaning-a-m3-caravaning\/#primaryimage"},"image":{"@id":"https:\/\/m3caravaning.com\/ca\/autocaravanes\/protocol-de-seguretat-a-la-quinzena-del-caravaning-a-m3-caravaning\/#primaryimage"},"thumbnailUrl":"https:\/\/m3caravaning.com\/wp-content\/uploads\/2021\/01\/protocolo-de-seguridad-en-la-quincena-del-caravaning-en-m3-caravaning-id-435.gif","datePublished":"2020-05-09T07:35:42+00:00","dateModified":"2021-06-15T13:55:34+00:00","author":{"@id":"https:\/\/m3caravaning.com\/ca\/#\/schema\/person\/10e5f1edce4be1f414d4bde1bcf0c65f"},"breadcrumb":{"@id":"https:\/\/m3caravaning.com\/ca\/autocaravanes\/protocol-de-seguretat-a-la-quinzena-del-caravaning-a-m3-caravaning\/#breadcrumb"},"inLanguage":"ca","potentialAction":[{"@type":"ReadAction","target":["https:\/\/m3caravaning.com\/ca\/autocaravanes\/protocol-de-seguretat-a-la-quinzena-del-caravaning-a-m3-caravaning\/"]}]},{"@type":"ImageObject","inLanguage":"ca","@id":"https:\/\/m3caravaning.com\/ca\/autocaravanes\/protocol-de-seguretat-a-la-quinzena-del-caravaning-a-m3-caravaning\/#primaryimage","url":"https:\/\/m3caravaning.com\/wp-content\/uploads\/2021\/01\/protocolo-de-seguridad-en-la-quincena-del-caravaning-en-m3-caravaning-id-435.gif","contentUrl":"https:\/\/m3caravaning.com\/wp-content\/uploads\/2021\/01\/protocolo-de-seguridad-en-la-quincena-del-caravaning-en-m3-caravaning-id-435.gif","width":300,"height":250},{"@type":"BreadcrumbList","@id":"https:\/\/m3caravaning.com\/ca\/autocaravanes\/protocol-de-seguretat-a-la-quinzena-del-caravaning-a-m3-caravaning\/#breadcrumb","itemListElement":[{"@type":"ListItem","position":1,"name":"Portada","item":"https:\/\/m3caravaning.com\/ca\/"},{"@type":"ListItem","position":2,"name":"Protocol de seguretat a la Quinzena del Caravaning a M3 Caravaning"}]},{"@type":"WebSite","@id":"https:\/\/m3caravaning.com\/ca\/#website","url":"https:\/\/m3caravaning.com\/ca\/","name":"Autocaravanas, caravanas y furgonetas campers nuevas, ocasi\u00f3n y segunda mano","description":"Tu tienda de autocaravanas, campers y caravanas nuevas y de segunda mano. Alquiler, tienda de recambios, taller, seguros, etc.","potentialAction":[{"@type":"SearchAction","target":{"@type":"EntryPoint","urlTemplate":"https:\/\/m3caravaning.com\/ca\/?s={search_term_string}"},"query-input":"required name=search_term_string"}],"inLanguage":"ca"},{"@type":"Person","@id":"https:\/\/m3caravaning.com\/ca\/#\/schema\/person\/10e5f1edce4be1f414d4bde1bcf0c65f","name":"M3 Caravaning","image":{"@type":"ImageObject","inLanguage":"ca","@id":"https:\/\/m3caravaning.com\/ca\/#\/schema\/person\/image\/","url":"https:\/\/secure.gravatar.com\/avatar\/45cc9e7bfaa20654bd7626e499aa306a8db18ee338763b6b771e707ccbeef54c?s=96&d=mm&r=g","contentUrl":"https:\/\/secure.gravatar.com\/avatar\/45cc9e7bfaa20654bd7626e499aa306a8db18ee338763b6b771e707ccbeef54c?s=96&d=mm&r=g","caption":"M3 Caravaning"}}]}},"_links":{"self":[{"href":"https:\/\/m3caravaning.com\/ca\/wp-json\/wp\/v2\/posts\/9983","targetHints":{"allow":["GET"]}}],"collection":[{"href":"https:\/\/m3caravaning.com\/ca\/wp-json\/wp\/v2\/posts"}],"about":[{"href":"https:\/\/m3caravaning.com\/ca\/wp-json\/wp\/v2\/types\/post"}],"author":[{"embeddable":true,"href":"https:\/\/m3caravaning.com\/ca\/wp-json\/wp\/v2\/users\/2"}],"replies":[{"embeddable":true,"href":"https:\/\/m3caravaning.com\/ca\/wp-json\/wp\/v2\/comments?post=9983"}],"version-history":[{"count":0,"href":"https:\/\/m3caravaning.com\/ca\/wp-json\/wp\/v2\/posts\/9983\/revisions"}],"wp:featuredmedia":[{"embeddable":true,"href":"https:\/\/m3caravaning.com\/ca\/wp-json\/wp\/v2\/media\/953"}],"wp:attachment":[{"href":"https:\/\/m3caravaning.com\/ca\/wp-json\/wp\/v2\/media?parent=9983"}],"wp:term":[{"taxonomy":"category","embeddable":true,"href":"https:\/\/m3caravaning.com\/ca\/wp-json\/wp\/v2\/categories?post=9983"},{"taxonomy":"post_tag","embeddable":true,"href":"https:\/\/m3caravaning.com\/ca\/wp-json\/wp\/v2\/tags?post=9983"}],"curies":[{"name":"wp","href":"https:\/\/api.w.org\/{rel}","templated":true}]}}