





{"id":9922,"date":"2018-03-08T11:49:41","date_gmt":"2018-03-08T10:49:41","guid":{"rendered":"https:\/\/m3caravaning.com\/?p=9922"},"modified":"2024-05-28T09:41:09","modified_gmt":"2024-05-28T07:41:09","slug":"llega-la-feria-madrid-caravaning-del-10-18-de-febrero-del-2018-te-esperamos","status":"publish","type":"post","link":"https:\/\/m3caravaning.com\/ca\/autocaravanes\/llega-la-feria-madrid-caravaning-del-10-18-de-febrero-del-2018-te-esperamos\/","title":{"rendered":"\u00a1Llega la feria Madrid Caravaning! del 10-18 de Febrero del 2018 \u00a1Te esperamos!"},"content":{"rendered":"<p><strong>Del 10 al 18 de Febrero del 2018 en el Pabell\u00f3n de Cristal de la Casa de Campo de Madrid \u00a1Te esperamos!<\/strong><\/p>\n<p><strong>El horario de la Feria ser\u00e1 S\u00e1bados y domingos de 10 a 20 horas y de Lunes a viernes de 11 a 20 horas<\/strong><\/p>\n<p>El coste de la entrada es de 2\u20ac, los ni\u00f1os tienen acceso gratuito hasta los 14 a\u00f1os. Pero nos pod\u00e9is pedir\u00a0<strong>INVITACIONES para acceder a la Feria Caravaning gratis, a trav\u00e9s de nuestro formulario online<\/strong>\u00a0y os mandaremos todas las invitaciones a la Feria Madrid Caravaning que necesit\u00e9is.<\/p>\n<p>Del 10 al 18 de Febrero del 2018 os esperamos en la Feria del Caravaning en Madrid, cita obligatoria para todos los amantes del caravaning. M3 Caravaning estar\u00e1 presente con una gran exposici\u00f3n en caravanas, autocaravanas y campers furgonetas de las mejores marcas del mercado. Como\u00a0<strong>caravanas nuevas de oferta Knaus, Fendt, Weinsberg<\/strong>;\u00a0<strong>campers alemanas de oferta nuevas Knaus, Pilote, Weinsberg<\/strong>\u00a0y\u00a0<strong>autocaravanas nuevas de oferta Pilote, Knaus y Weinsberg<\/strong>.<\/p>\n<p>Los visitantes que vengan a visitarnos en esta fant\u00e1stica Feria, podr\u00e1n disfrutar de una\u00a0<strong>gran exposici\u00f3n de caravanas, autocaravanas y campers nuevos de temporada 2018 y ofertas especiales<\/strong>. Todas las caravanas, autocaravanas y campers expuestos pertenecen a las mejores marcas del mercado, de construcci\u00f3n alemana y francesa.<\/p>\n<p>Nuestra exposici\u00f3n comprender\u00e1 una** variedad de distribuciones para todos los gustos**, como caravanas de 3 ambientes para familias, de 2 ambientes para parejas o para familias ruteras. Autocaravanas perfiladas con cama abatible y cama en isla, autocaravanas capuchina para familias numerosas, y campers para los que quieran viajar largos recorridos con la mayor comodidad posible.<\/p>\n<p><strong>\u00a1No te pierdas la mejor ocasi\u00f3n para reservar sus vacaciones!<\/strong><\/p>\n<p>Tanto si Ud. es ya usuario del caravaning o est\u00e1 pensando en formar parte de esta gran familia, no olvide confiar siempre en profesionales acreditados del sector. La adquisici\u00f3n de una caravana o autocaravana es una importante inversi\u00f3n econ\u00f3mica y por ello, s\u00f3lo los profesionales pueden aconsejarle y recomendarle las mejores opciones para Ud. y su familia y su estilo de vida. Adem\u00e1s, su veh\u00edculo estar\u00e1 siempre atendido y mantenido por empresas profesionales con la capacidad t\u00e9cnica y los conocimientos necesarios.<\/p>\n<p><strong>M\u00e1s informaci\u00f3n aqu\u00ed o al tel\u00e9fono 916570550 \/ 938182500<\/strong><\/p>\n<p><strong>Y P\u00cdDENOS UNA INVITACI\u00d3N PARA EL EVENTO Y TE LA MANDAREMOS GRATUITAMENTE!<\/strong>\u00a0<a href=\"https:\/\/m3caravaning.com\/ca\/contacte\/\">Contacte con nosotros aqu\u00ed<\/a><\/p>\n<p>\u00a1Os esperamos!<\/p>\n<img fetchpriority=\"high\" decoding=\"async\" class=\"alignnone size-medium wp-image-9920\" src=\"https:\/\/m3caravaning.com\/wp-content\/uploads\/2021\/03\/feriamadridcaravaningfebrero-scaled.jpg\" alt=\"\" width=\"208\" height=\"300\" srcset=\"https:\/\/m3caravaning.com\/wp-content\/uploads\/2021\/03\/feriamadridcaravaningfebrero-scaled.jpg 1774w, https:\/\/m3caravaning.com\/wp-content\/uploads\/2021\/03\/feriamadridcaravaningfebrero-scaled-600x866.jpg 600w\" sizes=\"(max-width: 208px) 100vw, 208px\" \/>\n","protected":false},"excerpt":{"rendered":"<p>Del 10 al 18 de Febrero del 2018 en el Pabell\u00f3n de Cristal de la Casa de Campo de Madrid \u00a1Te esperamos! El horario de la Feria ser\u00e1 S\u00e1bados y domingos de 10 a 20 horas y de Lunes a viernes de 11 a 20 horas El coste de la entrada es de 2\u20ac, los<\/p>\n","protected":false},"author":2,"featured_media":359,"comment_status":"closed","ping_status":"open","sticky":false,"template":"","format":"standard","meta":{"footnotes":""},"categories":[15,16,17],"tags":[],"class_list":["post-9922","post","type-post","status-publish","format-standard","has-post-thumbnail","hentry","category-autocaravanes","category-campers-ca","category-caravanes"],"yoast_head":"<!-- This site is optimized with the Yoast SEO plugin v22.4 - https:\/\/yoast.com\/wordpress\/plugins\/seo\/ -->\n<title>\u00a1Llega la feria Madrid Caravaning! del 10-18 de Febrero del 2018 \u00a1Te esperamos! - Autocaravanas, caravanas y furgonetas campers nuevas, ocasi\u00f3n y segunda mano<\/title>\n<meta name=\"robots\" content=\"index, follow, max-snippet:-1, max-image-preview:large, max-video-preview:-1\" \/>\n<link rel=\"canonical\" href=\"https:\/\/m3caravaning.com\/ca\/autocaravanes\/llega-la-feria-madrid-caravaning-del-10-18-de-febrero-del-2018-te-esperamos\/\" \/>\n<meta property=\"og:locale\" content=\"ca_ES\" \/>\n<meta property=\"og:type\" content=\"article\" \/>\n<meta property=\"og:title\" content=\"\u00a1Llega la feria Madrid Caravaning! del 10-18 de Febrero del 2018 \u00a1Te esperamos! - Autocaravanas, caravanas y furgonetas campers nuevas, ocasi\u00f3n y segunda mano\" \/>\n<meta property=\"og:description\" content=\"Del 10 al 18 de Febrero del 2018 en el Pabell\u00f3n de Cristal de la Casa de Campo de Madrid \u00a1Te esperamos! El horario de la Feria ser\u00e1 S\u00e1bados y domingos de 10 a 20 horas y de Lunes a viernes de 11 a 20 horas El coste de la entrada es de 2\u20ac, los\" \/>\n<meta property=\"og:url\" content=\"https:\/\/m3caravaning.com\/ca\/autocaravanes\/llega-la-feria-madrid-caravaning-del-10-18-de-febrero-del-2018-te-esperamos\/\" \/>\n<meta property=\"og:site_name\" content=\"Autocaravanas, caravanas y furgonetas campers nuevas, ocasi\u00f3n y segunda mano\" \/>\n<meta property=\"article:publisher\" content=\"https:\/\/www.facebook.com\/m3caravaning\" \/>\n<meta property=\"article:published_time\" content=\"2018-03-08T10:49:41+00:00\" \/>\n<meta property=\"article:modified_time\" content=\"2024-05-28T07:41:09+00:00\" \/>\n<meta property=\"og:image\" content=\"https:\/\/m3caravaning.com\/wp-content\/uploads\/2021\/01\/llega-la-feria-madrid-caravaning-del-10-18-de-febrero-te-esperamos-id-110.jpg\" \/>\n\t<meta property=\"og:image:width\" content=\"1920\" \/>\n\t<meta property=\"og:image:height\" content=\"1034\" \/>\n\t<meta property=\"og:image:type\" content=\"image\/jpeg\" \/>\n<meta name=\"author\" content=\"M3 Caravaning\" \/>\n<meta name=\"twitter:card\" content=\"summary_large_image\" \/>\n<meta name=\"twitter:creator\" content=\"@M3Caravaning\" \/>\n<meta name=\"twitter:site\" content=\"@M3Caravaning\" \/>\n<meta name=\"twitter:label1\" content=\"Written by\" \/>\n\t<meta name=\"twitter:data1\" content=\"M3 Caravaning\" \/>\n\t<meta name=\"twitter:label2\" content=\"Est. reading time\" \/>\n\t<meta name=\"twitter:data2\" content=\"3 minutes\" \/>\n<script type=\"application\/ld+json\" class=\"yoast-schema-graph\">{\"@context\":\"https:\/\/schema.org\",\"@graph\":[{\"@type\":\"WebPage\",\"@id\":\"https:\/\/m3caravaning.com\/ca\/autocaravanes\/llega-la-feria-madrid-caravaning-del-10-18-de-febrero-del-2018-te-esperamos\/\",\"url\":\"https:\/\/m3caravaning.com\/ca\/autocaravanes\/llega-la-feria-madrid-caravaning-del-10-18-de-febrero-del-2018-te-esperamos\/\",\"name\":\"\u00a1Llega la feria Madrid Caravaning! del 10-18 de Febrero del 2018 \u00a1Te esperamos! - Autocaravanas, caravanas y furgonetas campers nuevas, ocasi\u00f3n y segunda mano\",\"isPartOf\":{\"@id\":\"https:\/\/m3caravaning.com\/ca\/#website\"},\"primaryImageOfPage\":{\"@id\":\"https:\/\/m3caravaning.com\/ca\/autocaravanes\/llega-la-feria-madrid-caravaning-del-10-18-de-febrero-del-2018-te-esperamos\/#primaryimage\"},\"image\":{\"@id\":\"https:\/\/m3caravaning.com\/ca\/autocaravanes\/llega-la-feria-madrid-caravaning-del-10-18-de-febrero-del-2018-te-esperamos\/#primaryimage\"},\"thumbnailUrl\":\"https:\/\/m3caravaning.com\/wp-content\/uploads\/2021\/01\/llega-la-feria-madrid-caravaning-del-10-18-de-febrero-te-esperamos-id-110.jpg\",\"datePublished\":\"2018-03-08T10:49:41+00:00\",\"dateModified\":\"2024-05-28T07:41:09+00:00\",\"author\":{\"@id\":\"https:\/\/m3caravaning.com\/ca\/#\/schema\/person\/10e5f1edce4be1f414d4bde1bcf0c65f\"},\"breadcrumb\":{\"@id\":\"https:\/\/m3caravaning.com\/ca\/autocaravanes\/llega-la-feria-madrid-caravaning-del-10-18-de-febrero-del-2018-te-esperamos\/#breadcrumb\"},\"inLanguage\":\"ca\",\"potentialAction\":[{\"@type\":\"ReadAction\",\"target\":[\"https:\/\/m3caravaning.com\/ca\/autocaravanes\/llega-la-feria-madrid-caravaning-del-10-18-de-febrero-del-2018-te-esperamos\/\"]}]},{\"@type\":\"ImageObject\",\"inLanguage\":\"ca\",\"@id\":\"https:\/\/m3caravaning.com\/ca\/autocaravanes\/llega-la-feria-madrid-caravaning-del-10-18-de-febrero-del-2018-te-esperamos\/#primaryimage\",\"url\":\"https:\/\/m3caravaning.com\/wp-content\/uploads\/2021\/01\/llega-la-feria-madrid-caravaning-del-10-18-de-febrero-te-esperamos-id-110.jpg\",\"contentUrl\":\"https:\/\/m3caravaning.com\/wp-content\/uploads\/2021\/01\/llega-la-feria-madrid-caravaning-del-10-18-de-febrero-te-esperamos-id-110.jpg\",\"width\":1920,\"height\":1034},{\"@type\":\"BreadcrumbList\",\"@id\":\"https:\/\/m3caravaning.com\/ca\/autocaravanes\/llega-la-feria-madrid-caravaning-del-10-18-de-febrero-del-2018-te-esperamos\/#breadcrumb\",\"itemListElement\":[{\"@type\":\"ListItem\",\"position\":1,\"name\":\"Portada\",\"item\":\"https:\/\/m3caravaning.com\/ca\/\"},{\"@type\":\"ListItem\",\"position\":2,\"name\":\"\u00a1Llega la feria Madrid Caravaning! del 10-18 de Febrero del 2018 \u00a1Te esperamos!\"}]},{\"@type\":\"WebSite\",\"@id\":\"https:\/\/m3caravaning.com\/ca\/#website\",\"url\":\"https:\/\/m3caravaning.com\/ca\/\",\"name\":\"Autocaravanas, caravanas y furgonetas campers nuevas, ocasi\u00f3n y segunda mano\",\"description\":\"Tu tienda de autocaravanas, campers y caravanas nuevas y de segunda mano. Alquiler, tienda de recambios, taller, seguros, etc.\",\"potentialAction\":[{\"@type\":\"SearchAction\",\"target\":{\"@type\":\"EntryPoint\",\"urlTemplate\":\"https:\/\/m3caravaning.com\/ca\/?s={search_term_string}\"},\"query-input\":\"required name=search_term_string\"}],\"inLanguage\":\"ca\"},{\"@type\":\"Person\",\"@id\":\"https:\/\/m3caravaning.com\/ca\/#\/schema\/person\/10e5f1edce4be1f414d4bde1bcf0c65f\",\"name\":\"M3 Caravaning\",\"image\":{\"@type\":\"ImageObject\",\"inLanguage\":\"ca\",\"@id\":\"https:\/\/m3caravaning.com\/ca\/#\/schema\/person\/image\/\",\"url\":\"https:\/\/secure.gravatar.com\/avatar\/45cc9e7bfaa20654bd7626e499aa306a8db18ee338763b6b771e707ccbeef54c?s=96&d=mm&r=g\",\"contentUrl\":\"https:\/\/secure.gravatar.com\/avatar\/45cc9e7bfaa20654bd7626e499aa306a8db18ee338763b6b771e707ccbeef54c?s=96&d=mm&r=g\",\"caption\":\"M3 Caravaning\"}}]}<\/script>\n<!-- \/ Yoast SEO plugin. -->","yoast_head_json":{"title":"\u00a1Llega la feria Madrid Caravaning! del 10-18 de Febrero del 2018 \u00a1Te esperamos! - Autocaravanas, caravanas y furgonetas campers nuevas, ocasi\u00f3n y segunda mano","robots":{"index":"index","follow":"follow","max-snippet":"max-snippet:-1","max-image-preview":"max-image-preview:large","max-video-preview":"max-video-preview:-1"},"canonical":"https:\/\/m3caravaning.com\/ca\/autocaravanes\/llega-la-feria-madrid-caravaning-del-10-18-de-febrero-del-2018-te-esperamos\/","og_locale":"ca_ES","og_type":"article","og_title":"\u00a1Llega la feria Madrid Caravaning! del 10-18 de Febrero del 2018 \u00a1Te esperamos! - Autocaravanas, caravanas y furgonetas campers nuevas, ocasi\u00f3n y segunda mano","og_description":"Del 10 al 18 de Febrero del 2018 en el Pabell\u00f3n de Cristal de la Casa de Campo de Madrid \u00a1Te esperamos! El horario de la Feria ser\u00e1 S\u00e1bados y domingos de 10 a 20 horas y de Lunes a viernes de 11 a 20 horas El coste de la entrada es de 2\u20ac, los","og_url":"https:\/\/m3caravaning.com\/ca\/autocaravanes\/llega-la-feria-madrid-caravaning-del-10-18-de-febrero-del-2018-te-esperamos\/","og_site_name":"Autocaravanas, caravanas y furgonetas campers nuevas, ocasi\u00f3n y segunda mano","article_publisher":"https:\/\/www.facebook.com\/m3caravaning","article_published_time":"2018-03-08T10:49:41+00:00","article_modified_time":"2024-05-28T07:41:09+00:00","og_image":[{"width":1920,"height":1034,"url":"https:\/\/m3caravaning.com\/wp-content\/uploads\/2021\/01\/llega-la-feria-madrid-caravaning-del-10-18-de-febrero-te-esperamos-id-110.jpg","type":"image\/jpeg"}],"author":"M3 Caravaning","twitter_card":"summary_large_image","twitter_creator":"@M3Caravaning","twitter_site":"@M3Caravaning","twitter_misc":{"Written by":"M3 Caravaning","Est. reading time":"3 minutes"},"schema":{"@context":"https:\/\/schema.org","@graph":[{"@type":"WebPage","@id":"https:\/\/m3caravaning.com\/ca\/autocaravanes\/llega-la-feria-madrid-caravaning-del-10-18-de-febrero-del-2018-te-esperamos\/","url":"https:\/\/m3caravaning.com\/ca\/autocaravanes\/llega-la-feria-madrid-caravaning-del-10-18-de-febrero-del-2018-te-esperamos\/","name":"\u00a1Llega la feria Madrid Caravaning! del 10-18 de Febrero del 2018 \u00a1Te esperamos! - Autocaravanas, caravanas y furgonetas campers nuevas, ocasi\u00f3n y segunda mano","isPartOf":{"@id":"https:\/\/m3caravaning.com\/ca\/#website"},"primaryImageOfPage":{"@id":"https:\/\/m3caravaning.com\/ca\/autocaravanes\/llega-la-feria-madrid-caravaning-del-10-18-de-febrero-del-2018-te-esperamos\/#primaryimage"},"image":{"@id":"https:\/\/m3caravaning.com\/ca\/autocaravanes\/llega-la-feria-madrid-caravaning-del-10-18-de-febrero-del-2018-te-esperamos\/#primaryimage"},"thumbnailUrl":"https:\/\/m3caravaning.com\/wp-content\/uploads\/2021\/01\/llega-la-feria-madrid-caravaning-del-10-18-de-febrero-te-esperamos-id-110.jpg","datePublished":"2018-03-08T10:49:41+00:00","dateModified":"2024-05-28T07:41:09+00:00","author":{"@id":"https:\/\/m3caravaning.com\/ca\/#\/schema\/person\/10e5f1edce4be1f414d4bde1bcf0c65f"},"breadcrumb":{"@id":"https:\/\/m3caravaning.com\/ca\/autocaravanes\/llega-la-feria-madrid-caravaning-del-10-18-de-febrero-del-2018-te-esperamos\/#breadcrumb"},"inLanguage":"ca","potentialAction":[{"@type":"ReadAction","target":["https:\/\/m3caravaning.com\/ca\/autocaravanes\/llega-la-feria-madrid-caravaning-del-10-18-de-febrero-del-2018-te-esperamos\/"]}]},{"@type":"ImageObject","inLanguage":"ca","@id":"https:\/\/m3caravaning.com\/ca\/autocaravanes\/llega-la-feria-madrid-caravaning-del-10-18-de-febrero-del-2018-te-esperamos\/#primaryimage","url":"https:\/\/m3caravaning.com\/wp-content\/uploads\/2021\/01\/llega-la-feria-madrid-caravaning-del-10-18-de-febrero-te-esperamos-id-110.jpg","contentUrl":"https:\/\/m3caravaning.com\/wp-content\/uploads\/2021\/01\/llega-la-feria-madrid-caravaning-del-10-18-de-febrero-te-esperamos-id-110.jpg","width":1920,"height":1034},{"@type":"BreadcrumbList","@id":"https:\/\/m3caravaning.com\/ca\/autocaravanes\/llega-la-feria-madrid-caravaning-del-10-18-de-febrero-del-2018-te-esperamos\/#breadcrumb","itemListElement":[{"@type":"ListItem","position":1,"name":"Portada","item":"https:\/\/m3caravaning.com\/ca\/"},{"@type":"ListItem","position":2,"name":"\u00a1Llega la feria Madrid Caravaning! del 10-18 de Febrero del 2018 \u00a1Te esperamos!"}]},{"@type":"WebSite","@id":"https:\/\/m3caravaning.com\/ca\/#website","url":"https:\/\/m3caravaning.com\/ca\/","name":"Autocaravanas, caravanas y furgonetas campers nuevas, ocasi\u00f3n y segunda mano","description":"Tu tienda de autocaravanas, campers y caravanas nuevas y de segunda mano. Alquiler, tienda de recambios, taller, seguros, etc.","potentialAction":[{"@type":"SearchAction","target":{"@type":"EntryPoint","urlTemplate":"https:\/\/m3caravaning.com\/ca\/?s={search_term_string}"},"query-input":"required name=search_term_string"}],"inLanguage":"ca"},{"@type":"Person","@id":"https:\/\/m3caravaning.com\/ca\/#\/schema\/person\/10e5f1edce4be1f414d4bde1bcf0c65f","name":"M3 Caravaning","image":{"@type":"ImageObject","inLanguage":"ca","@id":"https:\/\/m3caravaning.com\/ca\/#\/schema\/person\/image\/","url":"https:\/\/secure.gravatar.com\/avatar\/45cc9e7bfaa20654bd7626e499aa306a8db18ee338763b6b771e707ccbeef54c?s=96&d=mm&r=g","contentUrl":"https:\/\/secure.gravatar.com\/avatar\/45cc9e7bfaa20654bd7626e499aa306a8db18ee338763b6b771e707ccbeef54c?s=96&d=mm&r=g","caption":"M3 Caravaning"}}]}},"_links":{"self":[{"href":"https:\/\/m3caravaning.com\/ca\/wp-json\/wp\/v2\/posts\/9922","targetHints":{"allow":["GET"]}}],"collection":[{"href":"https:\/\/m3caravaning.com\/ca\/wp-json\/wp\/v2\/posts"}],"about":[{"href":"https:\/\/m3caravaning.com\/ca\/wp-json\/wp\/v2\/types\/post"}],"author":[{"embeddable":true,"href":"https:\/\/m3caravaning.com\/ca\/wp-json\/wp\/v2\/users\/2"}],"replies":[{"embeddable":true,"href":"https:\/\/m3caravaning.com\/ca\/wp-json\/wp\/v2\/comments?post=9922"}],"version-history":[{"count":2,"href":"https:\/\/m3caravaning.com\/ca\/wp-json\/wp\/v2\/posts\/9922\/revisions"}],"predecessor-version":[{"id":619651,"href":"https:\/\/m3caravaning.com\/ca\/wp-json\/wp\/v2\/posts\/9922\/revisions\/619651"}],"wp:featuredmedia":[{"embeddable":true,"href":"https:\/\/m3caravaning.com\/ca\/wp-json\/wp\/v2\/media\/359"}],"wp:attachment":[{"href":"https:\/\/m3caravaning.com\/ca\/wp-json\/wp\/v2\/media?parent=9922"}],"wp:term":[{"taxonomy":"category","embeddable":true,"href":"https:\/\/m3caravaning.com\/ca\/wp-json\/wp\/v2\/categories?post=9922"},{"taxonomy":"post_tag","embeddable":true,"href":"https:\/\/m3caravaning.com\/ca\/wp-json\/wp\/v2\/tags?post=9922"}],"curies":[{"name":"wp","href":"https:\/\/api.w.org\/{rel}","templated":true}]}}