





{"id":9900,"date":"2019-10-28T11:09:31","date_gmt":"2019-10-28T10:09:31","guid":{"rendered":"https:\/\/m3caravaning.com\/?p=9900"},"modified":"2024-05-24T11:41:19","modified_gmt":"2024-05-24T09:41:19","slug":"el-lloguer-dautocaravanes-es-torna-tendencia-a-espanya","status":"publish","type":"post","link":"https:\/\/m3caravaning.com\/ca\/autocaravanes\/el-lloguer-dautocaravanes-es-torna-tendencia-a-espanya\/","title":{"rendered":"El lloguer d&#8217;autocaravanes es torna tend\u00e8ncia a Espanya"},"content":{"rendered":"<p>La moda del \u201cCaravaning\u201d no fa m\u00e9s que cr\u00e9ixer i cada vegada sou m\u00e9s\u00a0<strong>els que busquen fer una ruta en vacances amb una autocaravana<\/strong>. El problema \u00e9s que, una autocaravana pot suposar una inversi\u00f3 considerable per a donar-li un \u00fas d&#8217;unes soles vacances, com molts de vosaltres comenteu.<\/p>\n<p>La soluci\u00f3 a aquest problema arriba amb la possibilitat del\u00a0<a href=\"https:\/\/m3caravaning.com\/ca\/lloguer-dautocaravanes-i-furgonetes-camper\/\">lloguer de caravanes<\/a> o <a href=\"https:\/\/m3caravaning.com\/ca\/autocaravanes\/\">autocaravanes<\/a>, on pots pagar una redu\u00efda quantitat de diners a canvi de l&#8217;\u00fas temporal d&#8217;aquestes.<\/p>\n<p>A Espanya les\u00a0<strong>matriculacions de caravanes i autocaravanes ha augmentat fins a arribar a les 4.000<\/strong>\u00a0en aquest \u00faltim any. Aix\u00f2 suposa que trobar alguna d&#8217;elles disponibles per al lloguer sigui molt m\u00e9s f\u00e0cil. D&#8217;altra banda, el perfil d&#8217;usuaris que se solen afegir al \u201cCaravanng\u201d ha canviat; ara s&#8217;ha popularitzat l&#8217;\u00fas temporal d&#8217;aix\u00f2 vehicles,\u00a0<strong>un factor determinant del creixement d&#8217;empreses que permeten llogar-los<\/strong>.<\/p>\n<p>On abans l&#8217;habitual en aquest estil de vida eren matrimonis prejubilats amb una renda alta, un bon esperit aventurer i de temps suficient per a poder fer la seva ruta sense presses, ara veiem infinitat de\u00a0<strong>fam\u00edlies menors de 45 anys i parelles joves<\/strong>\u00a0que busquen realitzar unes vacances d&#8217;esperit lliure, on no se sentin ancorats en un sol lloc.<\/p>\n<p>Gr\u00e0cies a aquest auge en el sector, hi ha molta m\u00e9s gent que realitza aquestes rutes, \u00e9s per aix\u00f2 que ens han pogut exposar les millors rutes per a realitzar a Espanya.<\/p>\n<p>Pedro Madera, un escriptor fan\u00e0tic del Caravaning ha tret un nou llibre,\u00a0<strong>&lt;&gt;<\/strong>\u00a0on relata els seus 50 rutes favorites per a fer a Espanya, de les quals destaca unes poques com les indispensables per a visitar:<\/p>\n<h2>El lloguer de caravanes i autocaravanes et sortir\u00e0 molt rendible en aquestes rutes<\/h2>\n<h3>Vall de Almanzora<\/h3>\n<p>Aquest lloc situat en el\u00a0<strong>interior d&#8217;Almeria<\/strong>, segons l&#8217;opini\u00f3 de l&#8217;escriptor, recull per complet la filosofia d&#8217;aquests tipus de viatges; una carrera que enganya als mapes de Google, una gastronomia exquisida (ressaltar la qualitat i el gust dels pernils),\u00a0<strong>miradors, deserts nevats, sense aglomeracions excessives i una gran quantitat de pobles desconeguts<\/strong>\u00a0als quals val la pena donar-li un cop d&#8217;ull. Dins d&#8217;aquesta comarca et trobar\u00e0s entorns diversos, des de deserts, fins a reserves naturals poblades de vegetaci\u00f3.<\/p>\n<h3>Recorre la Comarca de les 5 viles (Arag\u00f3) en una caravana d&#8217;ocasi\u00f3<\/h3>\n<p>Aquesta comarca es localitza en el nord-oest de la prov\u00edncia de Saragossa, a Arag\u00f3, limitada per l&#8217;extrem aquest de Navarra. Rep el seu nom a partir de les\u00a0<strong>viles que tenien antigament el Rei Cat\u00f2lic i quatre dels seus senyors Feudals<\/strong>.<\/p>\n<p>Durant aquesta ruta podrem trobar-nos amb un patrimoni hist\u00f2ric d&#8217;un valor incalculable, que s\u00f3n fruit de tot el que ens han deixat els nostres antecessors des de la prehist\u00f2ria a l&#8217;Edat mitjana. Podr\u00e0s trobar-te grans\u00a0<strong>jaciments corresponents a l&#8217;Edat de Bronze<\/strong>\u00a0en Tauste, Castiliscar, Lluna i Ejea dels Cavallers i\u00a0<strong>troballes de l&#8217;Edat de Ferro en Lluna i fins dels Antics pu\u00e8blos ibers<\/strong>. El\u00a0<strong>Imperi Rom\u00e0<\/strong>\u00a0no es va quedar enrere deixant incre\u00efbles peces i elements com el Mausoleu de la Sinagoga i el Mausoleu dels Atilos.<\/p>\n<p>No obstant aix\u00f2, l&#8217;Edat mitjana ha deixat la petjada m\u00e9s profunda en aquestes terres, sobretot en el que concerneix a l&#8217;estil rom\u00e0nico, desenvolupat a mitjan segle XI. Ens trobem amb\u00a0<strong>torres i construccions medievals tals com, El Castell de Luesia, El Castell de Sos<\/strong>&#8230; I fins a un castell anomenat Uncastillo. Cal destacar que tamb\u00e9 t\u00e9 riqueses en altres estils.<\/p>\n<p>Sense cap dubte, \u00e9s un lloc \u00fanic per a un viatge amb una caravana o\u00a0autocaravana.<\/p>\n<h3>Les Furgonetes Camper \u00e9s una bona opci\u00f3 per a Finisterra i la Costa d\u00f3na Morte<\/h3>\n<p>Per a aquest viatge \u00e9s el moment d&#8217;optar per les\u00a0<strong>Furgonetes camper i realitzar una ruta amb la teva fam\u00edlia<\/strong>. En el nord-oest de Gal\u00edcia es troben les terres de\u00a0<strong>Finisterra<\/strong>, que en l&#8217;antiga roma s&#8217;entenia com \u201cLa Fi de la Terra\u201d.<\/p>\n<p>\u00c9s un lloc ple de llegendes ancestrals, hist\u00f2ries de naufragis, d&#8217;una bellesa hist\u00f2rica molt preuada i salvatge. El curi\u00f3s d&#8217;aquestes terres \u00e9s que, en la costa, a causa de la por dels Romans a caure&#8217;s o perdre&#8217;s per les mars del final de la terra, van construir un mur al llarg de la costa per a assegurarse que no passava ning\u00fa. Aquesta costa va ser Nomenada com \u201cCosta d\u00f3na Morte\u201d. En aquests lares podr\u00e0s trobar molts llocs on experimentar, juntament amb la teva fam\u00edlia, l&#8217;entorn mar\u00ed de l&#8217;Atl\u00e0ntic, i et submergir\u00e0 en una mar d&#8217;hist\u00f2ries i llegendes.<\/p>\n<h3>Altres opcions, els C\u00e0mpings d&#8217;Espanya per a autocaravanes<\/h3>\n<p>Altra de les opcions s\u00f3n els C\u00e0mpings, perfecte per a anar en fam\u00edlia, amb amics o parella, una bona manera de moure&#8217;s i sortir de la rutina sentint aquesta sensaci\u00f3 de llibertat. Espanya t\u00e9 una bona llista de c\u00e0mpings per a moure&#8217;s per tota la seva geografia i visitar llocs incre\u00efbles.<\/p>\n<p>Si tens clar que vols sortir i encara no saps on, a m\u00e9s de la ruta que t&#8217;hem mostrat, t&#8217;ajudem tamb\u00e9 a veure aquests\u00a0c\u00e0mpings d&#8217;Espanya.<\/p>\n","protected":false},"excerpt":{"rendered":"<p>La moda del \u201cCaravaning\u201d no fa m\u00e9s que cr\u00e9ixer i cada vegada sou m\u00e9s\u00a0els que busquen fer una ruta en vacances amb una autocaravana. El problema \u00e9s que, una autocaravana pot suposar una inversi\u00f3 considerable per a donar-li un \u00fas d&#8217;unes soles vacances, com molts de vosaltres comenteu. La soluci\u00f3 a aquest problema arriba amb<\/p>\n","protected":false},"author":2,"featured_media":723,"comment_status":"closed","ping_status":"open","sticky":false,"template":"","format":"standard","meta":{"footnotes":""},"categories":[15],"tags":[],"class_list":["post-9900","post","type-post","status-publish","format-standard","has-post-thumbnail","hentry","category-autocaravanes"],"yoast_head":"<!-- This site is optimized with the Yoast SEO plugin v22.4 - https:\/\/yoast.com\/wordpress\/plugins\/seo\/ -->\n<title>El lloguer d&#039;autocaravanes es torna tend\u00e8ncia a Espanya - Autocaravanas, caravanas y furgonetas campers nuevas, ocasi\u00f3n y segunda mano<\/title>\n<meta name=\"robots\" content=\"index, follow, max-snippet:-1, max-image-preview:large, max-video-preview:-1\" \/>\n<link rel=\"canonical\" href=\"https:\/\/m3caravaning.com\/ca\/autocaravanes\/el-lloguer-dautocaravanes-es-torna-tendencia-a-espanya\/\" \/>\n<meta property=\"og:locale\" content=\"ca_ES\" \/>\n<meta property=\"og:type\" content=\"article\" \/>\n<meta property=\"og:title\" content=\"El lloguer d&#039;autocaravanes es torna tend\u00e8ncia a Espanya - Autocaravanas, caravanas y furgonetas campers nuevas, ocasi\u00f3n y segunda mano\" \/>\n<meta property=\"og:description\" content=\"La moda del \u201cCaravaning\u201d no fa m\u00e9s que cr\u00e9ixer i cada vegada sou m\u00e9s\u00a0els que busquen fer una ruta en vacances amb una autocaravana. El problema \u00e9s que, una autocaravana pot suposar una inversi\u00f3 considerable per a donar-li un \u00fas d&#8217;unes soles vacances, com molts de vosaltres comenteu. La soluci\u00f3 a aquest problema arriba amb\" \/>\n<meta property=\"og:url\" content=\"https:\/\/m3caravaning.com\/ca\/autocaravanes\/el-lloguer-dautocaravanes-es-torna-tendencia-a-espanya\/\" \/>\n<meta property=\"og:site_name\" content=\"Autocaravanas, caravanas y furgonetas campers nuevas, ocasi\u00f3n y segunda mano\" \/>\n<meta property=\"article:publisher\" content=\"https:\/\/www.facebook.com\/m3caravaning\" \/>\n<meta property=\"article:published_time\" content=\"2019-10-28T10:09:31+00:00\" \/>\n<meta property=\"article:modified_time\" content=\"2024-05-24T09:41:19+00:00\" \/>\n<meta property=\"og:image\" content=\"https:\/\/m3caravaning.com\/wp-content\/uploads\/2021\/01\/los-campings-premiados-como-mejores-de-la-costa-dorada-2019-id-294.jpg\" \/>\n\t<meta property=\"og:image:width\" content=\"1141\" \/>\n\t<meta property=\"og:image:height\" content=\"390\" \/>\n\t<meta property=\"og:image:type\" content=\"image\/jpeg\" \/>\n<meta name=\"author\" content=\"M3 Caravaning\" \/>\n<meta name=\"twitter:card\" content=\"summary_large_image\" \/>\n<meta name=\"twitter:creator\" content=\"@M3Caravaning\" \/>\n<meta name=\"twitter:site\" content=\"@M3Caravaning\" \/>\n<meta name=\"twitter:label1\" content=\"Written by\" \/>\n\t<meta name=\"twitter:data1\" content=\"M3 Caravaning\" \/>\n\t<meta name=\"twitter:label2\" content=\"Est. reading time\" \/>\n\t<meta name=\"twitter:data2\" content=\"4 minutes\" \/>\n<script type=\"application\/ld+json\" class=\"yoast-schema-graph\">{\"@context\":\"https:\/\/schema.org\",\"@graph\":[{\"@type\":\"WebPage\",\"@id\":\"https:\/\/m3caravaning.com\/ca\/autocaravanes\/el-lloguer-dautocaravanes-es-torna-tendencia-a-espanya\/\",\"url\":\"https:\/\/m3caravaning.com\/ca\/autocaravanes\/el-lloguer-dautocaravanes-es-torna-tendencia-a-espanya\/\",\"name\":\"El lloguer d'autocaravanes es torna tend\u00e8ncia a Espanya - Autocaravanas, caravanas y furgonetas campers nuevas, ocasi\u00f3n y segunda mano\",\"isPartOf\":{\"@id\":\"https:\/\/m3caravaning.com\/ca\/#website\"},\"primaryImageOfPage\":{\"@id\":\"https:\/\/m3caravaning.com\/ca\/autocaravanes\/el-lloguer-dautocaravanes-es-torna-tendencia-a-espanya\/#primaryimage\"},\"image\":{\"@id\":\"https:\/\/m3caravaning.com\/ca\/autocaravanes\/el-lloguer-dautocaravanes-es-torna-tendencia-a-espanya\/#primaryimage\"},\"thumbnailUrl\":\"https:\/\/m3caravaning.com\/wp-content\/uploads\/2021\/01\/los-campings-premiados-como-mejores-de-la-costa-dorada-2019-id-294.jpg\",\"datePublished\":\"2019-10-28T10:09:31+00:00\",\"dateModified\":\"2024-05-24T09:41:19+00:00\",\"author\":{\"@id\":\"https:\/\/m3caravaning.com\/ca\/#\/schema\/person\/10e5f1edce4be1f414d4bde1bcf0c65f\"},\"breadcrumb\":{\"@id\":\"https:\/\/m3caravaning.com\/ca\/autocaravanes\/el-lloguer-dautocaravanes-es-torna-tendencia-a-espanya\/#breadcrumb\"},\"inLanguage\":\"ca\",\"potentialAction\":[{\"@type\":\"ReadAction\",\"target\":[\"https:\/\/m3caravaning.com\/ca\/autocaravanes\/el-lloguer-dautocaravanes-es-torna-tendencia-a-espanya\/\"]}]},{\"@type\":\"ImageObject\",\"inLanguage\":\"ca\",\"@id\":\"https:\/\/m3caravaning.com\/ca\/autocaravanes\/el-lloguer-dautocaravanes-es-torna-tendencia-a-espanya\/#primaryimage\",\"url\":\"https:\/\/m3caravaning.com\/wp-content\/uploads\/2021\/01\/los-campings-premiados-como-mejores-de-la-costa-dorada-2019-id-294.jpg\",\"contentUrl\":\"https:\/\/m3caravaning.com\/wp-content\/uploads\/2021\/01\/los-campings-premiados-como-mejores-de-la-costa-dorada-2019-id-294.jpg\",\"width\":1141,\"height\":390},{\"@type\":\"BreadcrumbList\",\"@id\":\"https:\/\/m3caravaning.com\/ca\/autocaravanes\/el-lloguer-dautocaravanes-es-torna-tendencia-a-espanya\/#breadcrumb\",\"itemListElement\":[{\"@type\":\"ListItem\",\"position\":1,\"name\":\"Portada\",\"item\":\"https:\/\/m3caravaning.com\/ca\/\"},{\"@type\":\"ListItem\",\"position\":2,\"name\":\"El lloguer d&#8217;autocaravanes es torna tend\u00e8ncia a Espanya\"}]},{\"@type\":\"WebSite\",\"@id\":\"https:\/\/m3caravaning.com\/ca\/#website\",\"url\":\"https:\/\/m3caravaning.com\/ca\/\",\"name\":\"Autocaravanas, caravanas y furgonetas campers nuevas, ocasi\u00f3n y segunda mano\",\"description\":\"Tu tienda de autocaravanas, campers y caravanas nuevas y de segunda mano. Alquiler, tienda de recambios, taller, seguros, etc.\",\"potentialAction\":[{\"@type\":\"SearchAction\",\"target\":{\"@type\":\"EntryPoint\",\"urlTemplate\":\"https:\/\/m3caravaning.com\/ca\/?s={search_term_string}\"},\"query-input\":\"required name=search_term_string\"}],\"inLanguage\":\"ca\"},{\"@type\":\"Person\",\"@id\":\"https:\/\/m3caravaning.com\/ca\/#\/schema\/person\/10e5f1edce4be1f414d4bde1bcf0c65f\",\"name\":\"M3 Caravaning\",\"image\":{\"@type\":\"ImageObject\",\"inLanguage\":\"ca\",\"@id\":\"https:\/\/m3caravaning.com\/ca\/#\/schema\/person\/image\/\",\"url\":\"https:\/\/secure.gravatar.com\/avatar\/45cc9e7bfaa20654bd7626e499aa306a8db18ee338763b6b771e707ccbeef54c?s=96&d=mm&r=g\",\"contentUrl\":\"https:\/\/secure.gravatar.com\/avatar\/45cc9e7bfaa20654bd7626e499aa306a8db18ee338763b6b771e707ccbeef54c?s=96&d=mm&r=g\",\"caption\":\"M3 Caravaning\"}}]}<\/script>\n<!-- \/ Yoast SEO plugin. -->","yoast_head_json":{"title":"El lloguer d'autocaravanes es torna tend\u00e8ncia a Espanya - Autocaravanas, caravanas y furgonetas campers nuevas, ocasi\u00f3n y segunda mano","robots":{"index":"index","follow":"follow","max-snippet":"max-snippet:-1","max-image-preview":"max-image-preview:large","max-video-preview":"max-video-preview:-1"},"canonical":"https:\/\/m3caravaning.com\/ca\/autocaravanes\/el-lloguer-dautocaravanes-es-torna-tendencia-a-espanya\/","og_locale":"ca_ES","og_type":"article","og_title":"El lloguer d'autocaravanes es torna tend\u00e8ncia a Espanya - Autocaravanas, caravanas y furgonetas campers nuevas, ocasi\u00f3n y segunda mano","og_description":"La moda del \u201cCaravaning\u201d no fa m\u00e9s que cr\u00e9ixer i cada vegada sou m\u00e9s\u00a0els que busquen fer una ruta en vacances amb una autocaravana. El problema \u00e9s que, una autocaravana pot suposar una inversi\u00f3 considerable per a donar-li un \u00fas d&#8217;unes soles vacances, com molts de vosaltres comenteu. La soluci\u00f3 a aquest problema arriba amb","og_url":"https:\/\/m3caravaning.com\/ca\/autocaravanes\/el-lloguer-dautocaravanes-es-torna-tendencia-a-espanya\/","og_site_name":"Autocaravanas, caravanas y furgonetas campers nuevas, ocasi\u00f3n y segunda mano","article_publisher":"https:\/\/www.facebook.com\/m3caravaning","article_published_time":"2019-10-28T10:09:31+00:00","article_modified_time":"2024-05-24T09:41:19+00:00","og_image":[{"width":1141,"height":390,"url":"https:\/\/m3caravaning.com\/wp-content\/uploads\/2021\/01\/los-campings-premiados-como-mejores-de-la-costa-dorada-2019-id-294.jpg","type":"image\/jpeg"}],"author":"M3 Caravaning","twitter_card":"summary_large_image","twitter_creator":"@M3Caravaning","twitter_site":"@M3Caravaning","twitter_misc":{"Written by":"M3 Caravaning","Est. reading time":"4 minutes"},"schema":{"@context":"https:\/\/schema.org","@graph":[{"@type":"WebPage","@id":"https:\/\/m3caravaning.com\/ca\/autocaravanes\/el-lloguer-dautocaravanes-es-torna-tendencia-a-espanya\/","url":"https:\/\/m3caravaning.com\/ca\/autocaravanes\/el-lloguer-dautocaravanes-es-torna-tendencia-a-espanya\/","name":"El lloguer d'autocaravanes es torna tend\u00e8ncia a Espanya - Autocaravanas, caravanas y furgonetas campers nuevas, ocasi\u00f3n y segunda mano","isPartOf":{"@id":"https:\/\/m3caravaning.com\/ca\/#website"},"primaryImageOfPage":{"@id":"https:\/\/m3caravaning.com\/ca\/autocaravanes\/el-lloguer-dautocaravanes-es-torna-tendencia-a-espanya\/#primaryimage"},"image":{"@id":"https:\/\/m3caravaning.com\/ca\/autocaravanes\/el-lloguer-dautocaravanes-es-torna-tendencia-a-espanya\/#primaryimage"},"thumbnailUrl":"https:\/\/m3caravaning.com\/wp-content\/uploads\/2021\/01\/los-campings-premiados-como-mejores-de-la-costa-dorada-2019-id-294.jpg","datePublished":"2019-10-28T10:09:31+00:00","dateModified":"2024-05-24T09:41:19+00:00","author":{"@id":"https:\/\/m3caravaning.com\/ca\/#\/schema\/person\/10e5f1edce4be1f414d4bde1bcf0c65f"},"breadcrumb":{"@id":"https:\/\/m3caravaning.com\/ca\/autocaravanes\/el-lloguer-dautocaravanes-es-torna-tendencia-a-espanya\/#breadcrumb"},"inLanguage":"ca","potentialAction":[{"@type":"ReadAction","target":["https:\/\/m3caravaning.com\/ca\/autocaravanes\/el-lloguer-dautocaravanes-es-torna-tendencia-a-espanya\/"]}]},{"@type":"ImageObject","inLanguage":"ca","@id":"https:\/\/m3caravaning.com\/ca\/autocaravanes\/el-lloguer-dautocaravanes-es-torna-tendencia-a-espanya\/#primaryimage","url":"https:\/\/m3caravaning.com\/wp-content\/uploads\/2021\/01\/los-campings-premiados-como-mejores-de-la-costa-dorada-2019-id-294.jpg","contentUrl":"https:\/\/m3caravaning.com\/wp-content\/uploads\/2021\/01\/los-campings-premiados-como-mejores-de-la-costa-dorada-2019-id-294.jpg","width":1141,"height":390},{"@type":"BreadcrumbList","@id":"https:\/\/m3caravaning.com\/ca\/autocaravanes\/el-lloguer-dautocaravanes-es-torna-tendencia-a-espanya\/#breadcrumb","itemListElement":[{"@type":"ListItem","position":1,"name":"Portada","item":"https:\/\/m3caravaning.com\/ca\/"},{"@type":"ListItem","position":2,"name":"El lloguer d&#8217;autocaravanes es torna tend\u00e8ncia a Espanya"}]},{"@type":"WebSite","@id":"https:\/\/m3caravaning.com\/ca\/#website","url":"https:\/\/m3caravaning.com\/ca\/","name":"Autocaravanas, caravanas y furgonetas campers nuevas, ocasi\u00f3n y segunda mano","description":"Tu tienda de autocaravanas, campers y caravanas nuevas y de segunda mano. Alquiler, tienda de recambios, taller, seguros, etc.","potentialAction":[{"@type":"SearchAction","target":{"@type":"EntryPoint","urlTemplate":"https:\/\/m3caravaning.com\/ca\/?s={search_term_string}"},"query-input":"required name=search_term_string"}],"inLanguage":"ca"},{"@type":"Person","@id":"https:\/\/m3caravaning.com\/ca\/#\/schema\/person\/10e5f1edce4be1f414d4bde1bcf0c65f","name":"M3 Caravaning","image":{"@type":"ImageObject","inLanguage":"ca","@id":"https:\/\/m3caravaning.com\/ca\/#\/schema\/person\/image\/","url":"https:\/\/secure.gravatar.com\/avatar\/45cc9e7bfaa20654bd7626e499aa306a8db18ee338763b6b771e707ccbeef54c?s=96&d=mm&r=g","contentUrl":"https:\/\/secure.gravatar.com\/avatar\/45cc9e7bfaa20654bd7626e499aa306a8db18ee338763b6b771e707ccbeef54c?s=96&d=mm&r=g","caption":"M3 Caravaning"}}]}},"_links":{"self":[{"href":"https:\/\/m3caravaning.com\/ca\/wp-json\/wp\/v2\/posts\/9900","targetHints":{"allow":["GET"]}}],"collection":[{"href":"https:\/\/m3caravaning.com\/ca\/wp-json\/wp\/v2\/posts"}],"about":[{"href":"https:\/\/m3caravaning.com\/ca\/wp-json\/wp\/v2\/types\/post"}],"author":[{"embeddable":true,"href":"https:\/\/m3caravaning.com\/ca\/wp-json\/wp\/v2\/users\/2"}],"replies":[{"embeddable":true,"href":"https:\/\/m3caravaning.com\/ca\/wp-json\/wp\/v2\/comments?post=9900"}],"version-history":[{"count":1,"href":"https:\/\/m3caravaning.com\/ca\/wp-json\/wp\/v2\/posts\/9900\/revisions"}],"predecessor-version":[{"id":619522,"href":"https:\/\/m3caravaning.com\/ca\/wp-json\/wp\/v2\/posts\/9900\/revisions\/619522"}],"wp:featuredmedia":[{"embeddable":true,"href":"https:\/\/m3caravaning.com\/ca\/wp-json\/wp\/v2\/media\/723"}],"wp:attachment":[{"href":"https:\/\/m3caravaning.com\/ca\/wp-json\/wp\/v2\/media?parent=9900"}],"wp:term":[{"taxonomy":"category","embeddable":true,"href":"https:\/\/m3caravaning.com\/ca\/wp-json\/wp\/v2\/categories?post=9900"},{"taxonomy":"post_tag","embeddable":true,"href":"https:\/\/m3caravaning.com\/ca\/wp-json\/wp\/v2\/tags?post=9900"}],"curies":[{"name":"wp","href":"https:\/\/api.w.org\/{rel}","templated":true}]}}