





{"id":9895,"date":"2019-10-15T11:00:28","date_gmt":"2019-10-15T09:00:28","guid":{"rendered":"https:\/\/m3caravaning.com\/?p=9895"},"modified":"2024-05-24T12:14:30","modified_gmt":"2024-05-24T10:14:30","slug":"guia-practica-del-salon-del-caravaning-troba-les-autocaravanes-segona-ma-o-el-vehicle-al-millor-preu","status":"publish","type":"post","link":"https:\/\/m3caravaning.com\/ca\/autocaravanes\/guia-practica-del-salon-del-caravaning-troba-les-autocaravanes-segona-ma-o-el-vehicle-al-millor-preu\/","title":{"rendered":"Guia pr\u00e0ctica del salon del Caravaning: Troba les autocaravanes segona m\u00e0 o el vehicle al millor preu"},"content":{"rendered":"<p>El\u00a0<strong>sal\u00f3 del caravaning<\/strong>\u00a0ja ha comen\u00e7at, el dissabte passat va arrencar la\u00a0<strong>34 edici\u00f3 de l&#8217;esdeveniment m\u00e9s internacional a Barcelona.<\/strong>\u00a0Un esdeveniment en el qual els usuaris pregunten per unes necessitats i tafanegen per una s\u00e8rie de caracter\u00edstiques que necessiten i les marques presenten les seves \u00faltimes novetats pel que \u00e9s molt normal veure a qui\u00a0<strong>troba les\u00a0<a href=\"https:\/\/m3caravaning.com\/ca\/autocaravanes\/autocaravanes-segona-ma\/\">autocaravanes de segona m\u00e0<\/a>\u00a0<\/strong><strong>o el vehicle al millor preu.<\/strong><\/p>\n<p>\u00c9s per aix\u00f2 pel que els amants del caravaning volen con\u00e8ixer les novetats en\u00a0<strong>autocaravanes, caravanes i furgonetes camper.<\/strong><\/p>\n<p>Amb unes dades m\u00e9s que positius, el sector no per a de cr\u00e9ixer quant al nombre de matriculacions des que en 2013 va tocar fons. Per\u00f2 si el seu enlairament va arribar fa alguns anys, i ara com ara el\u00a0<strong>mercat est\u00e0 apreciant com l&#8217;\u00fas de caravanes i autocaravanes est\u00e0 consolidat,<\/strong>\u00a0ja es pot assegurar que \u00e9s un fenomen cultural, m\u00e9s que una tend\u00e8ncia \u00e9s una realitat.<\/p>\n<p>Davant aquestes xifres que ve collint el caravaning des de l&#8217;\u00faltim lustre, el dissabte passat i el que resta de setmana, (finalitza el dia 20 d&#8217;Octubre) va arrencar en\u00a0<strong>Fira Barcelona situada en els pavellons 3 i 4 del recinte Gran Via (l&#8217;Hospitalet de Llobregat)<\/strong>\u00a0un nou esdeveniment que s&#8217;espera multitudinari per a acollir als enamorats dels viatges lliures i per carretera amb la teva \u201ccasa a coll\u201d.<\/p>\n<p>Aquesta fira compta amb els\u00a0<strong>36.000 metres quadrats que ocupen les 130 empreses expositores<\/strong>, tant de marques pr\u00f2pies, concessionaris, com de serveis i accessoris. El que s&#8217;est\u00e0 convertint en un referent nacional i de gran aflu\u00e8ncia internacional per al sector. No en va, Espanya \u00e9s cada vegada m\u00e9s important un de les destinacions preferides pels estrangers que v\u00e9nen amb la seva pr\u00f2pia caravana o autocaravana, substituint aix\u00ed a altres formes de viatge tradicionals com \u00e9s l&#8217;avi\u00f3 i el tren.<\/p>\n<p>Per\u00f2 aquesta edici\u00f3 no \u00e9s una fira qualsevol, la gran expectaci\u00f3 i el n\u00famero de de visitants del\u00a0<strong>sal\u00f3 del caravaning del 2018 va provocar en els organitzadors una reconsideraci\u00f3 en la gesti\u00f3 bianual<\/strong>\u00a0d&#8217;aquest esdeveniment, passant del 2020 com hauria d&#8217;haver-se celebrat a avan\u00e7ar-se un any. .<\/p>\n<p>Aquesta edici\u00f3 suposa una anomalia, una prova per al sector que espera mantenir-se en el deixant dels resultats de l&#8217;any anterior. En principi, a finalitzar aquest any, la periodicitat tornar\u00e0 a ser biennal.<\/p>\n<div id=\"ez-toc-container\" class=\"ez-toc-v2_0_82_2 counter-hierarchy ez-toc-counter ez-toc-custom ez-toc-container-direction\">\n<div class=\"ez-toc-title-container\">\n<p class=\"ez-toc-title ez-toc-toggle\" style=\"cursor:pointer\">Tabla de contenido<\/p>\n<span class=\"ez-toc-title-toggle\"><\/span><\/div>\n<nav><ul class='ez-toc-list ez-toc-list-level-1 ' ><li class='ez-toc-page-1 ez-toc-heading-level-2'><a class=\"ez-toc-link ez-toc-heading-1\" href=\"https:\/\/m3caravaning.com\/ca\/autocaravanes\/guia-practica-del-salon-del-caravaning-troba-les-autocaravanes-segona-ma-o-el-vehicle-al-millor-preu\/#Caravanes_ocasio_autocaravanes_noves_tot_esta_en_el_salo_internacional_de_caravaning\" >Caravanes ocasi\u00f3, autocaravanes noves, tot est\u00e0 en el sal\u00f3 internacional de caravaning<\/a><\/li><li class='ez-toc-page-1 ez-toc-heading-level-2'><a class=\"ez-toc-link ez-toc-heading-2\" href=\"https:\/\/m3caravaning.com\/ca\/autocaravanes\/guia-practica-del-salon-del-caravaning-troba-les-autocaravanes-segona-ma-o-el-vehicle-al-millor-preu\/#Activitats_per_als_mes_petits_i_conferencies_de_caravanistas\" >Activitats per als m\u00e9s petits i confer\u00e8ncies de caravanistas<\/a><\/li><\/ul><\/nav><\/div>\n<h2><span class=\"ez-toc-section\" id=\"Caravanes_ocasio_autocaravanes_noves_tot_esta_en_el_salo_internacional_de_caravaning\"><\/span>Caravanes ocasi\u00f3, autocaravanes noves, tot est\u00e0 en el sal\u00f3 internacional de caravaning<span class=\"ez-toc-section-end\"><\/span><\/h2>\n<p>El segment de les autocaravanes comptar\u00e0 amb major pres\u00e8ncia, el 2018 aquest tipus de **vehicles va cr\u00e9ixer un 21,86% **m\u00e9s, aquests dies compta amb un total de 27 signatures (4 m\u00e9s que en 2018) en la qual podem trobar les\u00a0<strong>marques m\u00e9s reconegudes pels usuaris habituals del caravaning, Fendt &#8211; Knaus- Benimar- Piloti<\/strong>&#8211; entre moltes altres en les quals presentaran les seves novetats i serveis addicionals.<\/p>\n<p>Les\u00a0<strong>furgonetes camper<\/strong>\u00a0viuen una eclosi\u00f3 en aquesta edici\u00f3, amb 1.000 metres quadrats m\u00e9s respecte a l&#8217;any anterior, uns metres que tamb\u00e9 augmenten, fins a gaireb\u00e9 el doble, per als accessoris habituals per a aquesta mena de vehicles.<\/p>\n<p>Barcelona Overland, \u00e9s un dels espais tem\u00e0tics habilitats aquest any,\u00a0<strong>autocaravanes 4&#215;4<\/strong>\u00a0per als m\u00e9s aventurers entre els quals tindr\u00e0 a la seva disposici\u00f3 m\u00e9s d&#8217;una vintena de\u00a0<strong>tot terrenys, remolcs, furgonetes per a tota mena de terreny<\/strong>\u00a0i condicions, tot aix\u00f2 dins d&#8217;un escenari totalment ex\u00f2tic.<\/p>\n<h2><span class=\"ez-toc-section\" id=\"Activitats_per_als_mes_petits_i_conferencies_de_caravanistas\"><\/span>Activitats per als m\u00e9s petits i confer\u00e8ncies de caravanistas<span class=\"ez-toc-section-end\"><\/span><\/h2>\n<p>El pavell\u00f3 5 t\u00e9 per als petits una \u00e0rea amb activitats d&#8217;entreteniment, una zona que comptar\u00e0 amb un parc d&#8217;escalada, un pont de cordes i una tirolina i si amb aix\u00f2 no es cansen, podran posar a prova el seu equilibri, for\u00e7a i destresa en un circuit d&#8217;agilitat. Aix\u00f2 s\u00ed, est\u00e0s activitats solament estaran disponibles els caps de setmana, per la qual cosa si vas amb fills \u00e9s millor esperar que arribi el divendres.<\/p>\n<p>I tant com si ets noven\u00e7\u00e0 o alg\u00fa m\u00e9s experimentat, potser t&#8217;interessa assistir al Travelvaning, en la qual els\u00a0<strong>usuaris habituals de caravanes comptaran les seves experi\u00e8ncies m\u00e9s viatgeres amb centenars d&#8217;an\u00e8cdotes<\/strong>\u00a0per a poder con\u00e8ixer millor el que suposa ser l&#8217;amo del teu propi viatge.<\/p>\n<p>Veuen a veure les novetats de\u00a0M3 Caravaning al salon internacional del Caravaning.<\/p>\n<p>El sal\u00f3 del caravaning est\u00e0 obert de dilluns a\u00a0<strong>divendres d&#8217;11 a 19 hores i els dissabtes i diumenges de 10 a 20 hores,<\/strong>\u00a0els menors de 8 anys t\u00e9 acc\u00e9s gratu\u00eft.<\/p>\n","protected":false},"excerpt":{"rendered":"<p>El\u00a0sal\u00f3 del caravaning\u00a0ja ha comen\u00e7at, el dissabte passat va arrencar la\u00a034 edici\u00f3 de l&#8217;esdeveniment m\u00e9s internacional a Barcelona.\u00a0Un esdeveniment en el qual els usuaris pregunten per unes necessitats i tafanegen per una s\u00e8rie de caracter\u00edstiques que necessiten i les marques presenten les seves \u00faltimes novetats pel que \u00e9s molt normal veure a qui\u00a0troba les\u00a0autocaravanes de<\/p>\n","protected":false},"author":2,"featured_media":633,"comment_status":"closed","ping_status":"open","sticky":false,"template":"","format":"standard","meta":{"footnotes":""},"categories":[15],"tags":[],"class_list":["post-9895","post","type-post","status-publish","format-standard","has-post-thumbnail","hentry","category-autocaravanes"],"yoast_head":"<!-- This site is optimized with the Yoast SEO plugin v22.4 - https:\/\/yoast.com\/wordpress\/plugins\/seo\/ -->\n<title>Guia pr\u00e0ctica del salon del Caravaning: Troba les autocaravanes segona m\u00e0 o el vehicle al millor preu - Autocaravanas, caravanas y furgonetas campers nuevas, ocasi\u00f3n y segunda mano<\/title>\n<meta name=\"robots\" content=\"index, follow, max-snippet:-1, max-image-preview:large, max-video-preview:-1\" \/>\n<link rel=\"canonical\" href=\"https:\/\/m3caravaning.com\/ca\/autocaravanes\/guia-practica-del-salon-del-caravaning-troba-les-autocaravanes-segona-ma-o-el-vehicle-al-millor-preu\/\" \/>\n<meta property=\"og:locale\" content=\"ca_ES\" \/>\n<meta property=\"og:type\" content=\"article\" \/>\n<meta property=\"og:title\" content=\"Guia pr\u00e0ctica del salon del Caravaning: Troba les autocaravanes segona m\u00e0 o el vehicle al millor preu - Autocaravanas, caravanas y furgonetas campers nuevas, ocasi\u00f3n y segunda mano\" \/>\n<meta property=\"og:description\" content=\"El\u00a0sal\u00f3 del caravaning\u00a0ja ha comen\u00e7at, el dissabte passat va arrencar la\u00a034 edici\u00f3 de l&#8217;esdeveniment m\u00e9s internacional a Barcelona.\u00a0Un esdeveniment en el qual els usuaris pregunten per unes necessitats i tafanegen per una s\u00e8rie de caracter\u00edstiques que necessiten i les marques presenten les seves \u00faltimes novetats pel que \u00e9s molt normal veure a qui\u00a0troba les\u00a0autocaravanes de\" \/>\n<meta property=\"og:url\" content=\"https:\/\/m3caravaning.com\/ca\/autocaravanes\/guia-practica-del-salon-del-caravaning-troba-les-autocaravanes-segona-ma-o-el-vehicle-al-millor-preu\/\" \/>\n<meta property=\"og:site_name\" content=\"Autocaravanas, caravanas y furgonetas campers nuevas, ocasi\u00f3n y segunda mano\" \/>\n<meta property=\"article:publisher\" content=\"https:\/\/www.facebook.com\/m3caravaning\" \/>\n<meta property=\"article:published_time\" content=\"2019-10-15T09:00:28+00:00\" \/>\n<meta property=\"article:modified_time\" content=\"2024-05-24T10:14:30+00:00\" \/>\n<meta property=\"og:image\" content=\"https:\/\/m3caravaning.com\/wp-content\/uploads\/2021\/01\/guia-practica-del-salon-del-caravaning-encuentra-las-autocaravanas-segunda-mano-o-el-vehiculo-al-mejor-precio-id-392.jpg\" \/>\n\t<meta property=\"og:image:width\" content=\"850\" \/>\n\t<meta property=\"og:image:height\" content=\"300\" \/>\n\t<meta property=\"og:image:type\" content=\"image\/jpeg\" \/>\n<meta name=\"author\" content=\"M3 Caravaning\" \/>\n<meta name=\"twitter:card\" content=\"summary_large_image\" \/>\n<meta name=\"twitter:creator\" content=\"@M3Caravaning\" \/>\n<meta name=\"twitter:site\" content=\"@M3Caravaning\" \/>\n<meta name=\"twitter:label1\" content=\"Written by\" \/>\n\t<meta name=\"twitter:data1\" content=\"M3 Caravaning\" \/>\n\t<meta name=\"twitter:label2\" content=\"Est. reading time\" \/>\n\t<meta name=\"twitter:data2\" content=\"4 minutes\" \/>\n<script type=\"application\/ld+json\" class=\"yoast-schema-graph\">{\"@context\":\"https:\/\/schema.org\",\"@graph\":[{\"@type\":\"WebPage\",\"@id\":\"https:\/\/m3caravaning.com\/ca\/autocaravanes\/guia-practica-del-salon-del-caravaning-troba-les-autocaravanes-segona-ma-o-el-vehicle-al-millor-preu\/\",\"url\":\"https:\/\/m3caravaning.com\/ca\/autocaravanes\/guia-practica-del-salon-del-caravaning-troba-les-autocaravanes-segona-ma-o-el-vehicle-al-millor-preu\/\",\"name\":\"Guia pr\u00e0ctica del salon del Caravaning: Troba les autocaravanes segona m\u00e0 o el vehicle al millor preu - Autocaravanas, caravanas y furgonetas campers nuevas, ocasi\u00f3n y segunda mano\",\"isPartOf\":{\"@id\":\"https:\/\/m3caravaning.com\/ca\/#website\"},\"primaryImageOfPage\":{\"@id\":\"https:\/\/m3caravaning.com\/ca\/autocaravanes\/guia-practica-del-salon-del-caravaning-troba-les-autocaravanes-segona-ma-o-el-vehicle-al-millor-preu\/#primaryimage\"},\"image\":{\"@id\":\"https:\/\/m3caravaning.com\/ca\/autocaravanes\/guia-practica-del-salon-del-caravaning-troba-les-autocaravanes-segona-ma-o-el-vehicle-al-millor-preu\/#primaryimage\"},\"thumbnailUrl\":\"https:\/\/m3caravaning.com\/wp-content\/uploads\/2021\/01\/guia-practica-del-salon-del-caravaning-encuentra-las-autocaravanas-segunda-mano-o-el-vehiculo-al-mejor-precio-id-392.jpg\",\"datePublished\":\"2019-10-15T09:00:28+00:00\",\"dateModified\":\"2024-05-24T10:14:30+00:00\",\"author\":{\"@id\":\"https:\/\/m3caravaning.com\/ca\/#\/schema\/person\/10e5f1edce4be1f414d4bde1bcf0c65f\"},\"breadcrumb\":{\"@id\":\"https:\/\/m3caravaning.com\/ca\/autocaravanes\/guia-practica-del-salon-del-caravaning-troba-les-autocaravanes-segona-ma-o-el-vehicle-al-millor-preu\/#breadcrumb\"},\"inLanguage\":\"ca\",\"potentialAction\":[{\"@type\":\"ReadAction\",\"target\":[\"https:\/\/m3caravaning.com\/ca\/autocaravanes\/guia-practica-del-salon-del-caravaning-troba-les-autocaravanes-segona-ma-o-el-vehicle-al-millor-preu\/\"]}]},{\"@type\":\"ImageObject\",\"inLanguage\":\"ca\",\"@id\":\"https:\/\/m3caravaning.com\/ca\/autocaravanes\/guia-practica-del-salon-del-caravaning-troba-les-autocaravanes-segona-ma-o-el-vehicle-al-millor-preu\/#primaryimage\",\"url\":\"https:\/\/m3caravaning.com\/wp-content\/uploads\/2021\/01\/guia-practica-del-salon-del-caravaning-encuentra-las-autocaravanas-segunda-mano-o-el-vehiculo-al-mejor-precio-id-392.jpg\",\"contentUrl\":\"https:\/\/m3caravaning.com\/wp-content\/uploads\/2021\/01\/guia-practica-del-salon-del-caravaning-encuentra-las-autocaravanas-segunda-mano-o-el-vehiculo-al-mejor-precio-id-392.jpg\",\"width\":850,\"height\":300},{\"@type\":\"BreadcrumbList\",\"@id\":\"https:\/\/m3caravaning.com\/ca\/autocaravanes\/guia-practica-del-salon-del-caravaning-troba-les-autocaravanes-segona-ma-o-el-vehicle-al-millor-preu\/#breadcrumb\",\"itemListElement\":[{\"@type\":\"ListItem\",\"position\":1,\"name\":\"Portada\",\"item\":\"https:\/\/m3caravaning.com\/ca\/\"},{\"@type\":\"ListItem\",\"position\":2,\"name\":\"Guia pr\u00e0ctica del salon del Caravaning: Troba les autocaravanes segona m\u00e0 o el vehicle al millor preu\"}]},{\"@type\":\"WebSite\",\"@id\":\"https:\/\/m3caravaning.com\/ca\/#website\",\"url\":\"https:\/\/m3caravaning.com\/ca\/\",\"name\":\"Autocaravanas, caravanas y furgonetas campers nuevas, ocasi\u00f3n y segunda mano\",\"description\":\"Tu tienda de autocaravanas, campers y caravanas nuevas y de segunda mano. Alquiler, tienda de recambios, taller, seguros, etc.\",\"potentialAction\":[{\"@type\":\"SearchAction\",\"target\":{\"@type\":\"EntryPoint\",\"urlTemplate\":\"https:\/\/m3caravaning.com\/ca\/?s={search_term_string}\"},\"query-input\":\"required name=search_term_string\"}],\"inLanguage\":\"ca\"},{\"@type\":\"Person\",\"@id\":\"https:\/\/m3caravaning.com\/ca\/#\/schema\/person\/10e5f1edce4be1f414d4bde1bcf0c65f\",\"name\":\"M3 Caravaning\",\"image\":{\"@type\":\"ImageObject\",\"inLanguage\":\"ca\",\"@id\":\"https:\/\/m3caravaning.com\/ca\/#\/schema\/person\/image\/\",\"url\":\"https:\/\/secure.gravatar.com\/avatar\/45cc9e7bfaa20654bd7626e499aa306a8db18ee338763b6b771e707ccbeef54c?s=96&d=mm&r=g\",\"contentUrl\":\"https:\/\/secure.gravatar.com\/avatar\/45cc9e7bfaa20654bd7626e499aa306a8db18ee338763b6b771e707ccbeef54c?s=96&d=mm&r=g\",\"caption\":\"M3 Caravaning\"}}]}<\/script>\n<!-- \/ Yoast SEO plugin. -->","yoast_head_json":{"title":"Guia pr\u00e0ctica del salon del Caravaning: Troba les autocaravanes segona m\u00e0 o el vehicle al millor preu - Autocaravanas, caravanas y furgonetas campers nuevas, ocasi\u00f3n y segunda mano","robots":{"index":"index","follow":"follow","max-snippet":"max-snippet:-1","max-image-preview":"max-image-preview:large","max-video-preview":"max-video-preview:-1"},"canonical":"https:\/\/m3caravaning.com\/ca\/autocaravanes\/guia-practica-del-salon-del-caravaning-troba-les-autocaravanes-segona-ma-o-el-vehicle-al-millor-preu\/","og_locale":"ca_ES","og_type":"article","og_title":"Guia pr\u00e0ctica del salon del Caravaning: Troba les autocaravanes segona m\u00e0 o el vehicle al millor preu - Autocaravanas, caravanas y furgonetas campers nuevas, ocasi\u00f3n y segunda mano","og_description":"El\u00a0sal\u00f3 del caravaning\u00a0ja ha comen\u00e7at, el dissabte passat va arrencar la\u00a034 edici\u00f3 de l&#8217;esdeveniment m\u00e9s internacional a Barcelona.\u00a0Un esdeveniment en el qual els usuaris pregunten per unes necessitats i tafanegen per una s\u00e8rie de caracter\u00edstiques que necessiten i les marques presenten les seves \u00faltimes novetats pel que \u00e9s molt normal veure a qui\u00a0troba les\u00a0autocaravanes de","og_url":"https:\/\/m3caravaning.com\/ca\/autocaravanes\/guia-practica-del-salon-del-caravaning-troba-les-autocaravanes-segona-ma-o-el-vehicle-al-millor-preu\/","og_site_name":"Autocaravanas, caravanas y furgonetas campers nuevas, ocasi\u00f3n y segunda mano","article_publisher":"https:\/\/www.facebook.com\/m3caravaning","article_published_time":"2019-10-15T09:00:28+00:00","article_modified_time":"2024-05-24T10:14:30+00:00","og_image":[{"width":850,"height":300,"url":"https:\/\/m3caravaning.com\/wp-content\/uploads\/2021\/01\/guia-practica-del-salon-del-caravaning-encuentra-las-autocaravanas-segunda-mano-o-el-vehiculo-al-mejor-precio-id-392.jpg","type":"image\/jpeg"}],"author":"M3 Caravaning","twitter_card":"summary_large_image","twitter_creator":"@M3Caravaning","twitter_site":"@M3Caravaning","twitter_misc":{"Written by":"M3 Caravaning","Est. reading time":"4 minutes"},"schema":{"@context":"https:\/\/schema.org","@graph":[{"@type":"WebPage","@id":"https:\/\/m3caravaning.com\/ca\/autocaravanes\/guia-practica-del-salon-del-caravaning-troba-les-autocaravanes-segona-ma-o-el-vehicle-al-millor-preu\/","url":"https:\/\/m3caravaning.com\/ca\/autocaravanes\/guia-practica-del-salon-del-caravaning-troba-les-autocaravanes-segona-ma-o-el-vehicle-al-millor-preu\/","name":"Guia pr\u00e0ctica del salon del Caravaning: Troba les autocaravanes segona m\u00e0 o el vehicle al millor preu - Autocaravanas, caravanas y furgonetas campers nuevas, ocasi\u00f3n y segunda mano","isPartOf":{"@id":"https:\/\/m3caravaning.com\/ca\/#website"},"primaryImageOfPage":{"@id":"https:\/\/m3caravaning.com\/ca\/autocaravanes\/guia-practica-del-salon-del-caravaning-troba-les-autocaravanes-segona-ma-o-el-vehicle-al-millor-preu\/#primaryimage"},"image":{"@id":"https:\/\/m3caravaning.com\/ca\/autocaravanes\/guia-practica-del-salon-del-caravaning-troba-les-autocaravanes-segona-ma-o-el-vehicle-al-millor-preu\/#primaryimage"},"thumbnailUrl":"https:\/\/m3caravaning.com\/wp-content\/uploads\/2021\/01\/guia-practica-del-salon-del-caravaning-encuentra-las-autocaravanas-segunda-mano-o-el-vehiculo-al-mejor-precio-id-392.jpg","datePublished":"2019-10-15T09:00:28+00:00","dateModified":"2024-05-24T10:14:30+00:00","author":{"@id":"https:\/\/m3caravaning.com\/ca\/#\/schema\/person\/10e5f1edce4be1f414d4bde1bcf0c65f"},"breadcrumb":{"@id":"https:\/\/m3caravaning.com\/ca\/autocaravanes\/guia-practica-del-salon-del-caravaning-troba-les-autocaravanes-segona-ma-o-el-vehicle-al-millor-preu\/#breadcrumb"},"inLanguage":"ca","potentialAction":[{"@type":"ReadAction","target":["https:\/\/m3caravaning.com\/ca\/autocaravanes\/guia-practica-del-salon-del-caravaning-troba-les-autocaravanes-segona-ma-o-el-vehicle-al-millor-preu\/"]}]},{"@type":"ImageObject","inLanguage":"ca","@id":"https:\/\/m3caravaning.com\/ca\/autocaravanes\/guia-practica-del-salon-del-caravaning-troba-les-autocaravanes-segona-ma-o-el-vehicle-al-millor-preu\/#primaryimage","url":"https:\/\/m3caravaning.com\/wp-content\/uploads\/2021\/01\/guia-practica-del-salon-del-caravaning-encuentra-las-autocaravanas-segunda-mano-o-el-vehiculo-al-mejor-precio-id-392.jpg","contentUrl":"https:\/\/m3caravaning.com\/wp-content\/uploads\/2021\/01\/guia-practica-del-salon-del-caravaning-encuentra-las-autocaravanas-segunda-mano-o-el-vehiculo-al-mejor-precio-id-392.jpg","width":850,"height":300},{"@type":"BreadcrumbList","@id":"https:\/\/m3caravaning.com\/ca\/autocaravanes\/guia-practica-del-salon-del-caravaning-troba-les-autocaravanes-segona-ma-o-el-vehicle-al-millor-preu\/#breadcrumb","itemListElement":[{"@type":"ListItem","position":1,"name":"Portada","item":"https:\/\/m3caravaning.com\/ca\/"},{"@type":"ListItem","position":2,"name":"Guia pr\u00e0ctica del salon del Caravaning: Troba les autocaravanes segona m\u00e0 o el vehicle al millor preu"}]},{"@type":"WebSite","@id":"https:\/\/m3caravaning.com\/ca\/#website","url":"https:\/\/m3caravaning.com\/ca\/","name":"Autocaravanas, caravanas y furgonetas campers nuevas, ocasi\u00f3n y segunda mano","description":"Tu tienda de autocaravanas, campers y caravanas nuevas y de segunda mano. Alquiler, tienda de recambios, taller, seguros, etc.","potentialAction":[{"@type":"SearchAction","target":{"@type":"EntryPoint","urlTemplate":"https:\/\/m3caravaning.com\/ca\/?s={search_term_string}"},"query-input":"required name=search_term_string"}],"inLanguage":"ca"},{"@type":"Person","@id":"https:\/\/m3caravaning.com\/ca\/#\/schema\/person\/10e5f1edce4be1f414d4bde1bcf0c65f","name":"M3 Caravaning","image":{"@type":"ImageObject","inLanguage":"ca","@id":"https:\/\/m3caravaning.com\/ca\/#\/schema\/person\/image\/","url":"https:\/\/secure.gravatar.com\/avatar\/45cc9e7bfaa20654bd7626e499aa306a8db18ee338763b6b771e707ccbeef54c?s=96&d=mm&r=g","contentUrl":"https:\/\/secure.gravatar.com\/avatar\/45cc9e7bfaa20654bd7626e499aa306a8db18ee338763b6b771e707ccbeef54c?s=96&d=mm&r=g","caption":"M3 Caravaning"}}]}},"_links":{"self":[{"href":"https:\/\/m3caravaning.com\/ca\/wp-json\/wp\/v2\/posts\/9895","targetHints":{"allow":["GET"]}}],"collection":[{"href":"https:\/\/m3caravaning.com\/ca\/wp-json\/wp\/v2\/posts"}],"about":[{"href":"https:\/\/m3caravaning.com\/ca\/wp-json\/wp\/v2\/types\/post"}],"author":[{"embeddable":true,"href":"https:\/\/m3caravaning.com\/ca\/wp-json\/wp\/v2\/users\/2"}],"replies":[{"embeddable":true,"href":"https:\/\/m3caravaning.com\/ca\/wp-json\/wp\/v2\/comments?post=9895"}],"version-history":[{"count":1,"href":"https:\/\/m3caravaning.com\/ca\/wp-json\/wp\/v2\/posts\/9895\/revisions"}],"predecessor-version":[{"id":619549,"href":"https:\/\/m3caravaning.com\/ca\/wp-json\/wp\/v2\/posts\/9895\/revisions\/619549"}],"wp:featuredmedia":[{"embeddable":true,"href":"https:\/\/m3caravaning.com\/ca\/wp-json\/wp\/v2\/media\/633"}],"wp:attachment":[{"href":"https:\/\/m3caravaning.com\/ca\/wp-json\/wp\/v2\/media?parent=9895"}],"wp:term":[{"taxonomy":"category","embeddable":true,"href":"https:\/\/m3caravaning.com\/ca\/wp-json\/wp\/v2\/categories?post=9895"},{"taxonomy":"post_tag","embeddable":true,"href":"https:\/\/m3caravaning.com\/ca\/wp-json\/wp\/v2\/tags?post=9895"}],"curies":[{"name":"wp","href":"https:\/\/api.w.org\/{rel}","templated":true}]}}