





{"id":9891,"date":"2018-04-08T10:54:08","date_gmt":"2018-04-08T08:54:08","guid":{"rendered":"https:\/\/m3caravaning.com\/?p=9891"},"modified":"2021-06-15T15:38:40","modified_gmt":"2021-06-15T13:38:40","slug":"autocaravanes-knaus-live-wave-700-mx-un-plaer-viatjant","status":"publish","type":"post","link":"https:\/\/m3caravaning.com\/ca\/autocaravanes\/autocaravanes-knaus-live-wave-700-mx-un-plaer-viatjant\/","title":{"rendered":"Autocaravanes Knaus Live Wave 700 MX, un plaer viatjant"},"content":{"rendered":"<p>Si est\u00e0s pensant que aquest estiu toca una nova aventura i\u00a0<strong>viatjar en caravana<\/strong>\u00a0est\u00e0 entre els teus plans, des de\u00a0<strong>M3 Caravaning<\/strong>\u00a0et proposem que ho facis amb una de les\u00a0<strong>marques de caravanes i autocaravanes<\/strong>\u00a0que t\u00e9 novetats aquest 2018. La\u00a0<strong>marca Knaus<\/strong>\u00a0et porta el seu model\u00a0<strong>LIVE WAVE 700MX<\/strong>.<\/p>\n<p>Amb una fant\u00e0stica relaci\u00f3 qualitat-preu, en aquesta incre\u00efble\u00a0<strong>autocaravana<\/strong>\u00a0podeu viatjar fins a sis persones amb totes les comoditats que pogue arribar a imaginar. El seu disseny din\u00e0mic compta amb un menjador en forma de L. Est\u00e0 compost d&#8217;una taula en forma d&#8217;illa, un sof\u00e0 lateral i una incre\u00efble finestra panor\u00e0mica. A m\u00e9s d&#8217;un llit basculant per a dues persones. Tamb\u00e9 trobem un llit central a la part posterior.<\/p>\n<h2>Autocaravana Knaus Live Wave 700mx<\/h2>\n<p>A la zona central del vehicle ens trobem amb una cuina en angle de tres focs, amb un frigor\u00edfic trivalent i aig\u00fcera. T\u00e9 un equip d&#8217;una gran qualitat, amb una il\u00b7luminaci\u00f3 ambiental que aboca llum cap als calaixos, una manera m\u00e9s f\u00e0cil de trobar els utensilis.<\/p>\n<p>El bany t\u00e9 una superf\u00edcie \u00e0mplia amb grans espais d&#8217;emmagatzematge, i cabina de dutxa fixa. A m\u00e9s, compta amb dispensador de tovalloles. Un dels nombrosos detalls que fan d&#8217;aquesta** autocaravana** un lloc incre\u00efble.<\/p>\n<p>Compta amb un gran equipament de s\u00e8rie, per\u00f2 a m\u00e9s pots afegir moltes m\u00e9s coses gr\u00e0cies a l&#8217;equipament opcional. Aquest et permet completar la teva\u00a0<strong>autocaravana Knaus Live Wave 700mx<\/strong>\u00a0amb el que necessitis.<\/p>\n<p>Gaudir del teu viatge en aquesta\u00a0<strong>autocaravana knaus<\/strong>\u00a0\u00e9s molt f\u00e0cil. Totes les comoditats de la teva casa en un vehicle de quatre rodes, gr\u00e0cies a una de les\u00a0<strong>marques de caravanes i autocaravanes<\/strong>\u00a0millors del mercat.<\/p>\n<p>En\u00a0<strong>M3 Caravaning<\/strong>\u00a0pots con\u00e8ixer les caracter\u00edstiques fent\u00a0<a href=\"http:\/\/www.m3caravaning.com\/m3caravaning\/434\/autocaravana-promocion-knaus-live-wave-650-mx-10-primera-unidades-con-descuento-exclusivo.html\">clic aqu\u00ed<\/a>.(https:\/\/www.m3caravaning.com\/m3caravaning\/434\/autocaravana-promocion-knaus-live-wave-650-mx-10-primera-unidades-con-descuento-exclusivo.html) A m\u00e9s, si necessites m\u00e9s informaci\u00f3 posa&#8217;t en contacte amb nosaltres i t&#8217;informem de tot. I si necessites ajuda o informaci\u00f3 d&#8217;altres tipus de <strong>marques de caravanes i autocaravanes<\/strong>\u00a0nosaltres t&#8217;assessorem en el que necessitis. T&#8217;esperem!<\/p>\n","protected":false},"excerpt":{"rendered":"<p>Si est\u00e0s pensant que aquest estiu toca una nova aventura i\u00a0viatjar en caravana\u00a0est\u00e0 entre els teus plans, des de\u00a0M3 Caravaning\u00a0et proposem que ho facis amb una de les\u00a0marques de caravanes i autocaravanes\u00a0que t\u00e9 novetats aquest 2018. La\u00a0marca Knaus\u00a0et porta el seu model\u00a0LIVE WAVE 700MX. Amb una fant\u00e0stica relaci\u00f3 qualitat-preu, en aquesta incre\u00efble\u00a0autocaravana\u00a0podeu viatjar fins a<\/p>\n","protected":false},"author":2,"featured_media":627,"comment_status":"closed","ping_status":"open","sticky":false,"template":"","format":"standard","meta":{"footnotes":""},"categories":[15],"tags":[],"class_list":["post-9891","post","type-post","status-publish","format-standard","has-post-thumbnail","hentry","category-autocaravanes"],"yoast_head":"<!-- This site is optimized with the Yoast SEO plugin v22.4 - https:\/\/yoast.com\/wordpress\/plugins\/seo\/ -->\n<title>Autocaravanes Knaus Live Wave 700 MX, un plaer viatjant - Autocaravanas, caravanas y furgonetas campers nuevas, ocasi\u00f3n y segunda mano<\/title>\n<meta name=\"robots\" content=\"index, follow, max-snippet:-1, max-image-preview:large, max-video-preview:-1\" \/>\n<link rel=\"canonical\" href=\"https:\/\/m3caravaning.com\/ca\/autocaravanes\/autocaravanes-knaus-live-wave-700-mx-un-plaer-viatjant\/\" \/>\n<meta property=\"og:locale\" content=\"ca_ES\" \/>\n<meta property=\"og:type\" content=\"article\" \/>\n<meta property=\"og:title\" content=\"Autocaravanes Knaus Live Wave 700 MX, un plaer viatjant - Autocaravanas, caravanas y furgonetas campers nuevas, ocasi\u00f3n y segunda mano\" \/>\n<meta property=\"og:description\" content=\"Si est\u00e0s pensant que aquest estiu toca una nova aventura i\u00a0viatjar en caravana\u00a0est\u00e0 entre els teus plans, des de\u00a0M3 Caravaning\u00a0et proposem que ho facis amb una de les\u00a0marques de caravanes i autocaravanes\u00a0que t\u00e9 novetats aquest 2018. La\u00a0marca Knaus\u00a0et porta el seu model\u00a0LIVE WAVE 700MX. Amb una fant\u00e0stica relaci\u00f3 qualitat-preu, en aquesta incre\u00efble\u00a0autocaravana\u00a0podeu viatjar fins a\" \/>\n<meta property=\"og:url\" content=\"https:\/\/m3caravaning.com\/ca\/autocaravanes\/autocaravanes-knaus-live-wave-700-mx-un-plaer-viatjant\/\" \/>\n<meta property=\"og:site_name\" content=\"Autocaravanas, caravanas y furgonetas campers nuevas, ocasi\u00f3n y segunda mano\" \/>\n<meta property=\"article:publisher\" content=\"https:\/\/www.facebook.com\/m3caravaning\" \/>\n<meta property=\"article:published_time\" content=\"2018-04-08T08:54:08+00:00\" \/>\n<meta property=\"article:modified_time\" content=\"2021-06-15T13:38:40+00:00\" \/>\n<meta property=\"og:image\" content=\"https:\/\/m3caravaning.com\/wp-content\/uploads\/2021\/01\/live-wave-700-mx-un-placer-viajando-descubre-el-nuevo-modelo-de-knaus-id-154.jpg\" \/>\n\t<meta property=\"og:image:width\" content=\"1234\" \/>\n\t<meta property=\"og:image:height\" content=\"540\" \/>\n\t<meta property=\"og:image:type\" content=\"image\/jpeg\" \/>\n<meta name=\"author\" content=\"M3 Caravaning\" \/>\n<meta name=\"twitter:card\" content=\"summary_large_image\" \/>\n<meta name=\"twitter:creator\" content=\"@M3Caravaning\" \/>\n<meta name=\"twitter:site\" content=\"@M3Caravaning\" \/>\n<meta name=\"twitter:label1\" content=\"Written by\" \/>\n\t<meta name=\"twitter:data1\" content=\"M3 Caravaning\" \/>\n\t<meta name=\"twitter:label2\" content=\"Est. reading time\" \/>\n\t<meta name=\"twitter:data2\" content=\"2 minutes\" \/>\n<script type=\"application\/ld+json\" class=\"yoast-schema-graph\">{\"@context\":\"https:\/\/schema.org\",\"@graph\":[{\"@type\":\"WebPage\",\"@id\":\"https:\/\/m3caravaning.com\/ca\/autocaravanes\/autocaravanes-knaus-live-wave-700-mx-un-plaer-viatjant\/\",\"url\":\"https:\/\/m3caravaning.com\/ca\/autocaravanes\/autocaravanes-knaus-live-wave-700-mx-un-plaer-viatjant\/\",\"name\":\"Autocaravanes Knaus Live Wave 700 MX, un plaer viatjant - Autocaravanas, caravanas y furgonetas campers nuevas, ocasi\u00f3n y segunda mano\",\"isPartOf\":{\"@id\":\"https:\/\/m3caravaning.com\/ca\/#website\"},\"primaryImageOfPage\":{\"@id\":\"https:\/\/m3caravaning.com\/ca\/autocaravanes\/autocaravanes-knaus-live-wave-700-mx-un-plaer-viatjant\/#primaryimage\"},\"image\":{\"@id\":\"https:\/\/m3caravaning.com\/ca\/autocaravanes\/autocaravanes-knaus-live-wave-700-mx-un-plaer-viatjant\/#primaryimage\"},\"thumbnailUrl\":\"https:\/\/m3caravaning.com\/wp-content\/uploads\/2021\/01\/live-wave-700-mx-un-placer-viajando-descubre-el-nuevo-modelo-de-knaus-id-154.jpg\",\"datePublished\":\"2018-04-08T08:54:08+00:00\",\"dateModified\":\"2021-06-15T13:38:40+00:00\",\"author\":{\"@id\":\"https:\/\/m3caravaning.com\/ca\/#\/schema\/person\/10e5f1edce4be1f414d4bde1bcf0c65f\"},\"breadcrumb\":{\"@id\":\"https:\/\/m3caravaning.com\/ca\/autocaravanes\/autocaravanes-knaus-live-wave-700-mx-un-plaer-viatjant\/#breadcrumb\"},\"inLanguage\":\"ca\",\"potentialAction\":[{\"@type\":\"ReadAction\",\"target\":[\"https:\/\/m3caravaning.com\/ca\/autocaravanes\/autocaravanes-knaus-live-wave-700-mx-un-plaer-viatjant\/\"]}]},{\"@type\":\"ImageObject\",\"inLanguage\":\"ca\",\"@id\":\"https:\/\/m3caravaning.com\/ca\/autocaravanes\/autocaravanes-knaus-live-wave-700-mx-un-plaer-viatjant\/#primaryimage\",\"url\":\"https:\/\/m3caravaning.com\/wp-content\/uploads\/2021\/01\/live-wave-700-mx-un-placer-viajando-descubre-el-nuevo-modelo-de-knaus-id-154.jpg\",\"contentUrl\":\"https:\/\/m3caravaning.com\/wp-content\/uploads\/2021\/01\/live-wave-700-mx-un-placer-viajando-descubre-el-nuevo-modelo-de-knaus-id-154.jpg\",\"width\":1234,\"height\":540},{\"@type\":\"BreadcrumbList\",\"@id\":\"https:\/\/m3caravaning.com\/ca\/autocaravanes\/autocaravanes-knaus-live-wave-700-mx-un-plaer-viatjant\/#breadcrumb\",\"itemListElement\":[{\"@type\":\"ListItem\",\"position\":1,\"name\":\"Portada\",\"item\":\"https:\/\/m3caravaning.com\/ca\/\"},{\"@type\":\"ListItem\",\"position\":2,\"name\":\"Autocaravanes Knaus Live Wave 700 MX, un plaer viatjant\"}]},{\"@type\":\"WebSite\",\"@id\":\"https:\/\/m3caravaning.com\/ca\/#website\",\"url\":\"https:\/\/m3caravaning.com\/ca\/\",\"name\":\"Autocaravanas, caravanas y furgonetas campers nuevas, ocasi\u00f3n y segunda mano\",\"description\":\"Tu tienda de autocaravanas, campers y caravanas nuevas y de segunda mano. Alquiler, tienda de recambios, taller, seguros, etc.\",\"potentialAction\":[{\"@type\":\"SearchAction\",\"target\":{\"@type\":\"EntryPoint\",\"urlTemplate\":\"https:\/\/m3caravaning.com\/ca\/?s={search_term_string}\"},\"query-input\":\"required name=search_term_string\"}],\"inLanguage\":\"ca\"},{\"@type\":\"Person\",\"@id\":\"https:\/\/m3caravaning.com\/ca\/#\/schema\/person\/10e5f1edce4be1f414d4bde1bcf0c65f\",\"name\":\"M3 Caravaning\",\"image\":{\"@type\":\"ImageObject\",\"inLanguage\":\"ca\",\"@id\":\"https:\/\/m3caravaning.com\/ca\/#\/schema\/person\/image\/\",\"url\":\"https:\/\/secure.gravatar.com\/avatar\/45cc9e7bfaa20654bd7626e499aa306a8db18ee338763b6b771e707ccbeef54c?s=96&d=mm&r=g\",\"contentUrl\":\"https:\/\/secure.gravatar.com\/avatar\/45cc9e7bfaa20654bd7626e499aa306a8db18ee338763b6b771e707ccbeef54c?s=96&d=mm&r=g\",\"caption\":\"M3 Caravaning\"}}]}<\/script>\n<!-- \/ Yoast SEO plugin. -->","yoast_head_json":{"title":"Autocaravanes Knaus Live Wave 700 MX, un plaer viatjant - Autocaravanas, caravanas y furgonetas campers nuevas, ocasi\u00f3n y segunda mano","robots":{"index":"index","follow":"follow","max-snippet":"max-snippet:-1","max-image-preview":"max-image-preview:large","max-video-preview":"max-video-preview:-1"},"canonical":"https:\/\/m3caravaning.com\/ca\/autocaravanes\/autocaravanes-knaus-live-wave-700-mx-un-plaer-viatjant\/","og_locale":"ca_ES","og_type":"article","og_title":"Autocaravanes Knaus Live Wave 700 MX, un plaer viatjant - Autocaravanas, caravanas y furgonetas campers nuevas, ocasi\u00f3n y segunda mano","og_description":"Si est\u00e0s pensant que aquest estiu toca una nova aventura i\u00a0viatjar en caravana\u00a0est\u00e0 entre els teus plans, des de\u00a0M3 Caravaning\u00a0et proposem que ho facis amb una de les\u00a0marques de caravanes i autocaravanes\u00a0que t\u00e9 novetats aquest 2018. La\u00a0marca Knaus\u00a0et porta el seu model\u00a0LIVE WAVE 700MX. Amb una fant\u00e0stica relaci\u00f3 qualitat-preu, en aquesta incre\u00efble\u00a0autocaravana\u00a0podeu viatjar fins a","og_url":"https:\/\/m3caravaning.com\/ca\/autocaravanes\/autocaravanes-knaus-live-wave-700-mx-un-plaer-viatjant\/","og_site_name":"Autocaravanas, caravanas y furgonetas campers nuevas, ocasi\u00f3n y segunda mano","article_publisher":"https:\/\/www.facebook.com\/m3caravaning","article_published_time":"2018-04-08T08:54:08+00:00","article_modified_time":"2021-06-15T13:38:40+00:00","og_image":[{"width":1234,"height":540,"url":"https:\/\/m3caravaning.com\/wp-content\/uploads\/2021\/01\/live-wave-700-mx-un-placer-viajando-descubre-el-nuevo-modelo-de-knaus-id-154.jpg","type":"image\/jpeg"}],"author":"M3 Caravaning","twitter_card":"summary_large_image","twitter_creator":"@M3Caravaning","twitter_site":"@M3Caravaning","twitter_misc":{"Written by":"M3 Caravaning","Est. reading time":"2 minutes"},"schema":{"@context":"https:\/\/schema.org","@graph":[{"@type":"WebPage","@id":"https:\/\/m3caravaning.com\/ca\/autocaravanes\/autocaravanes-knaus-live-wave-700-mx-un-plaer-viatjant\/","url":"https:\/\/m3caravaning.com\/ca\/autocaravanes\/autocaravanes-knaus-live-wave-700-mx-un-plaer-viatjant\/","name":"Autocaravanes Knaus Live Wave 700 MX, un plaer viatjant - Autocaravanas, caravanas y furgonetas campers nuevas, ocasi\u00f3n y segunda mano","isPartOf":{"@id":"https:\/\/m3caravaning.com\/ca\/#website"},"primaryImageOfPage":{"@id":"https:\/\/m3caravaning.com\/ca\/autocaravanes\/autocaravanes-knaus-live-wave-700-mx-un-plaer-viatjant\/#primaryimage"},"image":{"@id":"https:\/\/m3caravaning.com\/ca\/autocaravanes\/autocaravanes-knaus-live-wave-700-mx-un-plaer-viatjant\/#primaryimage"},"thumbnailUrl":"https:\/\/m3caravaning.com\/wp-content\/uploads\/2021\/01\/live-wave-700-mx-un-placer-viajando-descubre-el-nuevo-modelo-de-knaus-id-154.jpg","datePublished":"2018-04-08T08:54:08+00:00","dateModified":"2021-06-15T13:38:40+00:00","author":{"@id":"https:\/\/m3caravaning.com\/ca\/#\/schema\/person\/10e5f1edce4be1f414d4bde1bcf0c65f"},"breadcrumb":{"@id":"https:\/\/m3caravaning.com\/ca\/autocaravanes\/autocaravanes-knaus-live-wave-700-mx-un-plaer-viatjant\/#breadcrumb"},"inLanguage":"ca","potentialAction":[{"@type":"ReadAction","target":["https:\/\/m3caravaning.com\/ca\/autocaravanes\/autocaravanes-knaus-live-wave-700-mx-un-plaer-viatjant\/"]}]},{"@type":"ImageObject","inLanguage":"ca","@id":"https:\/\/m3caravaning.com\/ca\/autocaravanes\/autocaravanes-knaus-live-wave-700-mx-un-plaer-viatjant\/#primaryimage","url":"https:\/\/m3caravaning.com\/wp-content\/uploads\/2021\/01\/live-wave-700-mx-un-placer-viajando-descubre-el-nuevo-modelo-de-knaus-id-154.jpg","contentUrl":"https:\/\/m3caravaning.com\/wp-content\/uploads\/2021\/01\/live-wave-700-mx-un-placer-viajando-descubre-el-nuevo-modelo-de-knaus-id-154.jpg","width":1234,"height":540},{"@type":"BreadcrumbList","@id":"https:\/\/m3caravaning.com\/ca\/autocaravanes\/autocaravanes-knaus-live-wave-700-mx-un-plaer-viatjant\/#breadcrumb","itemListElement":[{"@type":"ListItem","position":1,"name":"Portada","item":"https:\/\/m3caravaning.com\/ca\/"},{"@type":"ListItem","position":2,"name":"Autocaravanes Knaus Live Wave 700 MX, un plaer viatjant"}]},{"@type":"WebSite","@id":"https:\/\/m3caravaning.com\/ca\/#website","url":"https:\/\/m3caravaning.com\/ca\/","name":"Autocaravanas, caravanas y furgonetas campers nuevas, ocasi\u00f3n y segunda mano","description":"Tu tienda de autocaravanas, campers y caravanas nuevas y de segunda mano. Alquiler, tienda de recambios, taller, seguros, etc.","potentialAction":[{"@type":"SearchAction","target":{"@type":"EntryPoint","urlTemplate":"https:\/\/m3caravaning.com\/ca\/?s={search_term_string}"},"query-input":"required name=search_term_string"}],"inLanguage":"ca"},{"@type":"Person","@id":"https:\/\/m3caravaning.com\/ca\/#\/schema\/person\/10e5f1edce4be1f414d4bde1bcf0c65f","name":"M3 Caravaning","image":{"@type":"ImageObject","inLanguage":"ca","@id":"https:\/\/m3caravaning.com\/ca\/#\/schema\/person\/image\/","url":"https:\/\/secure.gravatar.com\/avatar\/45cc9e7bfaa20654bd7626e499aa306a8db18ee338763b6b771e707ccbeef54c?s=96&d=mm&r=g","contentUrl":"https:\/\/secure.gravatar.com\/avatar\/45cc9e7bfaa20654bd7626e499aa306a8db18ee338763b6b771e707ccbeef54c?s=96&d=mm&r=g","caption":"M3 Caravaning"}}]}},"_links":{"self":[{"href":"https:\/\/m3caravaning.com\/ca\/wp-json\/wp\/v2\/posts\/9891","targetHints":{"allow":["GET"]}}],"collection":[{"href":"https:\/\/m3caravaning.com\/ca\/wp-json\/wp\/v2\/posts"}],"about":[{"href":"https:\/\/m3caravaning.com\/ca\/wp-json\/wp\/v2\/types\/post"}],"author":[{"embeddable":true,"href":"https:\/\/m3caravaning.com\/ca\/wp-json\/wp\/v2\/users\/2"}],"replies":[{"embeddable":true,"href":"https:\/\/m3caravaning.com\/ca\/wp-json\/wp\/v2\/comments?post=9891"}],"version-history":[{"count":0,"href":"https:\/\/m3caravaning.com\/ca\/wp-json\/wp\/v2\/posts\/9891\/revisions"}],"wp:featuredmedia":[{"embeddable":true,"href":"https:\/\/m3caravaning.com\/ca\/wp-json\/wp\/v2\/media\/627"}],"wp:attachment":[{"href":"https:\/\/m3caravaning.com\/ca\/wp-json\/wp\/v2\/media?parent=9891"}],"wp:term":[{"taxonomy":"category","embeddable":true,"href":"https:\/\/m3caravaning.com\/ca\/wp-json\/wp\/v2\/categories?post=9891"},{"taxonomy":"post_tag","embeddable":true,"href":"https:\/\/m3caravaning.com\/ca\/wp-json\/wp\/v2\/tags?post=9891"}],"curies":[{"name":"wp","href":"https:\/\/api.w.org\/{rel}","templated":true}]}}