





{"id":9879,"date":"2018-07-19T10:34:19","date_gmt":"2018-07-19T08:34:19","guid":{"rendered":"https:\/\/m3caravaning.com\/?p=9879"},"modified":"2021-06-15T15:01:07","modified_gmt":"2021-06-15T13:01:07","slug":"la-caravana-fendt-tendeza-495-srf-que-tenamorara","status":"publish","type":"post","link":"https:\/\/m3caravaning.com\/ca\/caravanes\/la-caravana-fendt-tendeza-495-srf-que-tenamorara\/","title":{"rendered":"La caravana Fendt Tendeza 495 SRF que t&#8217;enamorar\u00e0"},"content":{"rendered":"<p>Busques una\u00a0<strong>caravana<\/strong>\u00a0amb espai perqu\u00e8 puguin dormir 4 persones amb una amplia sala d\u2019estar per gaudir d&#8217;un bon sopar amb amics i amb tot luxe de detalls? Avui et presentem un model de\u00a0<strong>caravana nova fendt per aquest 2018, la Tendenza 495 srf<\/strong>.<\/p>\n<p>Aquesta\u00a0<strong>caravana<\/strong>\u00a0de dos ambients destaca pel seu gran a\u00efllament sent una de les\u00a0<strong>caravanes<\/strong>\u00a0millor a\u00efllades del mercat. Una caracter\u00edstica molt important a l&#8217;hora de suportar tant els freds hiverns com els acalorats estius. A m\u00e9s a m\u00e9s, tamb\u00e9 est\u00e0 a\u00efllada ac\u00fasticament.<\/p>\n<div id=\"ez-toc-container\" class=\"ez-toc-v2_0_82_2 counter-hierarchy ez-toc-counter ez-toc-custom ez-toc-container-direction\">\n<div class=\"ez-toc-title-container\">\n<p class=\"ez-toc-title ez-toc-toggle\" style=\"cursor:pointer\">Tabla de contenido<\/p>\n<span class=\"ez-toc-title-toggle\"><\/span><\/div>\n<nav><ul class='ez-toc-list ez-toc-list-level-1 ' ><li class='ez-toc-page-1 ez-toc-heading-level-2'><a class=\"ez-toc-link ez-toc-heading-1\" href=\"https:\/\/m3caravaning.com\/ca\/caravanes\/la-caravana-fendt-tendeza-495-srf-que-tenamorara\/#Linterior_de_la_caravana\" >L&#8217;interior de la caravana<\/a><\/li><li class='ez-toc-page-1 ez-toc-heading-level-2'><a class=\"ez-toc-link ez-toc-heading-2\" href=\"https:\/\/m3caravaning.com\/ca\/caravanes\/la-caravana-fendt-tendeza-495-srf-que-tenamorara\/#el_dormitori_de_la_nova_caravana\" >el dormitori de la\u00a0nova caravana<\/a><\/li><\/ul><\/nav><\/div>\n<h2><span class=\"ez-toc-section\" id=\"Linterior_de_la_caravana\"><\/span><strong>L&#8217;interior de la caravana<\/strong><span class=\"ez-toc-section-end\"><\/span><\/h2>\n<p>Al entrar a la\u00a0<strong>caravana<\/strong>\u00a0el primer que ens trobem, i que cal destacar, \u00e9s la cuina en forma de L, la qual ens serveix de l\u00ednia divis\u00f2ria dels dos ambients principals del vehicle. Compta amb tres fogons amb tapa de vidre, pica i un frigor\u00edfic amb una capacitat per 140 litres amb congelador. Disposa de grans calaixos i armaris per guardar tot el que necessitis.<\/p>\n<p>A un dels costats ens trobem amb la sala d\u2019estar en forma d&#8217;U, la qual es pot transformar en un incre\u00efble llit amb capacitat per a dues persones. A m\u00e9s a m\u00e9s, d&#8217;un gran nombre d&#8217;armaris i un moble espec\u00edfic per a la televisi\u00f3.<\/p>\n<h2><span class=\"ez-toc-section\" id=\"el_dormitori_de_la_nova_caravana\"><\/span>el dormitori de la\u00a0<strong>nova caravana<\/strong><span class=\"ez-toc-section-end\"><\/span><\/h2>\n<p>A la part posterior de la\u00a0<strong>caravana<\/strong>\u00a0ens trobem el dormitori principal, tipus suite ja que el bany es troba en aquesta est\u00e0ncia. El llit \u00e9s franc\u00e8s i pot aixecar-se d&#8217;una manera molt senzilla per poder accedir al cofre.<\/p>\n<p>El lavabo est\u00e0 situat a la zona exterior, i compta amb un moble tipus prestatgeria amb un armari inferior, a m\u00e9s a m\u00e9s d\u2019un gran armari al costat del lavabo amb dues portes de gran capacitat. Dins del bany ens trobem amb la dutxa i el WC.<\/p>\n<p>La\u00a0<strong>caravana nova fendt Tendenza 495 srf<\/strong>\u00a0tamb\u00e9 compta amb control d&#8217;aigua calenta i de calefacci\u00f3 el\u00e8ctrica, aix\u00ed com il\u00b7luminaci\u00f3 LED i bandes lluminoses als perfils dels armaris.<\/p>\n<p>Et convidem que descobreixis molta m\u00e9s informaci\u00f3 d&#8217;aquesta\u00a0<strong>caravana nova<\/strong>, fent clic aqu\u00ed. I si busques un altre tipus de\u00a0<strong>caravana<\/strong>, visita m3caravaning.com el teu lloc web de\u00a0<strong>caravanes, autocaravanes i furgonetes camper<\/strong>.19<\/p>\n","protected":false},"excerpt":{"rendered":"<p>Busques una\u00a0caravana\u00a0amb espai perqu\u00e8 puguin dormir 4 persones amb una amplia sala d\u2019estar per gaudir d&#8217;un bon sopar amb amics i amb tot luxe de detalls? Avui et presentem un model de\u00a0caravana nova fendt per aquest 2018, la Tendenza 495 srf. Aquesta\u00a0caravana\u00a0de dos ambients destaca pel seu gran a\u00efllament sent una de les\u00a0caravanes\u00a0millor a\u00efllades del<\/p>\n","protected":false},"author":2,"featured_media":805,"comment_status":"closed","ping_status":"open","sticky":false,"template":"","format":"standard","meta":{"footnotes":""},"categories":[17],"tags":[],"class_list":["post-9879","post","type-post","status-publish","format-standard","has-post-thumbnail","hentry","category-caravanes"],"yoast_head":"<!-- This site is optimized with the Yoast SEO plugin v22.4 - https:\/\/yoast.com\/wordpress\/plugins\/seo\/ -->\n<title>La caravana Fendt Tendeza 495 SRF que t&#039;enamorar\u00e0 - Autocaravanas, caravanas y furgonetas campers nuevas, ocasi\u00f3n y segunda mano<\/title>\n<meta name=\"robots\" content=\"index, follow, max-snippet:-1, max-image-preview:large, max-video-preview:-1\" \/>\n<link rel=\"canonical\" href=\"https:\/\/m3caravaning.com\/ca\/caravanes\/la-caravana-fendt-tendeza-495-srf-que-tenamorara\/\" \/>\n<meta property=\"og:locale\" content=\"ca_ES\" \/>\n<meta property=\"og:type\" content=\"article\" \/>\n<meta property=\"og:title\" content=\"La caravana Fendt Tendeza 495 SRF que t&#039;enamorar\u00e0 - Autocaravanas, caravanas y furgonetas campers nuevas, ocasi\u00f3n y segunda mano\" \/>\n<meta property=\"og:description\" content=\"Busques una\u00a0caravana\u00a0amb espai perqu\u00e8 puguin dormir 4 persones amb una amplia sala d\u2019estar per gaudir d&#8217;un bon sopar amb amics i amb tot luxe de detalls? Avui et presentem un model de\u00a0caravana nova fendt per aquest 2018, la Tendenza 495 srf. Aquesta\u00a0caravana\u00a0de dos ambients destaca pel seu gran a\u00efllament sent una de les\u00a0caravanes\u00a0millor a\u00efllades del\" \/>\n<meta property=\"og:url\" content=\"https:\/\/m3caravaning.com\/ca\/caravanes\/la-caravana-fendt-tendeza-495-srf-que-tenamorara\/\" \/>\n<meta property=\"og:site_name\" content=\"Autocaravanas, caravanas y furgonetas campers nuevas, ocasi\u00f3n y segunda mano\" \/>\n<meta property=\"article:publisher\" content=\"https:\/\/www.facebook.com\/m3caravaning\" \/>\n<meta property=\"article:published_time\" content=\"2018-07-19T08:34:19+00:00\" \/>\n<meta property=\"article:modified_time\" content=\"2021-06-15T13:01:07+00:00\" \/>\n<meta property=\"og:image\" content=\"https:\/\/m3caravaning.com\/wp-content\/uploads\/2021\/01\/la-caravana-fendt-tendeza-495-srf-disponible-en-m3-caravaning-id-194.jpg\" \/>\n\t<meta property=\"og:image:width\" content=\"1000\" \/>\n\t<meta property=\"og:image:height\" content=\"450\" \/>\n\t<meta property=\"og:image:type\" content=\"image\/jpeg\" \/>\n<meta name=\"author\" content=\"M3 Caravaning\" \/>\n<meta name=\"twitter:card\" content=\"summary_large_image\" \/>\n<meta name=\"twitter:creator\" content=\"@M3Caravaning\" \/>\n<meta name=\"twitter:site\" content=\"@M3Caravaning\" \/>\n<meta name=\"twitter:label1\" content=\"Written by\" \/>\n\t<meta name=\"twitter:data1\" content=\"M3 Caravaning\" \/>\n\t<meta name=\"twitter:label2\" content=\"Est. reading time\" \/>\n\t<meta name=\"twitter:data2\" content=\"2 minutes\" \/>\n<script type=\"application\/ld+json\" class=\"yoast-schema-graph\">{\"@context\":\"https:\/\/schema.org\",\"@graph\":[{\"@type\":\"WebPage\",\"@id\":\"https:\/\/m3caravaning.com\/ca\/caravanes\/la-caravana-fendt-tendeza-495-srf-que-tenamorara\/\",\"url\":\"https:\/\/m3caravaning.com\/ca\/caravanes\/la-caravana-fendt-tendeza-495-srf-que-tenamorara\/\",\"name\":\"La caravana Fendt Tendeza 495 SRF que t'enamorar\u00e0 - Autocaravanas, caravanas y furgonetas campers nuevas, ocasi\u00f3n y segunda mano\",\"isPartOf\":{\"@id\":\"https:\/\/m3caravaning.com\/ca\/#website\"},\"primaryImageOfPage\":{\"@id\":\"https:\/\/m3caravaning.com\/ca\/caravanes\/la-caravana-fendt-tendeza-495-srf-que-tenamorara\/#primaryimage\"},\"image\":{\"@id\":\"https:\/\/m3caravaning.com\/ca\/caravanes\/la-caravana-fendt-tendeza-495-srf-que-tenamorara\/#primaryimage\"},\"thumbnailUrl\":\"https:\/\/m3caravaning.com\/wp-content\/uploads\/2021\/01\/la-caravana-fendt-tendeza-495-srf-disponible-en-m3-caravaning-id-194.jpg\",\"datePublished\":\"2018-07-19T08:34:19+00:00\",\"dateModified\":\"2021-06-15T13:01:07+00:00\",\"author\":{\"@id\":\"https:\/\/m3caravaning.com\/ca\/#\/schema\/person\/10e5f1edce4be1f414d4bde1bcf0c65f\"},\"breadcrumb\":{\"@id\":\"https:\/\/m3caravaning.com\/ca\/caravanes\/la-caravana-fendt-tendeza-495-srf-que-tenamorara\/#breadcrumb\"},\"inLanguage\":\"ca\",\"potentialAction\":[{\"@type\":\"ReadAction\",\"target\":[\"https:\/\/m3caravaning.com\/ca\/caravanes\/la-caravana-fendt-tendeza-495-srf-que-tenamorara\/\"]}]},{\"@type\":\"ImageObject\",\"inLanguage\":\"ca\",\"@id\":\"https:\/\/m3caravaning.com\/ca\/caravanes\/la-caravana-fendt-tendeza-495-srf-que-tenamorara\/#primaryimage\",\"url\":\"https:\/\/m3caravaning.com\/wp-content\/uploads\/2021\/01\/la-caravana-fendt-tendeza-495-srf-disponible-en-m3-caravaning-id-194.jpg\",\"contentUrl\":\"https:\/\/m3caravaning.com\/wp-content\/uploads\/2021\/01\/la-caravana-fendt-tendeza-495-srf-disponible-en-m3-caravaning-id-194.jpg\",\"width\":1000,\"height\":450},{\"@type\":\"BreadcrumbList\",\"@id\":\"https:\/\/m3caravaning.com\/ca\/caravanes\/la-caravana-fendt-tendeza-495-srf-que-tenamorara\/#breadcrumb\",\"itemListElement\":[{\"@type\":\"ListItem\",\"position\":1,\"name\":\"Portada\",\"item\":\"https:\/\/m3caravaning.com\/ca\/\"},{\"@type\":\"ListItem\",\"position\":2,\"name\":\"La caravana Fendt Tendeza 495 SRF que t&#8217;enamorar\u00e0\"}]},{\"@type\":\"WebSite\",\"@id\":\"https:\/\/m3caravaning.com\/ca\/#website\",\"url\":\"https:\/\/m3caravaning.com\/ca\/\",\"name\":\"Autocaravanas, caravanas y furgonetas campers nuevas, ocasi\u00f3n y segunda mano\",\"description\":\"Tu tienda de autocaravanas, campers y caravanas nuevas y de segunda mano. Alquiler, tienda de recambios, taller, seguros, etc.\",\"potentialAction\":[{\"@type\":\"SearchAction\",\"target\":{\"@type\":\"EntryPoint\",\"urlTemplate\":\"https:\/\/m3caravaning.com\/ca\/?s={search_term_string}\"},\"query-input\":\"required name=search_term_string\"}],\"inLanguage\":\"ca\"},{\"@type\":\"Person\",\"@id\":\"https:\/\/m3caravaning.com\/ca\/#\/schema\/person\/10e5f1edce4be1f414d4bde1bcf0c65f\",\"name\":\"M3 Caravaning\",\"image\":{\"@type\":\"ImageObject\",\"inLanguage\":\"ca\",\"@id\":\"https:\/\/m3caravaning.com\/ca\/#\/schema\/person\/image\/\",\"url\":\"https:\/\/secure.gravatar.com\/avatar\/45cc9e7bfaa20654bd7626e499aa306a8db18ee338763b6b771e707ccbeef54c?s=96&d=mm&r=g\",\"contentUrl\":\"https:\/\/secure.gravatar.com\/avatar\/45cc9e7bfaa20654bd7626e499aa306a8db18ee338763b6b771e707ccbeef54c?s=96&d=mm&r=g\",\"caption\":\"M3 Caravaning\"}}]}<\/script>\n<!-- \/ Yoast SEO plugin. -->","yoast_head_json":{"title":"La caravana Fendt Tendeza 495 SRF que t'enamorar\u00e0 - Autocaravanas, caravanas y furgonetas campers nuevas, ocasi\u00f3n y segunda mano","robots":{"index":"index","follow":"follow","max-snippet":"max-snippet:-1","max-image-preview":"max-image-preview:large","max-video-preview":"max-video-preview:-1"},"canonical":"https:\/\/m3caravaning.com\/ca\/caravanes\/la-caravana-fendt-tendeza-495-srf-que-tenamorara\/","og_locale":"ca_ES","og_type":"article","og_title":"La caravana Fendt Tendeza 495 SRF que t'enamorar\u00e0 - Autocaravanas, caravanas y furgonetas campers nuevas, ocasi\u00f3n y segunda mano","og_description":"Busques una\u00a0caravana\u00a0amb espai perqu\u00e8 puguin dormir 4 persones amb una amplia sala d\u2019estar per gaudir d&#8217;un bon sopar amb amics i amb tot luxe de detalls? Avui et presentem un model de\u00a0caravana nova fendt per aquest 2018, la Tendenza 495 srf. Aquesta\u00a0caravana\u00a0de dos ambients destaca pel seu gran a\u00efllament sent una de les\u00a0caravanes\u00a0millor a\u00efllades del","og_url":"https:\/\/m3caravaning.com\/ca\/caravanes\/la-caravana-fendt-tendeza-495-srf-que-tenamorara\/","og_site_name":"Autocaravanas, caravanas y furgonetas campers nuevas, ocasi\u00f3n y segunda mano","article_publisher":"https:\/\/www.facebook.com\/m3caravaning","article_published_time":"2018-07-19T08:34:19+00:00","article_modified_time":"2021-06-15T13:01:07+00:00","og_image":[{"width":1000,"height":450,"url":"https:\/\/m3caravaning.com\/wp-content\/uploads\/2021\/01\/la-caravana-fendt-tendeza-495-srf-disponible-en-m3-caravaning-id-194.jpg","type":"image\/jpeg"}],"author":"M3 Caravaning","twitter_card":"summary_large_image","twitter_creator":"@M3Caravaning","twitter_site":"@M3Caravaning","twitter_misc":{"Written by":"M3 Caravaning","Est. reading time":"2 minutes"},"schema":{"@context":"https:\/\/schema.org","@graph":[{"@type":"WebPage","@id":"https:\/\/m3caravaning.com\/ca\/caravanes\/la-caravana-fendt-tendeza-495-srf-que-tenamorara\/","url":"https:\/\/m3caravaning.com\/ca\/caravanes\/la-caravana-fendt-tendeza-495-srf-que-tenamorara\/","name":"La caravana Fendt Tendeza 495 SRF que t'enamorar\u00e0 - Autocaravanas, caravanas y furgonetas campers nuevas, ocasi\u00f3n y segunda mano","isPartOf":{"@id":"https:\/\/m3caravaning.com\/ca\/#website"},"primaryImageOfPage":{"@id":"https:\/\/m3caravaning.com\/ca\/caravanes\/la-caravana-fendt-tendeza-495-srf-que-tenamorara\/#primaryimage"},"image":{"@id":"https:\/\/m3caravaning.com\/ca\/caravanes\/la-caravana-fendt-tendeza-495-srf-que-tenamorara\/#primaryimage"},"thumbnailUrl":"https:\/\/m3caravaning.com\/wp-content\/uploads\/2021\/01\/la-caravana-fendt-tendeza-495-srf-disponible-en-m3-caravaning-id-194.jpg","datePublished":"2018-07-19T08:34:19+00:00","dateModified":"2021-06-15T13:01:07+00:00","author":{"@id":"https:\/\/m3caravaning.com\/ca\/#\/schema\/person\/10e5f1edce4be1f414d4bde1bcf0c65f"},"breadcrumb":{"@id":"https:\/\/m3caravaning.com\/ca\/caravanes\/la-caravana-fendt-tendeza-495-srf-que-tenamorara\/#breadcrumb"},"inLanguage":"ca","potentialAction":[{"@type":"ReadAction","target":["https:\/\/m3caravaning.com\/ca\/caravanes\/la-caravana-fendt-tendeza-495-srf-que-tenamorara\/"]}]},{"@type":"ImageObject","inLanguage":"ca","@id":"https:\/\/m3caravaning.com\/ca\/caravanes\/la-caravana-fendt-tendeza-495-srf-que-tenamorara\/#primaryimage","url":"https:\/\/m3caravaning.com\/wp-content\/uploads\/2021\/01\/la-caravana-fendt-tendeza-495-srf-disponible-en-m3-caravaning-id-194.jpg","contentUrl":"https:\/\/m3caravaning.com\/wp-content\/uploads\/2021\/01\/la-caravana-fendt-tendeza-495-srf-disponible-en-m3-caravaning-id-194.jpg","width":1000,"height":450},{"@type":"BreadcrumbList","@id":"https:\/\/m3caravaning.com\/ca\/caravanes\/la-caravana-fendt-tendeza-495-srf-que-tenamorara\/#breadcrumb","itemListElement":[{"@type":"ListItem","position":1,"name":"Portada","item":"https:\/\/m3caravaning.com\/ca\/"},{"@type":"ListItem","position":2,"name":"La caravana Fendt Tendeza 495 SRF que t&#8217;enamorar\u00e0"}]},{"@type":"WebSite","@id":"https:\/\/m3caravaning.com\/ca\/#website","url":"https:\/\/m3caravaning.com\/ca\/","name":"Autocaravanas, caravanas y furgonetas campers nuevas, ocasi\u00f3n y segunda mano","description":"Tu tienda de autocaravanas, campers y caravanas nuevas y de segunda mano. Alquiler, tienda de recambios, taller, seguros, etc.","potentialAction":[{"@type":"SearchAction","target":{"@type":"EntryPoint","urlTemplate":"https:\/\/m3caravaning.com\/ca\/?s={search_term_string}"},"query-input":"required name=search_term_string"}],"inLanguage":"ca"},{"@type":"Person","@id":"https:\/\/m3caravaning.com\/ca\/#\/schema\/person\/10e5f1edce4be1f414d4bde1bcf0c65f","name":"M3 Caravaning","image":{"@type":"ImageObject","inLanguage":"ca","@id":"https:\/\/m3caravaning.com\/ca\/#\/schema\/person\/image\/","url":"https:\/\/secure.gravatar.com\/avatar\/45cc9e7bfaa20654bd7626e499aa306a8db18ee338763b6b771e707ccbeef54c?s=96&d=mm&r=g","contentUrl":"https:\/\/secure.gravatar.com\/avatar\/45cc9e7bfaa20654bd7626e499aa306a8db18ee338763b6b771e707ccbeef54c?s=96&d=mm&r=g","caption":"M3 Caravaning"}}]}},"_links":{"self":[{"href":"https:\/\/m3caravaning.com\/ca\/wp-json\/wp\/v2\/posts\/9879","targetHints":{"allow":["GET"]}}],"collection":[{"href":"https:\/\/m3caravaning.com\/ca\/wp-json\/wp\/v2\/posts"}],"about":[{"href":"https:\/\/m3caravaning.com\/ca\/wp-json\/wp\/v2\/types\/post"}],"author":[{"embeddable":true,"href":"https:\/\/m3caravaning.com\/ca\/wp-json\/wp\/v2\/users\/2"}],"replies":[{"embeddable":true,"href":"https:\/\/m3caravaning.com\/ca\/wp-json\/wp\/v2\/comments?post=9879"}],"version-history":[{"count":0,"href":"https:\/\/m3caravaning.com\/ca\/wp-json\/wp\/v2\/posts\/9879\/revisions"}],"wp:featuredmedia":[{"embeddable":true,"href":"https:\/\/m3caravaning.com\/ca\/wp-json\/wp\/v2\/media\/805"}],"wp:attachment":[{"href":"https:\/\/m3caravaning.com\/ca\/wp-json\/wp\/v2\/media?parent=9879"}],"wp:term":[{"taxonomy":"category","embeddable":true,"href":"https:\/\/m3caravaning.com\/ca\/wp-json\/wp\/v2\/categories?post=9879"},{"taxonomy":"post_tag","embeddable":true,"href":"https:\/\/m3caravaning.com\/ca\/wp-json\/wp\/v2\/tags?post=9879"}],"curies":[{"name":"wp","href":"https:\/\/api.w.org\/{rel}","templated":true}]}}