





{"id":9825,"date":"2017-09-08T09:09:47","date_gmt":"2017-09-08T07:09:47","guid":{"rendered":"https:\/\/m3caravaning.com\/?p=9825"},"modified":"2021-06-16T11:22:22","modified_gmt":"2021-06-16T09:22:22","slug":"lautocaravana-caraloft-700-meh-de-weinsberg-en-la-prova-de-comparacio-de-promobil","status":"publish","type":"post","link":"https:\/\/m3caravaning.com\/ca\/autocaravanes\/lautocaravana-caraloft-700-meh-de-weinsberg-en-la-prova-de-comparacio-de-promobil\/","title":{"rendered":"L&#8217;autocaravana Caraloft 700 MEH de Weinsberg en la prova de comparaci\u00f3 de promobil"},"content":{"rendered":"<p>En un gran assaig comparatiu de la revista del m\u00f3n del caravaning Promobil (edici\u00f3 6\/2016) apareix la nostra autocaravana CaraLoft 700 MEH contra la marca d&#8217;autocaravanes Dethleffs Trend T.<\/p>\n<p>Tots dos vehicles demostren a primera vista la qualitat que els pertoca. No obstant aix\u00f2, \u00e9s sobretot la nostra CaraLoft la &#8220;sorpresa&#8221; dels emprovadors amb un excel\u00b7lent qualitat i gran tecnologia a bord.<\/p>\n<img fetchpriority=\"high\" decoding=\"async\" class=\"alignnone size-medium wp-image-9819\" src=\"https:\/\/m3caravaning.com\/wp-content\/uploads\/2021\/03\/autocaravanacaraloft01-300x207.jpg\" alt=\"\" width=\"300\" height=\"207\" \/>\n<p>Especialment a la sala d&#8217;estar, l&#8217;autocaravana Caraloft, es destaca clarament sobre els seus competidors. Gr\u00e0cies al gener\u00f3s menjador incloent una bancada lateral c\u00f2moda i espaiosa. I per descomptat, el menjador tamb\u00e9 \u00e9s especialment gran i espai\u00f3s i amb prestacions d&#8217;alta comoditat.<\/p>\n<p>Al dormitori de la Caraloft en comparaci\u00f3 al Trend T, destaquen els llits grans, c\u00f2modes matalassos, un mirall amb fons de tela amb il\u00b7luminaci\u00f3 de fons elegant que et asseguren dol\u00e7os somnis i hores relaxades. Molts detalls, com els molts prestatges semioberts o un control d&#8217;il\u00b7luminaci\u00f3 sofisticada, ofereixen una imatge sofisticada per al emprovadors del test.<\/p>\n<p>Tamb\u00e9 destaca les canonades de la dutxa separades, que gaudeixen particularment d&#8217;espai per al cap. L&#8217;equip sanitari restant destaca gr\u00e0cies a la seva alta funcionalitat.<\/p>\n<p>En els espais d&#8217;emmagatzematge de dos vehicles resulten iguals en la comparaci\u00f3. Encara aquells que valorin un extra de mida al garatge del darrere, \u00e9s millor a l&#8217;autocaravana CaraLoft.<\/p>\n<img decoding=\"async\" class=\"alignnone size-medium wp-image-9821\" src=\"https:\/\/m3caravaning.com\/wp-content\/uploads\/2021\/03\/autocaravanacaraloft02-300x207.jpg\" alt=\"\" width=\"300\" height=\"207\" \/>\n<p>T\u00e8cnicament, el CaraLoft destaca especialment amb la seva gran transformaci\u00f3 en la temporada 2017, gr\u00e0cies a el concepte d&#8217;il\u00b7luminaci\u00f3 sofisticada i a bones caracter\u00edstiques de seguretat. Dins d&#8217;aquest context, la Service Box o caixa de subministraments combina tots els terminals d&#8217;alimentaci\u00f3 centralitzada i ben accessible, que demostra les altes prestacions de l&#8217;autocaravana i el preu tan ajustat de mercat que t\u00e9. A la part interior, els emprovadors de la prova van gaudir particularment amb la il\u00b7luminaci\u00f3 ambiental i la possibilitat del cinqu\u00e8 cintur\u00f3 en ruta, el que fa que el vehicle sigui una bona elecci\u00f3 per a fam\u00edlies nombroses.<\/p>\n<p>Conclusi\u00f3:<\/p>\n<p>Tots dos models fan la prova de Promobil amb una bona nota i un bon resultat. Encara que l&#8217;autocaravana WEINSNERG Caraloft obt\u00e9 un resultat molt m\u00e9s alt ja que es destaca especialment en el processament i la facilitat d&#8217;\u00fas respecte la Dethleffs trend T. Per tant, la nova CaraLoft s&#8217;enlaira especialment b\u00e9!<\/p>\n<p>Revista Promobil: http:\/\/shop.motorpresse.de\/promobil\/hefte\/einzelhefte\/<\/p>\n<p>Fuente del art\u00edculo: https:\/\/blog.weinsberg.com\/einstieg-leicht-gemacht-der-caraloft-700-meh-im-promobil-vergleichstest\/<\/p>\n<p>M\u00e1s informaci\u00f3n en www.m3caravaning.com<\/p>\n<img decoding=\"async\" class=\"alignnone size-medium wp-image-9823\" src=\"https:\/\/m3caravaning.com\/wp-content\/uploads\/2021\/03\/autocaravanacaraloft03-300x207.jpg\" alt=\"\" width=\"300\" height=\"207\" \/>\n","protected":false},"excerpt":{"rendered":"<p>En un gran assaig comparatiu de la revista del m\u00f3n del caravaning Promobil (edici\u00f3 6\/2016) apareix la nostra autocaravana CaraLoft 700 MEH contra la marca d&#8217;autocaravanes Dethleffs Trend T. Tots dos vehicles demostren a primera vista la qualitat que els pertoca. No obstant aix\u00f2, \u00e9s sobretot la nostra CaraLoft la &#8220;sorpresa&#8221; dels emprovadors amb un<\/p>\n","protected":false},"author":2,"featured_media":363,"comment_status":"closed","ping_status":"open","sticky":false,"template":"","format":"standard","meta":{"footnotes":""},"categories":[15],"tags":[],"class_list":["post-9825","post","type-post","status-publish","format-standard","has-post-thumbnail","hentry","category-autocaravanes"],"yoast_head":"<!-- This site is optimized with the Yoast SEO plugin v22.4 - https:\/\/yoast.com\/wordpress\/plugins\/seo\/ -->\n<title>L&#039;autocaravana Caraloft 700 MEH de Weinsberg en la prova de comparaci\u00f3 de promobil - Autocaravanas, caravanas y furgonetas campers nuevas, ocasi\u00f3n y segunda mano<\/title>\n<meta name=\"robots\" content=\"index, follow, max-snippet:-1, max-image-preview:large, max-video-preview:-1\" \/>\n<link rel=\"canonical\" href=\"https:\/\/m3caravaning.com\/ca\/autocaravanes\/lautocaravana-caraloft-700-meh-de-weinsberg-en-la-prova-de-comparacio-de-promobil\/\" \/>\n<meta property=\"og:locale\" content=\"ca_ES\" \/>\n<meta property=\"og:type\" content=\"article\" \/>\n<meta property=\"og:title\" content=\"L&#039;autocaravana Caraloft 700 MEH de Weinsberg en la prova de comparaci\u00f3 de promobil - Autocaravanas, caravanas y furgonetas campers nuevas, ocasi\u00f3n y segunda mano\" \/>\n<meta property=\"og:description\" content=\"En un gran assaig comparatiu de la revista del m\u00f3n del caravaning Promobil (edici\u00f3 6\/2016) apareix la nostra autocaravana CaraLoft 700 MEH contra la marca d&#8217;autocaravanes Dethleffs Trend T. Tots dos vehicles demostren a primera vista la qualitat que els pertoca. No obstant aix\u00f2, \u00e9s sobretot la nostra CaraLoft la &#8220;sorpresa&#8221; dels emprovadors amb un\" \/>\n<meta property=\"og:url\" content=\"https:\/\/m3caravaning.com\/ca\/autocaravanes\/lautocaravana-caraloft-700-meh-de-weinsberg-en-la-prova-de-comparacio-de-promobil\/\" \/>\n<meta property=\"og:site_name\" content=\"Autocaravanas, caravanas y furgonetas campers nuevas, ocasi\u00f3n y segunda mano\" \/>\n<meta property=\"article:publisher\" content=\"https:\/\/www.facebook.com\/m3caravaning\" \/>\n<meta property=\"article:published_time\" content=\"2017-09-08T07:09:47+00:00\" \/>\n<meta property=\"article:modified_time\" content=\"2021-06-16T09:22:22+00:00\" \/>\n<meta property=\"og:image\" content=\"https:\/\/m3caravaning.com\/wp-content\/uploads\/2021\/01\/el-autocaravana-caraloft-700-meh-de-weinsberg-en-la-prueba-de-comparacion-de-promobil-id-34.jpg\" \/>\n\t<meta property=\"og:image:width\" content=\"1400\" \/>\n\t<meta property=\"og:image:height\" content=\"704\" \/>\n\t<meta property=\"og:image:type\" content=\"image\/jpeg\" \/>\n<meta name=\"author\" content=\"M3 Caravaning\" \/>\n<meta name=\"twitter:card\" content=\"summary_large_image\" \/>\n<meta name=\"twitter:creator\" content=\"@M3Caravaning\" \/>\n<meta name=\"twitter:site\" content=\"@M3Caravaning\" \/>\n<meta name=\"twitter:label1\" content=\"Written by\" \/>\n\t<meta name=\"twitter:data1\" content=\"M3 Caravaning\" \/>\n\t<meta name=\"twitter:label2\" content=\"Est. reading time\" \/>\n\t<meta name=\"twitter:data2\" content=\"3 minutes\" \/>\n<script type=\"application\/ld+json\" class=\"yoast-schema-graph\">{\"@context\":\"https:\/\/schema.org\",\"@graph\":[{\"@type\":\"WebPage\",\"@id\":\"https:\/\/m3caravaning.com\/ca\/autocaravanes\/lautocaravana-caraloft-700-meh-de-weinsberg-en-la-prova-de-comparacio-de-promobil\/\",\"url\":\"https:\/\/m3caravaning.com\/ca\/autocaravanes\/lautocaravana-caraloft-700-meh-de-weinsberg-en-la-prova-de-comparacio-de-promobil\/\",\"name\":\"L'autocaravana Caraloft 700 MEH de Weinsberg en la prova de comparaci\u00f3 de promobil - Autocaravanas, caravanas y furgonetas campers nuevas, ocasi\u00f3n y segunda mano\",\"isPartOf\":{\"@id\":\"https:\/\/m3caravaning.com\/ca\/#website\"},\"primaryImageOfPage\":{\"@id\":\"https:\/\/m3caravaning.com\/ca\/autocaravanes\/lautocaravana-caraloft-700-meh-de-weinsberg-en-la-prova-de-comparacio-de-promobil\/#primaryimage\"},\"image\":{\"@id\":\"https:\/\/m3caravaning.com\/ca\/autocaravanes\/lautocaravana-caraloft-700-meh-de-weinsberg-en-la-prova-de-comparacio-de-promobil\/#primaryimage\"},\"thumbnailUrl\":\"https:\/\/m3caravaning.com\/wp-content\/uploads\/2021\/01\/el-autocaravana-caraloft-700-meh-de-weinsberg-en-la-prueba-de-comparacion-de-promobil-id-34.jpg\",\"datePublished\":\"2017-09-08T07:09:47+00:00\",\"dateModified\":\"2021-06-16T09:22:22+00:00\",\"author\":{\"@id\":\"https:\/\/m3caravaning.com\/ca\/#\/schema\/person\/10e5f1edce4be1f414d4bde1bcf0c65f\"},\"breadcrumb\":{\"@id\":\"https:\/\/m3caravaning.com\/ca\/autocaravanes\/lautocaravana-caraloft-700-meh-de-weinsberg-en-la-prova-de-comparacio-de-promobil\/#breadcrumb\"},\"inLanguage\":\"ca\",\"potentialAction\":[{\"@type\":\"ReadAction\",\"target\":[\"https:\/\/m3caravaning.com\/ca\/autocaravanes\/lautocaravana-caraloft-700-meh-de-weinsberg-en-la-prova-de-comparacio-de-promobil\/\"]}]},{\"@type\":\"ImageObject\",\"inLanguage\":\"ca\",\"@id\":\"https:\/\/m3caravaning.com\/ca\/autocaravanes\/lautocaravana-caraloft-700-meh-de-weinsberg-en-la-prova-de-comparacio-de-promobil\/#primaryimage\",\"url\":\"https:\/\/m3caravaning.com\/wp-content\/uploads\/2021\/01\/el-autocaravana-caraloft-700-meh-de-weinsberg-en-la-prueba-de-comparacion-de-promobil-id-34.jpg\",\"contentUrl\":\"https:\/\/m3caravaning.com\/wp-content\/uploads\/2021\/01\/el-autocaravana-caraloft-700-meh-de-weinsberg-en-la-prueba-de-comparacion-de-promobil-id-34.jpg\",\"width\":1400,\"height\":704},{\"@type\":\"BreadcrumbList\",\"@id\":\"https:\/\/m3caravaning.com\/ca\/autocaravanes\/lautocaravana-caraloft-700-meh-de-weinsberg-en-la-prova-de-comparacio-de-promobil\/#breadcrumb\",\"itemListElement\":[{\"@type\":\"ListItem\",\"position\":1,\"name\":\"Portada\",\"item\":\"https:\/\/m3caravaning.com\/ca\/\"},{\"@type\":\"ListItem\",\"position\":2,\"name\":\"L&#8217;autocaravana Caraloft 700 MEH de Weinsberg en la prova de comparaci\u00f3 de promobil\"}]},{\"@type\":\"WebSite\",\"@id\":\"https:\/\/m3caravaning.com\/ca\/#website\",\"url\":\"https:\/\/m3caravaning.com\/ca\/\",\"name\":\"Autocaravanas, caravanas y furgonetas campers nuevas, ocasi\u00f3n y segunda mano\",\"description\":\"Tu tienda de autocaravanas, campers y caravanas nuevas y de segunda mano. Alquiler, tienda de recambios, taller, seguros, etc.\",\"potentialAction\":[{\"@type\":\"SearchAction\",\"target\":{\"@type\":\"EntryPoint\",\"urlTemplate\":\"https:\/\/m3caravaning.com\/ca\/?s={search_term_string}\"},\"query-input\":\"required name=search_term_string\"}],\"inLanguage\":\"ca\"},{\"@type\":\"Person\",\"@id\":\"https:\/\/m3caravaning.com\/ca\/#\/schema\/person\/10e5f1edce4be1f414d4bde1bcf0c65f\",\"name\":\"M3 Caravaning\",\"image\":{\"@type\":\"ImageObject\",\"inLanguage\":\"ca\",\"@id\":\"https:\/\/m3caravaning.com\/ca\/#\/schema\/person\/image\/\",\"url\":\"https:\/\/secure.gravatar.com\/avatar\/45cc9e7bfaa20654bd7626e499aa306a8db18ee338763b6b771e707ccbeef54c?s=96&d=mm&r=g\",\"contentUrl\":\"https:\/\/secure.gravatar.com\/avatar\/45cc9e7bfaa20654bd7626e499aa306a8db18ee338763b6b771e707ccbeef54c?s=96&d=mm&r=g\",\"caption\":\"M3 Caravaning\"}}]}<\/script>\n<!-- \/ Yoast SEO plugin. -->","yoast_head_json":{"title":"L'autocaravana Caraloft 700 MEH de Weinsberg en la prova de comparaci\u00f3 de promobil - Autocaravanas, caravanas y furgonetas campers nuevas, ocasi\u00f3n y segunda mano","robots":{"index":"index","follow":"follow","max-snippet":"max-snippet:-1","max-image-preview":"max-image-preview:large","max-video-preview":"max-video-preview:-1"},"canonical":"https:\/\/m3caravaning.com\/ca\/autocaravanes\/lautocaravana-caraloft-700-meh-de-weinsberg-en-la-prova-de-comparacio-de-promobil\/","og_locale":"ca_ES","og_type":"article","og_title":"L'autocaravana Caraloft 700 MEH de Weinsberg en la prova de comparaci\u00f3 de promobil - Autocaravanas, caravanas y furgonetas campers nuevas, ocasi\u00f3n y segunda mano","og_description":"En un gran assaig comparatiu de la revista del m\u00f3n del caravaning Promobil (edici\u00f3 6\/2016) apareix la nostra autocaravana CaraLoft 700 MEH contra la marca d&#8217;autocaravanes Dethleffs Trend T. Tots dos vehicles demostren a primera vista la qualitat que els pertoca. No obstant aix\u00f2, \u00e9s sobretot la nostra CaraLoft la &#8220;sorpresa&#8221; dels emprovadors amb un","og_url":"https:\/\/m3caravaning.com\/ca\/autocaravanes\/lautocaravana-caraloft-700-meh-de-weinsberg-en-la-prova-de-comparacio-de-promobil\/","og_site_name":"Autocaravanas, caravanas y furgonetas campers nuevas, ocasi\u00f3n y segunda mano","article_publisher":"https:\/\/www.facebook.com\/m3caravaning","article_published_time":"2017-09-08T07:09:47+00:00","article_modified_time":"2021-06-16T09:22:22+00:00","og_image":[{"width":1400,"height":704,"url":"https:\/\/m3caravaning.com\/wp-content\/uploads\/2021\/01\/el-autocaravana-caraloft-700-meh-de-weinsberg-en-la-prueba-de-comparacion-de-promobil-id-34.jpg","type":"image\/jpeg"}],"author":"M3 Caravaning","twitter_card":"summary_large_image","twitter_creator":"@M3Caravaning","twitter_site":"@M3Caravaning","twitter_misc":{"Written by":"M3 Caravaning","Est. reading time":"3 minutes"},"schema":{"@context":"https:\/\/schema.org","@graph":[{"@type":"WebPage","@id":"https:\/\/m3caravaning.com\/ca\/autocaravanes\/lautocaravana-caraloft-700-meh-de-weinsberg-en-la-prova-de-comparacio-de-promobil\/","url":"https:\/\/m3caravaning.com\/ca\/autocaravanes\/lautocaravana-caraloft-700-meh-de-weinsberg-en-la-prova-de-comparacio-de-promobil\/","name":"L'autocaravana Caraloft 700 MEH de Weinsberg en la prova de comparaci\u00f3 de promobil - Autocaravanas, caravanas y furgonetas campers nuevas, ocasi\u00f3n y segunda mano","isPartOf":{"@id":"https:\/\/m3caravaning.com\/ca\/#website"},"primaryImageOfPage":{"@id":"https:\/\/m3caravaning.com\/ca\/autocaravanes\/lautocaravana-caraloft-700-meh-de-weinsberg-en-la-prova-de-comparacio-de-promobil\/#primaryimage"},"image":{"@id":"https:\/\/m3caravaning.com\/ca\/autocaravanes\/lautocaravana-caraloft-700-meh-de-weinsberg-en-la-prova-de-comparacio-de-promobil\/#primaryimage"},"thumbnailUrl":"https:\/\/m3caravaning.com\/wp-content\/uploads\/2021\/01\/el-autocaravana-caraloft-700-meh-de-weinsberg-en-la-prueba-de-comparacion-de-promobil-id-34.jpg","datePublished":"2017-09-08T07:09:47+00:00","dateModified":"2021-06-16T09:22:22+00:00","author":{"@id":"https:\/\/m3caravaning.com\/ca\/#\/schema\/person\/10e5f1edce4be1f414d4bde1bcf0c65f"},"breadcrumb":{"@id":"https:\/\/m3caravaning.com\/ca\/autocaravanes\/lautocaravana-caraloft-700-meh-de-weinsberg-en-la-prova-de-comparacio-de-promobil\/#breadcrumb"},"inLanguage":"ca","potentialAction":[{"@type":"ReadAction","target":["https:\/\/m3caravaning.com\/ca\/autocaravanes\/lautocaravana-caraloft-700-meh-de-weinsberg-en-la-prova-de-comparacio-de-promobil\/"]}]},{"@type":"ImageObject","inLanguage":"ca","@id":"https:\/\/m3caravaning.com\/ca\/autocaravanes\/lautocaravana-caraloft-700-meh-de-weinsberg-en-la-prova-de-comparacio-de-promobil\/#primaryimage","url":"https:\/\/m3caravaning.com\/wp-content\/uploads\/2021\/01\/el-autocaravana-caraloft-700-meh-de-weinsberg-en-la-prueba-de-comparacion-de-promobil-id-34.jpg","contentUrl":"https:\/\/m3caravaning.com\/wp-content\/uploads\/2021\/01\/el-autocaravana-caraloft-700-meh-de-weinsberg-en-la-prueba-de-comparacion-de-promobil-id-34.jpg","width":1400,"height":704},{"@type":"BreadcrumbList","@id":"https:\/\/m3caravaning.com\/ca\/autocaravanes\/lautocaravana-caraloft-700-meh-de-weinsberg-en-la-prova-de-comparacio-de-promobil\/#breadcrumb","itemListElement":[{"@type":"ListItem","position":1,"name":"Portada","item":"https:\/\/m3caravaning.com\/ca\/"},{"@type":"ListItem","position":2,"name":"L&#8217;autocaravana Caraloft 700 MEH de Weinsberg en la prova de comparaci\u00f3 de promobil"}]},{"@type":"WebSite","@id":"https:\/\/m3caravaning.com\/ca\/#website","url":"https:\/\/m3caravaning.com\/ca\/","name":"Autocaravanas, caravanas y furgonetas campers nuevas, ocasi\u00f3n y segunda mano","description":"Tu tienda de autocaravanas, campers y caravanas nuevas y de segunda mano. Alquiler, tienda de recambios, taller, seguros, etc.","potentialAction":[{"@type":"SearchAction","target":{"@type":"EntryPoint","urlTemplate":"https:\/\/m3caravaning.com\/ca\/?s={search_term_string}"},"query-input":"required name=search_term_string"}],"inLanguage":"ca"},{"@type":"Person","@id":"https:\/\/m3caravaning.com\/ca\/#\/schema\/person\/10e5f1edce4be1f414d4bde1bcf0c65f","name":"M3 Caravaning","image":{"@type":"ImageObject","inLanguage":"ca","@id":"https:\/\/m3caravaning.com\/ca\/#\/schema\/person\/image\/","url":"https:\/\/secure.gravatar.com\/avatar\/45cc9e7bfaa20654bd7626e499aa306a8db18ee338763b6b771e707ccbeef54c?s=96&d=mm&r=g","contentUrl":"https:\/\/secure.gravatar.com\/avatar\/45cc9e7bfaa20654bd7626e499aa306a8db18ee338763b6b771e707ccbeef54c?s=96&d=mm&r=g","caption":"M3 Caravaning"}}]}},"_links":{"self":[{"href":"https:\/\/m3caravaning.com\/ca\/wp-json\/wp\/v2\/posts\/9825","targetHints":{"allow":["GET"]}}],"collection":[{"href":"https:\/\/m3caravaning.com\/ca\/wp-json\/wp\/v2\/posts"}],"about":[{"href":"https:\/\/m3caravaning.com\/ca\/wp-json\/wp\/v2\/types\/post"}],"author":[{"embeddable":true,"href":"https:\/\/m3caravaning.com\/ca\/wp-json\/wp\/v2\/users\/2"}],"replies":[{"embeddable":true,"href":"https:\/\/m3caravaning.com\/ca\/wp-json\/wp\/v2\/comments?post=9825"}],"version-history":[{"count":0,"href":"https:\/\/m3caravaning.com\/ca\/wp-json\/wp\/v2\/posts\/9825\/revisions"}],"wp:featuredmedia":[{"embeddable":true,"href":"https:\/\/m3caravaning.com\/ca\/wp-json\/wp\/v2\/media\/363"}],"wp:attachment":[{"href":"https:\/\/m3caravaning.com\/ca\/wp-json\/wp\/v2\/media?parent=9825"}],"wp:term":[{"taxonomy":"category","embeddable":true,"href":"https:\/\/m3caravaning.com\/ca\/wp-json\/wp\/v2\/categories?post=9825"},{"taxonomy":"post_tag","embeddable":true,"href":"https:\/\/m3caravaning.com\/ca\/wp-json\/wp\/v2\/tags?post=9825"}],"curies":[{"name":"wp","href":"https:\/\/api.w.org\/{rel}","templated":true}]}}