





{"id":9739,"date":"2019-05-09T11:10:55","date_gmt":"2019-05-09T09:10:55","guid":{"rendered":"https:\/\/m3caravaning.com\/?p=9739"},"modified":"2021-06-15T15:09:28","modified_gmt":"2021-06-15T13:09:28","slug":"arees-per-autocaravanes-a-zamora","status":"publish","type":"post","link":"https:\/\/m3caravaning.com\/ca\/autocaravanes\/arees-per-autocaravanes-a-zamora\/","title":{"rendered":"\u00c0rees per autocaravanes a Zamora"},"content":{"rendered":"<p>No \u00e9s estrany trobar en els carrers o voltants de Zamora durant ponts o festius\u00a0<strong>autocaravanes<\/strong>\u00a0aparcades i \u00e9s que aquesta ciutat s&#8217;ha convertit en un punt de parada per a molts amants de les\u00a0<strong>autocaravanes<\/strong>\u00a0i d&#8217;un estil de viatjar , on la llibertat i la comoditat van agafats de la m\u00e0.<\/p>\n<p>De fet, la zona dels Pisones i Entrepuentes sol estar desbordada, a causa del gran nombre de visites dels viatgers de les\u00a0<strong>autocaravanes<\/strong>.<\/p>\n<p>Zamora \u00e9s una ciutat que sol atreure turistes i on els hotels gaudeixen de salut a ocupar-se i oferir bon servei als turistes, per\u00f2 des dels \u00faltims anys fins ara el turisme de les\u00a0<strong>autocaravanes<\/strong>\u00a0ha aparegut com a fenomen interessant, ja que molts usuaris decideixen fer estada a aquesta ciutat.<\/p>\n<h2>Noves \u00e0rees per autocaravanes<\/h2>\n<p>Per aquest motiu, l&#8217;Ajuntament de la ciutat, va decidir posar-se mans a l&#8217;obra i donar resposta al nou turisme d&#8217;autocaravana que floreix a la ciutat, posant en marxa dues noves \u00e0rees condicionades i amb tots els serveis per als\u00a0<strong>autocaravanistes<\/strong>.<\/p>\n<p>Una de les noves \u00e0rees per autocaravanes es troba a Los Pistons, al costat de Valorio. Aquesta \u00e0rea disposa de 39 places per a\u00a0<strong>autocaravanes<\/strong>. A m\u00e9s, l&#8217;Ajuntament de Zamora va decidir habilitar tamb\u00e9 una desena de places al carrer Entrepuentes.<\/p>\n<p>Aquest nou turisme ha fet incrementar el nombre de turistes que visiten la ciutat cada any, afavorint el consum a les botigues i comer\u00e7os de la ciutat.<\/p>\n","protected":false},"excerpt":{"rendered":"<p>No \u00e9s estrany trobar en els carrers o voltants de Zamora durant ponts o festius\u00a0autocaravanes\u00a0aparcades i \u00e9s que aquesta ciutat s&#8217;ha convertit en un punt de parada per a molts amants de les\u00a0autocaravanes\u00a0i d&#8217;un estil de viatjar , on la llibertat i la comoditat van agafats de la m\u00e0. De fet, la zona dels Pisones<\/p>\n","protected":false},"author":2,"featured_media":213,"comment_status":"closed","ping_status":"open","sticky":false,"template":"","format":"standard","meta":{"footnotes":""},"categories":[15],"tags":[],"class_list":["post-9739","post","type-post","status-publish","format-standard","has-post-thumbnail","hentry","category-autocaravanes"],"yoast_head":"<!-- This site is optimized with the Yoast SEO plugin v22.4 - https:\/\/yoast.com\/wordpress\/plugins\/seo\/ -->\n<title>\u00c0rees per autocaravanes a Zamora - Autocaravanas, caravanas y furgonetas campers nuevas, ocasi\u00f3n y segunda mano<\/title>\n<meta name=\"robots\" content=\"index, follow, max-snippet:-1, max-image-preview:large, max-video-preview:-1\" \/>\n<link rel=\"canonical\" href=\"https:\/\/m3caravaning.com\/ca\/autocaravanes\/arees-per-autocaravanes-a-zamora\/\" \/>\n<meta property=\"og:locale\" content=\"ca_ES\" \/>\n<meta property=\"og:type\" content=\"article\" \/>\n<meta property=\"og:title\" content=\"\u00c0rees per autocaravanes a Zamora - Autocaravanas, caravanas y furgonetas campers nuevas, ocasi\u00f3n y segunda mano\" \/>\n<meta property=\"og:description\" content=\"No \u00e9s estrany trobar en els carrers o voltants de Zamora durant ponts o festius\u00a0autocaravanes\u00a0aparcades i \u00e9s que aquesta ciutat s&#8217;ha convertit en un punt de parada per a molts amants de les\u00a0autocaravanes\u00a0i d&#8217;un estil de viatjar , on la llibertat i la comoditat van agafats de la m\u00e0. De fet, la zona dels Pisones\" \/>\n<meta property=\"og:url\" content=\"https:\/\/m3caravaning.com\/ca\/autocaravanes\/arees-per-autocaravanes-a-zamora\/\" \/>\n<meta property=\"og:site_name\" content=\"Autocaravanas, caravanas y furgonetas campers nuevas, ocasi\u00f3n y segunda mano\" \/>\n<meta property=\"article:publisher\" content=\"https:\/\/www.facebook.com\/m3caravaning\" \/>\n<meta property=\"article:published_time\" content=\"2019-05-09T09:10:55+00:00\" \/>\n<meta property=\"article:modified_time\" content=\"2021-06-15T13:09:28+00:00\" \/>\n<meta property=\"og:image\" content=\"https:\/\/m3caravaning.com\/wp-content\/uploads\/2021\/01\/areas-para-autocaravanas-en-zamora-id-335.jpg\" \/>\n\t<meta property=\"og:image:width\" content=\"1440\" \/>\n\t<meta property=\"og:image:height\" content=\"1080\" \/>\n\t<meta property=\"og:image:type\" content=\"image\/jpeg\" \/>\n<meta name=\"author\" content=\"M3 Caravaning\" \/>\n<meta name=\"twitter:card\" content=\"summary_large_image\" \/>\n<meta name=\"twitter:creator\" content=\"@M3Caravaning\" \/>\n<meta name=\"twitter:site\" content=\"@M3Caravaning\" \/>\n<meta name=\"twitter:label1\" content=\"Written by\" \/>\n\t<meta name=\"twitter:data1\" content=\"M3 Caravaning\" \/>\n\t<meta name=\"twitter:label2\" content=\"Est. reading time\" \/>\n\t<meta name=\"twitter:data2\" content=\"2 minutes\" \/>\n<script type=\"application\/ld+json\" class=\"yoast-schema-graph\">{\"@context\":\"https:\/\/schema.org\",\"@graph\":[{\"@type\":\"WebPage\",\"@id\":\"https:\/\/m3caravaning.com\/ca\/autocaravanes\/arees-per-autocaravanes-a-zamora\/\",\"url\":\"https:\/\/m3caravaning.com\/ca\/autocaravanes\/arees-per-autocaravanes-a-zamora\/\",\"name\":\"\u00c0rees per autocaravanes a Zamora - Autocaravanas, caravanas y furgonetas campers nuevas, ocasi\u00f3n y segunda mano\",\"isPartOf\":{\"@id\":\"https:\/\/m3caravaning.com\/ca\/#website\"},\"primaryImageOfPage\":{\"@id\":\"https:\/\/m3caravaning.com\/ca\/autocaravanes\/arees-per-autocaravanes-a-zamora\/#primaryimage\"},\"image\":{\"@id\":\"https:\/\/m3caravaning.com\/ca\/autocaravanes\/arees-per-autocaravanes-a-zamora\/#primaryimage\"},\"thumbnailUrl\":\"https:\/\/m3caravaning.com\/wp-content\/uploads\/2021\/01\/areas-para-autocaravanas-en-zamora-id-335.jpg\",\"datePublished\":\"2019-05-09T09:10:55+00:00\",\"dateModified\":\"2021-06-15T13:09:28+00:00\",\"author\":{\"@id\":\"https:\/\/m3caravaning.com\/ca\/#\/schema\/person\/10e5f1edce4be1f414d4bde1bcf0c65f\"},\"breadcrumb\":{\"@id\":\"https:\/\/m3caravaning.com\/ca\/autocaravanes\/arees-per-autocaravanes-a-zamora\/#breadcrumb\"},\"inLanguage\":\"ca\",\"potentialAction\":[{\"@type\":\"ReadAction\",\"target\":[\"https:\/\/m3caravaning.com\/ca\/autocaravanes\/arees-per-autocaravanes-a-zamora\/\"]}]},{\"@type\":\"ImageObject\",\"inLanguage\":\"ca\",\"@id\":\"https:\/\/m3caravaning.com\/ca\/autocaravanes\/arees-per-autocaravanes-a-zamora\/#primaryimage\",\"url\":\"https:\/\/m3caravaning.com\/wp-content\/uploads\/2021\/01\/areas-para-autocaravanas-en-zamora-id-335.jpg\",\"contentUrl\":\"https:\/\/m3caravaning.com\/wp-content\/uploads\/2021\/01\/areas-para-autocaravanas-en-zamora-id-335.jpg\",\"width\":1440,\"height\":1080},{\"@type\":\"BreadcrumbList\",\"@id\":\"https:\/\/m3caravaning.com\/ca\/autocaravanes\/arees-per-autocaravanes-a-zamora\/#breadcrumb\",\"itemListElement\":[{\"@type\":\"ListItem\",\"position\":1,\"name\":\"Portada\",\"item\":\"https:\/\/m3caravaning.com\/ca\/\"},{\"@type\":\"ListItem\",\"position\":2,\"name\":\"\u00c0rees per autocaravanes a Zamora\"}]},{\"@type\":\"WebSite\",\"@id\":\"https:\/\/m3caravaning.com\/ca\/#website\",\"url\":\"https:\/\/m3caravaning.com\/ca\/\",\"name\":\"Autocaravanas, caravanas y furgonetas campers nuevas, ocasi\u00f3n y segunda mano\",\"description\":\"Tu tienda de autocaravanas, campers y caravanas nuevas y de segunda mano. Alquiler, tienda de recambios, taller, seguros, etc.\",\"potentialAction\":[{\"@type\":\"SearchAction\",\"target\":{\"@type\":\"EntryPoint\",\"urlTemplate\":\"https:\/\/m3caravaning.com\/ca\/?s={search_term_string}\"},\"query-input\":\"required name=search_term_string\"}],\"inLanguage\":\"ca\"},{\"@type\":\"Person\",\"@id\":\"https:\/\/m3caravaning.com\/ca\/#\/schema\/person\/10e5f1edce4be1f414d4bde1bcf0c65f\",\"name\":\"M3 Caravaning\",\"image\":{\"@type\":\"ImageObject\",\"inLanguage\":\"ca\",\"@id\":\"https:\/\/m3caravaning.com\/ca\/#\/schema\/person\/image\/\",\"url\":\"https:\/\/secure.gravatar.com\/avatar\/45cc9e7bfaa20654bd7626e499aa306a8db18ee338763b6b771e707ccbeef54c?s=96&d=mm&r=g\",\"contentUrl\":\"https:\/\/secure.gravatar.com\/avatar\/45cc9e7bfaa20654bd7626e499aa306a8db18ee338763b6b771e707ccbeef54c?s=96&d=mm&r=g\",\"caption\":\"M3 Caravaning\"}}]}<\/script>\n<!-- \/ Yoast SEO plugin. -->","yoast_head_json":{"title":"\u00c0rees per autocaravanes a Zamora - Autocaravanas, caravanas y furgonetas campers nuevas, ocasi\u00f3n y segunda mano","robots":{"index":"index","follow":"follow","max-snippet":"max-snippet:-1","max-image-preview":"max-image-preview:large","max-video-preview":"max-video-preview:-1"},"canonical":"https:\/\/m3caravaning.com\/ca\/autocaravanes\/arees-per-autocaravanes-a-zamora\/","og_locale":"ca_ES","og_type":"article","og_title":"\u00c0rees per autocaravanes a Zamora - Autocaravanas, caravanas y furgonetas campers nuevas, ocasi\u00f3n y segunda mano","og_description":"No \u00e9s estrany trobar en els carrers o voltants de Zamora durant ponts o festius\u00a0autocaravanes\u00a0aparcades i \u00e9s que aquesta ciutat s&#8217;ha convertit en un punt de parada per a molts amants de les\u00a0autocaravanes\u00a0i d&#8217;un estil de viatjar , on la llibertat i la comoditat van agafats de la m\u00e0. De fet, la zona dels Pisones","og_url":"https:\/\/m3caravaning.com\/ca\/autocaravanes\/arees-per-autocaravanes-a-zamora\/","og_site_name":"Autocaravanas, caravanas y furgonetas campers nuevas, ocasi\u00f3n y segunda mano","article_publisher":"https:\/\/www.facebook.com\/m3caravaning","article_published_time":"2019-05-09T09:10:55+00:00","article_modified_time":"2021-06-15T13:09:28+00:00","og_image":[{"width":1440,"height":1080,"url":"https:\/\/m3caravaning.com\/wp-content\/uploads\/2021\/01\/areas-para-autocaravanas-en-zamora-id-335.jpg","type":"image\/jpeg"}],"author":"M3 Caravaning","twitter_card":"summary_large_image","twitter_creator":"@M3Caravaning","twitter_site":"@M3Caravaning","twitter_misc":{"Written by":"M3 Caravaning","Est. reading time":"2 minutes"},"schema":{"@context":"https:\/\/schema.org","@graph":[{"@type":"WebPage","@id":"https:\/\/m3caravaning.com\/ca\/autocaravanes\/arees-per-autocaravanes-a-zamora\/","url":"https:\/\/m3caravaning.com\/ca\/autocaravanes\/arees-per-autocaravanes-a-zamora\/","name":"\u00c0rees per autocaravanes a Zamora - Autocaravanas, caravanas y furgonetas campers nuevas, ocasi\u00f3n y segunda mano","isPartOf":{"@id":"https:\/\/m3caravaning.com\/ca\/#website"},"primaryImageOfPage":{"@id":"https:\/\/m3caravaning.com\/ca\/autocaravanes\/arees-per-autocaravanes-a-zamora\/#primaryimage"},"image":{"@id":"https:\/\/m3caravaning.com\/ca\/autocaravanes\/arees-per-autocaravanes-a-zamora\/#primaryimage"},"thumbnailUrl":"https:\/\/m3caravaning.com\/wp-content\/uploads\/2021\/01\/areas-para-autocaravanas-en-zamora-id-335.jpg","datePublished":"2019-05-09T09:10:55+00:00","dateModified":"2021-06-15T13:09:28+00:00","author":{"@id":"https:\/\/m3caravaning.com\/ca\/#\/schema\/person\/10e5f1edce4be1f414d4bde1bcf0c65f"},"breadcrumb":{"@id":"https:\/\/m3caravaning.com\/ca\/autocaravanes\/arees-per-autocaravanes-a-zamora\/#breadcrumb"},"inLanguage":"ca","potentialAction":[{"@type":"ReadAction","target":["https:\/\/m3caravaning.com\/ca\/autocaravanes\/arees-per-autocaravanes-a-zamora\/"]}]},{"@type":"ImageObject","inLanguage":"ca","@id":"https:\/\/m3caravaning.com\/ca\/autocaravanes\/arees-per-autocaravanes-a-zamora\/#primaryimage","url":"https:\/\/m3caravaning.com\/wp-content\/uploads\/2021\/01\/areas-para-autocaravanas-en-zamora-id-335.jpg","contentUrl":"https:\/\/m3caravaning.com\/wp-content\/uploads\/2021\/01\/areas-para-autocaravanas-en-zamora-id-335.jpg","width":1440,"height":1080},{"@type":"BreadcrumbList","@id":"https:\/\/m3caravaning.com\/ca\/autocaravanes\/arees-per-autocaravanes-a-zamora\/#breadcrumb","itemListElement":[{"@type":"ListItem","position":1,"name":"Portada","item":"https:\/\/m3caravaning.com\/ca\/"},{"@type":"ListItem","position":2,"name":"\u00c0rees per autocaravanes a Zamora"}]},{"@type":"WebSite","@id":"https:\/\/m3caravaning.com\/ca\/#website","url":"https:\/\/m3caravaning.com\/ca\/","name":"Autocaravanas, caravanas y furgonetas campers nuevas, ocasi\u00f3n y segunda mano","description":"Tu tienda de autocaravanas, campers y caravanas nuevas y de segunda mano. Alquiler, tienda de recambios, taller, seguros, etc.","potentialAction":[{"@type":"SearchAction","target":{"@type":"EntryPoint","urlTemplate":"https:\/\/m3caravaning.com\/ca\/?s={search_term_string}"},"query-input":"required name=search_term_string"}],"inLanguage":"ca"},{"@type":"Person","@id":"https:\/\/m3caravaning.com\/ca\/#\/schema\/person\/10e5f1edce4be1f414d4bde1bcf0c65f","name":"M3 Caravaning","image":{"@type":"ImageObject","inLanguage":"ca","@id":"https:\/\/m3caravaning.com\/ca\/#\/schema\/person\/image\/","url":"https:\/\/secure.gravatar.com\/avatar\/45cc9e7bfaa20654bd7626e499aa306a8db18ee338763b6b771e707ccbeef54c?s=96&d=mm&r=g","contentUrl":"https:\/\/secure.gravatar.com\/avatar\/45cc9e7bfaa20654bd7626e499aa306a8db18ee338763b6b771e707ccbeef54c?s=96&d=mm&r=g","caption":"M3 Caravaning"}}]}},"_links":{"self":[{"href":"https:\/\/m3caravaning.com\/ca\/wp-json\/wp\/v2\/posts\/9739","targetHints":{"allow":["GET"]}}],"collection":[{"href":"https:\/\/m3caravaning.com\/ca\/wp-json\/wp\/v2\/posts"}],"about":[{"href":"https:\/\/m3caravaning.com\/ca\/wp-json\/wp\/v2\/types\/post"}],"author":[{"embeddable":true,"href":"https:\/\/m3caravaning.com\/ca\/wp-json\/wp\/v2\/users\/2"}],"replies":[{"embeddable":true,"href":"https:\/\/m3caravaning.com\/ca\/wp-json\/wp\/v2\/comments?post=9739"}],"version-history":[{"count":0,"href":"https:\/\/m3caravaning.com\/ca\/wp-json\/wp\/v2\/posts\/9739\/revisions"}],"wp:featuredmedia":[{"embeddable":true,"href":"https:\/\/m3caravaning.com\/ca\/wp-json\/wp\/v2\/media\/213"}],"wp:attachment":[{"href":"https:\/\/m3caravaning.com\/ca\/wp-json\/wp\/v2\/media?parent=9739"}],"wp:term":[{"taxonomy":"category","embeddable":true,"href":"https:\/\/m3caravaning.com\/ca\/wp-json\/wp\/v2\/categories?post=9739"},{"taxonomy":"post_tag","embeddable":true,"href":"https:\/\/m3caravaning.com\/ca\/wp-json\/wp\/v2\/tags?post=9739"}],"curies":[{"name":"wp","href":"https:\/\/api.w.org\/{rel}","templated":true}]}}