





{"id":9644,"date":"2019-02-18T12:18:44","date_gmt":"2019-02-18T11:18:44","guid":{"rendered":"https:\/\/m3caravaning.com\/?p=9644"},"modified":"2021-06-16T12:43:10","modified_gmt":"2021-06-16T10:43:10","slug":"escapat-de-cap-de-setmana-amb-una-camper-knaus-boxlife-participa-al-concurs-m3-caravaning","status":"publish","type":"post","link":"https:\/\/m3caravaning.com\/ca\/actualitat\/escapat-de-cap-de-setmana-amb-una-camper-knaus-boxlife-participa-al-concurs-m3-caravaning\/","title":{"rendered":"Escapa&#8217;t de cap de setmana amb una camper Knaus Boxlife! Participa al concurs M3 Caravaning"},"content":{"rendered":"<p>Si ets un apassionat de viatjar, de l&#8217;esport, de la natura o del m\u00f3n del c\u00e0mping, aquesta \u00e9s la teva oportunitat per guanyar un\u00a0<strong>cap de setmana de lloguer en una furgoneta camper Knaus<\/strong>!<\/p>\n<p>A trav\u00e9s de la xarxa social Facebook i instagram, s&#8217;acaba de llan\u00e7ar un Sorteig sense igual. Sortegem un cap de setmana en\u00a0<strong>furgoneta camper<\/strong>\u00a0gratis! Es tracta d&#8217;una\u00a0<strong>furgoneta camperizada<\/strong>\u00a0de la prestigiosa marca Knaus Boxlife 600 amb una distribuci\u00f3 molt c\u00f2moda per parelles.<\/p>\n<p>T&#8217;interessaria provar sort? Fes clic en aquest link i participa-hi! D\u00f3na-li M&#8217;AGRADA i comenta&#8217;ns amb qui t&#8217;agradaria anar de viatge, aqu\u00ed:\u00a0<a href=\"https:\/\/www.facebook.com\/m3caravaning\/posts\/2481435288551328?__xts__%5B0%5D=68.ARD\">https:\/\/www.facebook.com\/m3caravaning\/posts\/2481435288551328?<strong>xts<\/strong>[0]=68.ARD<\/a>(https:\/\/www.facebook.com\/m3caravaning\/posts\/2481435288551328?__xts__[0]=68.ARD)<\/p>\n<p><strong>Bases del concurs<\/strong><\/p>\n<p>L&#8217;empresa CARAVANING PENEDES S.A. amb domicili social a N-340 KM.1214,4 amb CIF A08646101, organitza un CONCURS denominat &#8220;Cap de setmana en autocaravana &#8211; Facebook &#8211; Instagram&#8221;<\/p>\n<p>Facebook no patrocina, avala ni administra de manera algun aquesta promoci\u00f3, ni est\u00e0 associat a ella. L&#8217;usuari es desvincula totalment de Facebook i \u00e9s conscient que est\u00e0 proporcionant la seva informaci\u00f3 l&#8217;empresa CARAVANING PENEDES S.A i no a Facebook ni Instagram. La informaci\u00f3 que proporcioni s&#8217;utilitzar\u00e0 per gestionar la participaci\u00f3 del concursant, per comunicar-li el premi i per a usos comercials.<\/p>\n<p>El concurs a trav\u00e9s de Facebook i Instagram, consisteix a Dar em Agrada la publicaci\u00f3 i comentar en el post amb qui t&#8217;agradaria anar de viatge amb la camper. Nom\u00e9s es pot participar una vegada. No cal ser fan de la nostra p\u00e0gina per guanyar. El premi consisteix en el lloguer gratu\u00eft d&#8217;una ** furgoneta camper ** durant un cap de setmana de temporada baixa, al concessionari M3 Caravaning a Vilafranca del Pened\u00e8s.<\/p>\n<p>S&#8217;eliminar\u00e0 les participacions inadequades o fora de to o que puguin danyar la sensibilitat d&#8217;altres.<\/p>\n<p>La participaci\u00f3 en el Concurs suposa la cessi\u00f3 i autoritzaci\u00f3 expressa de tots els drets de propietat intel\u00b7lectual i d&#8217;imatge sobre les participacions, de manera que el participant cedeix a l&#8217;empresa Caravaning Pened\u00e8s, S.A. els drets d&#8217;explotaci\u00f3 de naturalesa intel\u00b7lectual, industrial i \/ o d&#8217;imatge que puguin correspondre o derivar de les participacions enviades per participar en el Concurs.<\/p>\n<p>La data de comen\u00e7ament del concurs ser\u00e0 el 18 de Febrer i finalitzar\u00e0 el 4 de mar\u00e7 a les 24: 00h. El dimarts 5 de mar\u00e7 es realitzar\u00e0 el sorteig a trav\u00e9s del programari Good Luck Fairy i es triar\u00e0 el premiat de manera totalment aleat\u00f2ria.<\/p>\n<p><strong>Podran participar en la Promoci\u00f3:<\/strong><\/p>\n<ul>\n<li>totes les persones f\u00edsiques majors de 18 anys que hagin donat click a me Agrada en la publicaci\u00f3 i que comptin amb un perfil d&#8217;usuari real a Facebook o Instagram.<\/li>\n<\/ul>\n<p>Si no s&#8217;aconsegueix contactar amb el guanyador en un termini de 30 dies des del primer intent de contacte, o aquest renunci\u00e9s al premi, es procedir\u00e0 a seleccionar un nou guanyador, perdent l&#8217;anterior guanyador el seu dret a reclamar el premi.<\/p>\n<p>Aix\u00ed mateix, es comunicar\u00e0 el nom del guanyador a la fan page de Facebook i en el perfil d&#8217;Instagram de M3 CARAVANING i via correu electr\u00f2nic, un cop finalitzada la promoci\u00f3 i durant les 72 hores seg\u00fcents.<\/p>\n<p><strong>Premi:<\/strong><\/p>\n<p>El premi consisteix en un cap de setmana de lloguer gratu\u00eft a trav\u00e9s del concessionari M3 CARAVANING i a trav\u00e9s de la xarxa de lloguer PLANET RENT S.A .. Dins el premi entra: sortida de divendres fins diumenge amb els dies de lloguer gratu\u00efts. S&#8217;haur\u00e0 d&#8217;abonar una fian\u00e7a en concepte de danys de 750 \u20ac via targeta de cr\u00e8dit.<\/p>\n<p><strong>Reserves i limitacions<\/strong><\/p>\n<p>S&#8217;ent\u00e9n, a t\u00edtol enunciatiu per\u00f2 no limitador, que es produeix frau, quan es detecta el suposat \u00fas d&#8217;aplicacions independents a la p\u00e0gina web; la realitzaci\u00f3 d&#8217;un ab\u00fas de consultes al servidor i tots aquells comportaments que puguin resultar aparentment abusius i \/ o malintencionats.<\/p>\n<p>La constataci\u00f3 de qualsevol d&#8217;aquestes circumst\u00e0ncies durant el concurs suposar\u00e0 la desqualificaci\u00f3 autom\u00e0tica del concurs aix\u00ed com la p\u00e8rdua del premi si se li hagu\u00e9s atorgat.<\/p>\n<p>L&#8217;empresa Caravaning Pened\u00e8s S.A .. queda eximit de qualsevol responsabilitat en el sup\u00f2sit d&#8217;existir algun error en les dades facilitades pels propis agraciats que imped\u00eds la seva identificaci\u00f3.<\/p>\n<p>L&#8217;empresa Caravaning Pened\u00e8s S.A. es reserva el dret d&#8217;emprendre accions judicials contra aquelles persones que realitzin qualsevol tipus d&#8217;acte susceptible de ser considerat manipulaci\u00f3 o falsificaci\u00f3 del concurs.<\/p>\n<p>l&#8217;empresa Caravaning Pened\u00e8s sa exclou qualsevol responsabilitat per danys i perjudicis de tota naturalesa que puguin deure a la manca temporal de disponibilitat o de continu\u00eftat del funcionament dels serveis mitjan\u00e7ant els quals es participa en la promoci\u00f3, a la defraudaci\u00f3 de la utilitat que els usuaris haguessin pogut atribuir als mateixos, i en particular, encara que no de manera exclusiva, a les fallades en l&#8217;acc\u00e9s a les diferents p\u00e0gines i enviaments de respostes de participaci\u00f3 a trav\u00e9s d&#8217;Internet.<\/p>\n<p>l&#8217;empresa Caravaning Pened\u00e8s S.A es reserva el dret a efectuar canvis que redundin en el bon fi del concurs quan hi hagi una causa justa o motius de for\u00e7a major que impedisca<\/p>\n","protected":false},"excerpt":{"rendered":"<p>Si ets un apassionat de viatjar, de l&#8217;esport, de la natura o del m\u00f3n del c\u00e0mping, aquesta \u00e9s la teva oportunitat per guanyar un\u00a0cap de setmana de lloguer en una furgoneta camper Knaus! A trav\u00e9s de la xarxa social Facebook i instagram, s&#8217;acaba de llan\u00e7ar un Sorteig sense igual. Sortegem un cap de setmana en\u00a0furgoneta<\/p>\n","protected":false},"author":2,"featured_media":493,"comment_status":"closed","ping_status":"open","sticky":false,"template":"","format":"standard","meta":{"footnotes":""},"categories":[14,16],"tags":[],"class_list":["post-9644","post","type-post","status-publish","format-standard","has-post-thumbnail","hentry","category-actualitat","category-campers-ca"],"yoast_head":"<!-- This site is optimized with the Yoast SEO plugin v22.4 - https:\/\/yoast.com\/wordpress\/plugins\/seo\/ -->\n<title>Escapa&#039;t de cap de setmana amb una camper Knaus Boxlife! Participa al concurs M3 Caravaning - Autocaravanas, caravanas y furgonetas campers nuevas, ocasi\u00f3n y segunda mano<\/title>\n<meta name=\"robots\" content=\"index, follow, max-snippet:-1, max-image-preview:large, max-video-preview:-1\" \/>\n<link rel=\"canonical\" href=\"https:\/\/m3caravaning.com\/ca\/actualitat\/escapat-de-cap-de-setmana-amb-una-camper-knaus-boxlife-participa-al-concurs-m3-caravaning\/\" \/>\n<meta property=\"og:locale\" content=\"ca_ES\" \/>\n<meta property=\"og:type\" content=\"article\" \/>\n<meta property=\"og:title\" content=\"Escapa&#039;t de cap de setmana amb una camper Knaus Boxlife! Participa al concurs M3 Caravaning - Autocaravanas, caravanas y furgonetas campers nuevas, ocasi\u00f3n y segunda mano\" \/>\n<meta property=\"og:description\" content=\"Si ets un apassionat de viatjar, de l&#8217;esport, de la natura o del m\u00f3n del c\u00e0mping, aquesta \u00e9s la teva oportunitat per guanyar un\u00a0cap de setmana de lloguer en una furgoneta camper Knaus! A trav\u00e9s de la xarxa social Facebook i instagram, s&#8217;acaba de llan\u00e7ar un Sorteig sense igual. Sortegem un cap de setmana en\u00a0furgoneta\" \/>\n<meta property=\"og:url\" content=\"https:\/\/m3caravaning.com\/ca\/actualitat\/escapat-de-cap-de-setmana-amb-una-camper-knaus-boxlife-participa-al-concurs-m3-caravaning\/\" \/>\n<meta property=\"og:site_name\" content=\"Autocaravanas, caravanas y furgonetas campers nuevas, ocasi\u00f3n y segunda mano\" \/>\n<meta property=\"article:publisher\" content=\"https:\/\/www.facebook.com\/m3caravaning\" \/>\n<meta property=\"article:published_time\" content=\"2019-02-18T11:18:44+00:00\" \/>\n<meta property=\"article:modified_time\" content=\"2021-06-16T10:43:10+00:00\" \/>\n<meta property=\"og:image\" content=\"https:\/\/m3caravaning.com\/wp-content\/uploads\/2021\/01\/escapate-de-fin-de-semana-con-una-camper-knaus-boxlife-participa-en-el-concurso-m3caravaning-id-302.jpg\" \/>\n\t<meta property=\"og:image:width\" content=\"1280\" \/>\n\t<meta property=\"og:image:height\" content=\"532\" \/>\n\t<meta property=\"og:image:type\" content=\"image\/jpeg\" \/>\n<meta name=\"author\" content=\"M3 Caravaning\" \/>\n<meta name=\"twitter:card\" content=\"summary_large_image\" \/>\n<meta name=\"twitter:creator\" content=\"@M3Caravaning\" \/>\n<meta name=\"twitter:site\" content=\"@M3Caravaning\" \/>\n<meta name=\"twitter:label1\" content=\"Written by\" \/>\n\t<meta name=\"twitter:data1\" content=\"M3 Caravaning\" \/>\n\t<meta name=\"twitter:label2\" content=\"Est. reading time\" \/>\n\t<meta name=\"twitter:data2\" content=\"4 minutes\" \/>\n<script type=\"application\/ld+json\" class=\"yoast-schema-graph\">{\"@context\":\"https:\/\/schema.org\",\"@graph\":[{\"@type\":\"WebPage\",\"@id\":\"https:\/\/m3caravaning.com\/ca\/actualitat\/escapat-de-cap-de-setmana-amb-una-camper-knaus-boxlife-participa-al-concurs-m3-caravaning\/\",\"url\":\"https:\/\/m3caravaning.com\/ca\/actualitat\/escapat-de-cap-de-setmana-amb-una-camper-knaus-boxlife-participa-al-concurs-m3-caravaning\/\",\"name\":\"Escapa't de cap de setmana amb una camper Knaus Boxlife! Participa al concurs M3 Caravaning - Autocaravanas, caravanas y furgonetas campers nuevas, ocasi\u00f3n y segunda mano\",\"isPartOf\":{\"@id\":\"https:\/\/m3caravaning.com\/ca\/#website\"},\"primaryImageOfPage\":{\"@id\":\"https:\/\/m3caravaning.com\/ca\/actualitat\/escapat-de-cap-de-setmana-amb-una-camper-knaus-boxlife-participa-al-concurs-m3-caravaning\/#primaryimage\"},\"image\":{\"@id\":\"https:\/\/m3caravaning.com\/ca\/actualitat\/escapat-de-cap-de-setmana-amb-una-camper-knaus-boxlife-participa-al-concurs-m3-caravaning\/#primaryimage\"},\"thumbnailUrl\":\"https:\/\/m3caravaning.com\/wp-content\/uploads\/2021\/01\/escapate-de-fin-de-semana-con-una-camper-knaus-boxlife-participa-en-el-concurso-m3caravaning-id-302.jpg\",\"datePublished\":\"2019-02-18T11:18:44+00:00\",\"dateModified\":\"2021-06-16T10:43:10+00:00\",\"author\":{\"@id\":\"https:\/\/m3caravaning.com\/ca\/#\/schema\/person\/10e5f1edce4be1f414d4bde1bcf0c65f\"},\"breadcrumb\":{\"@id\":\"https:\/\/m3caravaning.com\/ca\/actualitat\/escapat-de-cap-de-setmana-amb-una-camper-knaus-boxlife-participa-al-concurs-m3-caravaning\/#breadcrumb\"},\"inLanguage\":\"ca\",\"potentialAction\":[{\"@type\":\"ReadAction\",\"target\":[\"https:\/\/m3caravaning.com\/ca\/actualitat\/escapat-de-cap-de-setmana-amb-una-camper-knaus-boxlife-participa-al-concurs-m3-caravaning\/\"]}]},{\"@type\":\"ImageObject\",\"inLanguage\":\"ca\",\"@id\":\"https:\/\/m3caravaning.com\/ca\/actualitat\/escapat-de-cap-de-setmana-amb-una-camper-knaus-boxlife-participa-al-concurs-m3-caravaning\/#primaryimage\",\"url\":\"https:\/\/m3caravaning.com\/wp-content\/uploads\/2021\/01\/escapate-de-fin-de-semana-con-una-camper-knaus-boxlife-participa-en-el-concurso-m3caravaning-id-302.jpg\",\"contentUrl\":\"https:\/\/m3caravaning.com\/wp-content\/uploads\/2021\/01\/escapate-de-fin-de-semana-con-una-camper-knaus-boxlife-participa-en-el-concurso-m3caravaning-id-302.jpg\",\"width\":1280,\"height\":532},{\"@type\":\"BreadcrumbList\",\"@id\":\"https:\/\/m3caravaning.com\/ca\/actualitat\/escapat-de-cap-de-setmana-amb-una-camper-knaus-boxlife-participa-al-concurs-m3-caravaning\/#breadcrumb\",\"itemListElement\":[{\"@type\":\"ListItem\",\"position\":1,\"name\":\"Portada\",\"item\":\"https:\/\/m3caravaning.com\/ca\/\"},{\"@type\":\"ListItem\",\"position\":2,\"name\":\"Escapa&#8217;t de cap de setmana amb una camper Knaus Boxlife! Participa al concurs M3 Caravaning\"}]},{\"@type\":\"WebSite\",\"@id\":\"https:\/\/m3caravaning.com\/ca\/#website\",\"url\":\"https:\/\/m3caravaning.com\/ca\/\",\"name\":\"Autocaravanas, caravanas y furgonetas campers nuevas, ocasi\u00f3n y segunda mano\",\"description\":\"Tu tienda de autocaravanas, campers y caravanas nuevas y de segunda mano. Alquiler, tienda de recambios, taller, seguros, etc.\",\"potentialAction\":[{\"@type\":\"SearchAction\",\"target\":{\"@type\":\"EntryPoint\",\"urlTemplate\":\"https:\/\/m3caravaning.com\/ca\/?s={search_term_string}\"},\"query-input\":\"required name=search_term_string\"}],\"inLanguage\":\"ca\"},{\"@type\":\"Person\",\"@id\":\"https:\/\/m3caravaning.com\/ca\/#\/schema\/person\/10e5f1edce4be1f414d4bde1bcf0c65f\",\"name\":\"M3 Caravaning\",\"image\":{\"@type\":\"ImageObject\",\"inLanguage\":\"ca\",\"@id\":\"https:\/\/m3caravaning.com\/ca\/#\/schema\/person\/image\/\",\"url\":\"https:\/\/secure.gravatar.com\/avatar\/45cc9e7bfaa20654bd7626e499aa306a8db18ee338763b6b771e707ccbeef54c?s=96&d=mm&r=g\",\"contentUrl\":\"https:\/\/secure.gravatar.com\/avatar\/45cc9e7bfaa20654bd7626e499aa306a8db18ee338763b6b771e707ccbeef54c?s=96&d=mm&r=g\",\"caption\":\"M3 Caravaning\"}}]}<\/script>\n<!-- \/ Yoast SEO plugin. -->","yoast_head_json":{"title":"Escapa't de cap de setmana amb una camper Knaus Boxlife! Participa al concurs M3 Caravaning - Autocaravanas, caravanas y furgonetas campers nuevas, ocasi\u00f3n y segunda mano","robots":{"index":"index","follow":"follow","max-snippet":"max-snippet:-1","max-image-preview":"max-image-preview:large","max-video-preview":"max-video-preview:-1"},"canonical":"https:\/\/m3caravaning.com\/ca\/actualitat\/escapat-de-cap-de-setmana-amb-una-camper-knaus-boxlife-participa-al-concurs-m3-caravaning\/","og_locale":"ca_ES","og_type":"article","og_title":"Escapa't de cap de setmana amb una camper Knaus Boxlife! Participa al concurs M3 Caravaning - Autocaravanas, caravanas y furgonetas campers nuevas, ocasi\u00f3n y segunda mano","og_description":"Si ets un apassionat de viatjar, de l&#8217;esport, de la natura o del m\u00f3n del c\u00e0mping, aquesta \u00e9s la teva oportunitat per guanyar un\u00a0cap de setmana de lloguer en una furgoneta camper Knaus! A trav\u00e9s de la xarxa social Facebook i instagram, s&#8217;acaba de llan\u00e7ar un Sorteig sense igual. Sortegem un cap de setmana en\u00a0furgoneta","og_url":"https:\/\/m3caravaning.com\/ca\/actualitat\/escapat-de-cap-de-setmana-amb-una-camper-knaus-boxlife-participa-al-concurs-m3-caravaning\/","og_site_name":"Autocaravanas, caravanas y furgonetas campers nuevas, ocasi\u00f3n y segunda mano","article_publisher":"https:\/\/www.facebook.com\/m3caravaning","article_published_time":"2019-02-18T11:18:44+00:00","article_modified_time":"2021-06-16T10:43:10+00:00","og_image":[{"width":1280,"height":532,"url":"https:\/\/m3caravaning.com\/wp-content\/uploads\/2021\/01\/escapate-de-fin-de-semana-con-una-camper-knaus-boxlife-participa-en-el-concurso-m3caravaning-id-302.jpg","type":"image\/jpeg"}],"author":"M3 Caravaning","twitter_card":"summary_large_image","twitter_creator":"@M3Caravaning","twitter_site":"@M3Caravaning","twitter_misc":{"Written by":"M3 Caravaning","Est. reading time":"4 minutes"},"schema":{"@context":"https:\/\/schema.org","@graph":[{"@type":"WebPage","@id":"https:\/\/m3caravaning.com\/ca\/actualitat\/escapat-de-cap-de-setmana-amb-una-camper-knaus-boxlife-participa-al-concurs-m3-caravaning\/","url":"https:\/\/m3caravaning.com\/ca\/actualitat\/escapat-de-cap-de-setmana-amb-una-camper-knaus-boxlife-participa-al-concurs-m3-caravaning\/","name":"Escapa't de cap de setmana amb una camper Knaus Boxlife! Participa al concurs M3 Caravaning - Autocaravanas, caravanas y furgonetas campers nuevas, ocasi\u00f3n y segunda mano","isPartOf":{"@id":"https:\/\/m3caravaning.com\/ca\/#website"},"primaryImageOfPage":{"@id":"https:\/\/m3caravaning.com\/ca\/actualitat\/escapat-de-cap-de-setmana-amb-una-camper-knaus-boxlife-participa-al-concurs-m3-caravaning\/#primaryimage"},"image":{"@id":"https:\/\/m3caravaning.com\/ca\/actualitat\/escapat-de-cap-de-setmana-amb-una-camper-knaus-boxlife-participa-al-concurs-m3-caravaning\/#primaryimage"},"thumbnailUrl":"https:\/\/m3caravaning.com\/wp-content\/uploads\/2021\/01\/escapate-de-fin-de-semana-con-una-camper-knaus-boxlife-participa-en-el-concurso-m3caravaning-id-302.jpg","datePublished":"2019-02-18T11:18:44+00:00","dateModified":"2021-06-16T10:43:10+00:00","author":{"@id":"https:\/\/m3caravaning.com\/ca\/#\/schema\/person\/10e5f1edce4be1f414d4bde1bcf0c65f"},"breadcrumb":{"@id":"https:\/\/m3caravaning.com\/ca\/actualitat\/escapat-de-cap-de-setmana-amb-una-camper-knaus-boxlife-participa-al-concurs-m3-caravaning\/#breadcrumb"},"inLanguage":"ca","potentialAction":[{"@type":"ReadAction","target":["https:\/\/m3caravaning.com\/ca\/actualitat\/escapat-de-cap-de-setmana-amb-una-camper-knaus-boxlife-participa-al-concurs-m3-caravaning\/"]}]},{"@type":"ImageObject","inLanguage":"ca","@id":"https:\/\/m3caravaning.com\/ca\/actualitat\/escapat-de-cap-de-setmana-amb-una-camper-knaus-boxlife-participa-al-concurs-m3-caravaning\/#primaryimage","url":"https:\/\/m3caravaning.com\/wp-content\/uploads\/2021\/01\/escapate-de-fin-de-semana-con-una-camper-knaus-boxlife-participa-en-el-concurso-m3caravaning-id-302.jpg","contentUrl":"https:\/\/m3caravaning.com\/wp-content\/uploads\/2021\/01\/escapate-de-fin-de-semana-con-una-camper-knaus-boxlife-participa-en-el-concurso-m3caravaning-id-302.jpg","width":1280,"height":532},{"@type":"BreadcrumbList","@id":"https:\/\/m3caravaning.com\/ca\/actualitat\/escapat-de-cap-de-setmana-amb-una-camper-knaus-boxlife-participa-al-concurs-m3-caravaning\/#breadcrumb","itemListElement":[{"@type":"ListItem","position":1,"name":"Portada","item":"https:\/\/m3caravaning.com\/ca\/"},{"@type":"ListItem","position":2,"name":"Escapa&#8217;t de cap de setmana amb una camper Knaus Boxlife! Participa al concurs M3 Caravaning"}]},{"@type":"WebSite","@id":"https:\/\/m3caravaning.com\/ca\/#website","url":"https:\/\/m3caravaning.com\/ca\/","name":"Autocaravanas, caravanas y furgonetas campers nuevas, ocasi\u00f3n y segunda mano","description":"Tu tienda de autocaravanas, campers y caravanas nuevas y de segunda mano. Alquiler, tienda de recambios, taller, seguros, etc.","potentialAction":[{"@type":"SearchAction","target":{"@type":"EntryPoint","urlTemplate":"https:\/\/m3caravaning.com\/ca\/?s={search_term_string}"},"query-input":"required name=search_term_string"}],"inLanguage":"ca"},{"@type":"Person","@id":"https:\/\/m3caravaning.com\/ca\/#\/schema\/person\/10e5f1edce4be1f414d4bde1bcf0c65f","name":"M3 Caravaning","image":{"@type":"ImageObject","inLanguage":"ca","@id":"https:\/\/m3caravaning.com\/ca\/#\/schema\/person\/image\/","url":"https:\/\/secure.gravatar.com\/avatar\/45cc9e7bfaa20654bd7626e499aa306a8db18ee338763b6b771e707ccbeef54c?s=96&d=mm&r=g","contentUrl":"https:\/\/secure.gravatar.com\/avatar\/45cc9e7bfaa20654bd7626e499aa306a8db18ee338763b6b771e707ccbeef54c?s=96&d=mm&r=g","caption":"M3 Caravaning"}}]}},"_links":{"self":[{"href":"https:\/\/m3caravaning.com\/ca\/wp-json\/wp\/v2\/posts\/9644","targetHints":{"allow":["GET"]}}],"collection":[{"href":"https:\/\/m3caravaning.com\/ca\/wp-json\/wp\/v2\/posts"}],"about":[{"href":"https:\/\/m3caravaning.com\/ca\/wp-json\/wp\/v2\/types\/post"}],"author":[{"embeddable":true,"href":"https:\/\/m3caravaning.com\/ca\/wp-json\/wp\/v2\/users\/2"}],"replies":[{"embeddable":true,"href":"https:\/\/m3caravaning.com\/ca\/wp-json\/wp\/v2\/comments?post=9644"}],"version-history":[{"count":0,"href":"https:\/\/m3caravaning.com\/ca\/wp-json\/wp\/v2\/posts\/9644\/revisions"}],"wp:featuredmedia":[{"embeddable":true,"href":"https:\/\/m3caravaning.com\/ca\/wp-json\/wp\/v2\/media\/493"}],"wp:attachment":[{"href":"https:\/\/m3caravaning.com\/ca\/wp-json\/wp\/v2\/media?parent=9644"}],"wp:term":[{"taxonomy":"category","embeddable":true,"href":"https:\/\/m3caravaning.com\/ca\/wp-json\/wp\/v2\/categories?post=9644"},{"taxonomy":"post_tag","embeddable":true,"href":"https:\/\/m3caravaning.com\/ca\/wp-json\/wp\/v2\/tags?post=9644"}],"curies":[{"name":"wp","href":"https:\/\/api.w.org\/{rel}","templated":true}]}}