





{"id":9613,"date":"2017-07-04T10:56:59","date_gmt":"2017-07-04T08:56:59","guid":{"rendered":"https:\/\/m3caravaning.com\/?p=9613"},"modified":"2021-06-16T12:48:03","modified_gmt":"2021-06-16T10:48:03","slug":"felicitats-a-lequip-de-basquet-m3-caravaning-campions-de-la-lliga-temp-2016-2017","status":"publish","type":"post","link":"https:\/\/m3caravaning.com\/ca\/actualitat\/felicitats-a-lequip-de-basquet-m3-caravaning-campions-de-la-lliga-temp-2016-2017\/","title":{"rendered":"Felicitats a l&#8217;equip de b\u00e0squet M3 Caravaning campions de la lliga temp. 2016-2017"},"content":{"rendered":"<p>Tot l&#8217;equip hum\u00e0 del Grup Empresarial M3 Caravaning, de vol donar l&#8217;enhorabona a l&#8217;equip de b\u00e0squet M3 Caravaning per this bona temporada de b\u00e0squet 2016-2017.<\/p>\n<p>Han Estat campions de la Lliga de b\u00e0squet aficionat socials!<\/p>\n<p>Moltes felicitats!<\/p>\n","protected":false},"excerpt":{"rendered":"<p>Tot l&#8217;equip hum\u00e0 del Grup Empresarial M3 Caravaning, de vol donar l&#8217;enhorabona a l&#8217;equip de b\u00e0squet M3 Caravaning per this bona temporada de b\u00e0squet 2016-2017. Han Estat campions de la Lliga de b\u00e0squet aficionat socials! Moltes felicitats!<\/p>\n","protected":false},"author":2,"featured_media":261,"comment_status":"closed","ping_status":"open","sticky":false,"template":"","format":"standard","meta":{"footnotes":""},"categories":[14],"tags":[],"class_list":["post-9613","post","type-post","status-publish","format-standard","has-post-thumbnail","hentry","category-actualitat"],"yoast_head":"<!-- This site is optimized with the Yoast SEO plugin v22.4 - https:\/\/yoast.com\/wordpress\/plugins\/seo\/ -->\n<title>Felicitats a l&#039;equip de b\u00e0squet M3 Caravaning campions de la lliga temp. 2016-2017 - Autocaravanas, caravanas y furgonetas campers nuevas, ocasi\u00f3n y segunda mano<\/title>\n<meta name=\"robots\" content=\"index, follow, max-snippet:-1, max-image-preview:large, max-video-preview:-1\" \/>\n<link rel=\"canonical\" href=\"https:\/\/m3caravaning.com\/ca\/actualitat\/felicitats-a-lequip-de-basquet-m3-caravaning-campions-de-la-lliga-temp-2016-2017\/\" \/>\n<meta property=\"og:locale\" content=\"ca_ES\" \/>\n<meta property=\"og:type\" content=\"article\" \/>\n<meta property=\"og:title\" content=\"Felicitats a l&#039;equip de b\u00e0squet M3 Caravaning campions de la lliga temp. 2016-2017 - Autocaravanas, caravanas y furgonetas campers nuevas, ocasi\u00f3n y segunda mano\" \/>\n<meta property=\"og:description\" content=\"Tot l&#8217;equip hum\u00e0 del Grup Empresarial M3 Caravaning, de vol donar l&#8217;enhorabona a l&#8217;equip de b\u00e0squet M3 Caravaning per this bona temporada de b\u00e0squet 2016-2017. Han Estat campions de la Lliga de b\u00e0squet aficionat socials! Moltes felicitats!\" \/>\n<meta property=\"og:url\" content=\"https:\/\/m3caravaning.com\/ca\/actualitat\/felicitats-a-lequip-de-basquet-m3-caravaning-campions-de-la-lliga-temp-2016-2017\/\" \/>\n<meta property=\"og:site_name\" content=\"Autocaravanas, caravanas y furgonetas campers nuevas, ocasi\u00f3n y segunda mano\" \/>\n<meta property=\"article:publisher\" content=\"https:\/\/www.facebook.com\/m3caravaning\" \/>\n<meta property=\"article:published_time\" content=\"2017-07-04T08:56:59+00:00\" \/>\n<meta property=\"article:modified_time\" content=\"2021-06-16T10:48:03+00:00\" \/>\n<meta property=\"og:image\" content=\"https:\/\/m3caravaning.com\/wp-content\/uploads\/2021\/01\/felicidades-al-equipo-de-baloncesto-m3-caravaning-campeones-de-liga-temp-2016-17-id-77.jpg\" \/>\n\t<meta property=\"og:image:width\" content=\"1920\" \/>\n\t<meta property=\"og:image:height\" content=\"1080\" \/>\n\t<meta property=\"og:image:type\" content=\"image\/jpeg\" \/>\n<meta name=\"author\" content=\"M3 Caravaning\" \/>\n<meta name=\"twitter:card\" content=\"summary_large_image\" \/>\n<meta name=\"twitter:creator\" content=\"@M3Caravaning\" \/>\n<meta name=\"twitter:site\" content=\"@M3Caravaning\" \/>\n<meta name=\"twitter:label1\" content=\"Written by\" \/>\n\t<meta name=\"twitter:data1\" content=\"M3 Caravaning\" \/>\n\t<meta name=\"twitter:label2\" content=\"Est. reading time\" \/>\n\t<meta name=\"twitter:data2\" content=\"1 minute\" \/>\n<script type=\"application\/ld+json\" class=\"yoast-schema-graph\">{\"@context\":\"https:\/\/schema.org\",\"@graph\":[{\"@type\":\"WebPage\",\"@id\":\"https:\/\/m3caravaning.com\/ca\/actualitat\/felicitats-a-lequip-de-basquet-m3-caravaning-campions-de-la-lliga-temp-2016-2017\/\",\"url\":\"https:\/\/m3caravaning.com\/ca\/actualitat\/felicitats-a-lequip-de-basquet-m3-caravaning-campions-de-la-lliga-temp-2016-2017\/\",\"name\":\"Felicitats a l'equip de b\u00e0squet M3 Caravaning campions de la lliga temp. 2016-2017 - Autocaravanas, caravanas y furgonetas campers nuevas, ocasi\u00f3n y segunda mano\",\"isPartOf\":{\"@id\":\"https:\/\/m3caravaning.com\/ca\/#website\"},\"primaryImageOfPage\":{\"@id\":\"https:\/\/m3caravaning.com\/ca\/actualitat\/felicitats-a-lequip-de-basquet-m3-caravaning-campions-de-la-lliga-temp-2016-2017\/#primaryimage\"},\"image\":{\"@id\":\"https:\/\/m3caravaning.com\/ca\/actualitat\/felicitats-a-lequip-de-basquet-m3-caravaning-campions-de-la-lliga-temp-2016-2017\/#primaryimage\"},\"thumbnailUrl\":\"https:\/\/m3caravaning.com\/wp-content\/uploads\/2021\/01\/felicidades-al-equipo-de-baloncesto-m3-caravaning-campeones-de-liga-temp-2016-17-id-77.jpg\",\"datePublished\":\"2017-07-04T08:56:59+00:00\",\"dateModified\":\"2021-06-16T10:48:03+00:00\",\"author\":{\"@id\":\"https:\/\/m3caravaning.com\/ca\/#\/schema\/person\/10e5f1edce4be1f414d4bde1bcf0c65f\"},\"breadcrumb\":{\"@id\":\"https:\/\/m3caravaning.com\/ca\/actualitat\/felicitats-a-lequip-de-basquet-m3-caravaning-campions-de-la-lliga-temp-2016-2017\/#breadcrumb\"},\"inLanguage\":\"ca\",\"potentialAction\":[{\"@type\":\"ReadAction\",\"target\":[\"https:\/\/m3caravaning.com\/ca\/actualitat\/felicitats-a-lequip-de-basquet-m3-caravaning-campions-de-la-lliga-temp-2016-2017\/\"]}]},{\"@type\":\"ImageObject\",\"inLanguage\":\"ca\",\"@id\":\"https:\/\/m3caravaning.com\/ca\/actualitat\/felicitats-a-lequip-de-basquet-m3-caravaning-campions-de-la-lliga-temp-2016-2017\/#primaryimage\",\"url\":\"https:\/\/m3caravaning.com\/wp-content\/uploads\/2021\/01\/felicidades-al-equipo-de-baloncesto-m3-caravaning-campeones-de-liga-temp-2016-17-id-77.jpg\",\"contentUrl\":\"https:\/\/m3caravaning.com\/wp-content\/uploads\/2021\/01\/felicidades-al-equipo-de-baloncesto-m3-caravaning-campeones-de-liga-temp-2016-17-id-77.jpg\",\"width\":1920,\"height\":1080},{\"@type\":\"BreadcrumbList\",\"@id\":\"https:\/\/m3caravaning.com\/ca\/actualitat\/felicitats-a-lequip-de-basquet-m3-caravaning-campions-de-la-lliga-temp-2016-2017\/#breadcrumb\",\"itemListElement\":[{\"@type\":\"ListItem\",\"position\":1,\"name\":\"Portada\",\"item\":\"https:\/\/m3caravaning.com\/ca\/\"},{\"@type\":\"ListItem\",\"position\":2,\"name\":\"Felicitats a l&#8217;equip de b\u00e0squet M3 Caravaning campions de la lliga temp. 2016-2017\"}]},{\"@type\":\"WebSite\",\"@id\":\"https:\/\/m3caravaning.com\/ca\/#website\",\"url\":\"https:\/\/m3caravaning.com\/ca\/\",\"name\":\"Autocaravanas, caravanas y furgonetas campers nuevas, ocasi\u00f3n y segunda mano\",\"description\":\"Tu tienda de autocaravanas, campers y caravanas nuevas y de segunda mano. Alquiler, tienda de recambios, taller, seguros, etc.\",\"potentialAction\":[{\"@type\":\"SearchAction\",\"target\":{\"@type\":\"EntryPoint\",\"urlTemplate\":\"https:\/\/m3caravaning.com\/ca\/?s={search_term_string}\"},\"query-input\":\"required name=search_term_string\"}],\"inLanguage\":\"ca\"},{\"@type\":\"Person\",\"@id\":\"https:\/\/m3caravaning.com\/ca\/#\/schema\/person\/10e5f1edce4be1f414d4bde1bcf0c65f\",\"name\":\"M3 Caravaning\",\"image\":{\"@type\":\"ImageObject\",\"inLanguage\":\"ca\",\"@id\":\"https:\/\/m3caravaning.com\/ca\/#\/schema\/person\/image\/\",\"url\":\"https:\/\/secure.gravatar.com\/avatar\/45cc9e7bfaa20654bd7626e499aa306a8db18ee338763b6b771e707ccbeef54c?s=96&d=mm&r=g\",\"contentUrl\":\"https:\/\/secure.gravatar.com\/avatar\/45cc9e7bfaa20654bd7626e499aa306a8db18ee338763b6b771e707ccbeef54c?s=96&d=mm&r=g\",\"caption\":\"M3 Caravaning\"}}]}<\/script>\n<!-- \/ Yoast SEO plugin. -->","yoast_head_json":{"title":"Felicitats a l'equip de b\u00e0squet M3 Caravaning campions de la lliga temp. 2016-2017 - Autocaravanas, caravanas y furgonetas campers nuevas, ocasi\u00f3n y segunda mano","robots":{"index":"index","follow":"follow","max-snippet":"max-snippet:-1","max-image-preview":"max-image-preview:large","max-video-preview":"max-video-preview:-1"},"canonical":"https:\/\/m3caravaning.com\/ca\/actualitat\/felicitats-a-lequip-de-basquet-m3-caravaning-campions-de-la-lliga-temp-2016-2017\/","og_locale":"ca_ES","og_type":"article","og_title":"Felicitats a l'equip de b\u00e0squet M3 Caravaning campions de la lliga temp. 2016-2017 - Autocaravanas, caravanas y furgonetas campers nuevas, ocasi\u00f3n y segunda mano","og_description":"Tot l&#8217;equip hum\u00e0 del Grup Empresarial M3 Caravaning, de vol donar l&#8217;enhorabona a l&#8217;equip de b\u00e0squet M3 Caravaning per this bona temporada de b\u00e0squet 2016-2017. Han Estat campions de la Lliga de b\u00e0squet aficionat socials! Moltes felicitats!","og_url":"https:\/\/m3caravaning.com\/ca\/actualitat\/felicitats-a-lequip-de-basquet-m3-caravaning-campions-de-la-lliga-temp-2016-2017\/","og_site_name":"Autocaravanas, caravanas y furgonetas campers nuevas, ocasi\u00f3n y segunda mano","article_publisher":"https:\/\/www.facebook.com\/m3caravaning","article_published_time":"2017-07-04T08:56:59+00:00","article_modified_time":"2021-06-16T10:48:03+00:00","og_image":[{"width":1920,"height":1080,"url":"https:\/\/m3caravaning.com\/wp-content\/uploads\/2021\/01\/felicidades-al-equipo-de-baloncesto-m3-caravaning-campeones-de-liga-temp-2016-17-id-77.jpg","type":"image\/jpeg"}],"author":"M3 Caravaning","twitter_card":"summary_large_image","twitter_creator":"@M3Caravaning","twitter_site":"@M3Caravaning","twitter_misc":{"Written by":"M3 Caravaning","Est. reading time":"1 minute"},"schema":{"@context":"https:\/\/schema.org","@graph":[{"@type":"WebPage","@id":"https:\/\/m3caravaning.com\/ca\/actualitat\/felicitats-a-lequip-de-basquet-m3-caravaning-campions-de-la-lliga-temp-2016-2017\/","url":"https:\/\/m3caravaning.com\/ca\/actualitat\/felicitats-a-lequip-de-basquet-m3-caravaning-campions-de-la-lliga-temp-2016-2017\/","name":"Felicitats a l'equip de b\u00e0squet M3 Caravaning campions de la lliga temp. 2016-2017 - Autocaravanas, caravanas y furgonetas campers nuevas, ocasi\u00f3n y segunda mano","isPartOf":{"@id":"https:\/\/m3caravaning.com\/ca\/#website"},"primaryImageOfPage":{"@id":"https:\/\/m3caravaning.com\/ca\/actualitat\/felicitats-a-lequip-de-basquet-m3-caravaning-campions-de-la-lliga-temp-2016-2017\/#primaryimage"},"image":{"@id":"https:\/\/m3caravaning.com\/ca\/actualitat\/felicitats-a-lequip-de-basquet-m3-caravaning-campions-de-la-lliga-temp-2016-2017\/#primaryimage"},"thumbnailUrl":"https:\/\/m3caravaning.com\/wp-content\/uploads\/2021\/01\/felicidades-al-equipo-de-baloncesto-m3-caravaning-campeones-de-liga-temp-2016-17-id-77.jpg","datePublished":"2017-07-04T08:56:59+00:00","dateModified":"2021-06-16T10:48:03+00:00","author":{"@id":"https:\/\/m3caravaning.com\/ca\/#\/schema\/person\/10e5f1edce4be1f414d4bde1bcf0c65f"},"breadcrumb":{"@id":"https:\/\/m3caravaning.com\/ca\/actualitat\/felicitats-a-lequip-de-basquet-m3-caravaning-campions-de-la-lliga-temp-2016-2017\/#breadcrumb"},"inLanguage":"ca","potentialAction":[{"@type":"ReadAction","target":["https:\/\/m3caravaning.com\/ca\/actualitat\/felicitats-a-lequip-de-basquet-m3-caravaning-campions-de-la-lliga-temp-2016-2017\/"]}]},{"@type":"ImageObject","inLanguage":"ca","@id":"https:\/\/m3caravaning.com\/ca\/actualitat\/felicitats-a-lequip-de-basquet-m3-caravaning-campions-de-la-lliga-temp-2016-2017\/#primaryimage","url":"https:\/\/m3caravaning.com\/wp-content\/uploads\/2021\/01\/felicidades-al-equipo-de-baloncesto-m3-caravaning-campeones-de-liga-temp-2016-17-id-77.jpg","contentUrl":"https:\/\/m3caravaning.com\/wp-content\/uploads\/2021\/01\/felicidades-al-equipo-de-baloncesto-m3-caravaning-campeones-de-liga-temp-2016-17-id-77.jpg","width":1920,"height":1080},{"@type":"BreadcrumbList","@id":"https:\/\/m3caravaning.com\/ca\/actualitat\/felicitats-a-lequip-de-basquet-m3-caravaning-campions-de-la-lliga-temp-2016-2017\/#breadcrumb","itemListElement":[{"@type":"ListItem","position":1,"name":"Portada","item":"https:\/\/m3caravaning.com\/ca\/"},{"@type":"ListItem","position":2,"name":"Felicitats a l&#8217;equip de b\u00e0squet M3 Caravaning campions de la lliga temp. 2016-2017"}]},{"@type":"WebSite","@id":"https:\/\/m3caravaning.com\/ca\/#website","url":"https:\/\/m3caravaning.com\/ca\/","name":"Autocaravanas, caravanas y furgonetas campers nuevas, ocasi\u00f3n y segunda mano","description":"Tu tienda de autocaravanas, campers y caravanas nuevas y de segunda mano. Alquiler, tienda de recambios, taller, seguros, etc.","potentialAction":[{"@type":"SearchAction","target":{"@type":"EntryPoint","urlTemplate":"https:\/\/m3caravaning.com\/ca\/?s={search_term_string}"},"query-input":"required name=search_term_string"}],"inLanguage":"ca"},{"@type":"Person","@id":"https:\/\/m3caravaning.com\/ca\/#\/schema\/person\/10e5f1edce4be1f414d4bde1bcf0c65f","name":"M3 Caravaning","image":{"@type":"ImageObject","inLanguage":"ca","@id":"https:\/\/m3caravaning.com\/ca\/#\/schema\/person\/image\/","url":"https:\/\/secure.gravatar.com\/avatar\/45cc9e7bfaa20654bd7626e499aa306a8db18ee338763b6b771e707ccbeef54c?s=96&d=mm&r=g","contentUrl":"https:\/\/secure.gravatar.com\/avatar\/45cc9e7bfaa20654bd7626e499aa306a8db18ee338763b6b771e707ccbeef54c?s=96&d=mm&r=g","caption":"M3 Caravaning"}}]}},"_links":{"self":[{"href":"https:\/\/m3caravaning.com\/ca\/wp-json\/wp\/v2\/posts\/9613","targetHints":{"allow":["GET"]}}],"collection":[{"href":"https:\/\/m3caravaning.com\/ca\/wp-json\/wp\/v2\/posts"}],"about":[{"href":"https:\/\/m3caravaning.com\/ca\/wp-json\/wp\/v2\/types\/post"}],"author":[{"embeddable":true,"href":"https:\/\/m3caravaning.com\/ca\/wp-json\/wp\/v2\/users\/2"}],"replies":[{"embeddable":true,"href":"https:\/\/m3caravaning.com\/ca\/wp-json\/wp\/v2\/comments?post=9613"}],"version-history":[{"count":0,"href":"https:\/\/m3caravaning.com\/ca\/wp-json\/wp\/v2\/posts\/9613\/revisions"}],"wp:featuredmedia":[{"embeddable":true,"href":"https:\/\/m3caravaning.com\/ca\/wp-json\/wp\/v2\/media\/261"}],"wp:attachment":[{"href":"https:\/\/m3caravaning.com\/ca\/wp-json\/wp\/v2\/media?parent=9613"}],"wp:term":[{"taxonomy":"category","embeddable":true,"href":"https:\/\/m3caravaning.com\/ca\/wp-json\/wp\/v2\/categories?post=9613"},{"taxonomy":"post_tag","embeddable":true,"href":"https:\/\/m3caravaning.com\/ca\/wp-json\/wp\/v2\/tags?post=9613"}],"curies":[{"name":"wp","href":"https:\/\/api.w.org\/{rel}","templated":true}]}}