





{"id":9609,"date":"2019-09-04T10:47:14","date_gmt":"2019-09-04T08:47:14","guid":{"rendered":"https:\/\/m3caravaning.com\/?p=9609"},"modified":"2021-06-15T15:30:56","modified_gmt":"2021-06-15T13:30:56","slug":"rutes-setmana-santa-en-caravana","status":"publish","type":"post","link":"https:\/\/m3caravaning.com\/ca\/caravanes\/rutes-setmana-santa-en-caravana\/","title":{"rendered":"Rutes Setmana Santa en caravana"},"content":{"rendered":"<p>Arriba la setmana santa i quin millor pla que viatjar en caravana al llarg de pa\u00eds. Si ets dels que es llancen a la carretera a estrenant la seva caravana nova o de segona m\u00e0 i encara no tens clar on anar, nosaltres et fem algunes propostes.<\/p>\n<h2>Llocs per viatjar en caravana<\/h2>\n<ul>\n<li>La comunitat catalana ofereix grans plans tant per als amants del mar com de la muntanya. Podr\u00e0s gaudir d&#8217;apassionants rutes per diferents parcs naturals: el Parc Natural del Montgr\u00ed, el Parc Natural de Cap de Creus o el Parc Natural de Els Aiguamolls de l&#8217;Empord\u00e0 s\u00f3n solament alguns dels que podr\u00e0s gaudir. A m\u00e9s, les rutes pels pobles, des de Blanes fins a la frontera de Fran\u00e7a s\u00f3n absolutament fascinants i podr\u00e0s admirar incre\u00efbles vistes i fascinants cales. A m\u00e9s, existeixen molts llocs on poder passar la nit amb la teva\u00a0<strong>caravana<\/strong>.<\/li>\n<li>Sevilla: \u00c9s la destinaci\u00f3 per excel\u00b7l\u00e8ncia en aquesta \u00e8poca de l&#8217;any. Per aix\u00f2 si ets un amant de les processons aquest deu ser el teu lloc triat. A m\u00e9s, no solament per aix\u00f2 podr\u00e0s gaudir d&#8217;un gran patrimoni cultural i arquitect\u00f2nic que no et deixar\u00e0 en diferent. Recomanem rec\u00f3rrer amb les\u00a0<strong>caravanes noves<\/strong>\u00a0l&#8217;arqueologia d&#8217;It\u00e0lica, la Serra Nord o els pobles com Carmona, o \u00c9cija, encara que tens molts m\u00e9s pobles on triar. Per passar les nits pots quedar-te a l&#8217;\u00e0rea d&#8217;<strong>autocaravanes<\/strong>\u00a0de Sevilla o el p\u00e0rquing Les Races encara que hi ha m\u00e9s opcions.<\/li>\n<li>Pa\u00eds Basc: Les rutes pel pa\u00eds basc estan plenes de paisatges verds incre\u00efbles. Gorbea, el Aratz,o el Palomares s\u00f3n alguns dels seus becs m\u00e9s alts. Podr\u00e0s gaudir de rutes per vinyers, rec\u00f3rrer municipis com Irun, Renteria, \u00c9ibar, Zarauz, Mondrag\u00f3n i un llarg etc. No t&#8217;oblidis de les principals ciutats Sant Sebasti\u00e0, \u00c0laba o Bilbao tenen molt que oferir-te. Si et quedes a Bilbao podr\u00e0s descansar a l&#8217;\u00e0rea d&#8217;autocaravanes al barri de Basurto Zorroza, t\u00e9 lloc per unes 70 places.<\/li>\n<\/ul>\n<p>Si no tens aquest tipus de vehicle, per\u00f2 t&#8217;apareix\u00a0<strong>viatjar en caravana<\/strong>\u00a0en M3 Caravaning comptem amb tot tipus de marques de caravanes, a m\u00e9s comptem amb ofertes i models d&#8217;ocasi\u00f3, caravanes noves i de segona m\u00e0, ens adaptem al que necessitis. No ho dubtis m\u00e9s i veuen a veure&#8217;ns o entra a la nostra web www.m3caravaning.com<\/p>\n","protected":false},"excerpt":{"rendered":"<p>Arriba la setmana santa i quin millor pla que viatjar en caravana al llarg de pa\u00eds. Si ets dels que es llancen a la carretera a estrenant la seva caravana nova o de segona m\u00e0 i encara no tens clar on anar, nosaltres et fem algunes propostes. Llocs per viatjar en caravana La comunitat catalana<\/p>\n","protected":false},"author":2,"featured_media":433,"comment_status":"closed","ping_status":"open","sticky":false,"template":"","format":"standard","meta":{"footnotes":""},"categories":[17],"tags":[],"class_list":["post-9609","post","type-post","status-publish","format-standard","has-post-thumbnail","hentry","category-caravanes"],"yoast_head":"<!-- This site is optimized with the Yoast SEO plugin v22.4 - https:\/\/yoast.com\/wordpress\/plugins\/seo\/ -->\n<title>Rutes Setmana Santa en caravana - Autocaravanas, caravanas y furgonetas campers nuevas, ocasi\u00f3n y segunda mano<\/title>\n<meta name=\"robots\" content=\"index, follow, max-snippet:-1, max-image-preview:large, max-video-preview:-1\" \/>\n<link rel=\"canonical\" href=\"https:\/\/m3caravaning.com\/ca\/caravanes\/rutes-setmana-santa-en-caravana\/\" \/>\n<meta property=\"og:locale\" content=\"ca_ES\" \/>\n<meta property=\"og:type\" content=\"article\" \/>\n<meta property=\"og:title\" content=\"Rutes Setmana Santa en caravana - Autocaravanas, caravanas y furgonetas campers nuevas, ocasi\u00f3n y segunda mano\" \/>\n<meta property=\"og:description\" content=\"Arriba la setmana santa i quin millor pla que viatjar en caravana al llarg de pa\u00eds. Si ets dels que es llancen a la carretera a estrenant la seva caravana nova o de segona m\u00e0 i encara no tens clar on anar, nosaltres et fem algunes propostes. Llocs per viatjar en caravana La comunitat catalana\" \/>\n<meta property=\"og:url\" content=\"https:\/\/m3caravaning.com\/ca\/caravanes\/rutes-setmana-santa-en-caravana\/\" \/>\n<meta property=\"og:site_name\" content=\"Autocaravanas, caravanas y furgonetas campers nuevas, ocasi\u00f3n y segunda mano\" \/>\n<meta property=\"article:publisher\" content=\"https:\/\/www.facebook.com\/m3caravaning\" \/>\n<meta property=\"article:published_time\" content=\"2019-09-04T08:47:14+00:00\" \/>\n<meta property=\"article:modified_time\" content=\"2021-06-15T13:30:56+00:00\" \/>\n<meta property=\"og:image\" content=\"https:\/\/m3caravaning.com\/wp-content\/uploads\/2021\/01\/rutas-semana-santa-en-caravana-id-118.jpg\" \/>\n\t<meta property=\"og:image:width\" content=\"1280\" \/>\n\t<meta property=\"og:image:height\" content=\"853\" \/>\n\t<meta property=\"og:image:type\" content=\"image\/jpeg\" \/>\n<meta name=\"author\" content=\"M3 Caravaning\" \/>\n<meta name=\"twitter:card\" content=\"summary_large_image\" \/>\n<meta name=\"twitter:creator\" content=\"@M3Caravaning\" \/>\n<meta name=\"twitter:site\" content=\"@M3Caravaning\" \/>\n<meta name=\"twitter:label1\" content=\"Written by\" \/>\n\t<meta name=\"twitter:data1\" content=\"M3 Caravaning\" \/>\n\t<meta name=\"twitter:label2\" content=\"Est. reading time\" \/>\n\t<meta name=\"twitter:data2\" content=\"2 minutes\" \/>\n<script type=\"application\/ld+json\" class=\"yoast-schema-graph\">{\"@context\":\"https:\/\/schema.org\",\"@graph\":[{\"@type\":\"WebPage\",\"@id\":\"https:\/\/m3caravaning.com\/ca\/caravanes\/rutes-setmana-santa-en-caravana\/\",\"url\":\"https:\/\/m3caravaning.com\/ca\/caravanes\/rutes-setmana-santa-en-caravana\/\",\"name\":\"Rutes Setmana Santa en caravana - Autocaravanas, caravanas y furgonetas campers nuevas, ocasi\u00f3n y segunda mano\",\"isPartOf\":{\"@id\":\"https:\/\/m3caravaning.com\/ca\/#website\"},\"primaryImageOfPage\":{\"@id\":\"https:\/\/m3caravaning.com\/ca\/caravanes\/rutes-setmana-santa-en-caravana\/#primaryimage\"},\"image\":{\"@id\":\"https:\/\/m3caravaning.com\/ca\/caravanes\/rutes-setmana-santa-en-caravana\/#primaryimage\"},\"thumbnailUrl\":\"https:\/\/m3caravaning.com\/wp-content\/uploads\/2021\/01\/rutas-semana-santa-en-caravana-id-118.jpg\",\"datePublished\":\"2019-09-04T08:47:14+00:00\",\"dateModified\":\"2021-06-15T13:30:56+00:00\",\"author\":{\"@id\":\"https:\/\/m3caravaning.com\/ca\/#\/schema\/person\/10e5f1edce4be1f414d4bde1bcf0c65f\"},\"breadcrumb\":{\"@id\":\"https:\/\/m3caravaning.com\/ca\/caravanes\/rutes-setmana-santa-en-caravana\/#breadcrumb\"},\"inLanguage\":\"ca\",\"potentialAction\":[{\"@type\":\"ReadAction\",\"target\":[\"https:\/\/m3caravaning.com\/ca\/caravanes\/rutes-setmana-santa-en-caravana\/\"]}]},{\"@type\":\"ImageObject\",\"inLanguage\":\"ca\",\"@id\":\"https:\/\/m3caravaning.com\/ca\/caravanes\/rutes-setmana-santa-en-caravana\/#primaryimage\",\"url\":\"https:\/\/m3caravaning.com\/wp-content\/uploads\/2021\/01\/rutas-semana-santa-en-caravana-id-118.jpg\",\"contentUrl\":\"https:\/\/m3caravaning.com\/wp-content\/uploads\/2021\/01\/rutas-semana-santa-en-caravana-id-118.jpg\",\"width\":1280,\"height\":853},{\"@type\":\"BreadcrumbList\",\"@id\":\"https:\/\/m3caravaning.com\/ca\/caravanes\/rutes-setmana-santa-en-caravana\/#breadcrumb\",\"itemListElement\":[{\"@type\":\"ListItem\",\"position\":1,\"name\":\"Portada\",\"item\":\"https:\/\/m3caravaning.com\/ca\/\"},{\"@type\":\"ListItem\",\"position\":2,\"name\":\"Rutes Setmana Santa en caravana\"}]},{\"@type\":\"WebSite\",\"@id\":\"https:\/\/m3caravaning.com\/ca\/#website\",\"url\":\"https:\/\/m3caravaning.com\/ca\/\",\"name\":\"Autocaravanas, caravanas y furgonetas campers nuevas, ocasi\u00f3n y segunda mano\",\"description\":\"Tu tienda de autocaravanas, campers y caravanas nuevas y de segunda mano. Alquiler, tienda de recambios, taller, seguros, etc.\",\"potentialAction\":[{\"@type\":\"SearchAction\",\"target\":{\"@type\":\"EntryPoint\",\"urlTemplate\":\"https:\/\/m3caravaning.com\/ca\/?s={search_term_string}\"},\"query-input\":\"required name=search_term_string\"}],\"inLanguage\":\"ca\"},{\"@type\":\"Person\",\"@id\":\"https:\/\/m3caravaning.com\/ca\/#\/schema\/person\/10e5f1edce4be1f414d4bde1bcf0c65f\",\"name\":\"M3 Caravaning\",\"image\":{\"@type\":\"ImageObject\",\"inLanguage\":\"ca\",\"@id\":\"https:\/\/m3caravaning.com\/ca\/#\/schema\/person\/image\/\",\"url\":\"https:\/\/secure.gravatar.com\/avatar\/45cc9e7bfaa20654bd7626e499aa306a8db18ee338763b6b771e707ccbeef54c?s=96&d=mm&r=g\",\"contentUrl\":\"https:\/\/secure.gravatar.com\/avatar\/45cc9e7bfaa20654bd7626e499aa306a8db18ee338763b6b771e707ccbeef54c?s=96&d=mm&r=g\",\"caption\":\"M3 Caravaning\"}}]}<\/script>\n<!-- \/ Yoast SEO plugin. -->","yoast_head_json":{"title":"Rutes Setmana Santa en caravana - Autocaravanas, caravanas y furgonetas campers nuevas, ocasi\u00f3n y segunda mano","robots":{"index":"index","follow":"follow","max-snippet":"max-snippet:-1","max-image-preview":"max-image-preview:large","max-video-preview":"max-video-preview:-1"},"canonical":"https:\/\/m3caravaning.com\/ca\/caravanes\/rutes-setmana-santa-en-caravana\/","og_locale":"ca_ES","og_type":"article","og_title":"Rutes Setmana Santa en caravana - Autocaravanas, caravanas y furgonetas campers nuevas, ocasi\u00f3n y segunda mano","og_description":"Arriba la setmana santa i quin millor pla que viatjar en caravana al llarg de pa\u00eds. Si ets dels que es llancen a la carretera a estrenant la seva caravana nova o de segona m\u00e0 i encara no tens clar on anar, nosaltres et fem algunes propostes. Llocs per viatjar en caravana La comunitat catalana","og_url":"https:\/\/m3caravaning.com\/ca\/caravanes\/rutes-setmana-santa-en-caravana\/","og_site_name":"Autocaravanas, caravanas y furgonetas campers nuevas, ocasi\u00f3n y segunda mano","article_publisher":"https:\/\/www.facebook.com\/m3caravaning","article_published_time":"2019-09-04T08:47:14+00:00","article_modified_time":"2021-06-15T13:30:56+00:00","og_image":[{"width":1280,"height":853,"url":"https:\/\/m3caravaning.com\/wp-content\/uploads\/2021\/01\/rutas-semana-santa-en-caravana-id-118.jpg","type":"image\/jpeg"}],"author":"M3 Caravaning","twitter_card":"summary_large_image","twitter_creator":"@M3Caravaning","twitter_site":"@M3Caravaning","twitter_misc":{"Written by":"M3 Caravaning","Est. reading time":"2 minutes"},"schema":{"@context":"https:\/\/schema.org","@graph":[{"@type":"WebPage","@id":"https:\/\/m3caravaning.com\/ca\/caravanes\/rutes-setmana-santa-en-caravana\/","url":"https:\/\/m3caravaning.com\/ca\/caravanes\/rutes-setmana-santa-en-caravana\/","name":"Rutes Setmana Santa en caravana - Autocaravanas, caravanas y furgonetas campers nuevas, ocasi\u00f3n y segunda mano","isPartOf":{"@id":"https:\/\/m3caravaning.com\/ca\/#website"},"primaryImageOfPage":{"@id":"https:\/\/m3caravaning.com\/ca\/caravanes\/rutes-setmana-santa-en-caravana\/#primaryimage"},"image":{"@id":"https:\/\/m3caravaning.com\/ca\/caravanes\/rutes-setmana-santa-en-caravana\/#primaryimage"},"thumbnailUrl":"https:\/\/m3caravaning.com\/wp-content\/uploads\/2021\/01\/rutas-semana-santa-en-caravana-id-118.jpg","datePublished":"2019-09-04T08:47:14+00:00","dateModified":"2021-06-15T13:30:56+00:00","author":{"@id":"https:\/\/m3caravaning.com\/ca\/#\/schema\/person\/10e5f1edce4be1f414d4bde1bcf0c65f"},"breadcrumb":{"@id":"https:\/\/m3caravaning.com\/ca\/caravanes\/rutes-setmana-santa-en-caravana\/#breadcrumb"},"inLanguage":"ca","potentialAction":[{"@type":"ReadAction","target":["https:\/\/m3caravaning.com\/ca\/caravanes\/rutes-setmana-santa-en-caravana\/"]}]},{"@type":"ImageObject","inLanguage":"ca","@id":"https:\/\/m3caravaning.com\/ca\/caravanes\/rutes-setmana-santa-en-caravana\/#primaryimage","url":"https:\/\/m3caravaning.com\/wp-content\/uploads\/2021\/01\/rutas-semana-santa-en-caravana-id-118.jpg","contentUrl":"https:\/\/m3caravaning.com\/wp-content\/uploads\/2021\/01\/rutas-semana-santa-en-caravana-id-118.jpg","width":1280,"height":853},{"@type":"BreadcrumbList","@id":"https:\/\/m3caravaning.com\/ca\/caravanes\/rutes-setmana-santa-en-caravana\/#breadcrumb","itemListElement":[{"@type":"ListItem","position":1,"name":"Portada","item":"https:\/\/m3caravaning.com\/ca\/"},{"@type":"ListItem","position":2,"name":"Rutes Setmana Santa en caravana"}]},{"@type":"WebSite","@id":"https:\/\/m3caravaning.com\/ca\/#website","url":"https:\/\/m3caravaning.com\/ca\/","name":"Autocaravanas, caravanas y furgonetas campers nuevas, ocasi\u00f3n y segunda mano","description":"Tu tienda de autocaravanas, campers y caravanas nuevas y de segunda mano. Alquiler, tienda de recambios, taller, seguros, etc.","potentialAction":[{"@type":"SearchAction","target":{"@type":"EntryPoint","urlTemplate":"https:\/\/m3caravaning.com\/ca\/?s={search_term_string}"},"query-input":"required name=search_term_string"}],"inLanguage":"ca"},{"@type":"Person","@id":"https:\/\/m3caravaning.com\/ca\/#\/schema\/person\/10e5f1edce4be1f414d4bde1bcf0c65f","name":"M3 Caravaning","image":{"@type":"ImageObject","inLanguage":"ca","@id":"https:\/\/m3caravaning.com\/ca\/#\/schema\/person\/image\/","url":"https:\/\/secure.gravatar.com\/avatar\/45cc9e7bfaa20654bd7626e499aa306a8db18ee338763b6b771e707ccbeef54c?s=96&d=mm&r=g","contentUrl":"https:\/\/secure.gravatar.com\/avatar\/45cc9e7bfaa20654bd7626e499aa306a8db18ee338763b6b771e707ccbeef54c?s=96&d=mm&r=g","caption":"M3 Caravaning"}}]}},"_links":{"self":[{"href":"https:\/\/m3caravaning.com\/ca\/wp-json\/wp\/v2\/posts\/9609","targetHints":{"allow":["GET"]}}],"collection":[{"href":"https:\/\/m3caravaning.com\/ca\/wp-json\/wp\/v2\/posts"}],"about":[{"href":"https:\/\/m3caravaning.com\/ca\/wp-json\/wp\/v2\/types\/post"}],"author":[{"embeddable":true,"href":"https:\/\/m3caravaning.com\/ca\/wp-json\/wp\/v2\/users\/2"}],"replies":[{"embeddable":true,"href":"https:\/\/m3caravaning.com\/ca\/wp-json\/wp\/v2\/comments?post=9609"}],"version-history":[{"count":0,"href":"https:\/\/m3caravaning.com\/ca\/wp-json\/wp\/v2\/posts\/9609\/revisions"}],"wp:featuredmedia":[{"embeddable":true,"href":"https:\/\/m3caravaning.com\/ca\/wp-json\/wp\/v2\/media\/433"}],"wp:attachment":[{"href":"https:\/\/m3caravaning.com\/ca\/wp-json\/wp\/v2\/media?parent=9609"}],"wp:term":[{"taxonomy":"category","embeddable":true,"href":"https:\/\/m3caravaning.com\/ca\/wp-json\/wp\/v2\/categories?post=9609"},{"taxonomy":"post_tag","embeddable":true,"href":"https:\/\/m3caravaning.com\/ca\/wp-json\/wp\/v2\/tags?post=9609"}],"curies":[{"name":"wp","href":"https:\/\/api.w.org\/{rel}","templated":true}]}}