





{"id":9597,"date":"2019-02-20T09:48:30","date_gmt":"2019-02-20T08:48:30","guid":{"rendered":"https:\/\/m3caravaning.com\/?p=9597"},"modified":"2024-05-28T09:51:45","modified_gmt":"2024-05-28T07:51:45","slug":"ultim-cap-de-setmana-de-la-gran-fira-del-caravaning","status":"publish","type":"post","link":"https:\/\/m3caravaning.com\/ca\/actualitat\/ultim-cap-de-setmana-de-la-gran-fira-del-caravaning\/","title":{"rendered":"\u00daltim cap de setmana de la gran fira del Caravaning"},"content":{"rendered":"<p>S&#8217;acosta el darrer cap de setmana per la\u00a0<strong>Gran Fira del Caravaning<\/strong>\u00a0que se celebra a\u00a0<strong>Vilafranca del Pened\u00e8s<\/strong>, al recinte d&#8217;M3 Caravaning. \u00bfQu\u00e8 podr\u00e0s trobar?<\/p>\n<ul>\n<li>&#8211; Una gran\u00a0<strong>exposici\u00f3 en caravanes, autocaravanes i furgonetes camper<\/strong>.<\/li>\n<li>&#8211; Ofertes especials.<\/li>\n<li>&#8211; Oportunitats en vehicules nous.<\/li>\n<li>&#8211; Descompte d&#8217;ocasi\u00f3 i lloguer.<\/li>\n<li>&#8211; Accessoris d&#8217;oferta.<\/li>\n<li>&#8211; Promocions en caravanes, autocaravanes i furgonetes camper de segona m\u00e0.<\/li>\n<\/ul>\n<p>Aquest any la\u00a0<strong>Gran Fira del Caravaning de Vilafranca del Pened\u00e8s<\/strong>\u00a0ve carregada de grans novetats.<\/p>\n<div id=\"ez-toc-container\" class=\"ez-toc-v2_0_82_2 counter-hierarchy ez-toc-counter ez-toc-custom ez-toc-container-direction\">\n<div class=\"ez-toc-title-container\">\n<p class=\"ez-toc-title ez-toc-toggle\" style=\"cursor:pointer\">Tabla de contenido<\/p>\n<span class=\"ez-toc-title-toggle\"><\/span><\/div>\n<nav><ul class='ez-toc-list ez-toc-list-level-1 ' ><li class='ez-toc-page-1 ez-toc-heading-level-2'><a class=\"ez-toc-link ez-toc-heading-1\" href=\"https:\/\/m3caravaning.com\/ca\/actualitat\/ultim-cap-de-setmana-de-la-gran-fira-del-caravaning\/#Ofertes_en_Autocaravanes\" >Ofertes en Autocaravanes<\/a><\/li><li class='ez-toc-page-1 ez-toc-heading-level-2'><a class=\"ez-toc-link ez-toc-heading-2\" href=\"https:\/\/m3caravaning.com\/ca\/actualitat\/ultim-cap-de-setmana-de-la-gran-fira-del-caravaning\/#Oferta_al_comprar_Autocaravanes\" >Oferta al comprar Autocaravanes<\/a><\/li><li class='ez-toc-page-1 ez-toc-heading-level-2'><a class=\"ez-toc-link ez-toc-heading-3\" href=\"https:\/\/m3caravaning.com\/ca\/actualitat\/ultim-cap-de-setmana-de-la-gran-fira-del-caravaning\/#Ofertes_en_Furgonetes_Camper\" >Ofertes en Furgonetes Camper<\/a><\/li><li class='ez-toc-page-1 ez-toc-heading-level-2'><a class=\"ez-toc-link ez-toc-heading-4\" href=\"https:\/\/m3caravaning.com\/ca\/actualitat\/ultim-cap-de-setmana-de-la-gran-fira-del-caravaning\/#Ofertes_en_Caravanes\" >Ofertes en Caravanes<\/a><\/li><li class='ez-toc-page-1 ez-toc-heading-level-2'><a class=\"ez-toc-link ez-toc-heading-5\" href=\"https:\/\/m3caravaning.com\/ca\/actualitat\/ultim-cap-de-setmana-de-la-gran-fira-del-caravaning\/#Ofertes_de_lloguer_de_caravanes_furgonetes_camper_o_autocaravanes\" >Ofertes de lloguer de caravanes, furgonetes camper o autocaravanes<\/a><\/li><\/ul><\/nav><\/div>\n<h2><span class=\"ez-toc-section\" id=\"Ofertes_en_Autocaravanes\"><\/span><strong>Ofertes en Autocaravanes<\/strong><span class=\"ez-toc-section-end\"><\/span><\/h2>\n<p>Aquest any a la\u00a0<strong>Gran Fira del Caravaning de Vilafranca del Pened\u00e8s<\/strong>\u00a0s&#8217;ha tornat bojos i podr\u00e0s gaudir d&#8217;un descompte a la compra d&#8217;<strong>autocaravanes noves<\/strong>\u00a0de fins a 7440\u20ac a les integrals\u00a0<strong>Knaus Van I Platinum Selection<\/strong>. Inf\u00f3rma&#8217;t amb m\u00e9s detall d&#8217;aquesta oferta en\u00a0<a href=\"https:\/\/m3caravaning.com\/ca\/caravanes\/\">caravanes aqu\u00ed:<\/a><\/p>\n<h2><span class=\"ez-toc-section\" id=\"Oferta_al_comprar_Autocaravanes\"><\/span><strong>Oferta al comprar Autocaravanes<\/strong><span class=\"ez-toc-section-end\"><\/span><\/h2>\n<p>A les autocaravanes de segona m\u00e0 es regalen vals de 500\u20ac en accessoris, para equipar de meravella amb els extres que necessitis.<\/p>\n<p><a href=\"https:\/\/m3caravaning.com\/ca\/ofertes\/\">M\u00e9s info sobre ofertes en autocaravanes de segona m\u00e0<\/a><\/p>\n<h2><span class=\"ez-toc-section\" id=\"Ofertes_en_Furgonetes_Camper\"><\/span><strong>Ofertes en Furgonetes Camper<\/strong><span class=\"ez-toc-section-end\"><\/span><\/h2>\n<p>Si vols\u00a0<strong>comprar una furgoneta camper<\/strong>, no deixis escapar l&#8217;oportunitat de la\u00a0<strong>Gran Feria del Caravaning<\/strong>\u00a0de\u00a0<strong>Vilafranca del Pened\u00e8s<\/strong>. Durant els dies de la fira hi ha una promoci\u00f3 especial a les\u00a0<strong>Campers Knaus Boxlife Limited Edition<\/strong>, amb un descompte de 6620\u20ac. \u00a1\u00a1Unitats limitades!! A m\u00e9s, trobar\u00e0s furgonetes camper de segona m\u00e0 amb un val de 500\u20ac per gastar en accessoris.<\/p>\n<h2><span class=\"ez-toc-section\" id=\"Ofertes_en_Caravanes\"><\/span><strong>Ofertes en Caravanes<\/strong><span class=\"ez-toc-section-end\"><\/span><\/h2>\n<p>A les\u00a0<strong>caravanes noves<\/strong>\u00a0tamb\u00e9 trobar\u00e0s ofertes. Destaca la promoci\u00f3 del model\u00a0<strong>Knaus Silver Selection amb un descompte<\/strong>\u00a0de fins a 6169\u20ac.<\/p>\n<p>Amb la\u00a0<strong>compra de caravanes de segona m\u00e0<\/strong>\u00a0s&#8217;ofereix 200\u20ac en accessoris<\/p>\n<h2><span class=\"ez-toc-section\" id=\"Ofertes_de_lloguer_de_caravanes_furgonetes_camper_o_autocaravanes\"><\/span><strong>Ofertes de lloguer de caravanes, furgonetes camper o autocaravanes<\/strong><span class=\"ez-toc-section-end\"><\/span><\/h2>\n<p>A m\u00e9s, si decideixes llogar per les teves vacances un vehicle, gaudir\u00e0s d&#8217; un 12% de descompte. L&#8217;\u00fanic que haur\u00e0s de fer \u00e9s seguir a M3 caravaning a les xarxes socials.<\/p>\n<p>Obriran tots els dies de la setmana, incl\u00fas el diumenge i els trobar\u00e0s aqu\u00ed:<\/p>\n<p>Direcci\u00f3n de la Gran Feria del Caravaning de Vilafranca del Pened\u00e9s.<\/p>\n","protected":false},"excerpt":{"rendered":"<p>S&#8217;acosta el darrer cap de setmana per la\u00a0Gran Fira del Caravaning\u00a0que se celebra a\u00a0Vilafranca del Pened\u00e8s, al recinte d&#8217;M3 Caravaning. \u00bfQu\u00e8 podr\u00e0s trobar? &#8211; Una gran\u00a0exposici\u00f3 en caravanes, autocaravanes i furgonetes camper. &#8211; Ofertes especials. &#8211; Oportunitats en vehicules nous. &#8211; Descompte d&#8217;ocasi\u00f3 i lloguer. &#8211; Accessoris d&#8217;oferta. &#8211; Promocions en caravanes, autocaravanes i furgonetes<\/p>\n","protected":false},"author":2,"featured_media":287,"comment_status":"closed","ping_status":"open","sticky":false,"template":"","format":"standard","meta":{"footnotes":""},"categories":[14,17],"tags":[],"class_list":["post-9597","post","type-post","status-publish","format-standard","has-post-thumbnail","hentry","category-actualitat","category-caravanes"],"yoast_head":"<!-- This site is optimized with the Yoast SEO plugin v22.4 - https:\/\/yoast.com\/wordpress\/plugins\/seo\/ -->\n<title>\u00daltim cap de setmana de la gran fira del Caravaning - Autocaravanas, caravanas y furgonetas campers nuevas, ocasi\u00f3n y segunda mano<\/title>\n<meta name=\"robots\" content=\"index, follow, max-snippet:-1, max-image-preview:large, max-video-preview:-1\" \/>\n<link rel=\"canonical\" href=\"https:\/\/m3caravaning.com\/ca\/actualitat\/ultim-cap-de-setmana-de-la-gran-fira-del-caravaning\/\" \/>\n<meta property=\"og:locale\" content=\"ca_ES\" \/>\n<meta property=\"og:type\" content=\"article\" \/>\n<meta property=\"og:title\" content=\"\u00daltim cap de setmana de la gran fira del Caravaning - Autocaravanas, caravanas y furgonetas campers nuevas, ocasi\u00f3n y segunda mano\" \/>\n<meta property=\"og:description\" content=\"S&#8217;acosta el darrer cap de setmana per la\u00a0Gran Fira del Caravaning\u00a0que se celebra a\u00a0Vilafranca del Pened\u00e8s, al recinte d&#8217;M3 Caravaning. \u00bfQu\u00e8 podr\u00e0s trobar? &#8211; Una gran\u00a0exposici\u00f3 en caravanes, autocaravanes i furgonetes camper. &#8211; Ofertes especials. &#8211; Oportunitats en vehicules nous. &#8211; Descompte d&#8217;ocasi\u00f3 i lloguer. &#8211; Accessoris d&#8217;oferta. &#8211; Promocions en caravanes, autocaravanes i furgonetes\" \/>\n<meta property=\"og:url\" content=\"https:\/\/m3caravaning.com\/ca\/actualitat\/ultim-cap-de-setmana-de-la-gran-fira-del-caravaning\/\" \/>\n<meta property=\"og:site_name\" content=\"Autocaravanas, caravanas y furgonetas campers nuevas, ocasi\u00f3n y segunda mano\" \/>\n<meta property=\"article:publisher\" content=\"https:\/\/www.facebook.com\/m3caravaning\" \/>\n<meta property=\"article:published_time\" content=\"2019-02-20T08:48:30+00:00\" \/>\n<meta property=\"article:modified_time\" content=\"2024-05-28T07:51:45+00:00\" \/>\n<meta property=\"og:image\" content=\"https:\/\/m3caravaning.com\/wp-content\/uploads\/2021\/01\/ultimo-fin-de-semana-de-la-gran-fira-del-caravaning-id-304.jpg\" \/>\n\t<meta property=\"og:image:width\" content=\"1710\" \/>\n\t<meta property=\"og:image:height\" content=\"1140\" \/>\n\t<meta property=\"og:image:type\" content=\"image\/jpeg\" \/>\n<meta name=\"author\" content=\"M3 Caravaning\" \/>\n<meta name=\"twitter:card\" content=\"summary_large_image\" \/>\n<meta name=\"twitter:creator\" content=\"@M3Caravaning\" \/>\n<meta name=\"twitter:site\" content=\"@M3Caravaning\" \/>\n<meta name=\"twitter:label1\" content=\"Written by\" \/>\n\t<meta name=\"twitter:data1\" content=\"M3 Caravaning\" \/>\n\t<meta name=\"twitter:label2\" content=\"Est. reading time\" \/>\n\t<meta name=\"twitter:data2\" content=\"2 minutes\" \/>\n<script type=\"application\/ld+json\" class=\"yoast-schema-graph\">{\"@context\":\"https:\/\/schema.org\",\"@graph\":[{\"@type\":\"WebPage\",\"@id\":\"https:\/\/m3caravaning.com\/ca\/actualitat\/ultim-cap-de-setmana-de-la-gran-fira-del-caravaning\/\",\"url\":\"https:\/\/m3caravaning.com\/ca\/actualitat\/ultim-cap-de-setmana-de-la-gran-fira-del-caravaning\/\",\"name\":\"\u00daltim cap de setmana de la gran fira del Caravaning - Autocaravanas, caravanas y furgonetas campers nuevas, ocasi\u00f3n y segunda mano\",\"isPartOf\":{\"@id\":\"https:\/\/m3caravaning.com\/ca\/#website\"},\"primaryImageOfPage\":{\"@id\":\"https:\/\/m3caravaning.com\/ca\/actualitat\/ultim-cap-de-setmana-de-la-gran-fira-del-caravaning\/#primaryimage\"},\"image\":{\"@id\":\"https:\/\/m3caravaning.com\/ca\/actualitat\/ultim-cap-de-setmana-de-la-gran-fira-del-caravaning\/#primaryimage\"},\"thumbnailUrl\":\"https:\/\/m3caravaning.com\/wp-content\/uploads\/2021\/01\/ultimo-fin-de-semana-de-la-gran-fira-del-caravaning-id-304.jpg\",\"datePublished\":\"2019-02-20T08:48:30+00:00\",\"dateModified\":\"2024-05-28T07:51:45+00:00\",\"author\":{\"@id\":\"https:\/\/m3caravaning.com\/ca\/#\/schema\/person\/10e5f1edce4be1f414d4bde1bcf0c65f\"},\"breadcrumb\":{\"@id\":\"https:\/\/m3caravaning.com\/ca\/actualitat\/ultim-cap-de-setmana-de-la-gran-fira-del-caravaning\/#breadcrumb\"},\"inLanguage\":\"ca\",\"potentialAction\":[{\"@type\":\"ReadAction\",\"target\":[\"https:\/\/m3caravaning.com\/ca\/actualitat\/ultim-cap-de-setmana-de-la-gran-fira-del-caravaning\/\"]}]},{\"@type\":\"ImageObject\",\"inLanguage\":\"ca\",\"@id\":\"https:\/\/m3caravaning.com\/ca\/actualitat\/ultim-cap-de-setmana-de-la-gran-fira-del-caravaning\/#primaryimage\",\"url\":\"https:\/\/m3caravaning.com\/wp-content\/uploads\/2021\/01\/ultimo-fin-de-semana-de-la-gran-fira-del-caravaning-id-304.jpg\",\"contentUrl\":\"https:\/\/m3caravaning.com\/wp-content\/uploads\/2021\/01\/ultimo-fin-de-semana-de-la-gran-fira-del-caravaning-id-304.jpg\",\"width\":1710,\"height\":1140},{\"@type\":\"BreadcrumbList\",\"@id\":\"https:\/\/m3caravaning.com\/ca\/actualitat\/ultim-cap-de-setmana-de-la-gran-fira-del-caravaning\/#breadcrumb\",\"itemListElement\":[{\"@type\":\"ListItem\",\"position\":1,\"name\":\"Portada\",\"item\":\"https:\/\/m3caravaning.com\/ca\/\"},{\"@type\":\"ListItem\",\"position\":2,\"name\":\"\u00daltim cap de setmana de la gran fira del Caravaning\"}]},{\"@type\":\"WebSite\",\"@id\":\"https:\/\/m3caravaning.com\/ca\/#website\",\"url\":\"https:\/\/m3caravaning.com\/ca\/\",\"name\":\"Autocaravanas, caravanas y furgonetas campers nuevas, ocasi\u00f3n y segunda mano\",\"description\":\"Tu tienda de autocaravanas, campers y caravanas nuevas y de segunda mano. Alquiler, tienda de recambios, taller, seguros, etc.\",\"potentialAction\":[{\"@type\":\"SearchAction\",\"target\":{\"@type\":\"EntryPoint\",\"urlTemplate\":\"https:\/\/m3caravaning.com\/ca\/?s={search_term_string}\"},\"query-input\":\"required name=search_term_string\"}],\"inLanguage\":\"ca\"},{\"@type\":\"Person\",\"@id\":\"https:\/\/m3caravaning.com\/ca\/#\/schema\/person\/10e5f1edce4be1f414d4bde1bcf0c65f\",\"name\":\"M3 Caravaning\",\"image\":{\"@type\":\"ImageObject\",\"inLanguage\":\"ca\",\"@id\":\"https:\/\/m3caravaning.com\/ca\/#\/schema\/person\/image\/\",\"url\":\"https:\/\/secure.gravatar.com\/avatar\/45cc9e7bfaa20654bd7626e499aa306a8db18ee338763b6b771e707ccbeef54c?s=96&d=mm&r=g\",\"contentUrl\":\"https:\/\/secure.gravatar.com\/avatar\/45cc9e7bfaa20654bd7626e499aa306a8db18ee338763b6b771e707ccbeef54c?s=96&d=mm&r=g\",\"caption\":\"M3 Caravaning\"}}]}<\/script>\n<!-- \/ Yoast SEO plugin. -->","yoast_head_json":{"title":"\u00daltim cap de setmana de la gran fira del Caravaning - Autocaravanas, caravanas y furgonetas campers nuevas, ocasi\u00f3n y segunda mano","robots":{"index":"index","follow":"follow","max-snippet":"max-snippet:-1","max-image-preview":"max-image-preview:large","max-video-preview":"max-video-preview:-1"},"canonical":"https:\/\/m3caravaning.com\/ca\/actualitat\/ultim-cap-de-setmana-de-la-gran-fira-del-caravaning\/","og_locale":"ca_ES","og_type":"article","og_title":"\u00daltim cap de setmana de la gran fira del Caravaning - Autocaravanas, caravanas y furgonetas campers nuevas, ocasi\u00f3n y segunda mano","og_description":"S&#8217;acosta el darrer cap de setmana per la\u00a0Gran Fira del Caravaning\u00a0que se celebra a\u00a0Vilafranca del Pened\u00e8s, al recinte d&#8217;M3 Caravaning. \u00bfQu\u00e8 podr\u00e0s trobar? &#8211; Una gran\u00a0exposici\u00f3 en caravanes, autocaravanes i furgonetes camper. &#8211; Ofertes especials. &#8211; Oportunitats en vehicules nous. &#8211; Descompte d&#8217;ocasi\u00f3 i lloguer. &#8211; Accessoris d&#8217;oferta. &#8211; Promocions en caravanes, autocaravanes i furgonetes","og_url":"https:\/\/m3caravaning.com\/ca\/actualitat\/ultim-cap-de-setmana-de-la-gran-fira-del-caravaning\/","og_site_name":"Autocaravanas, caravanas y furgonetas campers nuevas, ocasi\u00f3n y segunda mano","article_publisher":"https:\/\/www.facebook.com\/m3caravaning","article_published_time":"2019-02-20T08:48:30+00:00","article_modified_time":"2024-05-28T07:51:45+00:00","og_image":[{"width":1710,"height":1140,"url":"https:\/\/m3caravaning.com\/wp-content\/uploads\/2021\/01\/ultimo-fin-de-semana-de-la-gran-fira-del-caravaning-id-304.jpg","type":"image\/jpeg"}],"author":"M3 Caravaning","twitter_card":"summary_large_image","twitter_creator":"@M3Caravaning","twitter_site":"@M3Caravaning","twitter_misc":{"Written by":"M3 Caravaning","Est. reading time":"2 minutes"},"schema":{"@context":"https:\/\/schema.org","@graph":[{"@type":"WebPage","@id":"https:\/\/m3caravaning.com\/ca\/actualitat\/ultim-cap-de-setmana-de-la-gran-fira-del-caravaning\/","url":"https:\/\/m3caravaning.com\/ca\/actualitat\/ultim-cap-de-setmana-de-la-gran-fira-del-caravaning\/","name":"\u00daltim cap de setmana de la gran fira del Caravaning - Autocaravanas, caravanas y furgonetas campers nuevas, ocasi\u00f3n y segunda mano","isPartOf":{"@id":"https:\/\/m3caravaning.com\/ca\/#website"},"primaryImageOfPage":{"@id":"https:\/\/m3caravaning.com\/ca\/actualitat\/ultim-cap-de-setmana-de-la-gran-fira-del-caravaning\/#primaryimage"},"image":{"@id":"https:\/\/m3caravaning.com\/ca\/actualitat\/ultim-cap-de-setmana-de-la-gran-fira-del-caravaning\/#primaryimage"},"thumbnailUrl":"https:\/\/m3caravaning.com\/wp-content\/uploads\/2021\/01\/ultimo-fin-de-semana-de-la-gran-fira-del-caravaning-id-304.jpg","datePublished":"2019-02-20T08:48:30+00:00","dateModified":"2024-05-28T07:51:45+00:00","author":{"@id":"https:\/\/m3caravaning.com\/ca\/#\/schema\/person\/10e5f1edce4be1f414d4bde1bcf0c65f"},"breadcrumb":{"@id":"https:\/\/m3caravaning.com\/ca\/actualitat\/ultim-cap-de-setmana-de-la-gran-fira-del-caravaning\/#breadcrumb"},"inLanguage":"ca","potentialAction":[{"@type":"ReadAction","target":["https:\/\/m3caravaning.com\/ca\/actualitat\/ultim-cap-de-setmana-de-la-gran-fira-del-caravaning\/"]}]},{"@type":"ImageObject","inLanguage":"ca","@id":"https:\/\/m3caravaning.com\/ca\/actualitat\/ultim-cap-de-setmana-de-la-gran-fira-del-caravaning\/#primaryimage","url":"https:\/\/m3caravaning.com\/wp-content\/uploads\/2021\/01\/ultimo-fin-de-semana-de-la-gran-fira-del-caravaning-id-304.jpg","contentUrl":"https:\/\/m3caravaning.com\/wp-content\/uploads\/2021\/01\/ultimo-fin-de-semana-de-la-gran-fira-del-caravaning-id-304.jpg","width":1710,"height":1140},{"@type":"BreadcrumbList","@id":"https:\/\/m3caravaning.com\/ca\/actualitat\/ultim-cap-de-setmana-de-la-gran-fira-del-caravaning\/#breadcrumb","itemListElement":[{"@type":"ListItem","position":1,"name":"Portada","item":"https:\/\/m3caravaning.com\/ca\/"},{"@type":"ListItem","position":2,"name":"\u00daltim cap de setmana de la gran fira del Caravaning"}]},{"@type":"WebSite","@id":"https:\/\/m3caravaning.com\/ca\/#website","url":"https:\/\/m3caravaning.com\/ca\/","name":"Autocaravanas, caravanas y furgonetas campers nuevas, ocasi\u00f3n y segunda mano","description":"Tu tienda de autocaravanas, campers y caravanas nuevas y de segunda mano. Alquiler, tienda de recambios, taller, seguros, etc.","potentialAction":[{"@type":"SearchAction","target":{"@type":"EntryPoint","urlTemplate":"https:\/\/m3caravaning.com\/ca\/?s={search_term_string}"},"query-input":"required name=search_term_string"}],"inLanguage":"ca"},{"@type":"Person","@id":"https:\/\/m3caravaning.com\/ca\/#\/schema\/person\/10e5f1edce4be1f414d4bde1bcf0c65f","name":"M3 Caravaning","image":{"@type":"ImageObject","inLanguage":"ca","@id":"https:\/\/m3caravaning.com\/ca\/#\/schema\/person\/image\/","url":"https:\/\/secure.gravatar.com\/avatar\/45cc9e7bfaa20654bd7626e499aa306a8db18ee338763b6b771e707ccbeef54c?s=96&d=mm&r=g","contentUrl":"https:\/\/secure.gravatar.com\/avatar\/45cc9e7bfaa20654bd7626e499aa306a8db18ee338763b6b771e707ccbeef54c?s=96&d=mm&r=g","caption":"M3 Caravaning"}}]}},"_links":{"self":[{"href":"https:\/\/m3caravaning.com\/ca\/wp-json\/wp\/v2\/posts\/9597","targetHints":{"allow":["GET"]}}],"collection":[{"href":"https:\/\/m3caravaning.com\/ca\/wp-json\/wp\/v2\/posts"}],"about":[{"href":"https:\/\/m3caravaning.com\/ca\/wp-json\/wp\/v2\/types\/post"}],"author":[{"embeddable":true,"href":"https:\/\/m3caravaning.com\/ca\/wp-json\/wp\/v2\/users\/2"}],"replies":[{"embeddable":true,"href":"https:\/\/m3caravaning.com\/ca\/wp-json\/wp\/v2\/comments?post=9597"}],"version-history":[{"count":1,"href":"https:\/\/m3caravaning.com\/ca\/wp-json\/wp\/v2\/posts\/9597\/revisions"}],"predecessor-version":[{"id":619660,"href":"https:\/\/m3caravaning.com\/ca\/wp-json\/wp\/v2\/posts\/9597\/revisions\/619660"}],"wp:featuredmedia":[{"embeddable":true,"href":"https:\/\/m3caravaning.com\/ca\/wp-json\/wp\/v2\/media\/287"}],"wp:attachment":[{"href":"https:\/\/m3caravaning.com\/ca\/wp-json\/wp\/v2\/media?parent=9597"}],"wp:term":[{"taxonomy":"category","embeddable":true,"href":"https:\/\/m3caravaning.com\/ca\/wp-json\/wp\/v2\/categories?post=9597"},{"taxonomy":"post_tag","embeddable":true,"href":"https:\/\/m3caravaning.com\/ca\/wp-json\/wp\/v2\/tags?post=9597"}],"curies":[{"name":"wp","href":"https:\/\/api.w.org\/{rel}","templated":true}]}}