





{"id":9589,"date":"2019-09-27T09:33:52","date_gmt":"2019-09-27T07:33:52","guid":{"rendered":"https:\/\/m3caravaning.com\/?p=9589"},"modified":"2024-05-27T12:57:09","modified_gmt":"2024-05-27T10:57:09","slug":"caravanes-petites-les-tendencies-en-el-salo-del-caravaning-de-dusseldorf","status":"publish","type":"post","link":"https:\/\/m3caravaning.com\/ca\/caravanes\/caravanes-petites-les-tendencies-en-el-salo-del-caravaning-de-dusseldorf\/","title":{"rendered":"Caravanes petites, les tend\u00e8ncies en el sal\u00f3 del caravaning de Dusseldorf"},"content":{"rendered":"<p>Llargues cues, \u00e9s el que va tenir el salon de Dusseldorf aquest any per a con\u00e8ixer les\u00a0<strong>\u00faltimes novetats del sector<\/strong>\u00a0i els experts ha arribat a la conclusi\u00f3 que les\u00a0<strong>caravanes petites, les tend\u00e8ncies en el sal\u00f3 del caravaning de Dusseldorf<\/strong>.<\/p>\n<p>I \u00e9s que aquest any Alemanya ha plantejat una petita evoluci\u00f3 en la seva fira, atraient un bon n\u00famero de\u00a0<strong>p\u00fablic jove que busca poder moure&#8217;s amb major agilitat i facilitat en els seus viatges<\/strong>, sense haver de circular amb enormes vehicles en els quals sigui complicat aparcar.<\/p>\n<p>Segons una enquesta alemanya, pr\u00e0cticament la quarta part dels seus\u00a0<strong>ciutadans somia amb realitzar un viatge pujat a una caravana o autocaravana<\/strong>, \u00e9s un estil de vida idealitzat i encara que no \u00e9s el viatge que volen fer de manera recurrent, si que volen experimentar-lo, sentir la sensaci\u00f3 de llibertat,\u00a0<strong>tenir el control total del viatge.<\/strong><\/p>\n<p>La majoria dels enquestats tenen menys de 45 anys, especialment fam\u00edlies joves, fam\u00edlies recentment creades que busquen una forma de viatjar diferent a la que feien amb els seus pares i a destacar que busquen\u00a0<strong>vacances individuals, a l&#8217;aire lliure<\/strong>\u00a0una forma de moure&#8217;s que s&#8217;ha posat molt de moda i del qual treuen partit per a les seves fotos de instagram.<\/p>\n<p>La generaci\u00f3 milenial \u00e9s la principal ra\u00f3 per la qual les marques aposten per\u00a0<strong><a href=\"https:\/\/m3caravaning.com\/ca\/caravanes\/\">comprar caravanes<\/a> petites i les <a href=\"https:\/\/m3caravaning.com\/ca\/campers\/\">furgonetes camper<\/a><\/strong>, aquestes han estat les grans estrelles a Alemanya, malgrat que l&#8217;Autocaravana sempre t\u00e9 una gran pres\u00e8ncia per que \u00e9s la base d&#8217;aquest estil de vida.<\/p>\n<h2>Digitalitzaci\u00f3 influeix en la comprar autocaravana<\/h2>\n<p>El m\u00f3n s&#8217;ha digitalitzat, tots els sectors s&#8217;han vist afectats i no \u00e9s una cosa nova, el m\u00f3n del transport va m\u00e9s lent per\u00f2 avan\u00e7a, i des d&#8217;Europa ja s&#8217;avisa a les signatures, cal fer un pas endavant en aquest sentit per que la normativa marca un l\u00edmit per a arribar a un\u00a0<strong>consum m\u00e9s sostenible i per descomptat la societat el demana, es requereix de nous mitjans de transport menys contaminants i amb la tecnologia actual.<\/strong><\/p>\n<p>La tecnologia actual s\u00f3n\u00a0<strong>cotxes el\u00e8ctrics i amb pantalles<\/strong>, la nova configuraci\u00f3 dels models, del seu disseny es veu afectat enormement per aquest tipus de tend\u00e8ncies que no s\u00f3n passatgeres, s\u00f3n les que marcaran el futur de tota mena de vehicles, actualment i el que s&#8217;ha pogut veure en el\u00a0<strong>sal\u00f3 del caravaning en Dusseldorf s\u00f3n caravanes i autocaravanes que poden controlar-se digitalment a trav\u00e9s d&#8217;un element operatiu central.<\/strong><\/p>\n<p>I tot est\u00e0 connectat a les Apps de la marca que poden tenir en el seu dispositiu m\u00f2bil, aix\u00f2 fa m\u00e9s senzill saber si\u00a0<strong>el nostre transport d&#8217;esbarjo necessita canviar els nivells d&#8217;aigua, bateria, gas&#8230;agilitant el control i el manteniment<\/strong>, alguna cosa que fins ara era una mica enutj\u00f3s ja que calia fer-ho manualment, ara, gr\u00e0cies a aquesta tecnologia ho podem fer des de casa i des del sof\u00e0.<\/p>\n<p><strong>Tabbert ha portat la seva digitalitzaci\u00f3 a un pas m\u00e9s enll\u00e0. Gr\u00e0cies al seu control de veu<\/strong>, l&#8217;amo d&#8217;un dels seus vehicles pot tenir el control d&#8217;una forma m\u00e9s \u00e0gil, amb comandos com \u201ctinc fred\u201d o \u201cencendre o apagar les llums del salon\u201d s\u00f3n suficients perqu\u00e8 la nostra autocaravana reaccioni a aquesta necessitat i encengui la calefacci\u00f3 o les llums.<\/p>\n<p>Aquest complement fa que la\u00a0<strong>interacci\u00f3 amb el nostre vehicle sigui molt m\u00e9s org\u00e0nic<\/strong>\u00a0i s&#8217;integri en el nostre dia a dia , per\u00f2 com tot, t\u00e9 un per\u00f2 i en aquest cas \u00e9s el\u00a0<strong>pes.<\/strong><\/p>\n<p>Des de fa anys, les marques busquen formes d&#8217;aconseguir que aquests vehicles no superin el pes l\u00edmit de la normativa europea, i aquesta tecnologia requereix d&#8217;instrumentaci\u00f3, cables, que augmenten el pes.<\/p>\n<p>Per tot aix\u00f2,\u00a0<strong>busquen alleugerir tot el possible la resta de materials<\/strong>\u00a0que conformen el disseny i tamb\u00e9 d&#8217;introduir el m\u00ednim de productes possibles de la tecnologia digital, aix\u00f2 \u00e9s un repte per als fabricants d&#8217;aquests vehicles que com hem dit abans, els nous\u00a0<strong>compradors han fet que siguin caravanes petites, les tend\u00e8ncies del salon del caravaning de Dusseldorf<\/strong>.<\/p>\n","protected":false},"excerpt":{"rendered":"<p>Llargues cues, \u00e9s el que va tenir el salon de Dusseldorf aquest any per a con\u00e8ixer les\u00a0\u00faltimes novetats del sector\u00a0i els experts ha arribat a la conclusi\u00f3 que les\u00a0caravanes petites, les tend\u00e8ncies en el sal\u00f3 del caravaning de Dusseldorf. I \u00e9s que aquest any Alemanya ha plantejat una petita evoluci\u00f3 en la seva fira, atraient<\/p>\n","protected":false},"author":2,"featured_media":131,"comment_status":"closed","ping_status":"open","sticky":false,"template":"","format":"standard","meta":{"footnotes":""},"categories":[17],"tags":[],"class_list":["post-9589","post","type-post","status-publish","format-standard","has-post-thumbnail","hentry","category-caravanes"],"yoast_head":"<!-- This site is optimized with the Yoast SEO plugin v22.4 - https:\/\/yoast.com\/wordpress\/plugins\/seo\/ -->\n<title>Caravanes petites, les tend\u00e8ncies en el sal\u00f3 del caravaning de Dusseldorf - Autocaravanas, caravanas y furgonetas campers nuevas, ocasi\u00f3n y segunda mano<\/title>\n<meta name=\"robots\" content=\"index, follow, max-snippet:-1, max-image-preview:large, max-video-preview:-1\" \/>\n<link rel=\"canonical\" href=\"https:\/\/m3caravaning.com\/ca\/caravanes\/caravanes-petites-les-tendencies-en-el-salo-del-caravaning-de-dusseldorf\/\" \/>\n<meta property=\"og:locale\" content=\"ca_ES\" \/>\n<meta property=\"og:type\" content=\"article\" \/>\n<meta property=\"og:title\" content=\"Caravanes petites, les tend\u00e8ncies en el sal\u00f3 del caravaning de Dusseldorf - Autocaravanas, caravanas y furgonetas campers nuevas, ocasi\u00f3n y segunda mano\" \/>\n<meta property=\"og:description\" content=\"Llargues cues, \u00e9s el que va tenir el salon de Dusseldorf aquest any per a con\u00e8ixer les\u00a0\u00faltimes novetats del sector\u00a0i els experts ha arribat a la conclusi\u00f3 que les\u00a0caravanes petites, les tend\u00e8ncies en el sal\u00f3 del caravaning de Dusseldorf. I \u00e9s que aquest any Alemanya ha plantejat una petita evoluci\u00f3 en la seva fira, atraient\" \/>\n<meta property=\"og:url\" content=\"https:\/\/m3caravaning.com\/ca\/caravanes\/caravanes-petites-les-tendencies-en-el-salo-del-caravaning-de-dusseldorf\/\" \/>\n<meta property=\"og:site_name\" content=\"Autocaravanas, caravanas y furgonetas campers nuevas, ocasi\u00f3n y segunda mano\" \/>\n<meta property=\"article:publisher\" content=\"https:\/\/www.facebook.com\/m3caravaning\" \/>\n<meta property=\"article:published_time\" content=\"2019-09-27T07:33:52+00:00\" \/>\n<meta property=\"article:modified_time\" content=\"2024-05-27T10:57:09+00:00\" \/>\n<meta property=\"og:image\" content=\"https:\/\/m3caravaning.com\/wp-content\/uploads\/2021\/01\/caravanas-pequenas-las-tendencias-en-el-salon-del-caravaning-de-dusseldorf-id-386-scaled.jpeg\" \/>\n\t<meta property=\"og:image:width\" content=\"2560\" \/>\n\t<meta property=\"og:image:height\" content=\"1920\" \/>\n\t<meta property=\"og:image:type\" content=\"image\/jpeg\" \/>\n<meta name=\"author\" content=\"M3 Caravaning\" \/>\n<meta name=\"twitter:card\" content=\"summary_large_image\" \/>\n<meta name=\"twitter:creator\" content=\"@M3Caravaning\" \/>\n<meta name=\"twitter:site\" content=\"@M3Caravaning\" \/>\n<meta name=\"twitter:label1\" content=\"Written by\" \/>\n\t<meta name=\"twitter:data1\" content=\"M3 Caravaning\" \/>\n\t<meta name=\"twitter:label2\" content=\"Est. reading time\" \/>\n\t<meta name=\"twitter:data2\" content=\"4 minutes\" \/>\n<script type=\"application\/ld+json\" class=\"yoast-schema-graph\">{\"@context\":\"https:\/\/schema.org\",\"@graph\":[{\"@type\":\"WebPage\",\"@id\":\"https:\/\/m3caravaning.com\/ca\/caravanes\/caravanes-petites-les-tendencies-en-el-salo-del-caravaning-de-dusseldorf\/\",\"url\":\"https:\/\/m3caravaning.com\/ca\/caravanes\/caravanes-petites-les-tendencies-en-el-salo-del-caravaning-de-dusseldorf\/\",\"name\":\"Caravanes petites, les tend\u00e8ncies en el sal\u00f3 del caravaning de Dusseldorf - Autocaravanas, caravanas y furgonetas campers nuevas, ocasi\u00f3n y segunda mano\",\"isPartOf\":{\"@id\":\"https:\/\/m3caravaning.com\/ca\/#website\"},\"primaryImageOfPage\":{\"@id\":\"https:\/\/m3caravaning.com\/ca\/caravanes\/caravanes-petites-les-tendencies-en-el-salo-del-caravaning-de-dusseldorf\/#primaryimage\"},\"image\":{\"@id\":\"https:\/\/m3caravaning.com\/ca\/caravanes\/caravanes-petites-les-tendencies-en-el-salo-del-caravaning-de-dusseldorf\/#primaryimage\"},\"thumbnailUrl\":\"https:\/\/m3caravaning.com\/wp-content\/uploads\/2021\/01\/caravanas-pequenas-las-tendencias-en-el-salon-del-caravaning-de-dusseldorf-id-386-scaled.jpeg\",\"datePublished\":\"2019-09-27T07:33:52+00:00\",\"dateModified\":\"2024-05-27T10:57:09+00:00\",\"author\":{\"@id\":\"https:\/\/m3caravaning.com\/ca\/#\/schema\/person\/10e5f1edce4be1f414d4bde1bcf0c65f\"},\"breadcrumb\":{\"@id\":\"https:\/\/m3caravaning.com\/ca\/caravanes\/caravanes-petites-les-tendencies-en-el-salo-del-caravaning-de-dusseldorf\/#breadcrumb\"},\"inLanguage\":\"ca\",\"potentialAction\":[{\"@type\":\"ReadAction\",\"target\":[\"https:\/\/m3caravaning.com\/ca\/caravanes\/caravanes-petites-les-tendencies-en-el-salo-del-caravaning-de-dusseldorf\/\"]}]},{\"@type\":\"ImageObject\",\"inLanguage\":\"ca\",\"@id\":\"https:\/\/m3caravaning.com\/ca\/caravanes\/caravanes-petites-les-tendencies-en-el-salo-del-caravaning-de-dusseldorf\/#primaryimage\",\"url\":\"https:\/\/m3caravaning.com\/wp-content\/uploads\/2021\/01\/caravanas-pequenas-las-tendencias-en-el-salon-del-caravaning-de-dusseldorf-id-386-scaled.jpeg\",\"contentUrl\":\"https:\/\/m3caravaning.com\/wp-content\/uploads\/2021\/01\/caravanas-pequenas-las-tendencias-en-el-salon-del-caravaning-de-dusseldorf-id-386-scaled.jpeg\",\"width\":2560,\"height\":1920},{\"@type\":\"BreadcrumbList\",\"@id\":\"https:\/\/m3caravaning.com\/ca\/caravanes\/caravanes-petites-les-tendencies-en-el-salo-del-caravaning-de-dusseldorf\/#breadcrumb\",\"itemListElement\":[{\"@type\":\"ListItem\",\"position\":1,\"name\":\"Portada\",\"item\":\"https:\/\/m3caravaning.com\/ca\/\"},{\"@type\":\"ListItem\",\"position\":2,\"name\":\"Caravanes petites, les tend\u00e8ncies en el sal\u00f3 del caravaning de Dusseldorf\"}]},{\"@type\":\"WebSite\",\"@id\":\"https:\/\/m3caravaning.com\/ca\/#website\",\"url\":\"https:\/\/m3caravaning.com\/ca\/\",\"name\":\"Autocaravanas, caravanas y furgonetas campers nuevas, ocasi\u00f3n y segunda mano\",\"description\":\"Tu tienda de autocaravanas, campers y caravanas nuevas y de segunda mano. Alquiler, tienda de recambios, taller, seguros, etc.\",\"potentialAction\":[{\"@type\":\"SearchAction\",\"target\":{\"@type\":\"EntryPoint\",\"urlTemplate\":\"https:\/\/m3caravaning.com\/ca\/?s={search_term_string}\"},\"query-input\":\"required name=search_term_string\"}],\"inLanguage\":\"ca\"},{\"@type\":\"Person\",\"@id\":\"https:\/\/m3caravaning.com\/ca\/#\/schema\/person\/10e5f1edce4be1f414d4bde1bcf0c65f\",\"name\":\"M3 Caravaning\",\"image\":{\"@type\":\"ImageObject\",\"inLanguage\":\"ca\",\"@id\":\"https:\/\/m3caravaning.com\/ca\/#\/schema\/person\/image\/\",\"url\":\"https:\/\/secure.gravatar.com\/avatar\/45cc9e7bfaa20654bd7626e499aa306a8db18ee338763b6b771e707ccbeef54c?s=96&d=mm&r=g\",\"contentUrl\":\"https:\/\/secure.gravatar.com\/avatar\/45cc9e7bfaa20654bd7626e499aa306a8db18ee338763b6b771e707ccbeef54c?s=96&d=mm&r=g\",\"caption\":\"M3 Caravaning\"}}]}<\/script>\n<!-- \/ Yoast SEO plugin. -->","yoast_head_json":{"title":"Caravanes petites, les tend\u00e8ncies en el sal\u00f3 del caravaning de Dusseldorf - Autocaravanas, caravanas y furgonetas campers nuevas, ocasi\u00f3n y segunda mano","robots":{"index":"index","follow":"follow","max-snippet":"max-snippet:-1","max-image-preview":"max-image-preview:large","max-video-preview":"max-video-preview:-1"},"canonical":"https:\/\/m3caravaning.com\/ca\/caravanes\/caravanes-petites-les-tendencies-en-el-salo-del-caravaning-de-dusseldorf\/","og_locale":"ca_ES","og_type":"article","og_title":"Caravanes petites, les tend\u00e8ncies en el sal\u00f3 del caravaning de Dusseldorf - Autocaravanas, caravanas y furgonetas campers nuevas, ocasi\u00f3n y segunda mano","og_description":"Llargues cues, \u00e9s el que va tenir el salon de Dusseldorf aquest any per a con\u00e8ixer les\u00a0\u00faltimes novetats del sector\u00a0i els experts ha arribat a la conclusi\u00f3 que les\u00a0caravanes petites, les tend\u00e8ncies en el sal\u00f3 del caravaning de Dusseldorf. I \u00e9s que aquest any Alemanya ha plantejat una petita evoluci\u00f3 en la seva fira, atraient","og_url":"https:\/\/m3caravaning.com\/ca\/caravanes\/caravanes-petites-les-tendencies-en-el-salo-del-caravaning-de-dusseldorf\/","og_site_name":"Autocaravanas, caravanas y furgonetas campers nuevas, ocasi\u00f3n y segunda mano","article_publisher":"https:\/\/www.facebook.com\/m3caravaning","article_published_time":"2019-09-27T07:33:52+00:00","article_modified_time":"2024-05-27T10:57:09+00:00","og_image":[{"width":2560,"height":1920,"url":"https:\/\/m3caravaning.com\/wp-content\/uploads\/2021\/01\/caravanas-pequenas-las-tendencias-en-el-salon-del-caravaning-de-dusseldorf-id-386-scaled.jpeg","type":"image\/jpeg"}],"author":"M3 Caravaning","twitter_card":"summary_large_image","twitter_creator":"@M3Caravaning","twitter_site":"@M3Caravaning","twitter_misc":{"Written by":"M3 Caravaning","Est. reading time":"4 minutes"},"schema":{"@context":"https:\/\/schema.org","@graph":[{"@type":"WebPage","@id":"https:\/\/m3caravaning.com\/ca\/caravanes\/caravanes-petites-les-tendencies-en-el-salo-del-caravaning-de-dusseldorf\/","url":"https:\/\/m3caravaning.com\/ca\/caravanes\/caravanes-petites-les-tendencies-en-el-salo-del-caravaning-de-dusseldorf\/","name":"Caravanes petites, les tend\u00e8ncies en el sal\u00f3 del caravaning de Dusseldorf - Autocaravanas, caravanas y furgonetas campers nuevas, ocasi\u00f3n y segunda mano","isPartOf":{"@id":"https:\/\/m3caravaning.com\/ca\/#website"},"primaryImageOfPage":{"@id":"https:\/\/m3caravaning.com\/ca\/caravanes\/caravanes-petites-les-tendencies-en-el-salo-del-caravaning-de-dusseldorf\/#primaryimage"},"image":{"@id":"https:\/\/m3caravaning.com\/ca\/caravanes\/caravanes-petites-les-tendencies-en-el-salo-del-caravaning-de-dusseldorf\/#primaryimage"},"thumbnailUrl":"https:\/\/m3caravaning.com\/wp-content\/uploads\/2021\/01\/caravanas-pequenas-las-tendencias-en-el-salon-del-caravaning-de-dusseldorf-id-386-scaled.jpeg","datePublished":"2019-09-27T07:33:52+00:00","dateModified":"2024-05-27T10:57:09+00:00","author":{"@id":"https:\/\/m3caravaning.com\/ca\/#\/schema\/person\/10e5f1edce4be1f414d4bde1bcf0c65f"},"breadcrumb":{"@id":"https:\/\/m3caravaning.com\/ca\/caravanes\/caravanes-petites-les-tendencies-en-el-salo-del-caravaning-de-dusseldorf\/#breadcrumb"},"inLanguage":"ca","potentialAction":[{"@type":"ReadAction","target":["https:\/\/m3caravaning.com\/ca\/caravanes\/caravanes-petites-les-tendencies-en-el-salo-del-caravaning-de-dusseldorf\/"]}]},{"@type":"ImageObject","inLanguage":"ca","@id":"https:\/\/m3caravaning.com\/ca\/caravanes\/caravanes-petites-les-tendencies-en-el-salo-del-caravaning-de-dusseldorf\/#primaryimage","url":"https:\/\/m3caravaning.com\/wp-content\/uploads\/2021\/01\/caravanas-pequenas-las-tendencias-en-el-salon-del-caravaning-de-dusseldorf-id-386-scaled.jpeg","contentUrl":"https:\/\/m3caravaning.com\/wp-content\/uploads\/2021\/01\/caravanas-pequenas-las-tendencias-en-el-salon-del-caravaning-de-dusseldorf-id-386-scaled.jpeg","width":2560,"height":1920},{"@type":"BreadcrumbList","@id":"https:\/\/m3caravaning.com\/ca\/caravanes\/caravanes-petites-les-tendencies-en-el-salo-del-caravaning-de-dusseldorf\/#breadcrumb","itemListElement":[{"@type":"ListItem","position":1,"name":"Portada","item":"https:\/\/m3caravaning.com\/ca\/"},{"@type":"ListItem","position":2,"name":"Caravanes petites, les tend\u00e8ncies en el sal\u00f3 del caravaning de Dusseldorf"}]},{"@type":"WebSite","@id":"https:\/\/m3caravaning.com\/ca\/#website","url":"https:\/\/m3caravaning.com\/ca\/","name":"Autocaravanas, caravanas y furgonetas campers nuevas, ocasi\u00f3n y segunda mano","description":"Tu tienda de autocaravanas, campers y caravanas nuevas y de segunda mano. Alquiler, tienda de recambios, taller, seguros, etc.","potentialAction":[{"@type":"SearchAction","target":{"@type":"EntryPoint","urlTemplate":"https:\/\/m3caravaning.com\/ca\/?s={search_term_string}"},"query-input":"required name=search_term_string"}],"inLanguage":"ca"},{"@type":"Person","@id":"https:\/\/m3caravaning.com\/ca\/#\/schema\/person\/10e5f1edce4be1f414d4bde1bcf0c65f","name":"M3 Caravaning","image":{"@type":"ImageObject","inLanguage":"ca","@id":"https:\/\/m3caravaning.com\/ca\/#\/schema\/person\/image\/","url":"https:\/\/secure.gravatar.com\/avatar\/45cc9e7bfaa20654bd7626e499aa306a8db18ee338763b6b771e707ccbeef54c?s=96&d=mm&r=g","contentUrl":"https:\/\/secure.gravatar.com\/avatar\/45cc9e7bfaa20654bd7626e499aa306a8db18ee338763b6b771e707ccbeef54c?s=96&d=mm&r=g","caption":"M3 Caravaning"}}]}},"_links":{"self":[{"href":"https:\/\/m3caravaning.com\/ca\/wp-json\/wp\/v2\/posts\/9589","targetHints":{"allow":["GET"]}}],"collection":[{"href":"https:\/\/m3caravaning.com\/ca\/wp-json\/wp\/v2\/posts"}],"about":[{"href":"https:\/\/m3caravaning.com\/ca\/wp-json\/wp\/v2\/types\/post"}],"author":[{"embeddable":true,"href":"https:\/\/m3caravaning.com\/ca\/wp-json\/wp\/v2\/users\/2"}],"replies":[{"embeddable":true,"href":"https:\/\/m3caravaning.com\/ca\/wp-json\/wp\/v2\/comments?post=9589"}],"version-history":[{"count":1,"href":"https:\/\/m3caravaning.com\/ca\/wp-json\/wp\/v2\/posts\/9589\/revisions"}],"predecessor-version":[{"id":619605,"href":"https:\/\/m3caravaning.com\/ca\/wp-json\/wp\/v2\/posts\/9589\/revisions\/619605"}],"wp:featuredmedia":[{"embeddable":true,"href":"https:\/\/m3caravaning.com\/ca\/wp-json\/wp\/v2\/media\/131"}],"wp:attachment":[{"href":"https:\/\/m3caravaning.com\/ca\/wp-json\/wp\/v2\/media?parent=9589"}],"wp:term":[{"taxonomy":"category","embeddable":true,"href":"https:\/\/m3caravaning.com\/ca\/wp-json\/wp\/v2\/categories?post=9589"},{"taxonomy":"post_tag","embeddable":true,"href":"https:\/\/m3caravaning.com\/ca\/wp-json\/wp\/v2\/tags?post=9589"}],"curies":[{"name":"wp","href":"https:\/\/api.w.org\/{rel}","templated":true}]}}