





{"id":9585,"date":"2019-06-19T09:22:12","date_gmt":"2019-06-19T07:22:12","guid":{"rendered":"https:\/\/m3caravaning.com\/?p=9585"},"modified":"2024-05-23T11:54:36","modified_gmt":"2024-05-23T09:54:36","slug":"autocaravanes-i-bicicletes-de-muntanya-una-relacio-sobre-rodes","status":"publish","type":"post","link":"https:\/\/m3caravaning.com\/ca\/autocaravanes\/autocaravanes-i-bicicletes-de-muntanya-una-relacio-sobre-rodes\/","title":{"rendered":"Autocaravanes i bicicletes de muntanya: una relaci\u00f3 sobre rodes"},"content":{"rendered":"<p>Viatjar amb la bicicleta de muntanya en\u00a0<strong>autocaravana<\/strong>\u00a0t&#8217;ajudar\u00e0 a descobrir rutes incre\u00efbles. Per als bikers,\u00a0<strong>llogar una autocaravana o b\u00e9 comprar una caravana o autocaravana nova<\/strong>\u00a0pot ser una nova manera de pedalar per tot Europa. A\u00a0<strong>M3 Caravaning<\/strong>\u00a0disposem de\u00a0<strong><a href=\"https:\/\/m3caravaning.com\/ca\/autocaravanes\/\">autocaravanes noves i autocaravanes de segona m\u00e0<\/a> <\/strong>grans i espaioses perqu\u00e8 gaudeixis d&#8217;aquesta experi\u00e8ncia amb tots aquells amb els que comparteixes la teva passi\u00f3. Tu decideixes el cam\u00ed i les etapes de la teva propera ruta. Un\u00a0<strong>viatge en autocaravana<\/strong>\u00a0que et permetr\u00e0 descobrir diversos paratges naturals amb la teva bicicleta de muntanya. Una opci\u00f3 de recorreguts impressionants pel continent europeu en qu\u00e8 podr\u00e0s gaudir pedalant entre verds arbredes, o fer descensos per camins salvatges.<\/p>\n<h2>AUTOCARAVANES DE LUXE<\/h2>\n<p>Despr\u00e9s del tour del dia en bicicleta de muntanya, podr\u00e0s relaxar-te amb una dutxa d&#8217;aigua calenta, preparar el sopar i dormir al mig de la natura a la\u00a0<strong>autocaravana<\/strong>. Equipades amb tota mena de detalls, podr\u00e0s recarregar les bateries dels tel\u00e8fons m\u00f2bils o les c\u00e0meres compactes. Sempre resulta apassionant gravar els nostres salts espectaculars per compartir en xarxes socials, i ser l&#8217;enveja dels nostres amics bikers. En arribar la nit, podr\u00e0s reunir-te amb els teus companys de viatge a l&#8217;interior de la\u00a0<strong>autocaravana<\/strong>\u00a0per comentar els millors moments de la jornada. Si fas el viatge a l&#8217;hivern, enc\u00e9n la calefacci\u00f3. Si \u00e9s estiu, l&#8217;aire condicionat. En els llits de la teva\u00a0<strong>autocaravana<\/strong>\u00a0podr\u00e0s descansar a la temperatura que tu tri\u00efs. El descans \u00e9s molt important per recuperar les forces i poder donar-ho tot en la propera jornada de pedaleig. Practicar l&#8217;esport de la bicicleta de muntanya suposa una desc\u00e0rrega pura d&#8217;adrenalina. Cada vegada que el nostre nivell augmenta, suposa tamb\u00e9 el desig d&#8217;arriscar m\u00e9s en la propera ruta. Per aix\u00f2, us recomanem portar una farmaciola a la\u00a0<strong>autocaravana<\/strong>\u00a0amb els materials necessaris per a realitzar cures. En el cas d&#8217;una caiguda fortu\u00efta, ens ajudar\u00e0 a resoldre els possibles danys que es produ\u00efssin.<\/p>\n<p><strong>Llogar una autocaravana o b\u00e9 comprar una caravana o c\u00e0mping nova<\/strong>\u00a0pot ser una gran idea per gaudir amb m\u00e9s intensitat del m\u00f3n de la bicicleta de muntanya. A\u00a0<strong><a href=\"https:\/\/m3caravaning.com\/ca\/\">M3 Caravaning<\/a> <\/strong>trobar\u00e0s les millors\u00a0<strong>ofertes d&#8217;autocaravanes noves i autocaravanes de segona m\u00e0<\/strong>. Sol\u00b7licita&#8217;ns informaci\u00f3 sense comprom\u00eds!<\/p>\n","protected":false},"excerpt":{"rendered":"<p>Viatjar amb la bicicleta de muntanya en\u00a0autocaravana\u00a0t&#8217;ajudar\u00e0 a descobrir rutes incre\u00efbles. Per als bikers,\u00a0llogar una autocaravana o b\u00e9 comprar una caravana o autocaravana nova\u00a0pot ser una nova manera de pedalar per tot Europa. A\u00a0M3 Caravaning\u00a0disposem de\u00a0autocaravanes noves i autocaravanes de segona m\u00e0 grans i espaioses perqu\u00e8 gaudeixis d&#8217;aquesta experi\u00e8ncia amb tots aquells amb els que<\/p>\n","protected":false},"author":2,"featured_media":713,"comment_status":"closed","ping_status":"open","sticky":false,"template":"","format":"standard","meta":{"footnotes":""},"categories":[15],"tags":[],"class_list":["post-9585","post","type-post","status-publish","format-standard","has-post-thumbnail","hentry","category-autocaravanes"],"yoast_head":"<!-- This site is optimized with the Yoast SEO plugin v22.4 - https:\/\/yoast.com\/wordpress\/plugins\/seo\/ -->\n<title>Autocaravanes i bicicletes de muntanya: una relaci\u00f3 sobre rodes - Autocaravanas, caravanas y furgonetas campers nuevas, ocasi\u00f3n y segunda mano<\/title>\n<meta name=\"robots\" content=\"index, follow, max-snippet:-1, max-image-preview:large, max-video-preview:-1\" \/>\n<link rel=\"canonical\" href=\"https:\/\/m3caravaning.com\/ca\/autocaravanes\/autocaravanes-i-bicicletes-de-muntanya-una-relacio-sobre-rodes\/\" \/>\n<meta property=\"og:locale\" content=\"ca_ES\" \/>\n<meta property=\"og:type\" content=\"article\" \/>\n<meta property=\"og:title\" content=\"Autocaravanes i bicicletes de muntanya: una relaci\u00f3 sobre rodes - Autocaravanas, caravanas y furgonetas campers nuevas, ocasi\u00f3n y segunda mano\" \/>\n<meta property=\"og:description\" content=\"Viatjar amb la bicicleta de muntanya en\u00a0autocaravana\u00a0t&#8217;ajudar\u00e0 a descobrir rutes incre\u00efbles. Per als bikers,\u00a0llogar una autocaravana o b\u00e9 comprar una caravana o autocaravana nova\u00a0pot ser una nova manera de pedalar per tot Europa. A\u00a0M3 Caravaning\u00a0disposem de\u00a0autocaravanes noves i autocaravanes de segona m\u00e0 grans i espaioses perqu\u00e8 gaudeixis d&#8217;aquesta experi\u00e8ncia amb tots aquells amb els que\" \/>\n<meta property=\"og:url\" content=\"https:\/\/m3caravaning.com\/ca\/autocaravanes\/autocaravanes-i-bicicletes-de-muntanya-una-relacio-sobre-rodes\/\" \/>\n<meta property=\"og:site_name\" content=\"Autocaravanas, caravanas y furgonetas campers nuevas, ocasi\u00f3n y segunda mano\" \/>\n<meta property=\"article:publisher\" content=\"https:\/\/www.facebook.com\/m3caravaning\" \/>\n<meta property=\"article:published_time\" content=\"2019-06-19T07:22:12+00:00\" \/>\n<meta property=\"article:modified_time\" content=\"2024-05-23T09:54:36+00:00\" \/>\n<meta property=\"og:image\" content=\"https:\/\/m3caravaning.com\/wp-content\/uploads\/2021\/01\/autocaravanas-y-bicicletas-de-montana-una-relacion-sobre-ruedas-id-351.jpg\" \/>\n\t<meta property=\"og:image:width\" content=\"1100\" \/>\n\t<meta property=\"og:image:height\" content=\"511\" \/>\n\t<meta property=\"og:image:type\" content=\"image\/jpeg\" \/>\n<meta name=\"author\" content=\"M3 Caravaning\" \/>\n<meta name=\"twitter:card\" content=\"summary_large_image\" \/>\n<meta name=\"twitter:creator\" content=\"@M3Caravaning\" \/>\n<meta name=\"twitter:site\" content=\"@M3Caravaning\" \/>\n<meta name=\"twitter:label1\" content=\"Written by\" \/>\n\t<meta name=\"twitter:data1\" content=\"M3 Caravaning\" \/>\n\t<meta name=\"twitter:label2\" content=\"Est. reading time\" \/>\n\t<meta name=\"twitter:data2\" content=\"2 minutes\" \/>\n<script type=\"application\/ld+json\" class=\"yoast-schema-graph\">{\"@context\":\"https:\/\/schema.org\",\"@graph\":[{\"@type\":\"WebPage\",\"@id\":\"https:\/\/m3caravaning.com\/ca\/autocaravanes\/autocaravanes-i-bicicletes-de-muntanya-una-relacio-sobre-rodes\/\",\"url\":\"https:\/\/m3caravaning.com\/ca\/autocaravanes\/autocaravanes-i-bicicletes-de-muntanya-una-relacio-sobre-rodes\/\",\"name\":\"Autocaravanes i bicicletes de muntanya: una relaci\u00f3 sobre rodes - Autocaravanas, caravanas y furgonetas campers nuevas, ocasi\u00f3n y segunda mano\",\"isPartOf\":{\"@id\":\"https:\/\/m3caravaning.com\/ca\/#website\"},\"primaryImageOfPage\":{\"@id\":\"https:\/\/m3caravaning.com\/ca\/autocaravanes\/autocaravanes-i-bicicletes-de-muntanya-una-relacio-sobre-rodes\/#primaryimage\"},\"image\":{\"@id\":\"https:\/\/m3caravaning.com\/ca\/autocaravanes\/autocaravanes-i-bicicletes-de-muntanya-una-relacio-sobre-rodes\/#primaryimage\"},\"thumbnailUrl\":\"https:\/\/m3caravaning.com\/wp-content\/uploads\/2021\/01\/autocaravanas-y-bicicletas-de-montana-una-relacion-sobre-ruedas-id-351.jpg\",\"datePublished\":\"2019-06-19T07:22:12+00:00\",\"dateModified\":\"2024-05-23T09:54:36+00:00\",\"author\":{\"@id\":\"https:\/\/m3caravaning.com\/ca\/#\/schema\/person\/10e5f1edce4be1f414d4bde1bcf0c65f\"},\"breadcrumb\":{\"@id\":\"https:\/\/m3caravaning.com\/ca\/autocaravanes\/autocaravanes-i-bicicletes-de-muntanya-una-relacio-sobre-rodes\/#breadcrumb\"},\"inLanguage\":\"ca\",\"potentialAction\":[{\"@type\":\"ReadAction\",\"target\":[\"https:\/\/m3caravaning.com\/ca\/autocaravanes\/autocaravanes-i-bicicletes-de-muntanya-una-relacio-sobre-rodes\/\"]}]},{\"@type\":\"ImageObject\",\"inLanguage\":\"ca\",\"@id\":\"https:\/\/m3caravaning.com\/ca\/autocaravanes\/autocaravanes-i-bicicletes-de-muntanya-una-relacio-sobre-rodes\/#primaryimage\",\"url\":\"https:\/\/m3caravaning.com\/wp-content\/uploads\/2021\/01\/autocaravanas-y-bicicletas-de-montana-una-relacion-sobre-ruedas-id-351.jpg\",\"contentUrl\":\"https:\/\/m3caravaning.com\/wp-content\/uploads\/2021\/01\/autocaravanas-y-bicicletas-de-montana-una-relacion-sobre-ruedas-id-351.jpg\",\"width\":1100,\"height\":511},{\"@type\":\"BreadcrumbList\",\"@id\":\"https:\/\/m3caravaning.com\/ca\/autocaravanes\/autocaravanes-i-bicicletes-de-muntanya-una-relacio-sobre-rodes\/#breadcrumb\",\"itemListElement\":[{\"@type\":\"ListItem\",\"position\":1,\"name\":\"Portada\",\"item\":\"https:\/\/m3caravaning.com\/ca\/\"},{\"@type\":\"ListItem\",\"position\":2,\"name\":\"Autocaravanes i bicicletes de muntanya: una relaci\u00f3 sobre rodes\"}]},{\"@type\":\"WebSite\",\"@id\":\"https:\/\/m3caravaning.com\/ca\/#website\",\"url\":\"https:\/\/m3caravaning.com\/ca\/\",\"name\":\"Autocaravanas, caravanas y furgonetas campers nuevas, ocasi\u00f3n y segunda mano\",\"description\":\"Tu tienda de autocaravanas, campers y caravanas nuevas y de segunda mano. Alquiler, tienda de recambios, taller, seguros, etc.\",\"potentialAction\":[{\"@type\":\"SearchAction\",\"target\":{\"@type\":\"EntryPoint\",\"urlTemplate\":\"https:\/\/m3caravaning.com\/ca\/?s={search_term_string}\"},\"query-input\":\"required name=search_term_string\"}],\"inLanguage\":\"ca\"},{\"@type\":\"Person\",\"@id\":\"https:\/\/m3caravaning.com\/ca\/#\/schema\/person\/10e5f1edce4be1f414d4bde1bcf0c65f\",\"name\":\"M3 Caravaning\",\"image\":{\"@type\":\"ImageObject\",\"inLanguage\":\"ca\",\"@id\":\"https:\/\/m3caravaning.com\/ca\/#\/schema\/person\/image\/\",\"url\":\"https:\/\/secure.gravatar.com\/avatar\/45cc9e7bfaa20654bd7626e499aa306a8db18ee338763b6b771e707ccbeef54c?s=96&d=mm&r=g\",\"contentUrl\":\"https:\/\/secure.gravatar.com\/avatar\/45cc9e7bfaa20654bd7626e499aa306a8db18ee338763b6b771e707ccbeef54c?s=96&d=mm&r=g\",\"caption\":\"M3 Caravaning\"}}]}<\/script>\n<!-- \/ Yoast SEO plugin. -->","yoast_head_json":{"title":"Autocaravanes i bicicletes de muntanya: una relaci\u00f3 sobre rodes - Autocaravanas, caravanas y furgonetas campers nuevas, ocasi\u00f3n y segunda mano","robots":{"index":"index","follow":"follow","max-snippet":"max-snippet:-1","max-image-preview":"max-image-preview:large","max-video-preview":"max-video-preview:-1"},"canonical":"https:\/\/m3caravaning.com\/ca\/autocaravanes\/autocaravanes-i-bicicletes-de-muntanya-una-relacio-sobre-rodes\/","og_locale":"ca_ES","og_type":"article","og_title":"Autocaravanes i bicicletes de muntanya: una relaci\u00f3 sobre rodes - Autocaravanas, caravanas y furgonetas campers nuevas, ocasi\u00f3n y segunda mano","og_description":"Viatjar amb la bicicleta de muntanya en\u00a0autocaravana\u00a0t&#8217;ajudar\u00e0 a descobrir rutes incre\u00efbles. Per als bikers,\u00a0llogar una autocaravana o b\u00e9 comprar una caravana o autocaravana nova\u00a0pot ser una nova manera de pedalar per tot Europa. A\u00a0M3 Caravaning\u00a0disposem de\u00a0autocaravanes noves i autocaravanes de segona m\u00e0 grans i espaioses perqu\u00e8 gaudeixis d&#8217;aquesta experi\u00e8ncia amb tots aquells amb els que","og_url":"https:\/\/m3caravaning.com\/ca\/autocaravanes\/autocaravanes-i-bicicletes-de-muntanya-una-relacio-sobre-rodes\/","og_site_name":"Autocaravanas, caravanas y furgonetas campers nuevas, ocasi\u00f3n y segunda mano","article_publisher":"https:\/\/www.facebook.com\/m3caravaning","article_published_time":"2019-06-19T07:22:12+00:00","article_modified_time":"2024-05-23T09:54:36+00:00","og_image":[{"width":1100,"height":511,"url":"https:\/\/m3caravaning.com\/wp-content\/uploads\/2021\/01\/autocaravanas-y-bicicletas-de-montana-una-relacion-sobre-ruedas-id-351.jpg","type":"image\/jpeg"}],"author":"M3 Caravaning","twitter_card":"summary_large_image","twitter_creator":"@M3Caravaning","twitter_site":"@M3Caravaning","twitter_misc":{"Written by":"M3 Caravaning","Est. reading time":"2 minutes"},"schema":{"@context":"https:\/\/schema.org","@graph":[{"@type":"WebPage","@id":"https:\/\/m3caravaning.com\/ca\/autocaravanes\/autocaravanes-i-bicicletes-de-muntanya-una-relacio-sobre-rodes\/","url":"https:\/\/m3caravaning.com\/ca\/autocaravanes\/autocaravanes-i-bicicletes-de-muntanya-una-relacio-sobre-rodes\/","name":"Autocaravanes i bicicletes de muntanya: una relaci\u00f3 sobre rodes - Autocaravanas, caravanas y furgonetas campers nuevas, ocasi\u00f3n y segunda mano","isPartOf":{"@id":"https:\/\/m3caravaning.com\/ca\/#website"},"primaryImageOfPage":{"@id":"https:\/\/m3caravaning.com\/ca\/autocaravanes\/autocaravanes-i-bicicletes-de-muntanya-una-relacio-sobre-rodes\/#primaryimage"},"image":{"@id":"https:\/\/m3caravaning.com\/ca\/autocaravanes\/autocaravanes-i-bicicletes-de-muntanya-una-relacio-sobre-rodes\/#primaryimage"},"thumbnailUrl":"https:\/\/m3caravaning.com\/wp-content\/uploads\/2021\/01\/autocaravanas-y-bicicletas-de-montana-una-relacion-sobre-ruedas-id-351.jpg","datePublished":"2019-06-19T07:22:12+00:00","dateModified":"2024-05-23T09:54:36+00:00","author":{"@id":"https:\/\/m3caravaning.com\/ca\/#\/schema\/person\/10e5f1edce4be1f414d4bde1bcf0c65f"},"breadcrumb":{"@id":"https:\/\/m3caravaning.com\/ca\/autocaravanes\/autocaravanes-i-bicicletes-de-muntanya-una-relacio-sobre-rodes\/#breadcrumb"},"inLanguage":"ca","potentialAction":[{"@type":"ReadAction","target":["https:\/\/m3caravaning.com\/ca\/autocaravanes\/autocaravanes-i-bicicletes-de-muntanya-una-relacio-sobre-rodes\/"]}]},{"@type":"ImageObject","inLanguage":"ca","@id":"https:\/\/m3caravaning.com\/ca\/autocaravanes\/autocaravanes-i-bicicletes-de-muntanya-una-relacio-sobre-rodes\/#primaryimage","url":"https:\/\/m3caravaning.com\/wp-content\/uploads\/2021\/01\/autocaravanas-y-bicicletas-de-montana-una-relacion-sobre-ruedas-id-351.jpg","contentUrl":"https:\/\/m3caravaning.com\/wp-content\/uploads\/2021\/01\/autocaravanas-y-bicicletas-de-montana-una-relacion-sobre-ruedas-id-351.jpg","width":1100,"height":511},{"@type":"BreadcrumbList","@id":"https:\/\/m3caravaning.com\/ca\/autocaravanes\/autocaravanes-i-bicicletes-de-muntanya-una-relacio-sobre-rodes\/#breadcrumb","itemListElement":[{"@type":"ListItem","position":1,"name":"Portada","item":"https:\/\/m3caravaning.com\/ca\/"},{"@type":"ListItem","position":2,"name":"Autocaravanes i bicicletes de muntanya: una relaci\u00f3 sobre rodes"}]},{"@type":"WebSite","@id":"https:\/\/m3caravaning.com\/ca\/#website","url":"https:\/\/m3caravaning.com\/ca\/","name":"Autocaravanas, caravanas y furgonetas campers nuevas, ocasi\u00f3n y segunda mano","description":"Tu tienda de autocaravanas, campers y caravanas nuevas y de segunda mano. Alquiler, tienda de recambios, taller, seguros, etc.","potentialAction":[{"@type":"SearchAction","target":{"@type":"EntryPoint","urlTemplate":"https:\/\/m3caravaning.com\/ca\/?s={search_term_string}"},"query-input":"required name=search_term_string"}],"inLanguage":"ca"},{"@type":"Person","@id":"https:\/\/m3caravaning.com\/ca\/#\/schema\/person\/10e5f1edce4be1f414d4bde1bcf0c65f","name":"M3 Caravaning","image":{"@type":"ImageObject","inLanguage":"ca","@id":"https:\/\/m3caravaning.com\/ca\/#\/schema\/person\/image\/","url":"https:\/\/secure.gravatar.com\/avatar\/45cc9e7bfaa20654bd7626e499aa306a8db18ee338763b6b771e707ccbeef54c?s=96&d=mm&r=g","contentUrl":"https:\/\/secure.gravatar.com\/avatar\/45cc9e7bfaa20654bd7626e499aa306a8db18ee338763b6b771e707ccbeef54c?s=96&d=mm&r=g","caption":"M3 Caravaning"}}]}},"_links":{"self":[{"href":"https:\/\/m3caravaning.com\/ca\/wp-json\/wp\/v2\/posts\/9585","targetHints":{"allow":["GET"]}}],"collection":[{"href":"https:\/\/m3caravaning.com\/ca\/wp-json\/wp\/v2\/posts"}],"about":[{"href":"https:\/\/m3caravaning.com\/ca\/wp-json\/wp\/v2\/types\/post"}],"author":[{"embeddable":true,"href":"https:\/\/m3caravaning.com\/ca\/wp-json\/wp\/v2\/users\/2"}],"replies":[{"embeddable":true,"href":"https:\/\/m3caravaning.com\/ca\/wp-json\/wp\/v2\/comments?post=9585"}],"version-history":[{"count":1,"href":"https:\/\/m3caravaning.com\/ca\/wp-json\/wp\/v2\/posts\/9585\/revisions"}],"predecessor-version":[{"id":619411,"href":"https:\/\/m3caravaning.com\/ca\/wp-json\/wp\/v2\/posts\/9585\/revisions\/619411"}],"wp:featuredmedia":[{"embeddable":true,"href":"https:\/\/m3caravaning.com\/ca\/wp-json\/wp\/v2\/media\/713"}],"wp:attachment":[{"href":"https:\/\/m3caravaning.com\/ca\/wp-json\/wp\/v2\/media?parent=9585"}],"wp:term":[{"taxonomy":"category","embeddable":true,"href":"https:\/\/m3caravaning.com\/ca\/wp-json\/wp\/v2\/categories?post=9585"},{"taxonomy":"post_tag","embeddable":true,"href":"https:\/\/m3caravaning.com\/ca\/wp-json\/wp\/v2\/tags?post=9585"}],"curies":[{"name":"wp","href":"https:\/\/api.w.org\/{rel}","templated":true}]}}