





{"id":9504,"date":"2018-06-22T09:06:45","date_gmt":"2018-06-22T07:06:45","guid":{"rendered":"https:\/\/m3caravaning.com\/?p=9504"},"modified":"2024-05-27T12:55:47","modified_gmt":"2024-05-27T10:55:47","slug":"viatjant-amb-furgoneta-camper-weinsberg-carabus-601-dq","status":"publish","type":"post","link":"https:\/\/m3caravaning.com\/ca\/campers-ca\/viatjant-amb-furgoneta-camper-weinsberg-carabus-601-dq\/","title":{"rendered":"Viatjant amb furgoneta camper Weinsberg Carabus 601 DQ"},"content":{"rendered":"<p>Si ets dels que prefereix no liar-se amb l&#8217;aparcament als c\u00e0mpings i no haver d&#8217;estar pendent de les \u00e0rees on pots deixar el teu vehicle, des de M3 Caravaning et recomanem la\u00a0<strong>furgoneta camper Weinsberg CaraBus 601<\/strong>\u00a0DQ. Una opci\u00f3 compacta i moderna que no et deixa indiferent.<\/p>\n<p>Aquesta\u00a0<a href=\"https:\/\/m3caravaning.com\/ca\/campers\/\"><strong>furgoneta camper<\/strong><\/a>\u00a0\u00e9s molt indicada per fam\u00edlies o grups d&#8217;amics de fins a 4 persones amb els quals gaudir d&#8217;unes merescudes vacances. Podr\u00e0s gaudir d&#8217;una comoditat extraordin\u00e0ria gr\u00e0cies a l&#8217;organitzaci\u00f3 de tots els elements, tot i el seu espai redu\u00eft.<\/p>\n<p>La zona de la sala d\u2019estar compta amb dos seients, m\u00e9s els giratoris de cabina. Arribant aix\u00ed a formar 4 places. Pots instal\u00b7lar de manera opcional, una extensi\u00f3 per a la taula si veus que necessitar\u00e0s m\u00e9s espai. Davant d&#8217;aquesta zona menjador, hi trobem la cuina, amb una \u00e0mplia taula de treball per facilitar-te les coses quan comencis a cuinar. T\u00e9 dos fogons d&#8217;acer inoxidable, pica amb tapa de vidre i una nevera amb una capacitat de 65 litres.<\/p>\n<p>El bany de la\u00a0<strong>furgoneta camper<\/strong>\u00a0te dutxa integrada, t\u00e9 cortina amb fixaci\u00f3 al sostre i lavabo. A m\u00e9s a m\u00e9s, compta amb compartiments molt pr\u00e0ctics per poder guardar o col\u00b7locar qualsevol cosa.<\/p>\n<p>En aquesta\u00a0<strong>furgoneta camper Weinsberg<\/strong>\u00a0podreu dormir 2 persones a la part posterior gr\u00e0cies al seu llit de 194&#215;140 cm o a l&#8217;incre\u00efble llit basculant del sostre, damunt del menjador, de 176&#215;130, on hi caben dues persones m\u00e9s.<\/p>\n<p>I no t&#8217;oblidis que aquest camper compta amb mosquitera a la porta principal i si vols, esgla\u00f3 el\u00e8ctric per un acc\u00e9s m\u00e9s f\u00e0cil a l&#8217;interior.<\/p>\n<p>La il\u00b7luminaci\u00f3 c\u00e0lida d&#8217;aquesta furgoneta es degut als LED que es troben al llarg de tot el vehicle, fins i tot en la canaleta.<\/p>\n<p>Amb M3 Caravaning pots aconseguir accessoris opcionals gr\u00e0cies als nostres diferents packs. A qu\u00e8 esperes? Vine a veure-la, t&#8217;esperem en Ctra. N-340 Km. 1214,4 08720 Vilafranca del Penedes. (Barcelona) o Ctra. de Burgos N-I Km.24 28700 San Sebastian de los Reyes (Madrid).<\/p>\n","protected":false},"excerpt":{"rendered":"<p>Si ets dels que prefereix no liar-se amb l&#8217;aparcament als c\u00e0mpings i no haver d&#8217;estar pendent de les \u00e0rees on pots deixar el teu vehicle, des de M3 Caravaning et recomanem la\u00a0furgoneta camper Weinsberg CaraBus 601\u00a0DQ. Una opci\u00f3 compacta i moderna que no et deixa indiferent. Aquesta\u00a0furgoneta camper\u00a0\u00e9s molt indicada per fam\u00edlies o grups d&#8217;amics<\/p>\n","protected":false},"author":2,"featured_media":653,"comment_status":"closed","ping_status":"open","sticky":false,"template":"","format":"standard","meta":{"footnotes":""},"categories":[16],"tags":[],"class_list":["post-9504","post","type-post","status-publish","format-standard","has-post-thumbnail","hentry","category-campers-ca"],"yoast_head":"<!-- This site is optimized with the Yoast SEO plugin v22.4 - https:\/\/yoast.com\/wordpress\/plugins\/seo\/ -->\n<title>Viatjant amb furgoneta camper Weinsberg Carabus 601 DQ - Autocaravanas, caravanas y furgonetas campers nuevas, ocasi\u00f3n y segunda mano<\/title>\n<meta name=\"description\" content=\"M3 Caravaning t&#039;explica el que suposa anar viatjant amb furgoneta camper Weinsberg Carabus 601 DQ, una experi\u00e8ncia \u00fanica\" \/>\n<meta name=\"robots\" content=\"index, follow, max-snippet:-1, max-image-preview:large, max-video-preview:-1\" \/>\n<link rel=\"canonical\" href=\"https:\/\/m3caravaning.com\/ca\/campers-ca\/viatjant-amb-furgoneta-camper-weinsberg-carabus-601-dq\/\" \/>\n<meta property=\"og:locale\" content=\"ca_ES\" \/>\n<meta property=\"og:type\" content=\"article\" \/>\n<meta property=\"og:title\" content=\"Viatjant amb furgoneta camper Weinsberg Carabus 601 DQ - Autocaravanas, caravanas y furgonetas campers nuevas, ocasi\u00f3n y segunda mano\" \/>\n<meta property=\"og:description\" content=\"M3 Caravaning t&#039;explica el que suposa anar viatjant amb furgoneta camper Weinsberg Carabus 601 DQ, una experi\u00e8ncia \u00fanica\" \/>\n<meta property=\"og:url\" content=\"https:\/\/m3caravaning.com\/ca\/campers-ca\/viatjant-amb-furgoneta-camper-weinsberg-carabus-601-dq\/\" \/>\n<meta property=\"og:site_name\" content=\"Autocaravanas, caravanas y furgonetas campers nuevas, ocasi\u00f3n y segunda mano\" \/>\n<meta property=\"article:publisher\" content=\"https:\/\/www.facebook.com\/m3caravaning\" \/>\n<meta property=\"article:published_time\" content=\"2018-06-22T07:06:45+00:00\" \/>\n<meta property=\"article:modified_time\" content=\"2024-05-27T10:55:47+00:00\" \/>\n<meta property=\"og:image\" content=\"https:\/\/m3caravaning.com\/wp-content\/uploads\/2021\/01\/viajando-en-la-furgoneta-camper-weinsberg-carabus-601-dq-id-178.jpg\" \/>\n\t<meta property=\"og:image:width\" content=\"1000\" \/>\n\t<meta property=\"og:image:height\" content=\"450\" \/>\n\t<meta property=\"og:image:type\" content=\"image\/jpeg\" \/>\n<meta name=\"author\" content=\"M3 Caravaning\" \/>\n<meta name=\"twitter:card\" content=\"summary_large_image\" \/>\n<meta name=\"twitter:creator\" content=\"@M3Caravaning\" \/>\n<meta name=\"twitter:site\" content=\"@M3Caravaning\" \/>\n<meta name=\"twitter:label1\" content=\"Written by\" \/>\n\t<meta name=\"twitter:data1\" content=\"M3 Caravaning\" \/>\n\t<meta name=\"twitter:label2\" content=\"Est. reading time\" \/>\n\t<meta name=\"twitter:data2\" content=\"2 minutes\" \/>\n<script type=\"application\/ld+json\" class=\"yoast-schema-graph\">{\"@context\":\"https:\/\/schema.org\",\"@graph\":[{\"@type\":\"WebPage\",\"@id\":\"https:\/\/m3caravaning.com\/ca\/campers-ca\/viatjant-amb-furgoneta-camper-weinsberg-carabus-601-dq\/\",\"url\":\"https:\/\/m3caravaning.com\/ca\/campers-ca\/viatjant-amb-furgoneta-camper-weinsberg-carabus-601-dq\/\",\"name\":\"Viatjant amb furgoneta camper Weinsberg Carabus 601 DQ - Autocaravanas, caravanas y furgonetas campers nuevas, ocasi\u00f3n y segunda mano\",\"isPartOf\":{\"@id\":\"https:\/\/m3caravaning.com\/ca\/#website\"},\"primaryImageOfPage\":{\"@id\":\"https:\/\/m3caravaning.com\/ca\/campers-ca\/viatjant-amb-furgoneta-camper-weinsberg-carabus-601-dq\/#primaryimage\"},\"image\":{\"@id\":\"https:\/\/m3caravaning.com\/ca\/campers-ca\/viatjant-amb-furgoneta-camper-weinsberg-carabus-601-dq\/#primaryimage\"},\"thumbnailUrl\":\"https:\/\/m3caravaning.com\/wp-content\/uploads\/2021\/01\/viajando-en-la-furgoneta-camper-weinsberg-carabus-601-dq-id-178.jpg\",\"datePublished\":\"2018-06-22T07:06:45+00:00\",\"dateModified\":\"2024-05-27T10:55:47+00:00\",\"author\":{\"@id\":\"https:\/\/m3caravaning.com\/ca\/#\/schema\/person\/10e5f1edce4be1f414d4bde1bcf0c65f\"},\"description\":\"M3 Caravaning t'explica el que suposa anar viatjant amb furgoneta camper Weinsberg Carabus 601 DQ, una experi\u00e8ncia \u00fanica\",\"breadcrumb\":{\"@id\":\"https:\/\/m3caravaning.com\/ca\/campers-ca\/viatjant-amb-furgoneta-camper-weinsberg-carabus-601-dq\/#breadcrumb\"},\"inLanguage\":\"ca\",\"potentialAction\":[{\"@type\":\"ReadAction\",\"target\":[\"https:\/\/m3caravaning.com\/ca\/campers-ca\/viatjant-amb-furgoneta-camper-weinsberg-carabus-601-dq\/\"]}]},{\"@type\":\"ImageObject\",\"inLanguage\":\"ca\",\"@id\":\"https:\/\/m3caravaning.com\/ca\/campers-ca\/viatjant-amb-furgoneta-camper-weinsberg-carabus-601-dq\/#primaryimage\",\"url\":\"https:\/\/m3caravaning.com\/wp-content\/uploads\/2021\/01\/viajando-en-la-furgoneta-camper-weinsberg-carabus-601-dq-id-178.jpg\",\"contentUrl\":\"https:\/\/m3caravaning.com\/wp-content\/uploads\/2021\/01\/viajando-en-la-furgoneta-camper-weinsberg-carabus-601-dq-id-178.jpg\",\"width\":1000,\"height\":450},{\"@type\":\"BreadcrumbList\",\"@id\":\"https:\/\/m3caravaning.com\/ca\/campers-ca\/viatjant-amb-furgoneta-camper-weinsberg-carabus-601-dq\/#breadcrumb\",\"itemListElement\":[{\"@type\":\"ListItem\",\"position\":1,\"name\":\"Portada\",\"item\":\"https:\/\/m3caravaning.com\/ca\/\"},{\"@type\":\"ListItem\",\"position\":2,\"name\":\"Viatjant amb furgoneta camper Weinsberg Carabus 601 DQ\"}]},{\"@type\":\"WebSite\",\"@id\":\"https:\/\/m3caravaning.com\/ca\/#website\",\"url\":\"https:\/\/m3caravaning.com\/ca\/\",\"name\":\"Autocaravanas, caravanas y furgonetas campers nuevas, ocasi\u00f3n y segunda mano\",\"description\":\"Tu tienda de autocaravanas, campers y caravanas nuevas y de segunda mano. Alquiler, tienda de recambios, taller, seguros, etc.\",\"potentialAction\":[{\"@type\":\"SearchAction\",\"target\":{\"@type\":\"EntryPoint\",\"urlTemplate\":\"https:\/\/m3caravaning.com\/ca\/?s={search_term_string}\"},\"query-input\":\"required name=search_term_string\"}],\"inLanguage\":\"ca\"},{\"@type\":\"Person\",\"@id\":\"https:\/\/m3caravaning.com\/ca\/#\/schema\/person\/10e5f1edce4be1f414d4bde1bcf0c65f\",\"name\":\"M3 Caravaning\",\"image\":{\"@type\":\"ImageObject\",\"inLanguage\":\"ca\",\"@id\":\"https:\/\/m3caravaning.com\/ca\/#\/schema\/person\/image\/\",\"url\":\"https:\/\/secure.gravatar.com\/avatar\/45cc9e7bfaa20654bd7626e499aa306a8db18ee338763b6b771e707ccbeef54c?s=96&d=mm&r=g\",\"contentUrl\":\"https:\/\/secure.gravatar.com\/avatar\/45cc9e7bfaa20654bd7626e499aa306a8db18ee338763b6b771e707ccbeef54c?s=96&d=mm&r=g\",\"caption\":\"M3 Caravaning\"}}]}<\/script>\n<!-- \/ Yoast SEO plugin. -->","yoast_head_json":{"title":"Viatjant amb furgoneta camper Weinsberg Carabus 601 DQ - Autocaravanas, caravanas y furgonetas campers nuevas, ocasi\u00f3n y segunda mano","description":"M3 Caravaning t'explica el que suposa anar viatjant amb furgoneta camper Weinsberg Carabus 601 DQ, una experi\u00e8ncia \u00fanica","robots":{"index":"index","follow":"follow","max-snippet":"max-snippet:-1","max-image-preview":"max-image-preview:large","max-video-preview":"max-video-preview:-1"},"canonical":"https:\/\/m3caravaning.com\/ca\/campers-ca\/viatjant-amb-furgoneta-camper-weinsberg-carabus-601-dq\/","og_locale":"ca_ES","og_type":"article","og_title":"Viatjant amb furgoneta camper Weinsberg Carabus 601 DQ - Autocaravanas, caravanas y furgonetas campers nuevas, ocasi\u00f3n y segunda mano","og_description":"M3 Caravaning t'explica el que suposa anar viatjant amb furgoneta camper Weinsberg Carabus 601 DQ, una experi\u00e8ncia \u00fanica","og_url":"https:\/\/m3caravaning.com\/ca\/campers-ca\/viatjant-amb-furgoneta-camper-weinsberg-carabus-601-dq\/","og_site_name":"Autocaravanas, caravanas y furgonetas campers nuevas, ocasi\u00f3n y segunda mano","article_publisher":"https:\/\/www.facebook.com\/m3caravaning","article_published_time":"2018-06-22T07:06:45+00:00","article_modified_time":"2024-05-27T10:55:47+00:00","og_image":[{"width":1000,"height":450,"url":"https:\/\/m3caravaning.com\/wp-content\/uploads\/2021\/01\/viajando-en-la-furgoneta-camper-weinsberg-carabus-601-dq-id-178.jpg","type":"image\/jpeg"}],"author":"M3 Caravaning","twitter_card":"summary_large_image","twitter_creator":"@M3Caravaning","twitter_site":"@M3Caravaning","twitter_misc":{"Written by":"M3 Caravaning","Est. reading time":"2 minutes"},"schema":{"@context":"https:\/\/schema.org","@graph":[{"@type":"WebPage","@id":"https:\/\/m3caravaning.com\/ca\/campers-ca\/viatjant-amb-furgoneta-camper-weinsberg-carabus-601-dq\/","url":"https:\/\/m3caravaning.com\/ca\/campers-ca\/viatjant-amb-furgoneta-camper-weinsberg-carabus-601-dq\/","name":"Viatjant amb furgoneta camper Weinsberg Carabus 601 DQ - Autocaravanas, caravanas y furgonetas campers nuevas, ocasi\u00f3n y segunda mano","isPartOf":{"@id":"https:\/\/m3caravaning.com\/ca\/#website"},"primaryImageOfPage":{"@id":"https:\/\/m3caravaning.com\/ca\/campers-ca\/viatjant-amb-furgoneta-camper-weinsberg-carabus-601-dq\/#primaryimage"},"image":{"@id":"https:\/\/m3caravaning.com\/ca\/campers-ca\/viatjant-amb-furgoneta-camper-weinsberg-carabus-601-dq\/#primaryimage"},"thumbnailUrl":"https:\/\/m3caravaning.com\/wp-content\/uploads\/2021\/01\/viajando-en-la-furgoneta-camper-weinsberg-carabus-601-dq-id-178.jpg","datePublished":"2018-06-22T07:06:45+00:00","dateModified":"2024-05-27T10:55:47+00:00","author":{"@id":"https:\/\/m3caravaning.com\/ca\/#\/schema\/person\/10e5f1edce4be1f414d4bde1bcf0c65f"},"description":"M3 Caravaning t'explica el que suposa anar viatjant amb furgoneta camper Weinsberg Carabus 601 DQ, una experi\u00e8ncia \u00fanica","breadcrumb":{"@id":"https:\/\/m3caravaning.com\/ca\/campers-ca\/viatjant-amb-furgoneta-camper-weinsberg-carabus-601-dq\/#breadcrumb"},"inLanguage":"ca","potentialAction":[{"@type":"ReadAction","target":["https:\/\/m3caravaning.com\/ca\/campers-ca\/viatjant-amb-furgoneta-camper-weinsberg-carabus-601-dq\/"]}]},{"@type":"ImageObject","inLanguage":"ca","@id":"https:\/\/m3caravaning.com\/ca\/campers-ca\/viatjant-amb-furgoneta-camper-weinsberg-carabus-601-dq\/#primaryimage","url":"https:\/\/m3caravaning.com\/wp-content\/uploads\/2021\/01\/viajando-en-la-furgoneta-camper-weinsberg-carabus-601-dq-id-178.jpg","contentUrl":"https:\/\/m3caravaning.com\/wp-content\/uploads\/2021\/01\/viajando-en-la-furgoneta-camper-weinsberg-carabus-601-dq-id-178.jpg","width":1000,"height":450},{"@type":"BreadcrumbList","@id":"https:\/\/m3caravaning.com\/ca\/campers-ca\/viatjant-amb-furgoneta-camper-weinsberg-carabus-601-dq\/#breadcrumb","itemListElement":[{"@type":"ListItem","position":1,"name":"Portada","item":"https:\/\/m3caravaning.com\/ca\/"},{"@type":"ListItem","position":2,"name":"Viatjant amb furgoneta camper Weinsberg Carabus 601 DQ"}]},{"@type":"WebSite","@id":"https:\/\/m3caravaning.com\/ca\/#website","url":"https:\/\/m3caravaning.com\/ca\/","name":"Autocaravanas, caravanas y furgonetas campers nuevas, ocasi\u00f3n y segunda mano","description":"Tu tienda de autocaravanas, campers y caravanas nuevas y de segunda mano. Alquiler, tienda de recambios, taller, seguros, etc.","potentialAction":[{"@type":"SearchAction","target":{"@type":"EntryPoint","urlTemplate":"https:\/\/m3caravaning.com\/ca\/?s={search_term_string}"},"query-input":"required name=search_term_string"}],"inLanguage":"ca"},{"@type":"Person","@id":"https:\/\/m3caravaning.com\/ca\/#\/schema\/person\/10e5f1edce4be1f414d4bde1bcf0c65f","name":"M3 Caravaning","image":{"@type":"ImageObject","inLanguage":"ca","@id":"https:\/\/m3caravaning.com\/ca\/#\/schema\/person\/image\/","url":"https:\/\/secure.gravatar.com\/avatar\/45cc9e7bfaa20654bd7626e499aa306a8db18ee338763b6b771e707ccbeef54c?s=96&d=mm&r=g","contentUrl":"https:\/\/secure.gravatar.com\/avatar\/45cc9e7bfaa20654bd7626e499aa306a8db18ee338763b6b771e707ccbeef54c?s=96&d=mm&r=g","caption":"M3 Caravaning"}}]}},"_links":{"self":[{"href":"https:\/\/m3caravaning.com\/ca\/wp-json\/wp\/v2\/posts\/9504","targetHints":{"allow":["GET"]}}],"collection":[{"href":"https:\/\/m3caravaning.com\/ca\/wp-json\/wp\/v2\/posts"}],"about":[{"href":"https:\/\/m3caravaning.com\/ca\/wp-json\/wp\/v2\/types\/post"}],"author":[{"embeddable":true,"href":"https:\/\/m3caravaning.com\/ca\/wp-json\/wp\/v2\/users\/2"}],"replies":[{"embeddable":true,"href":"https:\/\/m3caravaning.com\/ca\/wp-json\/wp\/v2\/comments?post=9504"}],"version-history":[{"count":1,"href":"https:\/\/m3caravaning.com\/ca\/wp-json\/wp\/v2\/posts\/9504\/revisions"}],"predecessor-version":[{"id":619604,"href":"https:\/\/m3caravaning.com\/ca\/wp-json\/wp\/v2\/posts\/9504\/revisions\/619604"}],"wp:featuredmedia":[{"embeddable":true,"href":"https:\/\/m3caravaning.com\/ca\/wp-json\/wp\/v2\/media\/653"}],"wp:attachment":[{"href":"https:\/\/m3caravaning.com\/ca\/wp-json\/wp\/v2\/media?parent=9504"}],"wp:term":[{"taxonomy":"category","embeddable":true,"href":"https:\/\/m3caravaning.com\/ca\/wp-json\/wp\/v2\/categories?post=9504"},{"taxonomy":"post_tag","embeddable":true,"href":"https:\/\/m3caravaning.com\/ca\/wp-json\/wp\/v2\/tags?post=9504"}],"curies":[{"name":"wp","href":"https:\/\/api.w.org\/{rel}","templated":true}]}}