





{"id":9402,"date":"2018-07-27T10:12:17","date_gmt":"2018-07-27T08:12:17","guid":{"rendered":"https:\/\/m3caravaning.com\/?p=9402"},"modified":"2021-06-15T10:14:00","modified_gmt":"2021-06-15T08:14:00","slug":"italia-en-autocaravana","status":"publish","type":"post","link":"https:\/\/m3caravaning.com\/ca\/autocaravanes\/italia-en-autocaravana\/","title":{"rendered":"It\u00e0lia en autocaravana"},"content":{"rendered":"<p>Aquest estiu tens pensat viatjar a It\u00e0lia en\u00a0<strong>autocaravana<\/strong>? Has de tenir en compte certs aspectes al llarg de la ruta triada.<\/p>\n<ul>\n<li>Tens l&#8217;opci\u00f3 d&#8217;anar per carretera, aix\u00f2 s\u00ed, trigar\u00e0s dies a arribar a la teva destinaci\u00f3. Aquesta ruta \u00e9s recomanable si vas a visitar zones de pas com M\u00f2naco o Ni\u00e7a. Et recordem que el preu de la gasolina i el gasoil s\u00f3n m\u00e9s cars en aquests pa\u00efsos. Per aix\u00f2 abans de comen\u00e7ar a fer ruta omple el dip\u00f2sit el m\u00e0xim que puguis a Espanya.<\/li>\n<\/ul>\n<div id=\"ez-toc-container\" class=\"ez-toc-v2_0_82_2 counter-hierarchy ez-toc-counter ez-toc-custom ez-toc-container-direction\">\n<div class=\"ez-toc-title-container\">\n<p class=\"ez-toc-title ez-toc-toggle\" style=\"cursor:pointer\">Tabla de contenido<\/p>\n<span class=\"ez-toc-title-toggle\"><\/span><\/div>\n<nav><ul class='ez-toc-list ez-toc-list-level-1 ' ><li class='ez-toc-page-1 ez-toc-heading-level-2'><a class=\"ez-toc-link ez-toc-heading-1\" href=\"https:\/\/m3caravaning.com\/ca\/autocaravanes\/italia-en-autocaravana\/#Des_de_Barcelona_a_Italia_en_autocaravana\" >Des de Barcelona a Italia en autocaravana<\/a><\/li><li class='ez-toc-page-1 ez-toc-heading-level-2'><a class=\"ez-toc-link ez-toc-heading-2\" href=\"https:\/\/m3caravaning.com\/ca\/autocaravanes\/italia-en-autocaravana\/#Consells_sobre_seguretat_al_viatjar_a_Italia_amb_la_teva_autocaravana\" >Consells sobre seguretat al viatjar a Italia amb la teva autocaravana<\/a><\/li><\/ul><\/nav><\/div>\n<h2><span class=\"ez-toc-section\" id=\"Des_de_Barcelona_a_Italia_en_autocaravana\"><\/span><strong>Des de Barcelona a Italia en autocaravana<\/strong><span class=\"ez-toc-section-end\"><\/span><\/h2>\n<ul>\n<li>Si l&#8217;\u00fanica cosa que vols fer \u00e9s con\u00e8ixer It\u00e0lia a fons, moltes persones es decanten per anar en ferri amb la seva** autocaravana**, i Barcelona compta amb un bon servei i bones rutes. Si et decantes per aquesta opci\u00f3 \u00e9s recomanable reservar abans de tot, ja que en \u00e8poca estival el hi ha molta aflu\u00e8ncia d\u2019usuaris.<\/li>\n<\/ul>\n<h2><span class=\"ez-toc-section\" id=\"Consells_sobre_seguretat_al_viatjar_a_Italia_amb_la_teva_autocaravana\"><\/span><strong>Consells sobre seguretat al viatjar a Italia amb la teva autocaravana<\/strong><span class=\"ez-toc-section-end\"><\/span><\/h2>\n<p>Una vegada a It\u00e0lia des de M3Caravaning et recomanem:<\/p>\n<ul>\n<li>Portar el GPS actualitzat, al ser un pa\u00eds desconegut no sabem si hi ha talls de carretera i aix\u00f2 pot fer recalcular la ruta per arribar a la nostra destinaci\u00f3. Per aix\u00f2 el GPS \u00e9s de gran ajuda.<\/li>\n<li>El sistema de peatges \u00e9s diferent al nostre. Compta amb cinc classes i es paga pel nombre d&#8217;eixos rodants i per l&#8217;altura, des del terra a la part superior del capo frontal mesurat sobre l&#8217;eix davanter. Normalment les autocaravanes estan dins de la classe B. Si vols m\u00e9s informaci\u00f3 pots clica aqu\u00ed http:\/\/www.autostrade.it\/it\/il-pedaggio\/le-classi-di-pedaggio.<\/li>\n<li>No t&#8217;oblidis la targeta sanit\u00e0ria europea.<\/li>\n<li>Normalment el primer diumenge de cada mes els museus s\u00f3n gratu\u00efts, apunta-t&#8217;ho i si coincideix amb la teva estada podr\u00e0s gaudir d&#8217;un dia cultural per menys diners.<\/li>\n<li>\u00c9s important que tinguis clar els tel\u00e8fons d&#8217;inter\u00e8s del pa\u00eds: emerg\u00e8ncies 112, Policia Nacional 113, bombers 115, assist\u00e8ncia en carretera 116, ambul\u00e0ncies 118.<\/li>\n<li>Si coneixes la teva seg\u00fcent destinaci\u00f3 en autocaravana, et recomanem que dies abans reservis algun lloc on deixar el teu vehicle, ja sigui p\u00e0rquing o c\u00e0mping. Pots aconseguir algun descompte si ho fas per endavant, i a m\u00e9s \u00e9s molt m\u00e9s c\u00f2mode.<\/li>\n<\/ul>\n<p>I\u2026 bon viatge!<\/p>\n","protected":false},"excerpt":{"rendered":"<p>Aquest estiu tens pensat viatjar a It\u00e0lia en\u00a0autocaravana? Has de tenir en compte certs aspectes al llarg de la ruta triada. Tens l&#8217;opci\u00f3 d&#8217;anar per carretera, aix\u00f2 s\u00ed, trigar\u00e0s dies a arribar a la teva destinaci\u00f3. Aquesta ruta \u00e9s recomanable si vas a visitar zones de pas com M\u00f2naco o Ni\u00e7a. Et recordem que el<\/p>\n","protected":false},"author":2,"featured_media":636164,"comment_status":"closed","ping_status":"open","sticky":false,"template":"","format":"standard","meta":{"footnotes":""},"categories":[15],"tags":[],"class_list":["post-9402","post","type-post","status-publish","format-standard","has-post-thumbnail","hentry","category-autocaravanes"],"yoast_head":"<!-- This site is optimized with the Yoast SEO plugin v22.4 - https:\/\/yoast.com\/wordpress\/plugins\/seo\/ -->\n<title>Italia en Autocaravana | M3 Caravaning<\/title>\n<meta name=\"description\" content=\"Explora It\u00e0lia en autocaravana, M3 Caravaning et proposa una s\u00e8rie de rutes i llocs que et proporcionaran moments \u00fanics\" \/>\n<meta name=\"robots\" content=\"index, follow, max-snippet:-1, max-image-preview:large, max-video-preview:-1\" \/>\n<link rel=\"canonical\" href=\"https:\/\/m3caravaning.com\/ca\/autocaravanes\/italia-en-autocaravana\/\" \/>\n<meta property=\"og:locale\" content=\"ca_ES\" \/>\n<meta property=\"og:type\" content=\"article\" \/>\n<meta property=\"og:title\" content=\"Italia en Autocaravana | M3 Caravaning\" \/>\n<meta property=\"og:description\" content=\"Explora It\u00e0lia en autocaravana, M3 Caravaning et proposa una s\u00e8rie de rutes i llocs que et proporcionaran moments \u00fanics\" \/>\n<meta property=\"og:url\" content=\"https:\/\/m3caravaning.com\/ca\/autocaravanes\/italia-en-autocaravana\/\" \/>\n<meta property=\"og:site_name\" content=\"Autocaravanas, caravanas y furgonetas campers nuevas, ocasi\u00f3n y segunda mano\" \/>\n<meta property=\"article:publisher\" content=\"https:\/\/www.facebook.com\/m3caravaning\" \/>\n<meta property=\"article:published_time\" content=\"2018-07-27T08:12:17+00:00\" \/>\n<meta property=\"article:modified_time\" content=\"2021-06-15T08:14:00+00:00\" \/>\n<meta property=\"og:image\" content=\"https:\/\/m3caravaning.com\/wp-content\/uploads\/2021\/01\/descubre-italia-en-autocaravana-id-198.jpg\" \/>\n\t<meta property=\"og:image:width\" content=\"1280\" \/>\n\t<meta property=\"og:image:height\" content=\"821\" \/>\n\t<meta property=\"og:image:type\" content=\"image\/jpeg\" \/>\n<meta name=\"author\" content=\"M3 Caravaning\" \/>\n<meta name=\"twitter:card\" content=\"summary_large_image\" \/>\n<meta name=\"twitter:creator\" content=\"@M3Caravaning\" \/>\n<meta name=\"twitter:site\" content=\"@M3Caravaning\" \/>\n<meta name=\"twitter:label1\" content=\"Written by\" \/>\n\t<meta name=\"twitter:data1\" content=\"M3 Caravaning\" \/>\n\t<meta name=\"twitter:label2\" content=\"Est. reading time\" \/>\n\t<meta name=\"twitter:data2\" content=\"2 minutes\" \/>\n<script type=\"application\/ld+json\" class=\"yoast-schema-graph\">{\"@context\":\"https:\/\/schema.org\",\"@graph\":[{\"@type\":\"WebPage\",\"@id\":\"https:\/\/m3caravaning.com\/ca\/autocaravanes\/italia-en-autocaravana\/\",\"url\":\"https:\/\/m3caravaning.com\/ca\/autocaravanes\/italia-en-autocaravana\/\",\"name\":\"Italia en Autocaravana | M3 Caravaning\",\"isPartOf\":{\"@id\":\"https:\/\/m3caravaning.com\/ca\/#website\"},\"primaryImageOfPage\":{\"@id\":\"https:\/\/m3caravaning.com\/ca\/autocaravanes\/italia-en-autocaravana\/#primaryimage\"},\"image\":{\"@id\":\"https:\/\/m3caravaning.com\/ca\/autocaravanes\/italia-en-autocaravana\/#primaryimage\"},\"thumbnailUrl\":\"https:\/\/m3caravaning.com\/wp-content\/uploads\/2025\/08\/italia-en-autocaravana.webp\",\"datePublished\":\"2018-07-27T08:12:17+00:00\",\"dateModified\":\"2021-06-15T08:14:00+00:00\",\"author\":{\"@id\":\"https:\/\/m3caravaning.com\/ca\/#\/schema\/person\/10e5f1edce4be1f414d4bde1bcf0c65f\"},\"description\":\"Explora It\u00e0lia en autocaravana, M3 Caravaning et proposa una s\u00e8rie de rutes i llocs que et proporcionaran moments \u00fanics\",\"breadcrumb\":{\"@id\":\"https:\/\/m3caravaning.com\/ca\/autocaravanes\/italia-en-autocaravana\/#breadcrumb\"},\"inLanguage\":\"ca\",\"potentialAction\":[{\"@type\":\"ReadAction\",\"target\":[\"https:\/\/m3caravaning.com\/ca\/autocaravanes\/italia-en-autocaravana\/\"]}]},{\"@type\":\"ImageObject\",\"inLanguage\":\"ca\",\"@id\":\"https:\/\/m3caravaning.com\/ca\/autocaravanes\/italia-en-autocaravana\/#primaryimage\",\"url\":\"https:\/\/m3caravaning.com\/wp-content\/uploads\/2025\/08\/italia-en-autocaravana.webp\",\"contentUrl\":\"https:\/\/m3caravaning.com\/wp-content\/uploads\/2025\/08\/italia-en-autocaravana.webp\",\"width\":1200,\"height\":640,\"caption\":\"Rutas para viajar por Italia en autocaravana\"},{\"@type\":\"BreadcrumbList\",\"@id\":\"https:\/\/m3caravaning.com\/ca\/autocaravanes\/italia-en-autocaravana\/#breadcrumb\",\"itemListElement\":[{\"@type\":\"ListItem\",\"position\":1,\"name\":\"Portada\",\"item\":\"https:\/\/m3caravaning.com\/ca\/\"},{\"@type\":\"ListItem\",\"position\":2,\"name\":\"It\u00e0lia en autocaravana\"}]},{\"@type\":\"WebSite\",\"@id\":\"https:\/\/m3caravaning.com\/ca\/#website\",\"url\":\"https:\/\/m3caravaning.com\/ca\/\",\"name\":\"Autocaravanas, caravanas y furgonetas campers nuevas, ocasi\u00f3n y segunda mano\",\"description\":\"Tu tienda de autocaravanas, campers y caravanas nuevas y de segunda mano. Alquiler, tienda de recambios, taller, seguros, etc.\",\"potentialAction\":[{\"@type\":\"SearchAction\",\"target\":{\"@type\":\"EntryPoint\",\"urlTemplate\":\"https:\/\/m3caravaning.com\/ca\/?s={search_term_string}\"},\"query-input\":\"required name=search_term_string\"}],\"inLanguage\":\"ca\"},{\"@type\":\"Person\",\"@id\":\"https:\/\/m3caravaning.com\/ca\/#\/schema\/person\/10e5f1edce4be1f414d4bde1bcf0c65f\",\"name\":\"M3 Caravaning\",\"image\":{\"@type\":\"ImageObject\",\"inLanguage\":\"ca\",\"@id\":\"https:\/\/m3caravaning.com\/ca\/#\/schema\/person\/image\/\",\"url\":\"https:\/\/secure.gravatar.com\/avatar\/45cc9e7bfaa20654bd7626e499aa306a8db18ee338763b6b771e707ccbeef54c?s=96&d=mm&r=g\",\"contentUrl\":\"https:\/\/secure.gravatar.com\/avatar\/45cc9e7bfaa20654bd7626e499aa306a8db18ee338763b6b771e707ccbeef54c?s=96&d=mm&r=g\",\"caption\":\"M3 Caravaning\"}}]}<\/script>\n<!-- \/ Yoast SEO plugin. -->","yoast_head_json":{"title":"Italia en Autocaravana | M3 Caravaning","description":"Explora It\u00e0lia en autocaravana, M3 Caravaning et proposa una s\u00e8rie de rutes i llocs que et proporcionaran moments \u00fanics","robots":{"index":"index","follow":"follow","max-snippet":"max-snippet:-1","max-image-preview":"max-image-preview:large","max-video-preview":"max-video-preview:-1"},"canonical":"https:\/\/m3caravaning.com\/ca\/autocaravanes\/italia-en-autocaravana\/","og_locale":"ca_ES","og_type":"article","og_title":"Italia en Autocaravana | M3 Caravaning","og_description":"Explora It\u00e0lia en autocaravana, M3 Caravaning et proposa una s\u00e8rie de rutes i llocs que et proporcionaran moments \u00fanics","og_url":"https:\/\/m3caravaning.com\/ca\/autocaravanes\/italia-en-autocaravana\/","og_site_name":"Autocaravanas, caravanas y furgonetas campers nuevas, ocasi\u00f3n y segunda mano","article_publisher":"https:\/\/www.facebook.com\/m3caravaning","article_published_time":"2018-07-27T08:12:17+00:00","article_modified_time":"2021-06-15T08:14:00+00:00","og_image":[{"width":1280,"height":821,"url":"https:\/\/m3caravaning.com\/wp-content\/uploads\/2021\/01\/descubre-italia-en-autocaravana-id-198.jpg","type":"image\/jpeg"}],"author":"M3 Caravaning","twitter_card":"summary_large_image","twitter_creator":"@M3Caravaning","twitter_site":"@M3Caravaning","twitter_misc":{"Written by":"M3 Caravaning","Est. reading time":"2 minutes"},"schema":{"@context":"https:\/\/schema.org","@graph":[{"@type":"WebPage","@id":"https:\/\/m3caravaning.com\/ca\/autocaravanes\/italia-en-autocaravana\/","url":"https:\/\/m3caravaning.com\/ca\/autocaravanes\/italia-en-autocaravana\/","name":"Italia en Autocaravana | M3 Caravaning","isPartOf":{"@id":"https:\/\/m3caravaning.com\/ca\/#website"},"primaryImageOfPage":{"@id":"https:\/\/m3caravaning.com\/ca\/autocaravanes\/italia-en-autocaravana\/#primaryimage"},"image":{"@id":"https:\/\/m3caravaning.com\/ca\/autocaravanes\/italia-en-autocaravana\/#primaryimage"},"thumbnailUrl":"https:\/\/m3caravaning.com\/wp-content\/uploads\/2025\/08\/italia-en-autocaravana.webp","datePublished":"2018-07-27T08:12:17+00:00","dateModified":"2021-06-15T08:14:00+00:00","author":{"@id":"https:\/\/m3caravaning.com\/ca\/#\/schema\/person\/10e5f1edce4be1f414d4bde1bcf0c65f"},"description":"Explora It\u00e0lia en autocaravana, M3 Caravaning et proposa una s\u00e8rie de rutes i llocs que et proporcionaran moments \u00fanics","breadcrumb":{"@id":"https:\/\/m3caravaning.com\/ca\/autocaravanes\/italia-en-autocaravana\/#breadcrumb"},"inLanguage":"ca","potentialAction":[{"@type":"ReadAction","target":["https:\/\/m3caravaning.com\/ca\/autocaravanes\/italia-en-autocaravana\/"]}]},{"@type":"ImageObject","inLanguage":"ca","@id":"https:\/\/m3caravaning.com\/ca\/autocaravanes\/italia-en-autocaravana\/#primaryimage","url":"https:\/\/m3caravaning.com\/wp-content\/uploads\/2025\/08\/italia-en-autocaravana.webp","contentUrl":"https:\/\/m3caravaning.com\/wp-content\/uploads\/2025\/08\/italia-en-autocaravana.webp","width":1200,"height":640,"caption":"Rutas para viajar por Italia en autocaravana"},{"@type":"BreadcrumbList","@id":"https:\/\/m3caravaning.com\/ca\/autocaravanes\/italia-en-autocaravana\/#breadcrumb","itemListElement":[{"@type":"ListItem","position":1,"name":"Portada","item":"https:\/\/m3caravaning.com\/ca\/"},{"@type":"ListItem","position":2,"name":"It\u00e0lia en autocaravana"}]},{"@type":"WebSite","@id":"https:\/\/m3caravaning.com\/ca\/#website","url":"https:\/\/m3caravaning.com\/ca\/","name":"Autocaravanas, caravanas y furgonetas campers nuevas, ocasi\u00f3n y segunda mano","description":"Tu tienda de autocaravanas, campers y caravanas nuevas y de segunda mano. Alquiler, tienda de recambios, taller, seguros, etc.","potentialAction":[{"@type":"SearchAction","target":{"@type":"EntryPoint","urlTemplate":"https:\/\/m3caravaning.com\/ca\/?s={search_term_string}"},"query-input":"required name=search_term_string"}],"inLanguage":"ca"},{"@type":"Person","@id":"https:\/\/m3caravaning.com\/ca\/#\/schema\/person\/10e5f1edce4be1f414d4bde1bcf0c65f","name":"M3 Caravaning","image":{"@type":"ImageObject","inLanguage":"ca","@id":"https:\/\/m3caravaning.com\/ca\/#\/schema\/person\/image\/","url":"https:\/\/secure.gravatar.com\/avatar\/45cc9e7bfaa20654bd7626e499aa306a8db18ee338763b6b771e707ccbeef54c?s=96&d=mm&r=g","contentUrl":"https:\/\/secure.gravatar.com\/avatar\/45cc9e7bfaa20654bd7626e499aa306a8db18ee338763b6b771e707ccbeef54c?s=96&d=mm&r=g","caption":"M3 Caravaning"}}]}},"_links":{"self":[{"href":"https:\/\/m3caravaning.com\/ca\/wp-json\/wp\/v2\/posts\/9402","targetHints":{"allow":["GET"]}}],"collection":[{"href":"https:\/\/m3caravaning.com\/ca\/wp-json\/wp\/v2\/posts"}],"about":[{"href":"https:\/\/m3caravaning.com\/ca\/wp-json\/wp\/v2\/types\/post"}],"author":[{"embeddable":true,"href":"https:\/\/m3caravaning.com\/ca\/wp-json\/wp\/v2\/users\/2"}],"replies":[{"embeddable":true,"href":"https:\/\/m3caravaning.com\/ca\/wp-json\/wp\/v2\/comments?post=9402"}],"version-history":[{"count":0,"href":"https:\/\/m3caravaning.com\/ca\/wp-json\/wp\/v2\/posts\/9402\/revisions"}],"wp:featuredmedia":[{"embeddable":true,"href":"https:\/\/m3caravaning.com\/ca\/wp-json\/wp\/v2\/media\/636164"}],"wp:attachment":[{"href":"https:\/\/m3caravaning.com\/ca\/wp-json\/wp\/v2\/media?parent=9402"}],"wp:term":[{"taxonomy":"category","embeddable":true,"href":"https:\/\/m3caravaning.com\/ca\/wp-json\/wp\/v2\/categories?post=9402"},{"taxonomy":"post_tag","embeddable":true,"href":"https:\/\/m3caravaning.com\/ca\/wp-json\/wp\/v2\/tags?post=9402"}],"curies":[{"name":"wp","href":"https:\/\/api.w.org\/{rel}","templated":true}]}}