





{"id":9393,"date":"2018-11-09T09:16:11","date_gmt":"2018-11-09T08:16:11","guid":{"rendered":"https:\/\/m3caravaning.com\/?p=9393"},"modified":"2024-05-23T11:08:11","modified_gmt":"2024-05-23T09:08:11","slug":"com-protegir-la-teva-caravana","status":"publish","type":"post","link":"https:\/\/m3caravaning.com\/ca\/autocaravanes\/com-protegir-la-teva-caravana\/","title":{"rendered":"C\u00f3m protegir la teva caravana?"},"content":{"rendered":"<p>Ja arriba la temporada de neu i fred, si ets dels que prefereix no viatjar en\u00a0<strong>autocaravana<\/strong>\u00a0en aquesta \u00e8poca, haur\u00e0s de prendre certes precaucions amb el teu vehicle. Des del mobiliari fins al sistema d&#8217;electricitat. Si no pots deixar la teva\u00a0<strong>autocaravana nova<\/strong>\u00a0sota un sostre o un p\u00e0rquing haur\u00e0s de protegir la carrosseria dels efectes de l\u2019aigua, neu i sobretot les gelades.<\/p>\n<div id=\"ez-toc-container\" class=\"ez-toc-v2_0_82_2 counter-hierarchy ez-toc-counter ez-toc-custom ez-toc-container-direction\">\n<div class=\"ez-toc-title-container\">\n<p class=\"ez-toc-title ez-toc-toggle\" style=\"cursor:pointer\">Tabla de contenido<\/p>\n<span class=\"ez-toc-title-toggle\"><\/span><\/div>\n<nav><ul class='ez-toc-list ez-toc-list-level-1 ' ><li class='ez-toc-page-1 ez-toc-heading-level-2'><a class=\"ez-toc-link ez-toc-heading-1\" href=\"https:\/\/m3caravaning.com\/ca\/autocaravanes\/com-protegir-la-teva-caravana\/#Com_protegir_lexterior_de_lautocaravana\" >**Com protegir l&#8217;exterior de l&#8217;autocaravana? **<\/a><\/li><li class='ez-toc-page-1 ez-toc-heading-level-2'><a class=\"ez-toc-link ez-toc-heading-2\" href=\"https:\/\/m3caravaning.com\/ca\/autocaravanes\/com-protegir-la-teva-caravana\/#I_linterior_de_lautocaravana\" >I l&#8217;interior de l&#8217;autocaravana?<\/a><\/li><\/ul><\/nav><\/div>\n<h2><span class=\"ez-toc-section\" id=\"Com_protegir_lexterior_de_lautocaravana\"><\/span>**Com protegir l&#8217;exterior de l&#8217;autocaravana? **<span class=\"ez-toc-section-end\"><\/span><\/h2>\n<p>\u00c9s molt recomanable aplicar una capa de cera a tota la carrosseria perqu\u00e8 repel\u00b7leixi l&#8217;aigua. Si pots, aparca en una zona amb una petita inclinaci\u00f3, aix\u00ed facilitarem la retirada de l&#8217;aigua del sostre quan plogui. Tamb\u00e9 recorda greixar els panys exteriors. Protegeix les gomes dels eixugaparabrises, evitar\u00e0s que s\u2019espatllin pel temporal.<\/p>\n<p>Molt important buidar els dip\u00f2sits d&#8217;aigua neta i grises i deixar l&#8217;aixeta o la guillotina de tancament lleugerament oberta. Farem el mateix amb la resta de circuits d&#8217;aigua tant el bolier com el de la calefacci\u00f3, aix\u00ed evitarem trencaments per dilataci\u00f3 a causa d&#8217;una gelada.<\/p>\n<h2><span class=\"ez-toc-section\" id=\"I_linterior_de_lautocaravana\"><\/span><strong>I l&#8217;interior de l&#8217;autocaravana?<\/strong><span class=\"ez-toc-section-end\"><\/span><\/h2>\n<p>Neteja tot l&#8217;interior i deixa la nevera amb la porta oberta. Recorda recollir tots els armaris sobretot si hi ha menjar que es pugui fer malb\u00e9. Cal tenir molt en compte la humitat. Per evitar-la pots col\u00b7locar a l&#8217;interior algun producte perqu\u00e8 hi hagi un grau d&#8217;humitat correcte.<\/p>\n<p>Per mantenir el sistema el\u00e8ctric l&#8217;ideal \u00e9s carregar les bateries i despr\u00e9s desconnectar-les de la instal\u00b7laci\u00f3 en el cas que no utilitzis l&#8217;<strong>autocaravana nova<\/strong>\u00a0en una temporada llarga. Respecte al circuit de gas, \u00fanicament haurem protegir el regulador de l&#8217;ampolla, aix\u00ed evitarem que una gelada espatlli els elements interns de circuits o el deixi fora de servei.<\/p>\n<p>Els pneum\u00e0tics s\u00f3n un altre element important. Si vols evitar que les rodes de la teva\u00a0<strong>autocaravana nova<\/strong>\u00a0es deformin aixeca el vehicle mitjan\u00e7ant suports, deixant-ho amb les rodes suspeses.<\/p>\n<p>Si per poder realitzar aquests consells i recomanacions necessites comprar un acesorio o recanvi per la teva autocaravana et deixem un link on trobar\u00e0s el que necessites.<\/p>\n<p><a href=\"https:\/\/m3caravaning.com\/ca\/accessoris\/\">Recanvis per autocaravanes.<\/a><\/p>\n","protected":false},"excerpt":{"rendered":"<p>Ja arriba la temporada de neu i fred, si ets dels que prefereix no viatjar en\u00a0autocaravana\u00a0en aquesta \u00e8poca, haur\u00e0s de prendre certes precaucions amb el teu vehicle. Des del mobiliari fins al sistema d&#8217;electricitat. Si no pots deixar la teva\u00a0autocaravana nova\u00a0sota un sostre o un p\u00e0rquing haur\u00e0s de protegir la carrosseria dels efectes de l\u2019aigua,<\/p>\n","protected":false},"author":2,"featured_media":640626,"comment_status":"closed","ping_status":"open","sticky":false,"template":"","format":"standard","meta":{"footnotes":""},"categories":[15],"tags":[],"class_list":["post-9393","post","type-post","status-publish","format-standard","has-post-thumbnail","hentry","category-autocaravanes"],"yoast_head":"<!-- This site is optimized with the Yoast SEO plugin v22.4 - https:\/\/yoast.com\/wordpress\/plugins\/seo\/ -->\n<title>C\u00f3m protegir la teva caravana? - Autocaravanas, caravanas y furgonetas campers nuevas, ocasi\u00f3n y segunda mano<\/title>\n<meta name=\"description\" content=\"En aquest article creat de la m\u00e0 de M3 Caravaning descobrir\u00e0s c\u00f3m protegir la teva caravana? Segur que si amant del Caravaning.\" \/>\n<meta name=\"robots\" content=\"index, follow, max-snippet:-1, max-image-preview:large, max-video-preview:-1\" \/>\n<link rel=\"canonical\" href=\"https:\/\/m3caravaning.com\/ca\/autocaravanes\/com-protegir-la-teva-caravana\/\" \/>\n<meta property=\"og:locale\" content=\"ca_ES\" \/>\n<meta property=\"og:type\" content=\"article\" \/>\n<meta property=\"og:title\" content=\"C\u00f3m protegir la teva caravana? - Autocaravanas, caravanas y furgonetas campers nuevas, ocasi\u00f3n y segunda mano\" \/>\n<meta property=\"og:description\" content=\"En aquest article creat de la m\u00e0 de M3 Caravaning descobrir\u00e0s c\u00f3m protegir la teva caravana? Segur que si amant del Caravaning.\" \/>\n<meta property=\"og:url\" content=\"https:\/\/m3caravaning.com\/ca\/autocaravanes\/com-protegir-la-teva-caravana\/\" \/>\n<meta property=\"og:site_name\" content=\"Autocaravanas, caravanas y furgonetas campers nuevas, ocasi\u00f3n y segunda mano\" \/>\n<meta property=\"article:publisher\" content=\"https:\/\/www.facebook.com\/m3caravaning\" \/>\n<meta property=\"article:published_time\" content=\"2018-11-09T08:16:11+00:00\" \/>\n<meta property=\"article:modified_time\" content=\"2024-05-23T09:08:11+00:00\" \/>\n<meta property=\"og:image\" content=\"https:\/\/m3caravaning.com\/wp-content\/uploads\/2018\/11\/autocaravana-en-invierno.jpg\" \/>\n\t<meta property=\"og:image:width\" content=\"1000\" \/>\n\t<meta property=\"og:image:height\" content=\"450\" \/>\n\t<meta property=\"og:image:type\" content=\"image\/jpeg\" \/>\n<meta name=\"author\" content=\"M3 Caravaning\" \/>\n<meta name=\"twitter:card\" content=\"summary_large_image\" \/>\n<meta name=\"twitter:creator\" content=\"@M3Caravaning\" \/>\n<meta name=\"twitter:site\" content=\"@M3Caravaning\" \/>\n<meta name=\"twitter:label1\" content=\"Written by\" \/>\n\t<meta name=\"twitter:data1\" content=\"M3 Caravaning\" \/>\n\t<meta name=\"twitter:label2\" content=\"Est. reading time\" \/>\n\t<meta name=\"twitter:data2\" content=\"2 minutes\" \/>\n<script type=\"application\/ld+json\" class=\"yoast-schema-graph\">{\"@context\":\"https:\/\/schema.org\",\"@graph\":[{\"@type\":\"WebPage\",\"@id\":\"https:\/\/m3caravaning.com\/ca\/autocaravanes\/com-protegir-la-teva-caravana\/\",\"url\":\"https:\/\/m3caravaning.com\/ca\/autocaravanes\/com-protegir-la-teva-caravana\/\",\"name\":\"C\u00f3m protegir la teva caravana? - Autocaravanas, caravanas y furgonetas campers nuevas, ocasi\u00f3n y segunda mano\",\"isPartOf\":{\"@id\":\"https:\/\/m3caravaning.com\/ca\/#website\"},\"primaryImageOfPage\":{\"@id\":\"https:\/\/m3caravaning.com\/ca\/autocaravanes\/com-protegir-la-teva-caravana\/#primaryimage\"},\"image\":{\"@id\":\"https:\/\/m3caravaning.com\/ca\/autocaravanes\/com-protegir-la-teva-caravana\/#primaryimage\"},\"thumbnailUrl\":\"https:\/\/m3caravaning.com\/wp-content\/uploads\/2025\/11\/autocaravana-durante-invierno.webp\",\"datePublished\":\"2018-11-09T08:16:11+00:00\",\"dateModified\":\"2024-05-23T09:08:11+00:00\",\"author\":{\"@id\":\"https:\/\/m3caravaning.com\/ca\/#\/schema\/person\/10e5f1edce4be1f414d4bde1bcf0c65f\"},\"description\":\"En aquest article creat de la m\u00e0 de M3 Caravaning descobrir\u00e0s c\u00f3m protegir la teva caravana? Segur que si amant del Caravaning.\",\"breadcrumb\":{\"@id\":\"https:\/\/m3caravaning.com\/ca\/autocaravanes\/com-protegir-la-teva-caravana\/#breadcrumb\"},\"inLanguage\":\"ca\",\"potentialAction\":[{\"@type\":\"ReadAction\",\"target\":[\"https:\/\/m3caravaning.com\/ca\/autocaravanes\/com-protegir-la-teva-caravana\/\"]}]},{\"@type\":\"ImageObject\",\"inLanguage\":\"ca\",\"@id\":\"https:\/\/m3caravaning.com\/ca\/autocaravanes\/com-protegir-la-teva-caravana\/#primaryimage\",\"url\":\"https:\/\/m3caravaning.com\/wp-content\/uploads\/2025\/11\/autocaravana-durante-invierno.webp\",\"contentUrl\":\"https:\/\/m3caravaning.com\/wp-content\/uploads\/2025\/11\/autocaravana-durante-invierno.webp\",\"width\":1200,\"height\":640,\"caption\":\"Autocaravana en invierno, c\u00f3mo viajar y c\u00f3mo protegerla\"},{\"@type\":\"BreadcrumbList\",\"@id\":\"https:\/\/m3caravaning.com\/ca\/autocaravanes\/com-protegir-la-teva-caravana\/#breadcrumb\",\"itemListElement\":[{\"@type\":\"ListItem\",\"position\":1,\"name\":\"Portada\",\"item\":\"https:\/\/m3caravaning.com\/ca\/\"},{\"@type\":\"ListItem\",\"position\":2,\"name\":\"C\u00f3m protegir la teva caravana?\"}]},{\"@type\":\"WebSite\",\"@id\":\"https:\/\/m3caravaning.com\/ca\/#website\",\"url\":\"https:\/\/m3caravaning.com\/ca\/\",\"name\":\"Autocaravanas, caravanas y furgonetas campers nuevas, ocasi\u00f3n y segunda mano\",\"description\":\"Tu tienda de autocaravanas, campers y caravanas nuevas y de segunda mano. Alquiler, tienda de recambios, taller, seguros, etc.\",\"potentialAction\":[{\"@type\":\"SearchAction\",\"target\":{\"@type\":\"EntryPoint\",\"urlTemplate\":\"https:\/\/m3caravaning.com\/ca\/?s={search_term_string}\"},\"query-input\":\"required name=search_term_string\"}],\"inLanguage\":\"ca\"},{\"@type\":\"Person\",\"@id\":\"https:\/\/m3caravaning.com\/ca\/#\/schema\/person\/10e5f1edce4be1f414d4bde1bcf0c65f\",\"name\":\"M3 Caravaning\",\"image\":{\"@type\":\"ImageObject\",\"inLanguage\":\"ca\",\"@id\":\"https:\/\/m3caravaning.com\/ca\/#\/schema\/person\/image\/\",\"url\":\"https:\/\/secure.gravatar.com\/avatar\/45cc9e7bfaa20654bd7626e499aa306a8db18ee338763b6b771e707ccbeef54c?s=96&d=mm&r=g\",\"contentUrl\":\"https:\/\/secure.gravatar.com\/avatar\/45cc9e7bfaa20654bd7626e499aa306a8db18ee338763b6b771e707ccbeef54c?s=96&d=mm&r=g\",\"caption\":\"M3 Caravaning\"}}]}<\/script>\n<!-- \/ Yoast SEO plugin. -->","yoast_head_json":{"title":"C\u00f3m protegir la teva caravana? - Autocaravanas, caravanas y furgonetas campers nuevas, ocasi\u00f3n y segunda mano","description":"En aquest article creat de la m\u00e0 de M3 Caravaning descobrir\u00e0s c\u00f3m protegir la teva caravana? Segur que si amant del Caravaning.","robots":{"index":"index","follow":"follow","max-snippet":"max-snippet:-1","max-image-preview":"max-image-preview:large","max-video-preview":"max-video-preview:-1"},"canonical":"https:\/\/m3caravaning.com\/ca\/autocaravanes\/com-protegir-la-teva-caravana\/","og_locale":"ca_ES","og_type":"article","og_title":"C\u00f3m protegir la teva caravana? - Autocaravanas, caravanas y furgonetas campers nuevas, ocasi\u00f3n y segunda mano","og_description":"En aquest article creat de la m\u00e0 de M3 Caravaning descobrir\u00e0s c\u00f3m protegir la teva caravana? Segur que si amant del Caravaning.","og_url":"https:\/\/m3caravaning.com\/ca\/autocaravanes\/com-protegir-la-teva-caravana\/","og_site_name":"Autocaravanas, caravanas y furgonetas campers nuevas, ocasi\u00f3n y segunda mano","article_publisher":"https:\/\/www.facebook.com\/m3caravaning","article_published_time":"2018-11-09T08:16:11+00:00","article_modified_time":"2024-05-23T09:08:11+00:00","og_image":[{"width":1000,"height":450,"url":"https:\/\/m3caravaning.com\/wp-content\/uploads\/2018\/11\/autocaravana-en-invierno.jpg","type":"image\/jpeg"}],"author":"M3 Caravaning","twitter_card":"summary_large_image","twitter_creator":"@M3Caravaning","twitter_site":"@M3Caravaning","twitter_misc":{"Written by":"M3 Caravaning","Est. reading time":"2 minutes"},"schema":{"@context":"https:\/\/schema.org","@graph":[{"@type":"WebPage","@id":"https:\/\/m3caravaning.com\/ca\/autocaravanes\/com-protegir-la-teva-caravana\/","url":"https:\/\/m3caravaning.com\/ca\/autocaravanes\/com-protegir-la-teva-caravana\/","name":"C\u00f3m protegir la teva caravana? - Autocaravanas, caravanas y furgonetas campers nuevas, ocasi\u00f3n y segunda mano","isPartOf":{"@id":"https:\/\/m3caravaning.com\/ca\/#website"},"primaryImageOfPage":{"@id":"https:\/\/m3caravaning.com\/ca\/autocaravanes\/com-protegir-la-teva-caravana\/#primaryimage"},"image":{"@id":"https:\/\/m3caravaning.com\/ca\/autocaravanes\/com-protegir-la-teva-caravana\/#primaryimage"},"thumbnailUrl":"https:\/\/m3caravaning.com\/wp-content\/uploads\/2025\/11\/autocaravana-durante-invierno.webp","datePublished":"2018-11-09T08:16:11+00:00","dateModified":"2024-05-23T09:08:11+00:00","author":{"@id":"https:\/\/m3caravaning.com\/ca\/#\/schema\/person\/10e5f1edce4be1f414d4bde1bcf0c65f"},"description":"En aquest article creat de la m\u00e0 de M3 Caravaning descobrir\u00e0s c\u00f3m protegir la teva caravana? Segur que si amant del Caravaning.","breadcrumb":{"@id":"https:\/\/m3caravaning.com\/ca\/autocaravanes\/com-protegir-la-teva-caravana\/#breadcrumb"},"inLanguage":"ca","potentialAction":[{"@type":"ReadAction","target":["https:\/\/m3caravaning.com\/ca\/autocaravanes\/com-protegir-la-teva-caravana\/"]}]},{"@type":"ImageObject","inLanguage":"ca","@id":"https:\/\/m3caravaning.com\/ca\/autocaravanes\/com-protegir-la-teva-caravana\/#primaryimage","url":"https:\/\/m3caravaning.com\/wp-content\/uploads\/2025\/11\/autocaravana-durante-invierno.webp","contentUrl":"https:\/\/m3caravaning.com\/wp-content\/uploads\/2025\/11\/autocaravana-durante-invierno.webp","width":1200,"height":640,"caption":"Autocaravana en invierno, c\u00f3mo viajar y c\u00f3mo protegerla"},{"@type":"BreadcrumbList","@id":"https:\/\/m3caravaning.com\/ca\/autocaravanes\/com-protegir-la-teva-caravana\/#breadcrumb","itemListElement":[{"@type":"ListItem","position":1,"name":"Portada","item":"https:\/\/m3caravaning.com\/ca\/"},{"@type":"ListItem","position":2,"name":"C\u00f3m protegir la teva caravana?"}]},{"@type":"WebSite","@id":"https:\/\/m3caravaning.com\/ca\/#website","url":"https:\/\/m3caravaning.com\/ca\/","name":"Autocaravanas, caravanas y furgonetas campers nuevas, ocasi\u00f3n y segunda mano","description":"Tu tienda de autocaravanas, campers y caravanas nuevas y de segunda mano. Alquiler, tienda de recambios, taller, seguros, etc.","potentialAction":[{"@type":"SearchAction","target":{"@type":"EntryPoint","urlTemplate":"https:\/\/m3caravaning.com\/ca\/?s={search_term_string}"},"query-input":"required name=search_term_string"}],"inLanguage":"ca"},{"@type":"Person","@id":"https:\/\/m3caravaning.com\/ca\/#\/schema\/person\/10e5f1edce4be1f414d4bde1bcf0c65f","name":"M3 Caravaning","image":{"@type":"ImageObject","inLanguage":"ca","@id":"https:\/\/m3caravaning.com\/ca\/#\/schema\/person\/image\/","url":"https:\/\/secure.gravatar.com\/avatar\/45cc9e7bfaa20654bd7626e499aa306a8db18ee338763b6b771e707ccbeef54c?s=96&d=mm&r=g","contentUrl":"https:\/\/secure.gravatar.com\/avatar\/45cc9e7bfaa20654bd7626e499aa306a8db18ee338763b6b771e707ccbeef54c?s=96&d=mm&r=g","caption":"M3 Caravaning"}}]}},"_links":{"self":[{"href":"https:\/\/m3caravaning.com\/ca\/wp-json\/wp\/v2\/posts\/9393","targetHints":{"allow":["GET"]}}],"collection":[{"href":"https:\/\/m3caravaning.com\/ca\/wp-json\/wp\/v2\/posts"}],"about":[{"href":"https:\/\/m3caravaning.com\/ca\/wp-json\/wp\/v2\/types\/post"}],"author":[{"embeddable":true,"href":"https:\/\/m3caravaning.com\/ca\/wp-json\/wp\/v2\/users\/2"}],"replies":[{"embeddable":true,"href":"https:\/\/m3caravaning.com\/ca\/wp-json\/wp\/v2\/comments?post=9393"}],"version-history":[{"count":2,"href":"https:\/\/m3caravaning.com\/ca\/wp-json\/wp\/v2\/posts\/9393\/revisions"}],"predecessor-version":[{"id":619370,"href":"https:\/\/m3caravaning.com\/ca\/wp-json\/wp\/v2\/posts\/9393\/revisions\/619370"}],"wp:featuredmedia":[{"embeddable":true,"href":"https:\/\/m3caravaning.com\/ca\/wp-json\/wp\/v2\/media\/640626"}],"wp:attachment":[{"href":"https:\/\/m3caravaning.com\/ca\/wp-json\/wp\/v2\/media?parent=9393"}],"wp:term":[{"taxonomy":"category","embeddable":true,"href":"https:\/\/m3caravaning.com\/ca\/wp-json\/wp\/v2\/categories?post=9393"},{"taxonomy":"post_tag","embeddable":true,"href":"https:\/\/m3caravaning.com\/ca\/wp-json\/wp\/v2\/tags?post=9393"}],"curies":[{"name":"wp","href":"https:\/\/api.w.org\/{rel}","templated":true}]}}