





{"id":9386,"date":"2018-12-19T12:45:30","date_gmt":"2018-12-19T11:45:30","guid":{"rendered":"https:\/\/m3caravaning.com\/?p=9386"},"modified":"2021-06-07T09:29:13","modified_gmt":"2021-06-07T07:29:13","slug":"viatjar-amb-la-furgoneta-camper-a-lhivern","status":"publish","type":"post","link":"https:\/\/m3caravaning.com\/ca\/campers-ca\/viatjar-amb-la-furgoneta-camper-a-lhivern\/","title":{"rendered":"Viatjar amb la furgoneta camper a l&#8217;hivern"},"content":{"rendered":"<p>Vols sortir de viatge amb la teva\u00a0<strong>furgoneta camper<\/strong>\u00a0en algun d&#8217;aquests mesos d&#8217;<strong>hivern<\/strong>? \u00c9s important que tinguis en compte certs aspectes, ja que viatjar amb fred no \u00e9s el mateix que quan ens aventurem de viatge en l&#8217;\u00e8poca estival. \u00c9s cert que aquest tipus de vehicles ja estan preparats per a tot tipus de climatologies, per\u00f2 mai est\u00e0 de m\u00e9s tenir en compte algunes recomanacions per la teva\u00a0<strong>furgonetes camper<\/strong>.<\/p>\n<ul>\n<li>Rodes de la\u00a0<strong>furgonetes camper<\/strong>: es recomana que durant els mesos d&#8217;hivern s&#8217;usin els pneum\u00e0tics espec\u00edfics per aquesta \u00e8poca. Tindr\u00e0s un millor rendiment si viatgeu a llocs amb temperatures per sota dels 7 graus.<\/li>\n<li>Dip\u00f2sits d&#8217;aigua: no els omplis al l\u00edmit de la seva capacitat ja que el que volem aconseguir \u00e9s que no es congelin les aixetes, la cisterna, les canonades i el WC de la\u00a0<strong>furgoneta camper<\/strong>.<\/li>\n<li>Comprovar el l\u00edquid anticongelant: revisa si en tens suficient, ja que aix\u00f2 dependr\u00e0 de la zona a la que viatjarem. No t\u2019oblidis de fer una revisi\u00f3 del l\u00edquid de frens, de l&#8217;oli, les llums, la bateria i els eixugaparabrises. Cal comprovar que tot estigui en un bon estat per no emportar-se sorpreses inesperades.<\/li>\n<\/ul>\n<h2><strong>Consell per viatjar a l&#8217;hivern amb la teva furgoneta camperitzada<\/strong><\/h2>\n<ul>\n<li>Lubricaci\u00f3 de panys i xarneres: d&#8217;aquesta manera s&#8217;evita que es congelin per l&#8217;entrada d&#8217;aigua o humitat. En el cas que aix\u00f2 passes recorda que no has d\u2019intentar solucionar el problema amb aigua calenta, aquest canvi tan brusc de temperatura empitjoraria el problema. Si saps que a la nit hi haur\u00e0 gelades, pots tapar els forats dels panys del camper amb cinta a\u00efllant.<\/li>\n<li>Calefacci\u00f3: revisa la teva instal\u00b7laci\u00f3 abans de comen\u00e7ar el viatge, tamb\u00e9 pots instal\u00b7lar un equip de calefacci\u00f3 estacionari com a suport al sistema de calefacci\u00f3 original.<\/li>\n<li>Seguretat: per temes de seguretat et recordem que no t\u2019oblidis el teu joc de cadenes, mai se sap si transitar\u00e0s per una zona amb neu, reflectors per al vehicle i per als ocupants, esprai lubrificant i roda de recanvi de la teva\u00a0<strong>furgoneta camperitzada<\/strong>.<\/li>\n<\/ul>\n","protected":false},"excerpt":{"rendered":"<p>Vols sortir de viatge amb la teva\u00a0furgoneta camper\u00a0en algun d&#8217;aquests mesos d&#8217;hivern? \u00c9s important que tinguis en compte certs aspectes, ja que viatjar amb fred no \u00e9s el mateix que quan ens aventurem de viatge en l&#8217;\u00e8poca estival. \u00c9s cert que aquest tipus de vehicles ja estan preparats per a tot tipus de climatologies, per\u00f2<\/p>\n","protected":false},"author":2,"featured_media":617064,"comment_status":"closed","ping_status":"open","sticky":false,"template":"","format":"standard","meta":{"footnotes":""},"categories":[16,18],"tags":[],"class_list":["post-9386","post","type-post","status-publish","format-standard","has-post-thumbnail","hentry","category-campers-ca","category-trucs-i-consells"],"yoast_head":"<!-- This site is optimized with the Yoast SEO plugin v22.4 - https:\/\/yoast.com\/wordpress\/plugins\/seo\/ -->\n<title>Viatjar amb la furgoneta camper a l&#039;hivern - Autocaravanas, caravanas y furgonetas campers nuevas, ocasi\u00f3n y segunda mano<\/title>\n<meta name=\"description\" content=\"En M3 Caravaning t&#039;explicarem tot el que suposa viatjar amb la furgoneta camper a l&#039;hivern per gaudir de la teva escapada nevada\" \/>\n<meta name=\"robots\" content=\"index, follow, max-snippet:-1, max-image-preview:large, max-video-preview:-1\" \/>\n<link rel=\"canonical\" href=\"https:\/\/m3caravaning.com\/ca\/campers-ca\/viatjar-amb-la-furgoneta-camper-a-lhivern\/\" \/>\n<meta property=\"og:locale\" content=\"ca_ES\" \/>\n<meta property=\"og:type\" content=\"article\" \/>\n<meta property=\"og:title\" content=\"Viatjar amb la furgoneta camper a l&#039;hivern - Autocaravanas, caravanas y furgonetas campers nuevas, ocasi\u00f3n y segunda mano\" \/>\n<meta property=\"og:description\" content=\"En M3 Caravaning t&#039;explicarem tot el que suposa viatjar amb la furgoneta camper a l&#039;hivern per gaudir de la teva escapada nevada\" \/>\n<meta property=\"og:url\" content=\"https:\/\/m3caravaning.com\/ca\/campers-ca\/viatjar-amb-la-furgoneta-camper-a-lhivern\/\" \/>\n<meta property=\"og:site_name\" content=\"Autocaravanas, caravanas y furgonetas campers nuevas, ocasi\u00f3n y segunda mano\" \/>\n<meta property=\"article:publisher\" content=\"https:\/\/www.facebook.com\/m3caravaning\" \/>\n<meta property=\"article:published_time\" content=\"2018-12-19T11:45:30+00:00\" \/>\n<meta property=\"article:modified_time\" content=\"2021-06-07T07:29:13+00:00\" \/>\n<meta property=\"og:image\" content=\"https:\/\/m3caravaning.com\/wp-content\/uploads\/2018\/12\/viajar-furgoneta-camper-invierno.jpg\" \/>\n\t<meta property=\"og:image:width\" content=\"1000\" \/>\n\t<meta property=\"og:image:height\" content=\"450\" \/>\n\t<meta property=\"og:image:type\" content=\"image\/jpeg\" \/>\n<meta name=\"author\" content=\"M3 Caravaning\" \/>\n<meta name=\"twitter:card\" content=\"summary_large_image\" \/>\n<meta name=\"twitter:creator\" content=\"@M3Caravaning\" \/>\n<meta name=\"twitter:site\" content=\"@M3Caravaning\" \/>\n<meta name=\"twitter:label1\" content=\"Written by\" \/>\n\t<meta name=\"twitter:data1\" content=\"M3 Caravaning\" \/>\n\t<meta name=\"twitter:label2\" content=\"Est. reading time\" \/>\n\t<meta name=\"twitter:data2\" content=\"2 minutes\" \/>\n<script type=\"application\/ld+json\" class=\"yoast-schema-graph\">{\"@context\":\"https:\/\/schema.org\",\"@graph\":[{\"@type\":\"WebPage\",\"@id\":\"https:\/\/m3caravaning.com\/ca\/campers-ca\/viatjar-amb-la-furgoneta-camper-a-lhivern\/\",\"url\":\"https:\/\/m3caravaning.com\/ca\/campers-ca\/viatjar-amb-la-furgoneta-camper-a-lhivern\/\",\"name\":\"Viatjar amb la furgoneta camper a l'hivern - Autocaravanas, caravanas y furgonetas campers nuevas, ocasi\u00f3n y segunda mano\",\"isPartOf\":{\"@id\":\"https:\/\/m3caravaning.com\/ca\/#website\"},\"primaryImageOfPage\":{\"@id\":\"https:\/\/m3caravaning.com\/ca\/campers-ca\/viatjar-amb-la-furgoneta-camper-a-lhivern\/#primaryimage\"},\"image\":{\"@id\":\"https:\/\/m3caravaning.com\/ca\/campers-ca\/viatjar-amb-la-furgoneta-camper-a-lhivern\/#primaryimage\"},\"thumbnailUrl\":\"https:\/\/m3caravaning.com\/wp-content\/uploads\/2018\/12\/viajar-furgoneta-camper-invierno.jpg\",\"datePublished\":\"2018-12-19T11:45:30+00:00\",\"dateModified\":\"2021-06-07T07:29:13+00:00\",\"author\":{\"@id\":\"https:\/\/m3caravaning.com\/ca\/#\/schema\/person\/10e5f1edce4be1f414d4bde1bcf0c65f\"},\"description\":\"En M3 Caravaning t'explicarem tot el que suposa viatjar amb la furgoneta camper a l'hivern per gaudir de la teva escapada nevada\",\"breadcrumb\":{\"@id\":\"https:\/\/m3caravaning.com\/ca\/campers-ca\/viatjar-amb-la-furgoneta-camper-a-lhivern\/#breadcrumb\"},\"inLanguage\":\"ca\",\"potentialAction\":[{\"@type\":\"ReadAction\",\"target\":[\"https:\/\/m3caravaning.com\/ca\/campers-ca\/viatjar-amb-la-furgoneta-camper-a-lhivern\/\"]}]},{\"@type\":\"ImageObject\",\"inLanguage\":\"ca\",\"@id\":\"https:\/\/m3caravaning.com\/ca\/campers-ca\/viatjar-amb-la-furgoneta-camper-a-lhivern\/#primaryimage\",\"url\":\"https:\/\/m3caravaning.com\/wp-content\/uploads\/2018\/12\/viajar-furgoneta-camper-invierno.jpg\",\"contentUrl\":\"https:\/\/m3caravaning.com\/wp-content\/uploads\/2018\/12\/viajar-furgoneta-camper-invierno.jpg\",\"width\":1000,\"height\":450,\"caption\":\"Viajar con furgoneta camper en invierno\"},{\"@type\":\"BreadcrumbList\",\"@id\":\"https:\/\/m3caravaning.com\/ca\/campers-ca\/viatjar-amb-la-furgoneta-camper-a-lhivern\/#breadcrumb\",\"itemListElement\":[{\"@type\":\"ListItem\",\"position\":1,\"name\":\"Portada\",\"item\":\"https:\/\/m3caravaning.com\/ca\/\"},{\"@type\":\"ListItem\",\"position\":2,\"name\":\"Viatjar amb la furgoneta camper a l&#8217;hivern\"}]},{\"@type\":\"WebSite\",\"@id\":\"https:\/\/m3caravaning.com\/ca\/#website\",\"url\":\"https:\/\/m3caravaning.com\/ca\/\",\"name\":\"Autocaravanas, caravanas y furgonetas campers nuevas, ocasi\u00f3n y segunda mano\",\"description\":\"Tu tienda de autocaravanas, campers y caravanas nuevas y de segunda mano. Alquiler, tienda de recambios, taller, seguros, etc.\",\"potentialAction\":[{\"@type\":\"SearchAction\",\"target\":{\"@type\":\"EntryPoint\",\"urlTemplate\":\"https:\/\/m3caravaning.com\/ca\/?s={search_term_string}\"},\"query-input\":\"required name=search_term_string\"}],\"inLanguage\":\"ca\"},{\"@type\":\"Person\",\"@id\":\"https:\/\/m3caravaning.com\/ca\/#\/schema\/person\/10e5f1edce4be1f414d4bde1bcf0c65f\",\"name\":\"M3 Caravaning\",\"image\":{\"@type\":\"ImageObject\",\"inLanguage\":\"ca\",\"@id\":\"https:\/\/m3caravaning.com\/ca\/#\/schema\/person\/image\/\",\"url\":\"https:\/\/secure.gravatar.com\/avatar\/45cc9e7bfaa20654bd7626e499aa306a8db18ee338763b6b771e707ccbeef54c?s=96&d=mm&r=g\",\"contentUrl\":\"https:\/\/secure.gravatar.com\/avatar\/45cc9e7bfaa20654bd7626e499aa306a8db18ee338763b6b771e707ccbeef54c?s=96&d=mm&r=g\",\"caption\":\"M3 Caravaning\"}}]}<\/script>\n<!-- \/ Yoast SEO plugin. -->","yoast_head_json":{"title":"Viatjar amb la furgoneta camper a l'hivern - Autocaravanas, caravanas y furgonetas campers nuevas, ocasi\u00f3n y segunda mano","description":"En M3 Caravaning t'explicarem tot el que suposa viatjar amb la furgoneta camper a l'hivern per gaudir de la teva escapada nevada","robots":{"index":"index","follow":"follow","max-snippet":"max-snippet:-1","max-image-preview":"max-image-preview:large","max-video-preview":"max-video-preview:-1"},"canonical":"https:\/\/m3caravaning.com\/ca\/campers-ca\/viatjar-amb-la-furgoneta-camper-a-lhivern\/","og_locale":"ca_ES","og_type":"article","og_title":"Viatjar amb la furgoneta camper a l'hivern - Autocaravanas, caravanas y furgonetas campers nuevas, ocasi\u00f3n y segunda mano","og_description":"En M3 Caravaning t'explicarem tot el que suposa viatjar amb la furgoneta camper a l'hivern per gaudir de la teva escapada nevada","og_url":"https:\/\/m3caravaning.com\/ca\/campers-ca\/viatjar-amb-la-furgoneta-camper-a-lhivern\/","og_site_name":"Autocaravanas, caravanas y furgonetas campers nuevas, ocasi\u00f3n y segunda mano","article_publisher":"https:\/\/www.facebook.com\/m3caravaning","article_published_time":"2018-12-19T11:45:30+00:00","article_modified_time":"2021-06-07T07:29:13+00:00","og_image":[{"width":1000,"height":450,"url":"https:\/\/m3caravaning.com\/wp-content\/uploads\/2018\/12\/viajar-furgoneta-camper-invierno.jpg","type":"image\/jpeg"}],"author":"M3 Caravaning","twitter_card":"summary_large_image","twitter_creator":"@M3Caravaning","twitter_site":"@M3Caravaning","twitter_misc":{"Written by":"M3 Caravaning","Est. reading time":"2 minutes"},"schema":{"@context":"https:\/\/schema.org","@graph":[{"@type":"WebPage","@id":"https:\/\/m3caravaning.com\/ca\/campers-ca\/viatjar-amb-la-furgoneta-camper-a-lhivern\/","url":"https:\/\/m3caravaning.com\/ca\/campers-ca\/viatjar-amb-la-furgoneta-camper-a-lhivern\/","name":"Viatjar amb la furgoneta camper a l'hivern - Autocaravanas, caravanas y furgonetas campers nuevas, ocasi\u00f3n y segunda mano","isPartOf":{"@id":"https:\/\/m3caravaning.com\/ca\/#website"},"primaryImageOfPage":{"@id":"https:\/\/m3caravaning.com\/ca\/campers-ca\/viatjar-amb-la-furgoneta-camper-a-lhivern\/#primaryimage"},"image":{"@id":"https:\/\/m3caravaning.com\/ca\/campers-ca\/viatjar-amb-la-furgoneta-camper-a-lhivern\/#primaryimage"},"thumbnailUrl":"https:\/\/m3caravaning.com\/wp-content\/uploads\/2018\/12\/viajar-furgoneta-camper-invierno.jpg","datePublished":"2018-12-19T11:45:30+00:00","dateModified":"2021-06-07T07:29:13+00:00","author":{"@id":"https:\/\/m3caravaning.com\/ca\/#\/schema\/person\/10e5f1edce4be1f414d4bde1bcf0c65f"},"description":"En M3 Caravaning t'explicarem tot el que suposa viatjar amb la furgoneta camper a l'hivern per gaudir de la teva escapada nevada","breadcrumb":{"@id":"https:\/\/m3caravaning.com\/ca\/campers-ca\/viatjar-amb-la-furgoneta-camper-a-lhivern\/#breadcrumb"},"inLanguage":"ca","potentialAction":[{"@type":"ReadAction","target":["https:\/\/m3caravaning.com\/ca\/campers-ca\/viatjar-amb-la-furgoneta-camper-a-lhivern\/"]}]},{"@type":"ImageObject","inLanguage":"ca","@id":"https:\/\/m3caravaning.com\/ca\/campers-ca\/viatjar-amb-la-furgoneta-camper-a-lhivern\/#primaryimage","url":"https:\/\/m3caravaning.com\/wp-content\/uploads\/2018\/12\/viajar-furgoneta-camper-invierno.jpg","contentUrl":"https:\/\/m3caravaning.com\/wp-content\/uploads\/2018\/12\/viajar-furgoneta-camper-invierno.jpg","width":1000,"height":450,"caption":"Viajar con furgoneta camper en invierno"},{"@type":"BreadcrumbList","@id":"https:\/\/m3caravaning.com\/ca\/campers-ca\/viatjar-amb-la-furgoneta-camper-a-lhivern\/#breadcrumb","itemListElement":[{"@type":"ListItem","position":1,"name":"Portada","item":"https:\/\/m3caravaning.com\/ca\/"},{"@type":"ListItem","position":2,"name":"Viatjar amb la furgoneta camper a l&#8217;hivern"}]},{"@type":"WebSite","@id":"https:\/\/m3caravaning.com\/ca\/#website","url":"https:\/\/m3caravaning.com\/ca\/","name":"Autocaravanas, caravanas y furgonetas campers nuevas, ocasi\u00f3n y segunda mano","description":"Tu tienda de autocaravanas, campers y caravanas nuevas y de segunda mano. Alquiler, tienda de recambios, taller, seguros, etc.","potentialAction":[{"@type":"SearchAction","target":{"@type":"EntryPoint","urlTemplate":"https:\/\/m3caravaning.com\/ca\/?s={search_term_string}"},"query-input":"required name=search_term_string"}],"inLanguage":"ca"},{"@type":"Person","@id":"https:\/\/m3caravaning.com\/ca\/#\/schema\/person\/10e5f1edce4be1f414d4bde1bcf0c65f","name":"M3 Caravaning","image":{"@type":"ImageObject","inLanguage":"ca","@id":"https:\/\/m3caravaning.com\/ca\/#\/schema\/person\/image\/","url":"https:\/\/secure.gravatar.com\/avatar\/45cc9e7bfaa20654bd7626e499aa306a8db18ee338763b6b771e707ccbeef54c?s=96&d=mm&r=g","contentUrl":"https:\/\/secure.gravatar.com\/avatar\/45cc9e7bfaa20654bd7626e499aa306a8db18ee338763b6b771e707ccbeef54c?s=96&d=mm&r=g","caption":"M3 Caravaning"}}]}},"_links":{"self":[{"href":"https:\/\/m3caravaning.com\/ca\/wp-json\/wp\/v2\/posts\/9386","targetHints":{"allow":["GET"]}}],"collection":[{"href":"https:\/\/m3caravaning.com\/ca\/wp-json\/wp\/v2\/posts"}],"about":[{"href":"https:\/\/m3caravaning.com\/ca\/wp-json\/wp\/v2\/types\/post"}],"author":[{"embeddable":true,"href":"https:\/\/m3caravaning.com\/ca\/wp-json\/wp\/v2\/users\/2"}],"replies":[{"embeddable":true,"href":"https:\/\/m3caravaning.com\/ca\/wp-json\/wp\/v2\/comments?post=9386"}],"version-history":[{"count":0,"href":"https:\/\/m3caravaning.com\/ca\/wp-json\/wp\/v2\/posts\/9386\/revisions"}],"wp:featuredmedia":[{"embeddable":true,"href":"https:\/\/m3caravaning.com\/ca\/wp-json\/wp\/v2\/media\/617064"}],"wp:attachment":[{"href":"https:\/\/m3caravaning.com\/ca\/wp-json\/wp\/v2\/media?parent=9386"}],"wp:term":[{"taxonomy":"category","embeddable":true,"href":"https:\/\/m3caravaning.com\/ca\/wp-json\/wp\/v2\/categories?post=9386"},{"taxonomy":"post_tag","embeddable":true,"href":"https:\/\/m3caravaning.com\/ca\/wp-json\/wp\/v2\/tags?post=9386"}],"curies":[{"name":"wp","href":"https:\/\/api.w.org\/{rel}","templated":true}]}}