





{"id":9351,"date":"2019-06-20T10:19:19","date_gmt":"2019-06-20T08:19:19","guid":{"rendered":"https:\/\/m3caravaning.com\/?p=9351"},"modified":"2021-06-02T13:52:13","modified_gmt":"2021-06-02T11:52:13","slug":"comprar-una-caravana-per-viatjar-amb-la-teva-llar","status":"publish","type":"post","link":"https:\/\/m3caravaning.com\/ca\/caravana-ca\/comprar-una-caravana-per-viatjar-amb-la-teva-llar\/","title":{"rendered":"Comprar una caravana per viatjar amb la teva llar"},"content":{"rendered":"<p>En\u00a0<strong>comprar una caravana<\/strong>\u00a0podr\u00e0s conviure amb gent de tot el m\u00f3n. El caravaning fomenta les relacions interculturals amb altres caravanistes que visiten el nostre c\u00e0mping. Una opci\u00f3 per viure en contacte amb la natura i gaudir d&#8217;una experi\u00e8ncia saludable. El mercat ens ofereix\u00a0<strong>caravanes de segona m\u00e0, caravanes d&#8217;ocasi\u00f3 i caravanes noves<\/strong>\u00a0per gaudir d&#8217;una manera diferent de fer turisme.<\/p>\n<h2>COMPRA UNA CARAVANA PER GAUDIR AMB LA FAM\u00cdLIA<\/h2>\n<p><strong><a href=\"https:\/\/m3caravaning.com\/caravanas\/\">Compra una caravana<\/a>(https:\/\/m3caravaning.com\/caravanas\/)<\/strong>\u00a0que s&#8217;adapti a les teves necessitats familiars. Trobar\u00e0s de diferents mides i capacitats. Per aix\u00f2, ser\u00e0 important tenir clar que el teu cotxe podr\u00e0 arrossegar-la amb total seguretat. A\u00a0<strong>M3 Caravaning<\/strong>\u00a0t&#8217;assessorarem perqu\u00e8 l&#8217;elecci\u00f3 de la teva\u00a0<strong>caravana<\/strong>\u00a0sigui la ideal. Recorda enganxar correctament al teu cotxe, i carrega-de forma correcta. La\u00a0<strong>caravana<\/strong>\u00a0\u00e9s una plataforma amb un eix que se sost\u00e9 a la carretera. Quan circulem, la\u00a0<strong>caravana<\/strong>\u00a0es recolza realment en tres punts: en les dues rodes i en l&#8217;enganxament. L&#8217;important per a la teva seguretat ser\u00e0 saber quin pes suporta aquest enganxament. Per transportar equipatge i elements correctament a la\u00a0<strong>caravana<\/strong>, col\u00b7locarem els objectes de m\u00e9s pes sobre l&#8217;eix. Una altra recomanaci\u00f3 important \u00e9s no col\u00b7locar coses de pes en els armaris superiors de l&#8217;interior de la\u00a0<strong>caravana<\/strong>. Aix\u00f2 generaria inestabilitat, i disminuiria la seguretat mentre circules amb la teva\u00a0<strong>caravana<\/strong>\u00a0enganxada. D&#8217;altra banda, si fossin objectes met\u00e0l\u00b7lics o molt pesats, en caure dels armaris podrien malmetre altres parts de l&#8217;interior de la\u00a0<strong>caravana<\/strong>.<\/p>\n<p>El m\u00f3n del carav\u00e0ning \u00e9s apassionant. Podr\u00e0s practicar altres idiomes en compartir tert\u00falies amb campistes d&#8217;altres pa\u00efsos. La piscina \u00e9s una altra de les atraccions interessants de les que podr\u00e0s gaudir a l&#8217;estiu amb la teva fam\u00edlia. Refresca&#8217;t, pren el sol i date un bany abans d&#8217;anar a fer una migdiada en els llits de la teva\u00a0<strong>caravana<\/strong>. Estar\u00e0s tranquil en el teu parcel\u00b7la. Els teus fills jugaran de manera segura pel c\u00e0mping ja que no hi ha tr\u00e0nsit molest. A la nit, al vaig avan\u00e7ar podr\u00e0s fer una partida de cartes, un bingo o qualsevol activitat per compartir rialles i experi\u00e8ncies amb la resta de les fam\u00edlies.<\/p>\n<p>Si t&#8217;animes a\u00a0<strong>comprar una caravana<\/strong>, far\u00e0s brillar aquesta vocaci\u00f3 rutera que tenies amagada.<\/p>\n<p><a href=\"https:\/\/m3caravaning.com\/contacto\/\">Contacta amb M3 Caravaning<\/a>.(https:\/\/m3caravaning.com\/contacto\/)<\/p>\n","protected":false},"excerpt":{"rendered":"<p>En\u00a0comprar una caravana\u00a0podr\u00e0s conviure amb gent de tot el m\u00f3n. El caravaning fomenta les relacions interculturals amb altres caravanistes que visiten el nostre c\u00e0mping. Una opci\u00f3 per viure en contacte amb la natura i gaudir d&#8217;una experi\u00e8ncia saludable. El mercat ens ofereix\u00a0caravanes de segona m\u00e0, caravanes d&#8217;ocasi\u00f3 i caravanes noves\u00a0per gaudir d&#8217;una manera diferent de<\/p>\n","protected":false},"author":2,"featured_media":919,"comment_status":"closed","ping_status":"open","sticky":false,"template":"","format":"standard","meta":{"footnotes":""},"categories":[742,17],"tags":[],"class_list":["post-9351","post","type-post","status-publish","format-standard","has-post-thumbnail","hentry","category-caravana-ca","category-caravanes"],"yoast_head":"<!-- This site is optimized with the Yoast SEO plugin v22.4 - https:\/\/yoast.com\/wordpress\/plugins\/seo\/ -->\n<title>Comprar una caravana per viatjar amb la teva llar - Autocaravanas, caravanas y furgonetas campers nuevas, ocasi\u00f3n y segunda mano<\/title>\n<meta name=\"description\" content=\"Els amants del caravaning mai s&#039;arrepentiran de comprar una caravana per viatjar amb la teva llar, t&#039;ho garantim\" \/>\n<meta name=\"robots\" content=\"index, follow, max-snippet:-1, max-image-preview:large, max-video-preview:-1\" \/>\n<link rel=\"canonical\" href=\"https:\/\/m3caravaning.com\/ca\/caravana-ca\/comprar-una-caravana-per-viatjar-amb-la-teva-llar\/\" \/>\n<meta property=\"og:locale\" content=\"ca_ES\" \/>\n<meta property=\"og:type\" content=\"article\" \/>\n<meta property=\"og:title\" content=\"Comprar una caravana per viatjar amb la teva llar - Autocaravanas, caravanas y furgonetas campers nuevas, ocasi\u00f3n y segunda mano\" \/>\n<meta property=\"og:description\" content=\"Els amants del caravaning mai s&#039;arrepentiran de comprar una caravana per viatjar amb la teva llar, t&#039;ho garantim\" \/>\n<meta property=\"og:url\" content=\"https:\/\/m3caravaning.com\/ca\/caravana-ca\/comprar-una-caravana-per-viatjar-amb-la-teva-llar\/\" \/>\n<meta property=\"og:site_name\" content=\"Autocaravanas, caravanas y furgonetas campers nuevas, ocasi\u00f3n y segunda mano\" \/>\n<meta property=\"article:publisher\" content=\"https:\/\/www.facebook.com\/m3caravaning\" \/>\n<meta property=\"article:published_time\" content=\"2019-06-20T08:19:19+00:00\" \/>\n<meta property=\"article:modified_time\" content=\"2021-06-02T11:52:13+00:00\" \/>\n<meta property=\"og:image\" content=\"https:\/\/m3caravaning.com\/wp-content\/uploads\/2021\/01\/comprar-una-caravana-para-viajar-con-tu-hogar-a-cuestas-id-352.jpg\" \/>\n\t<meta property=\"og:image:width\" content=\"850\" \/>\n\t<meta property=\"og:image:height\" content=\"300\" \/>\n\t<meta property=\"og:image:type\" content=\"image\/jpeg\" \/>\n<meta name=\"author\" content=\"M3 Caravaning\" \/>\n<meta name=\"twitter:card\" content=\"summary_large_image\" \/>\n<meta name=\"twitter:creator\" content=\"@M3Caravaning\" \/>\n<meta name=\"twitter:site\" content=\"@M3Caravaning\" \/>\n<meta name=\"twitter:label1\" content=\"Written by\" \/>\n\t<meta name=\"twitter:data1\" content=\"M3 Caravaning\" \/>\n\t<meta name=\"twitter:label2\" content=\"Est. reading time\" \/>\n\t<meta name=\"twitter:data2\" content=\"2 minutes\" \/>\n<script type=\"application\/ld+json\" class=\"yoast-schema-graph\">{\"@context\":\"https:\/\/schema.org\",\"@graph\":[{\"@type\":\"WebPage\",\"@id\":\"https:\/\/m3caravaning.com\/ca\/caravana-ca\/comprar-una-caravana-per-viatjar-amb-la-teva-llar\/\",\"url\":\"https:\/\/m3caravaning.com\/ca\/caravana-ca\/comprar-una-caravana-per-viatjar-amb-la-teva-llar\/\",\"name\":\"Comprar una caravana per viatjar amb la teva llar - Autocaravanas, caravanas y furgonetas campers nuevas, ocasi\u00f3n y segunda mano\",\"isPartOf\":{\"@id\":\"https:\/\/m3caravaning.com\/ca\/#website\"},\"primaryImageOfPage\":{\"@id\":\"https:\/\/m3caravaning.com\/ca\/caravana-ca\/comprar-una-caravana-per-viatjar-amb-la-teva-llar\/#primaryimage\"},\"image\":{\"@id\":\"https:\/\/m3caravaning.com\/ca\/caravana-ca\/comprar-una-caravana-per-viatjar-amb-la-teva-llar\/#primaryimage\"},\"thumbnailUrl\":\"https:\/\/m3caravaning.com\/wp-content\/uploads\/2021\/01\/comprar-una-caravana-para-viajar-con-tu-hogar-a-cuestas-id-352.jpg\",\"datePublished\":\"2019-06-20T08:19:19+00:00\",\"dateModified\":\"2021-06-02T11:52:13+00:00\",\"author\":{\"@id\":\"https:\/\/m3caravaning.com\/ca\/#\/schema\/person\/10e5f1edce4be1f414d4bde1bcf0c65f\"},\"description\":\"Els amants del caravaning mai s'arrepentiran de comprar una caravana per viatjar amb la teva llar, t'ho garantim\",\"breadcrumb\":{\"@id\":\"https:\/\/m3caravaning.com\/ca\/caravana-ca\/comprar-una-caravana-per-viatjar-amb-la-teva-llar\/#breadcrumb\"},\"inLanguage\":\"ca\",\"potentialAction\":[{\"@type\":\"ReadAction\",\"target\":[\"https:\/\/m3caravaning.com\/ca\/caravana-ca\/comprar-una-caravana-per-viatjar-amb-la-teva-llar\/\"]}]},{\"@type\":\"ImageObject\",\"inLanguage\":\"ca\",\"@id\":\"https:\/\/m3caravaning.com\/ca\/caravana-ca\/comprar-una-caravana-per-viatjar-amb-la-teva-llar\/#primaryimage\",\"url\":\"https:\/\/m3caravaning.com\/wp-content\/uploads\/2021\/01\/comprar-una-caravana-para-viajar-con-tu-hogar-a-cuestas-id-352.jpg\",\"contentUrl\":\"https:\/\/m3caravaning.com\/wp-content\/uploads\/2021\/01\/comprar-una-caravana-para-viajar-con-tu-hogar-a-cuestas-id-352.jpg\",\"width\":850,\"height\":300},{\"@type\":\"BreadcrumbList\",\"@id\":\"https:\/\/m3caravaning.com\/ca\/caravana-ca\/comprar-una-caravana-per-viatjar-amb-la-teva-llar\/#breadcrumb\",\"itemListElement\":[{\"@type\":\"ListItem\",\"position\":1,\"name\":\"Portada\",\"item\":\"https:\/\/m3caravaning.com\/ca\/\"},{\"@type\":\"ListItem\",\"position\":2,\"name\":\"Comprar una caravana per viatjar amb la teva llar\"}]},{\"@type\":\"WebSite\",\"@id\":\"https:\/\/m3caravaning.com\/ca\/#website\",\"url\":\"https:\/\/m3caravaning.com\/ca\/\",\"name\":\"Autocaravanas, caravanas y furgonetas campers nuevas, ocasi\u00f3n y segunda mano\",\"description\":\"Tu tienda de autocaravanas, campers y caravanas nuevas y de segunda mano. Alquiler, tienda de recambios, taller, seguros, etc.\",\"potentialAction\":[{\"@type\":\"SearchAction\",\"target\":{\"@type\":\"EntryPoint\",\"urlTemplate\":\"https:\/\/m3caravaning.com\/ca\/?s={search_term_string}\"},\"query-input\":\"required name=search_term_string\"}],\"inLanguage\":\"ca\"},{\"@type\":\"Person\",\"@id\":\"https:\/\/m3caravaning.com\/ca\/#\/schema\/person\/10e5f1edce4be1f414d4bde1bcf0c65f\",\"name\":\"M3 Caravaning\",\"image\":{\"@type\":\"ImageObject\",\"inLanguage\":\"ca\",\"@id\":\"https:\/\/m3caravaning.com\/ca\/#\/schema\/person\/image\/\",\"url\":\"https:\/\/secure.gravatar.com\/avatar\/45cc9e7bfaa20654bd7626e499aa306a8db18ee338763b6b771e707ccbeef54c?s=96&d=mm&r=g\",\"contentUrl\":\"https:\/\/secure.gravatar.com\/avatar\/45cc9e7bfaa20654bd7626e499aa306a8db18ee338763b6b771e707ccbeef54c?s=96&d=mm&r=g\",\"caption\":\"M3 Caravaning\"}}]}<\/script>\n<!-- \/ Yoast SEO plugin. -->","yoast_head_json":{"title":"Comprar una caravana per viatjar amb la teva llar - Autocaravanas, caravanas y furgonetas campers nuevas, ocasi\u00f3n y segunda mano","description":"Els amants del caravaning mai s'arrepentiran de comprar una caravana per viatjar amb la teva llar, t'ho garantim","robots":{"index":"index","follow":"follow","max-snippet":"max-snippet:-1","max-image-preview":"max-image-preview:large","max-video-preview":"max-video-preview:-1"},"canonical":"https:\/\/m3caravaning.com\/ca\/caravana-ca\/comprar-una-caravana-per-viatjar-amb-la-teva-llar\/","og_locale":"ca_ES","og_type":"article","og_title":"Comprar una caravana per viatjar amb la teva llar - Autocaravanas, caravanas y furgonetas campers nuevas, ocasi\u00f3n y segunda mano","og_description":"Els amants del caravaning mai s'arrepentiran de comprar una caravana per viatjar amb la teva llar, t'ho garantim","og_url":"https:\/\/m3caravaning.com\/ca\/caravana-ca\/comprar-una-caravana-per-viatjar-amb-la-teva-llar\/","og_site_name":"Autocaravanas, caravanas y furgonetas campers nuevas, ocasi\u00f3n y segunda mano","article_publisher":"https:\/\/www.facebook.com\/m3caravaning","article_published_time":"2019-06-20T08:19:19+00:00","article_modified_time":"2021-06-02T11:52:13+00:00","og_image":[{"width":850,"height":300,"url":"https:\/\/m3caravaning.com\/wp-content\/uploads\/2021\/01\/comprar-una-caravana-para-viajar-con-tu-hogar-a-cuestas-id-352.jpg","type":"image\/jpeg"}],"author":"M3 Caravaning","twitter_card":"summary_large_image","twitter_creator":"@M3Caravaning","twitter_site":"@M3Caravaning","twitter_misc":{"Written by":"M3 Caravaning","Est. reading time":"2 minutes"},"schema":{"@context":"https:\/\/schema.org","@graph":[{"@type":"WebPage","@id":"https:\/\/m3caravaning.com\/ca\/caravana-ca\/comprar-una-caravana-per-viatjar-amb-la-teva-llar\/","url":"https:\/\/m3caravaning.com\/ca\/caravana-ca\/comprar-una-caravana-per-viatjar-amb-la-teva-llar\/","name":"Comprar una caravana per viatjar amb la teva llar - Autocaravanas, caravanas y furgonetas campers nuevas, ocasi\u00f3n y segunda mano","isPartOf":{"@id":"https:\/\/m3caravaning.com\/ca\/#website"},"primaryImageOfPage":{"@id":"https:\/\/m3caravaning.com\/ca\/caravana-ca\/comprar-una-caravana-per-viatjar-amb-la-teva-llar\/#primaryimage"},"image":{"@id":"https:\/\/m3caravaning.com\/ca\/caravana-ca\/comprar-una-caravana-per-viatjar-amb-la-teva-llar\/#primaryimage"},"thumbnailUrl":"https:\/\/m3caravaning.com\/wp-content\/uploads\/2021\/01\/comprar-una-caravana-para-viajar-con-tu-hogar-a-cuestas-id-352.jpg","datePublished":"2019-06-20T08:19:19+00:00","dateModified":"2021-06-02T11:52:13+00:00","author":{"@id":"https:\/\/m3caravaning.com\/ca\/#\/schema\/person\/10e5f1edce4be1f414d4bde1bcf0c65f"},"description":"Els amants del caravaning mai s'arrepentiran de comprar una caravana per viatjar amb la teva llar, t'ho garantim","breadcrumb":{"@id":"https:\/\/m3caravaning.com\/ca\/caravana-ca\/comprar-una-caravana-per-viatjar-amb-la-teva-llar\/#breadcrumb"},"inLanguage":"ca","potentialAction":[{"@type":"ReadAction","target":["https:\/\/m3caravaning.com\/ca\/caravana-ca\/comprar-una-caravana-per-viatjar-amb-la-teva-llar\/"]}]},{"@type":"ImageObject","inLanguage":"ca","@id":"https:\/\/m3caravaning.com\/ca\/caravana-ca\/comprar-una-caravana-per-viatjar-amb-la-teva-llar\/#primaryimage","url":"https:\/\/m3caravaning.com\/wp-content\/uploads\/2021\/01\/comprar-una-caravana-para-viajar-con-tu-hogar-a-cuestas-id-352.jpg","contentUrl":"https:\/\/m3caravaning.com\/wp-content\/uploads\/2021\/01\/comprar-una-caravana-para-viajar-con-tu-hogar-a-cuestas-id-352.jpg","width":850,"height":300},{"@type":"BreadcrumbList","@id":"https:\/\/m3caravaning.com\/ca\/caravana-ca\/comprar-una-caravana-per-viatjar-amb-la-teva-llar\/#breadcrumb","itemListElement":[{"@type":"ListItem","position":1,"name":"Portada","item":"https:\/\/m3caravaning.com\/ca\/"},{"@type":"ListItem","position":2,"name":"Comprar una caravana per viatjar amb la teva llar"}]},{"@type":"WebSite","@id":"https:\/\/m3caravaning.com\/ca\/#website","url":"https:\/\/m3caravaning.com\/ca\/","name":"Autocaravanas, caravanas y furgonetas campers nuevas, ocasi\u00f3n y segunda mano","description":"Tu tienda de autocaravanas, campers y caravanas nuevas y de segunda mano. Alquiler, tienda de recambios, taller, seguros, etc.","potentialAction":[{"@type":"SearchAction","target":{"@type":"EntryPoint","urlTemplate":"https:\/\/m3caravaning.com\/ca\/?s={search_term_string}"},"query-input":"required name=search_term_string"}],"inLanguage":"ca"},{"@type":"Person","@id":"https:\/\/m3caravaning.com\/ca\/#\/schema\/person\/10e5f1edce4be1f414d4bde1bcf0c65f","name":"M3 Caravaning","image":{"@type":"ImageObject","inLanguage":"ca","@id":"https:\/\/m3caravaning.com\/ca\/#\/schema\/person\/image\/","url":"https:\/\/secure.gravatar.com\/avatar\/45cc9e7bfaa20654bd7626e499aa306a8db18ee338763b6b771e707ccbeef54c?s=96&d=mm&r=g","contentUrl":"https:\/\/secure.gravatar.com\/avatar\/45cc9e7bfaa20654bd7626e499aa306a8db18ee338763b6b771e707ccbeef54c?s=96&d=mm&r=g","caption":"M3 Caravaning"}}]}},"_links":{"self":[{"href":"https:\/\/m3caravaning.com\/ca\/wp-json\/wp\/v2\/posts\/9351","targetHints":{"allow":["GET"]}}],"collection":[{"href":"https:\/\/m3caravaning.com\/ca\/wp-json\/wp\/v2\/posts"}],"about":[{"href":"https:\/\/m3caravaning.com\/ca\/wp-json\/wp\/v2\/types\/post"}],"author":[{"embeddable":true,"href":"https:\/\/m3caravaning.com\/ca\/wp-json\/wp\/v2\/users\/2"}],"replies":[{"embeddable":true,"href":"https:\/\/m3caravaning.com\/ca\/wp-json\/wp\/v2\/comments?post=9351"}],"version-history":[{"count":0,"href":"https:\/\/m3caravaning.com\/ca\/wp-json\/wp\/v2\/posts\/9351\/revisions"}],"wp:featuredmedia":[{"embeddable":true,"href":"https:\/\/m3caravaning.com\/ca\/wp-json\/wp\/v2\/media\/919"}],"wp:attachment":[{"href":"https:\/\/m3caravaning.com\/ca\/wp-json\/wp\/v2\/media?parent=9351"}],"wp:term":[{"taxonomy":"category","embeddable":true,"href":"https:\/\/m3caravaning.com\/ca\/wp-json\/wp\/v2\/categories?post=9351"},{"taxonomy":"post_tag","embeddable":true,"href":"https:\/\/m3caravaning.com\/ca\/wp-json\/wp\/v2\/tags?post=9351"}],"curies":[{"name":"wp","href":"https:\/\/api.w.org\/{rel}","templated":true}]}}