





{"id":9349,"date":"2019-07-01T10:05:57","date_gmt":"2019-07-01T08:05:57","guid":{"rendered":"https:\/\/m3caravaning.com\/?p=9349"},"modified":"2024-05-23T11:49:27","modified_gmt":"2024-05-23T09:49:27","slug":"nou-parquing-de-caravanes-i-autocaravanes-a-saragossa","status":"publish","type":"post","link":"https:\/\/m3caravaning.com\/ca\/actualitat\/nou-parquing-de-caravanes-i-autocaravanes-a-saragossa\/","title":{"rendered":"Nou p\u00e0rquing de caravanes i autocaravanes a Saragossa"},"content":{"rendered":"<p>S&#8217;estrena a la capital aragonesa una nova \u00e0rea per a\u00a0<strong>caravanes i autocaravanes<\/strong>. L&#8217;espai compta amb 36 places pels amants del\u00a0<strong>caravaning<\/strong>\u00a0de tot Europa. El p\u00e0rquing es va inaugurar al gener de 2019 i s&#8217;ha convertit ja en un punt de refer\u00e8ncia. Segons la normativa, es podr\u00e0 pernoctar fins a un m\u00e0xim de 72 hores de forma totalment gratu\u00efta.<\/p>\n<p>Els usuaris tindran a la seva disposici\u00f3 dues fonts d&#8217;aigua potable. Les\u00a0<strong>caravanes i autocaravanes<\/strong>\u00a0podran buidar tamb\u00e9 les aig\u00fces grises en el lloc del recinte especialment senyalitzat per a aix\u00f2. Les\u00a0<strong><a href=\"https:\/\/m3caravaning.com\/ca\/campers\/\">furgonetes camper<\/a><\/strong>\u00a0seran tamb\u00e9 ben rebudes en aquest nou espai. El nou p\u00e0rquing de Saragossa se situa al costat d&#8217;un camp de futbol de la Federaci\u00f3 Aragonesa de Futbol. Destaca per la seva \u00f2ptima localitzaci\u00f3 ja que es podr\u00e0 accedir des de la Ronda Nord de la capital aragonesa. En el cas que vulguem fer turisme per descobrir la zona, disposarem d&#8217;una parada de tramvia per con\u00e8ixer el nucli de la ciutat. La calor apreta de manera intensa en els mesos d&#8217;estiu i un aspecte a millorar seria el condicionament d&#8217;\u00e0rees d&#8217;ombra. Entre 20 i 25\u00a0<strong>caravanes i autocaravanes<\/strong>\u00a0utilitzen aquesta \u00e0rea di\u00e0riament.<\/p>\n<h2>ARAG\u00d3 DESTACA PER LES \u00c0REES DE CARAVANES I AUTOCARAVANES<\/h2>\n<p>Arag\u00f3 \u00e9s una de les comunitats aut\u00f2nomes que compta amb un major nombre\u00a0<strong>d&#8217;\u00e0rees de caravanes i autocaravanes<\/strong>. Hi ha un total de 30 i la majoria s\u00f3n p\u00fabliques i gratu\u00eftes. Els principals pa\u00efsos del m\u00f3n del\u00a0<strong>caravaning<\/strong>\u00a0que visiten Saragossa s\u00f3n It\u00e0lia, B\u00e8lgica i Fran\u00e7a. Un turisme que beneficia i afavoreix el comer\u00e7 de la zona.<\/p>\n<p>A\u00a0<strong><a href=\"https:\/\/m3caravaning.com\/ca\/\">M3 Caravaning<\/a><\/strong>\u00a0disposem d&#8217;un ampli cat\u00e0leg de\u00a0<strong>venda de caravanes<\/strong>\u00a0i de\u00a0<strong>venda d&#8217;autocaravanes<\/strong>. Si est\u00e0s pensant\u00a0<strong><a href=\"https:\/\/m3caravaning.com\/ca\/caravanes\/\">comprar una caravana<\/a><\/strong>\u00a0o\u00a0<strong><a href=\"https:\/\/m3caravaning.com\/ca\/autocaravanes\/\">comprar una autocaravana<\/a><\/strong>, a\u00a0<strong>M3 Caravaning<\/strong>\u00a0t&#8217;assessorarem amb total confian\u00e7a.<\/p>\n","protected":false},"excerpt":{"rendered":"<p>S&#8217;estrena a la capital aragonesa una nova \u00e0rea per a\u00a0caravanes i autocaravanes. L&#8217;espai compta amb 36 places pels amants del\u00a0caravaning\u00a0de tot Europa. El p\u00e0rquing es va inaugurar al gener de 2019 i s&#8217;ha convertit ja en un punt de refer\u00e8ncia. Segons la normativa, es podr\u00e0 pernoctar fins a un m\u00e0xim de 72 hores de forma<\/p>\n","protected":false},"author":2,"featured_media":803,"comment_status":"closed","ping_status":"open","sticky":false,"template":"","format":"standard","meta":{"footnotes":""},"categories":[14,15,17],"tags":[],"class_list":["post-9349","post","type-post","status-publish","format-standard","has-post-thumbnail","hentry","category-actualitat","category-autocaravanes","category-caravanes"],"yoast_head":"<!-- This site is optimized with the Yoast SEO plugin v22.4 - https:\/\/yoast.com\/wordpress\/plugins\/seo\/ -->\n<title>Nou p\u00e0rquing de caravanes i autocaravanes a Saragossa - Autocaravanas, caravanas y furgonetas campers nuevas, ocasi\u00f3n y segunda mano<\/title>\n<meta name=\"description\" content=\"M3 Caravaning presenta el nou p\u00e0rquing de caravanes i autocaravanes a Saragossa per a tots els amants del caravaning\" \/>\n<meta name=\"robots\" content=\"index, follow, max-snippet:-1, max-image-preview:large, max-video-preview:-1\" \/>\n<link rel=\"canonical\" href=\"https:\/\/m3caravaning.com\/ca\/actualitat\/nou-parquing-de-caravanes-i-autocaravanes-a-saragossa\/\" \/>\n<meta property=\"og:locale\" content=\"ca_ES\" \/>\n<meta property=\"og:type\" content=\"article\" \/>\n<meta property=\"og:title\" content=\"Nou p\u00e0rquing de caravanes i autocaravanes a Saragossa - Autocaravanas, caravanas y furgonetas campers nuevas, ocasi\u00f3n y segunda mano\" \/>\n<meta property=\"og:description\" content=\"M3 Caravaning presenta el nou p\u00e0rquing de caravanes i autocaravanes a Saragossa per a tots els amants del caravaning\" \/>\n<meta property=\"og:url\" content=\"https:\/\/m3caravaning.com\/ca\/actualitat\/nou-parquing-de-caravanes-i-autocaravanes-a-saragossa\/\" \/>\n<meta property=\"og:site_name\" content=\"Autocaravanas, caravanas y furgonetas campers nuevas, ocasi\u00f3n y segunda mano\" \/>\n<meta property=\"article:publisher\" content=\"https:\/\/www.facebook.com\/m3caravaning\" \/>\n<meta property=\"article:published_time\" content=\"2019-07-01T08:05:57+00:00\" \/>\n<meta property=\"article:modified_time\" content=\"2024-05-23T09:49:27+00:00\" \/>\n<meta property=\"og:image\" content=\"https:\/\/m3caravaning.com\/wp-content\/uploads\/2021\/01\/nuevo-parquing-de-caravanas-y-autocaravanas-en-zaragoza-id-355.jpg\" \/>\n\t<meta property=\"og:image:width\" content=\"949\" \/>\n\t<meta property=\"og:image:height\" content=\"720\" \/>\n\t<meta property=\"og:image:type\" content=\"image\/jpeg\" \/>\n<meta name=\"author\" content=\"M3 Caravaning\" \/>\n<meta name=\"twitter:card\" content=\"summary_large_image\" \/>\n<meta name=\"twitter:creator\" content=\"@M3Caravaning\" \/>\n<meta name=\"twitter:site\" content=\"@M3Caravaning\" \/>\n<meta name=\"twitter:label1\" content=\"Written by\" \/>\n\t<meta name=\"twitter:data1\" content=\"M3 Caravaning\" \/>\n\t<meta name=\"twitter:label2\" content=\"Est. reading time\" \/>\n\t<meta name=\"twitter:data2\" content=\"2 minutes\" \/>\n<script type=\"application\/ld+json\" class=\"yoast-schema-graph\">{\"@context\":\"https:\/\/schema.org\",\"@graph\":[{\"@type\":\"WebPage\",\"@id\":\"https:\/\/m3caravaning.com\/ca\/actualitat\/nou-parquing-de-caravanes-i-autocaravanes-a-saragossa\/\",\"url\":\"https:\/\/m3caravaning.com\/ca\/actualitat\/nou-parquing-de-caravanes-i-autocaravanes-a-saragossa\/\",\"name\":\"Nou p\u00e0rquing de caravanes i autocaravanes a Saragossa - Autocaravanas, caravanas y furgonetas campers nuevas, ocasi\u00f3n y segunda mano\",\"isPartOf\":{\"@id\":\"https:\/\/m3caravaning.com\/ca\/#website\"},\"primaryImageOfPage\":{\"@id\":\"https:\/\/m3caravaning.com\/ca\/actualitat\/nou-parquing-de-caravanes-i-autocaravanes-a-saragossa\/#primaryimage\"},\"image\":{\"@id\":\"https:\/\/m3caravaning.com\/ca\/actualitat\/nou-parquing-de-caravanes-i-autocaravanes-a-saragossa\/#primaryimage\"},\"thumbnailUrl\":\"https:\/\/m3caravaning.com\/wp-content\/uploads\/2021\/01\/nuevo-parquing-de-caravanas-y-autocaravanas-en-zaragoza-id-355.jpg\",\"datePublished\":\"2019-07-01T08:05:57+00:00\",\"dateModified\":\"2024-05-23T09:49:27+00:00\",\"author\":{\"@id\":\"https:\/\/m3caravaning.com\/ca\/#\/schema\/person\/10e5f1edce4be1f414d4bde1bcf0c65f\"},\"description\":\"M3 Caravaning presenta el nou p\u00e0rquing de caravanes i autocaravanes a Saragossa per a tots els amants del caravaning\",\"breadcrumb\":{\"@id\":\"https:\/\/m3caravaning.com\/ca\/actualitat\/nou-parquing-de-caravanes-i-autocaravanes-a-saragossa\/#breadcrumb\"},\"inLanguage\":\"ca\",\"potentialAction\":[{\"@type\":\"ReadAction\",\"target\":[\"https:\/\/m3caravaning.com\/ca\/actualitat\/nou-parquing-de-caravanes-i-autocaravanes-a-saragossa\/\"]}]},{\"@type\":\"ImageObject\",\"inLanguage\":\"ca\",\"@id\":\"https:\/\/m3caravaning.com\/ca\/actualitat\/nou-parquing-de-caravanes-i-autocaravanes-a-saragossa\/#primaryimage\",\"url\":\"https:\/\/m3caravaning.com\/wp-content\/uploads\/2021\/01\/nuevo-parquing-de-caravanas-y-autocaravanas-en-zaragoza-id-355.jpg\",\"contentUrl\":\"https:\/\/m3caravaning.com\/wp-content\/uploads\/2021\/01\/nuevo-parquing-de-caravanas-y-autocaravanas-en-zaragoza-id-355.jpg\",\"width\":949,\"height\":720},{\"@type\":\"BreadcrumbList\",\"@id\":\"https:\/\/m3caravaning.com\/ca\/actualitat\/nou-parquing-de-caravanes-i-autocaravanes-a-saragossa\/#breadcrumb\",\"itemListElement\":[{\"@type\":\"ListItem\",\"position\":1,\"name\":\"Portada\",\"item\":\"https:\/\/m3caravaning.com\/ca\/\"},{\"@type\":\"ListItem\",\"position\":2,\"name\":\"Nou p\u00e0rquing de caravanes i autocaravanes a Saragossa\"}]},{\"@type\":\"WebSite\",\"@id\":\"https:\/\/m3caravaning.com\/ca\/#website\",\"url\":\"https:\/\/m3caravaning.com\/ca\/\",\"name\":\"Autocaravanas, caravanas y furgonetas campers nuevas, ocasi\u00f3n y segunda mano\",\"description\":\"Tu tienda de autocaravanas, campers y caravanas nuevas y de segunda mano. Alquiler, tienda de recambios, taller, seguros, etc.\",\"potentialAction\":[{\"@type\":\"SearchAction\",\"target\":{\"@type\":\"EntryPoint\",\"urlTemplate\":\"https:\/\/m3caravaning.com\/ca\/?s={search_term_string}\"},\"query-input\":\"required name=search_term_string\"}],\"inLanguage\":\"ca\"},{\"@type\":\"Person\",\"@id\":\"https:\/\/m3caravaning.com\/ca\/#\/schema\/person\/10e5f1edce4be1f414d4bde1bcf0c65f\",\"name\":\"M3 Caravaning\",\"image\":{\"@type\":\"ImageObject\",\"inLanguage\":\"ca\",\"@id\":\"https:\/\/m3caravaning.com\/ca\/#\/schema\/person\/image\/\",\"url\":\"https:\/\/secure.gravatar.com\/avatar\/45cc9e7bfaa20654bd7626e499aa306a8db18ee338763b6b771e707ccbeef54c?s=96&d=mm&r=g\",\"contentUrl\":\"https:\/\/secure.gravatar.com\/avatar\/45cc9e7bfaa20654bd7626e499aa306a8db18ee338763b6b771e707ccbeef54c?s=96&d=mm&r=g\",\"caption\":\"M3 Caravaning\"}}]}<\/script>\n<!-- \/ Yoast SEO plugin. -->","yoast_head_json":{"title":"Nou p\u00e0rquing de caravanes i autocaravanes a Saragossa - Autocaravanas, caravanas y furgonetas campers nuevas, ocasi\u00f3n y segunda mano","description":"M3 Caravaning presenta el nou p\u00e0rquing de caravanes i autocaravanes a Saragossa per a tots els amants del caravaning","robots":{"index":"index","follow":"follow","max-snippet":"max-snippet:-1","max-image-preview":"max-image-preview:large","max-video-preview":"max-video-preview:-1"},"canonical":"https:\/\/m3caravaning.com\/ca\/actualitat\/nou-parquing-de-caravanes-i-autocaravanes-a-saragossa\/","og_locale":"ca_ES","og_type":"article","og_title":"Nou p\u00e0rquing de caravanes i autocaravanes a Saragossa - Autocaravanas, caravanas y furgonetas campers nuevas, ocasi\u00f3n y segunda mano","og_description":"M3 Caravaning presenta el nou p\u00e0rquing de caravanes i autocaravanes a Saragossa per a tots els amants del caravaning","og_url":"https:\/\/m3caravaning.com\/ca\/actualitat\/nou-parquing-de-caravanes-i-autocaravanes-a-saragossa\/","og_site_name":"Autocaravanas, caravanas y furgonetas campers nuevas, ocasi\u00f3n y segunda mano","article_publisher":"https:\/\/www.facebook.com\/m3caravaning","article_published_time":"2019-07-01T08:05:57+00:00","article_modified_time":"2024-05-23T09:49:27+00:00","og_image":[{"width":949,"height":720,"url":"https:\/\/m3caravaning.com\/wp-content\/uploads\/2021\/01\/nuevo-parquing-de-caravanas-y-autocaravanas-en-zaragoza-id-355.jpg","type":"image\/jpeg"}],"author":"M3 Caravaning","twitter_card":"summary_large_image","twitter_creator":"@M3Caravaning","twitter_site":"@M3Caravaning","twitter_misc":{"Written by":"M3 Caravaning","Est. reading time":"2 minutes"},"schema":{"@context":"https:\/\/schema.org","@graph":[{"@type":"WebPage","@id":"https:\/\/m3caravaning.com\/ca\/actualitat\/nou-parquing-de-caravanes-i-autocaravanes-a-saragossa\/","url":"https:\/\/m3caravaning.com\/ca\/actualitat\/nou-parquing-de-caravanes-i-autocaravanes-a-saragossa\/","name":"Nou p\u00e0rquing de caravanes i autocaravanes a Saragossa - Autocaravanas, caravanas y furgonetas campers nuevas, ocasi\u00f3n y segunda mano","isPartOf":{"@id":"https:\/\/m3caravaning.com\/ca\/#website"},"primaryImageOfPage":{"@id":"https:\/\/m3caravaning.com\/ca\/actualitat\/nou-parquing-de-caravanes-i-autocaravanes-a-saragossa\/#primaryimage"},"image":{"@id":"https:\/\/m3caravaning.com\/ca\/actualitat\/nou-parquing-de-caravanes-i-autocaravanes-a-saragossa\/#primaryimage"},"thumbnailUrl":"https:\/\/m3caravaning.com\/wp-content\/uploads\/2021\/01\/nuevo-parquing-de-caravanas-y-autocaravanas-en-zaragoza-id-355.jpg","datePublished":"2019-07-01T08:05:57+00:00","dateModified":"2024-05-23T09:49:27+00:00","author":{"@id":"https:\/\/m3caravaning.com\/ca\/#\/schema\/person\/10e5f1edce4be1f414d4bde1bcf0c65f"},"description":"M3 Caravaning presenta el nou p\u00e0rquing de caravanes i autocaravanes a Saragossa per a tots els amants del caravaning","breadcrumb":{"@id":"https:\/\/m3caravaning.com\/ca\/actualitat\/nou-parquing-de-caravanes-i-autocaravanes-a-saragossa\/#breadcrumb"},"inLanguage":"ca","potentialAction":[{"@type":"ReadAction","target":["https:\/\/m3caravaning.com\/ca\/actualitat\/nou-parquing-de-caravanes-i-autocaravanes-a-saragossa\/"]}]},{"@type":"ImageObject","inLanguage":"ca","@id":"https:\/\/m3caravaning.com\/ca\/actualitat\/nou-parquing-de-caravanes-i-autocaravanes-a-saragossa\/#primaryimage","url":"https:\/\/m3caravaning.com\/wp-content\/uploads\/2021\/01\/nuevo-parquing-de-caravanas-y-autocaravanas-en-zaragoza-id-355.jpg","contentUrl":"https:\/\/m3caravaning.com\/wp-content\/uploads\/2021\/01\/nuevo-parquing-de-caravanas-y-autocaravanas-en-zaragoza-id-355.jpg","width":949,"height":720},{"@type":"BreadcrumbList","@id":"https:\/\/m3caravaning.com\/ca\/actualitat\/nou-parquing-de-caravanes-i-autocaravanes-a-saragossa\/#breadcrumb","itemListElement":[{"@type":"ListItem","position":1,"name":"Portada","item":"https:\/\/m3caravaning.com\/ca\/"},{"@type":"ListItem","position":2,"name":"Nou p\u00e0rquing de caravanes i autocaravanes a Saragossa"}]},{"@type":"WebSite","@id":"https:\/\/m3caravaning.com\/ca\/#website","url":"https:\/\/m3caravaning.com\/ca\/","name":"Autocaravanas, caravanas y furgonetas campers nuevas, ocasi\u00f3n y segunda mano","description":"Tu tienda de autocaravanas, campers y caravanas nuevas y de segunda mano. Alquiler, tienda de recambios, taller, seguros, etc.","potentialAction":[{"@type":"SearchAction","target":{"@type":"EntryPoint","urlTemplate":"https:\/\/m3caravaning.com\/ca\/?s={search_term_string}"},"query-input":"required name=search_term_string"}],"inLanguage":"ca"},{"@type":"Person","@id":"https:\/\/m3caravaning.com\/ca\/#\/schema\/person\/10e5f1edce4be1f414d4bde1bcf0c65f","name":"M3 Caravaning","image":{"@type":"ImageObject","inLanguage":"ca","@id":"https:\/\/m3caravaning.com\/ca\/#\/schema\/person\/image\/","url":"https:\/\/secure.gravatar.com\/avatar\/45cc9e7bfaa20654bd7626e499aa306a8db18ee338763b6b771e707ccbeef54c?s=96&d=mm&r=g","contentUrl":"https:\/\/secure.gravatar.com\/avatar\/45cc9e7bfaa20654bd7626e499aa306a8db18ee338763b6b771e707ccbeef54c?s=96&d=mm&r=g","caption":"M3 Caravaning"}}]}},"_links":{"self":[{"href":"https:\/\/m3caravaning.com\/ca\/wp-json\/wp\/v2\/posts\/9349","targetHints":{"allow":["GET"]}}],"collection":[{"href":"https:\/\/m3caravaning.com\/ca\/wp-json\/wp\/v2\/posts"}],"about":[{"href":"https:\/\/m3caravaning.com\/ca\/wp-json\/wp\/v2\/types\/post"}],"author":[{"embeddable":true,"href":"https:\/\/m3caravaning.com\/ca\/wp-json\/wp\/v2\/users\/2"}],"replies":[{"embeddable":true,"href":"https:\/\/m3caravaning.com\/ca\/wp-json\/wp\/v2\/comments?post=9349"}],"version-history":[{"count":1,"href":"https:\/\/m3caravaning.com\/ca\/wp-json\/wp\/v2\/posts\/9349\/revisions"}],"predecessor-version":[{"id":619407,"href":"https:\/\/m3caravaning.com\/ca\/wp-json\/wp\/v2\/posts\/9349\/revisions\/619407"}],"wp:featuredmedia":[{"embeddable":true,"href":"https:\/\/m3caravaning.com\/ca\/wp-json\/wp\/v2\/media\/803"}],"wp:attachment":[{"href":"https:\/\/m3caravaning.com\/ca\/wp-json\/wp\/v2\/media?parent=9349"}],"wp:term":[{"taxonomy":"category","embeddable":true,"href":"https:\/\/m3caravaning.com\/ca\/wp-json\/wp\/v2\/categories?post=9349"},{"taxonomy":"post_tag","embeddable":true,"href":"https:\/\/m3caravaning.com\/ca\/wp-json\/wp\/v2\/tags?post=9349"}],"curies":[{"name":"wp","href":"https:\/\/api.w.org\/{rel}","templated":true}]}}