





{"id":9346,"date":"2019-07-05T09:38:54","date_gmt":"2019-07-05T07:38:54","guid":{"rendered":"https:\/\/m3caravaning.com\/?p=9346"},"modified":"2024-05-23T11:35:33","modified_gmt":"2024-05-23T09:35:33","slug":"la-passio-per-lautocaravana-segueix-creixent","status":"publish","type":"post","link":"https:\/\/m3caravaning.com\/ca\/autocaravanes\/la-passio-per-lautocaravana-segueix-creixent\/","title":{"rendered":"La passi\u00f3 per l&#8217;autocaravana segueix creixent"},"content":{"rendered":"<p><strong>Comprar una autocaravana<\/strong>, un desig complert. Una realitat que cada dia suma m\u00e9s seguidors en el m\u00f3n del\u00a0<strong>caravaning<\/strong>. El que va ser una alternativa per gaudir de l&#8217;oci de vacances del passat, va assolir una xifra r\u00e8cord de\u00a0<strong>venda d&#8217;autocaravanes<\/strong>\u00a0al 2018. A Espanya es van matricular m\u00e9s de 7000 unitats. Segons les dades de ASEICAR, l&#8217;Associaci\u00f3 Espanyola de la Ind\u00fastria i comer\u00e7 del Caravaning, va significar una mitjana de 588\u00a0<strong>autocaravanes<\/strong>\u00a0matriculades al mes. Les\u00a0<strong>caravanes i campers<\/strong>\u00a0segueixen tamb\u00e9 augmentant el nombre de seguidors.<\/p>\n<h2>Viatjar en autocaravana, modalitat de turisme en auge<\/h2>\n<p>L&#8217;augment de facilitats que ofereix el sector ha ajudat a promocionar aquest tipus d&#8217;oci. Les\u00a0<strong>\u00e0rees d&#8217;estacionament d&#8217;autocaravanes, caravanes i campers<\/strong>\u00a0han augmentat notablement a Espanya. Aquesta modalitat de turisme \u00e9s una important font d&#8217;ingressos per a l&#8217;activitat comercial de les poblacions. Els ajuntaments i entitats p\u00fabliques s\u00f3n conscients d&#8217;aix\u00f2 pel que cada vegada destinen m\u00e9s esfor\u00e7os en la construcci\u00f3 de\u00a0<strong>p\u00e0rquings p\u00fablics d&#8217;autocaravanes, caravanes i campers<\/strong>.<\/p>\n<p>El m\u00f3n del\u00a0<strong>caravaning<\/strong>\u00a0continua augmentant el seu nombre d&#8217;adeptes.\u00a0<strong>Comprar autocaravanes d&#8217;ocasi\u00f3<\/strong>\u00a0s&#8217;ha convertit tamb\u00e9 en una opci\u00f3 per a molts espanyols. Altres pa\u00efsos europeus com Fran\u00e7a o Alemanya tenen ja consolidada aquesta forma de gaudir de les\u00a0<strong>autocaravanes, caravanes i campers<\/strong>. En aquestes rutes, l&#8217;\u00fanic que necessitar\u00e0s \u00e9s saber el punt de partida. El dest\u00ed el triar\u00e0s dia a dia. Viatjar\u00e0s amb casa teva a sobre. Podr\u00e0s triar on pernoctar&#8230; al costat del mar o a la muntanya.<\/p>\n<p>Els apassionats d&#8217;aquests tipus de vehicles segueixen creixent tamb\u00e9 perqu\u00e8 resulta m\u00e9s econ\u00f2mic viatjar en elles. Podr\u00e0s compartir les despeses si viatges amb amics. Tampoc caldr\u00e0 que gastis els teus diners en reserves d&#8217;hotel. La xarxa actual de c\u00e0mpings \u00e9s una opci\u00f3 perfecta per realitzar una parada en el cam\u00ed.<\/p>\n<p><strong>Viatjar en autocaravana<\/strong>\u00a0\u00e9s un plaer. Els models nous tenen una conducci\u00f3 \u00e0gil, intu\u00eftiva i din\u00e0mica. Podr\u00e0s trobar de diferents mides segons les teves necessitats. El m\u00e9s important ser\u00e0 la comoditat que podr\u00e0s trobar en elles. Aquests s\u00f3n els motius que han fomentat l&#8217;augment de l&#8217;\u00fas d&#8217;aquest tipus de vehicle. Les opcions de\u00a0<strong>compra de caravanes i compra de furgonetes camper<\/strong>\u00a0segueixen tamb\u00e9 creixent.<\/p>\n<p>A\u00a0<strong><a href=\"https:\/\/m3caravaning.com\/ca\/\">M3 Caravaning<\/a> <\/strong>t&#8217;assessorarem amb la m\u00e0xima confian\u00e7a en l&#8217;opci\u00f3 que tries:<\/p>\n<p><strong><a href=\"https:\/\/m3caravaning.com\/ca\/autocaravanes\/\">Comprar autocaravanes<\/a><\/strong><\/p>\n<p><strong><a href=\"https:\/\/m3caravaning.com\/ca\/lloguer-dautocaravanes-i-furgonetes-camper\/\">Lloguer d&#8217;autocaravanes<\/a><\/strong><\/p>\n","protected":false},"excerpt":{"rendered":"<p>Comprar una autocaravana, un desig complert. Una realitat que cada dia suma m\u00e9s seguidors en el m\u00f3n del\u00a0caravaning. El que va ser una alternativa per gaudir de l&#8217;oci de vacances del passat, va assolir una xifra r\u00e8cord de\u00a0venda d&#8217;autocaravanes\u00a0al 2018. A Espanya es van matricular m\u00e9s de 7000 unitats. Segons les dades de ASEICAR, l&#8217;Associaci\u00f3<\/p>\n","protected":false},"author":2,"featured_media":915,"comment_status":"closed","ping_status":"open","sticky":false,"template":"","format":"standard","meta":{"footnotes":""},"categories":[15],"tags":[],"class_list":["post-9346","post","type-post","status-publish","format-standard","has-post-thumbnail","hentry","category-autocaravanes"],"yoast_head":"<!-- This site is optimized with the Yoast SEO plugin v22.4 - https:\/\/yoast.com\/wordpress\/plugins\/seo\/ -->\n<title>La passi\u00f3 per l&#039;autocaravana segueix creixent - Autocaravanas, caravanas y furgonetas campers nuevas, ocasi\u00f3n y segunda mano<\/title>\n<meta name=\"description\" content=\"M3 Caravaning s&#039;enorgulleix de que la passi\u00f3 per l&#039;autocaravana segueix creixent, amants del caravaning seguiu aix\u00ed\" \/>\n<meta name=\"robots\" content=\"index, follow, max-snippet:-1, max-image-preview:large, max-video-preview:-1\" \/>\n<link rel=\"canonical\" href=\"https:\/\/m3caravaning.com\/ca\/autocaravanes\/la-passio-per-lautocaravana-segueix-creixent\/\" \/>\n<meta property=\"og:locale\" content=\"ca_ES\" \/>\n<meta property=\"og:type\" content=\"article\" \/>\n<meta property=\"og:title\" content=\"La passi\u00f3 per l&#039;autocaravana segueix creixent - Autocaravanas, caravanas y furgonetas campers nuevas, ocasi\u00f3n y segunda mano\" \/>\n<meta property=\"og:description\" content=\"M3 Caravaning s&#039;enorgulleix de que la passi\u00f3 per l&#039;autocaravana segueix creixent, amants del caravaning seguiu aix\u00ed\" \/>\n<meta property=\"og:url\" content=\"https:\/\/m3caravaning.com\/ca\/autocaravanes\/la-passio-per-lautocaravana-segueix-creixent\/\" \/>\n<meta property=\"og:site_name\" content=\"Autocaravanas, caravanas y furgonetas campers nuevas, ocasi\u00f3n y segunda mano\" \/>\n<meta property=\"article:publisher\" content=\"https:\/\/www.facebook.com\/m3caravaning\" \/>\n<meta property=\"article:published_time\" content=\"2019-07-05T07:38:54+00:00\" \/>\n<meta property=\"article:modified_time\" content=\"2024-05-23T09:35:33+00:00\" \/>\n<meta property=\"og:image\" content=\"https:\/\/m3caravaning.com\/wp-content\/uploads\/2021\/01\/la-pasion-por-la-autocaravana-sigue-creciendo-id-357.jpg\" \/>\n\t<meta property=\"og:image:width\" content=\"850\" \/>\n\t<meta property=\"og:image:height\" content=\"300\" \/>\n\t<meta property=\"og:image:type\" content=\"image\/jpeg\" \/>\n<meta name=\"author\" content=\"M3 Caravaning\" \/>\n<meta name=\"twitter:card\" content=\"summary_large_image\" \/>\n<meta name=\"twitter:creator\" content=\"@M3Caravaning\" \/>\n<meta name=\"twitter:site\" content=\"@M3Caravaning\" \/>\n<meta name=\"twitter:label1\" content=\"Written by\" \/>\n\t<meta name=\"twitter:data1\" content=\"M3 Caravaning\" \/>\n\t<meta name=\"twitter:label2\" content=\"Est. reading time\" \/>\n\t<meta name=\"twitter:data2\" content=\"2 minutes\" \/>\n<script type=\"application\/ld+json\" class=\"yoast-schema-graph\">{\"@context\":\"https:\/\/schema.org\",\"@graph\":[{\"@type\":\"WebPage\",\"@id\":\"https:\/\/m3caravaning.com\/ca\/autocaravanes\/la-passio-per-lautocaravana-segueix-creixent\/\",\"url\":\"https:\/\/m3caravaning.com\/ca\/autocaravanes\/la-passio-per-lautocaravana-segueix-creixent\/\",\"name\":\"La passi\u00f3 per l'autocaravana segueix creixent - Autocaravanas, caravanas y furgonetas campers nuevas, ocasi\u00f3n y segunda mano\",\"isPartOf\":{\"@id\":\"https:\/\/m3caravaning.com\/ca\/#website\"},\"primaryImageOfPage\":{\"@id\":\"https:\/\/m3caravaning.com\/ca\/autocaravanes\/la-passio-per-lautocaravana-segueix-creixent\/#primaryimage\"},\"image\":{\"@id\":\"https:\/\/m3caravaning.com\/ca\/autocaravanes\/la-passio-per-lautocaravana-segueix-creixent\/#primaryimage\"},\"thumbnailUrl\":\"https:\/\/m3caravaning.com\/wp-content\/uploads\/2021\/01\/la-pasion-por-la-autocaravana-sigue-creciendo-id-357.jpg\",\"datePublished\":\"2019-07-05T07:38:54+00:00\",\"dateModified\":\"2024-05-23T09:35:33+00:00\",\"author\":{\"@id\":\"https:\/\/m3caravaning.com\/ca\/#\/schema\/person\/10e5f1edce4be1f414d4bde1bcf0c65f\"},\"description\":\"M3 Caravaning s'enorgulleix de que la passi\u00f3 per l'autocaravana segueix creixent, amants del caravaning seguiu aix\u00ed\",\"breadcrumb\":{\"@id\":\"https:\/\/m3caravaning.com\/ca\/autocaravanes\/la-passio-per-lautocaravana-segueix-creixent\/#breadcrumb\"},\"inLanguage\":\"ca\",\"potentialAction\":[{\"@type\":\"ReadAction\",\"target\":[\"https:\/\/m3caravaning.com\/ca\/autocaravanes\/la-passio-per-lautocaravana-segueix-creixent\/\"]}]},{\"@type\":\"ImageObject\",\"inLanguage\":\"ca\",\"@id\":\"https:\/\/m3caravaning.com\/ca\/autocaravanes\/la-passio-per-lautocaravana-segueix-creixent\/#primaryimage\",\"url\":\"https:\/\/m3caravaning.com\/wp-content\/uploads\/2021\/01\/la-pasion-por-la-autocaravana-sigue-creciendo-id-357.jpg\",\"contentUrl\":\"https:\/\/m3caravaning.com\/wp-content\/uploads\/2021\/01\/la-pasion-por-la-autocaravana-sigue-creciendo-id-357.jpg\",\"width\":850,\"height\":300},{\"@type\":\"BreadcrumbList\",\"@id\":\"https:\/\/m3caravaning.com\/ca\/autocaravanes\/la-passio-per-lautocaravana-segueix-creixent\/#breadcrumb\",\"itemListElement\":[{\"@type\":\"ListItem\",\"position\":1,\"name\":\"Portada\",\"item\":\"https:\/\/m3caravaning.com\/ca\/\"},{\"@type\":\"ListItem\",\"position\":2,\"name\":\"La passi\u00f3 per l&#8217;autocaravana segueix creixent\"}]},{\"@type\":\"WebSite\",\"@id\":\"https:\/\/m3caravaning.com\/ca\/#website\",\"url\":\"https:\/\/m3caravaning.com\/ca\/\",\"name\":\"Autocaravanas, caravanas y furgonetas campers nuevas, ocasi\u00f3n y segunda mano\",\"description\":\"Tu tienda de autocaravanas, campers y caravanas nuevas y de segunda mano. Alquiler, tienda de recambios, taller, seguros, etc.\",\"potentialAction\":[{\"@type\":\"SearchAction\",\"target\":{\"@type\":\"EntryPoint\",\"urlTemplate\":\"https:\/\/m3caravaning.com\/ca\/?s={search_term_string}\"},\"query-input\":\"required name=search_term_string\"}],\"inLanguage\":\"ca\"},{\"@type\":\"Person\",\"@id\":\"https:\/\/m3caravaning.com\/ca\/#\/schema\/person\/10e5f1edce4be1f414d4bde1bcf0c65f\",\"name\":\"M3 Caravaning\",\"image\":{\"@type\":\"ImageObject\",\"inLanguage\":\"ca\",\"@id\":\"https:\/\/m3caravaning.com\/ca\/#\/schema\/person\/image\/\",\"url\":\"https:\/\/secure.gravatar.com\/avatar\/45cc9e7bfaa20654bd7626e499aa306a8db18ee338763b6b771e707ccbeef54c?s=96&d=mm&r=g\",\"contentUrl\":\"https:\/\/secure.gravatar.com\/avatar\/45cc9e7bfaa20654bd7626e499aa306a8db18ee338763b6b771e707ccbeef54c?s=96&d=mm&r=g\",\"caption\":\"M3 Caravaning\"}}]}<\/script>\n<!-- \/ Yoast SEO plugin. -->","yoast_head_json":{"title":"La passi\u00f3 per l'autocaravana segueix creixent - Autocaravanas, caravanas y furgonetas campers nuevas, ocasi\u00f3n y segunda mano","description":"M3 Caravaning s'enorgulleix de que la passi\u00f3 per l'autocaravana segueix creixent, amants del caravaning seguiu aix\u00ed","robots":{"index":"index","follow":"follow","max-snippet":"max-snippet:-1","max-image-preview":"max-image-preview:large","max-video-preview":"max-video-preview:-1"},"canonical":"https:\/\/m3caravaning.com\/ca\/autocaravanes\/la-passio-per-lautocaravana-segueix-creixent\/","og_locale":"ca_ES","og_type":"article","og_title":"La passi\u00f3 per l'autocaravana segueix creixent - Autocaravanas, caravanas y furgonetas campers nuevas, ocasi\u00f3n y segunda mano","og_description":"M3 Caravaning s'enorgulleix de que la passi\u00f3 per l'autocaravana segueix creixent, amants del caravaning seguiu aix\u00ed","og_url":"https:\/\/m3caravaning.com\/ca\/autocaravanes\/la-passio-per-lautocaravana-segueix-creixent\/","og_site_name":"Autocaravanas, caravanas y furgonetas campers nuevas, ocasi\u00f3n y segunda mano","article_publisher":"https:\/\/www.facebook.com\/m3caravaning","article_published_time":"2019-07-05T07:38:54+00:00","article_modified_time":"2024-05-23T09:35:33+00:00","og_image":[{"width":850,"height":300,"url":"https:\/\/m3caravaning.com\/wp-content\/uploads\/2021\/01\/la-pasion-por-la-autocaravana-sigue-creciendo-id-357.jpg","type":"image\/jpeg"}],"author":"M3 Caravaning","twitter_card":"summary_large_image","twitter_creator":"@M3Caravaning","twitter_site":"@M3Caravaning","twitter_misc":{"Written by":"M3 Caravaning","Est. reading time":"2 minutes"},"schema":{"@context":"https:\/\/schema.org","@graph":[{"@type":"WebPage","@id":"https:\/\/m3caravaning.com\/ca\/autocaravanes\/la-passio-per-lautocaravana-segueix-creixent\/","url":"https:\/\/m3caravaning.com\/ca\/autocaravanes\/la-passio-per-lautocaravana-segueix-creixent\/","name":"La passi\u00f3 per l'autocaravana segueix creixent - Autocaravanas, caravanas y furgonetas campers nuevas, ocasi\u00f3n y segunda mano","isPartOf":{"@id":"https:\/\/m3caravaning.com\/ca\/#website"},"primaryImageOfPage":{"@id":"https:\/\/m3caravaning.com\/ca\/autocaravanes\/la-passio-per-lautocaravana-segueix-creixent\/#primaryimage"},"image":{"@id":"https:\/\/m3caravaning.com\/ca\/autocaravanes\/la-passio-per-lautocaravana-segueix-creixent\/#primaryimage"},"thumbnailUrl":"https:\/\/m3caravaning.com\/wp-content\/uploads\/2021\/01\/la-pasion-por-la-autocaravana-sigue-creciendo-id-357.jpg","datePublished":"2019-07-05T07:38:54+00:00","dateModified":"2024-05-23T09:35:33+00:00","author":{"@id":"https:\/\/m3caravaning.com\/ca\/#\/schema\/person\/10e5f1edce4be1f414d4bde1bcf0c65f"},"description":"M3 Caravaning s'enorgulleix de que la passi\u00f3 per l'autocaravana segueix creixent, amants del caravaning seguiu aix\u00ed","breadcrumb":{"@id":"https:\/\/m3caravaning.com\/ca\/autocaravanes\/la-passio-per-lautocaravana-segueix-creixent\/#breadcrumb"},"inLanguage":"ca","potentialAction":[{"@type":"ReadAction","target":["https:\/\/m3caravaning.com\/ca\/autocaravanes\/la-passio-per-lautocaravana-segueix-creixent\/"]}]},{"@type":"ImageObject","inLanguage":"ca","@id":"https:\/\/m3caravaning.com\/ca\/autocaravanes\/la-passio-per-lautocaravana-segueix-creixent\/#primaryimage","url":"https:\/\/m3caravaning.com\/wp-content\/uploads\/2021\/01\/la-pasion-por-la-autocaravana-sigue-creciendo-id-357.jpg","contentUrl":"https:\/\/m3caravaning.com\/wp-content\/uploads\/2021\/01\/la-pasion-por-la-autocaravana-sigue-creciendo-id-357.jpg","width":850,"height":300},{"@type":"BreadcrumbList","@id":"https:\/\/m3caravaning.com\/ca\/autocaravanes\/la-passio-per-lautocaravana-segueix-creixent\/#breadcrumb","itemListElement":[{"@type":"ListItem","position":1,"name":"Portada","item":"https:\/\/m3caravaning.com\/ca\/"},{"@type":"ListItem","position":2,"name":"La passi\u00f3 per l&#8217;autocaravana segueix creixent"}]},{"@type":"WebSite","@id":"https:\/\/m3caravaning.com\/ca\/#website","url":"https:\/\/m3caravaning.com\/ca\/","name":"Autocaravanas, caravanas y furgonetas campers nuevas, ocasi\u00f3n y segunda mano","description":"Tu tienda de autocaravanas, campers y caravanas nuevas y de segunda mano. Alquiler, tienda de recambios, taller, seguros, etc.","potentialAction":[{"@type":"SearchAction","target":{"@type":"EntryPoint","urlTemplate":"https:\/\/m3caravaning.com\/ca\/?s={search_term_string}"},"query-input":"required name=search_term_string"}],"inLanguage":"ca"},{"@type":"Person","@id":"https:\/\/m3caravaning.com\/ca\/#\/schema\/person\/10e5f1edce4be1f414d4bde1bcf0c65f","name":"M3 Caravaning","image":{"@type":"ImageObject","inLanguage":"ca","@id":"https:\/\/m3caravaning.com\/ca\/#\/schema\/person\/image\/","url":"https:\/\/secure.gravatar.com\/avatar\/45cc9e7bfaa20654bd7626e499aa306a8db18ee338763b6b771e707ccbeef54c?s=96&d=mm&r=g","contentUrl":"https:\/\/secure.gravatar.com\/avatar\/45cc9e7bfaa20654bd7626e499aa306a8db18ee338763b6b771e707ccbeef54c?s=96&d=mm&r=g","caption":"M3 Caravaning"}}]}},"_links":{"self":[{"href":"https:\/\/m3caravaning.com\/ca\/wp-json\/wp\/v2\/posts\/9346","targetHints":{"allow":["GET"]}}],"collection":[{"href":"https:\/\/m3caravaning.com\/ca\/wp-json\/wp\/v2\/posts"}],"about":[{"href":"https:\/\/m3caravaning.com\/ca\/wp-json\/wp\/v2\/types\/post"}],"author":[{"embeddable":true,"href":"https:\/\/m3caravaning.com\/ca\/wp-json\/wp\/v2\/users\/2"}],"replies":[{"embeddable":true,"href":"https:\/\/m3caravaning.com\/ca\/wp-json\/wp\/v2\/comments?post=9346"}],"version-history":[{"count":1,"href":"https:\/\/m3caravaning.com\/ca\/wp-json\/wp\/v2\/posts\/9346\/revisions"}],"predecessor-version":[{"id":619394,"href":"https:\/\/m3caravaning.com\/ca\/wp-json\/wp\/v2\/posts\/9346\/revisions\/619394"}],"wp:featuredmedia":[{"embeddable":true,"href":"https:\/\/m3caravaning.com\/ca\/wp-json\/wp\/v2\/media\/915"}],"wp:attachment":[{"href":"https:\/\/m3caravaning.com\/ca\/wp-json\/wp\/v2\/media?parent=9346"}],"wp:term":[{"taxonomy":"category","embeddable":true,"href":"https:\/\/m3caravaning.com\/ca\/wp-json\/wp\/v2\/categories?post=9346"},{"taxonomy":"post_tag","embeddable":true,"href":"https:\/\/m3caravaning.com\/ca\/wp-json\/wp\/v2\/tags?post=9346"}],"curies":[{"name":"wp","href":"https:\/\/api.w.org\/{rel}","templated":true}]}}