





{"id":9334,"date":"2019-11-21T12:33:37","date_gmt":"2019-11-21T11:33:37","guid":{"rendered":"https:\/\/m3caravaning.com\/?p=9334"},"modified":"2021-05-11T16:57:31","modified_gmt":"2021-05-11T14:57:31","slug":"viatjar-en-parella-en-furgonetes-i-autocaravanes","status":"publish","type":"post","link":"https:\/\/m3caravaning.com\/ca\/autocaravanes\/viatjar-en-parella-en-furgonetes-i-autocaravanes\/","title":{"rendered":"Viatjar en parella en furgonetes i autocaravanes"},"content":{"rendered":"<p>Influ\u00efts per la cultura indie, per un somni rom\u00e0ntic o la llibertat d&#8217;improvisar, la veritat \u00e9s que\u00a0<strong>viatjar en parella en furgonetes i autocaravanes \u00e9s la il\u00b7lusi\u00f3 de molts<\/strong>. No sols es deu a q\u00fcestions pr\u00e0ctiques com oblidar-se de reservar habitacions o poder decidir ruta sobre la marxa, sin\u00f3 a altres factors on una determinada visi\u00f3 del m\u00f3n t\u00e9 molt a veure.<\/p>\n<p>Gens menyspreable \u00e9s con\u00e8ixer que la majoria de persones que viatgen en autocaravana (m\u00e9s d&#8217;un 35%) s\u00f3n\u00a0<strong>persones entre 25 i 34 anys que viatgen en parella<\/strong>. En un percentatge molt similar, els segueixen els caravanistas de 35 a 44 anys, que ho fan sobretot en fam\u00edlia.<\/p>\n<div id=\"ez-toc-container\" class=\"ez-toc-v2_0_82_2 counter-hierarchy ez-toc-counter ez-toc-custom ez-toc-container-direction\">\n<div class=\"ez-toc-title-container\">\n<p class=\"ez-toc-title ez-toc-toggle\" style=\"cursor:pointer\">Tabla de contenido<\/p>\n<span class=\"ez-toc-title-toggle\"><\/span><\/div>\n<nav><ul class='ez-toc-list ez-toc-list-level-1 ' ><li class='ez-toc-page-1 ez-toc-heading-level-2'><a class=\"ez-toc-link ez-toc-heading-1\" href=\"https:\/\/m3caravaning.com\/ca\/autocaravanes\/viatjar-en-parella-en-furgonetes-i-autocaravanes\/#Furgonetes_i_autocaravanes_com_a_estil_de_vida\" >Furgonetes i autocaravanes com a estil de vida<\/a><\/li><li class='ez-toc-page-1 ez-toc-heading-level-2'><a class=\"ez-toc-link ez-toc-heading-2\" href=\"https:\/\/m3caravaning.com\/ca\/autocaravanes\/viatjar-en-parella-en-furgonetes-i-autocaravanes\/#Les_furgonetes_camper_favorites_de_les_parelles\" >Les furgonetes camper, favorites de les parelles<\/a><\/li><\/ul><\/nav><\/div>\n<h2><span class=\"ez-toc-section\" id=\"Furgonetes_i_autocaravanes_com_a_estil_de_vida\"><\/span>Furgonetes i autocaravanes com a estil de vida<span class=\"ez-toc-section-end\"><\/span><\/h2>\n<p>Segons les dades de ASEICAR, l&#8217;Associaci\u00f3 Espanyola del Comer\u00e7 i la Ind\u00fastria del Caravaning,\u00a0<strong>el nombre de matriculacions en autocaravanes ha experimentat un increment del 445% en els \u00faltims 5 anys<\/strong>. Segons les seves estad\u00edstiques recents, nom\u00e9s en el l mes d&#8217;octubre de 2019 es van matricular 261 autocaravanes noves, de les quals 137 van ser furgonetes camper. Quant al mercat d&#8217;ocasi\u00f3, les quantitats canvien: 257 autocaravanes de segona m\u00e0, de les quals nom\u00e9s 33 unitats pertanyien a furgonetes camper de segona m\u00e0.<\/p>\n<p>Aquest\u00a0<strong>augment en la compra d&#8217;aquesta mena de vehicles es deu a alguna cosa m\u00e9s que una moda transit\u00f2ria<\/strong>, perqu\u00e8 forma part tamb\u00e9 d&#8217;un\u00a0<strong>estil de vida<\/strong>\u00a0que aposta per f\u00f3rmules m\u00e9s independents i ecol\u00f2giques, per la qual cosa des de ASEICAR asseguren que la demanda est\u00e0 superant a l&#8217;oferta a Espanya, especialment en el mercat de lloguer d&#8217;autocaravanes en per\u00edode vacacional i festius.<\/p>\n<p>En M3 Caravaning disposem de camper i autocaravanes de lloguer a Barcelona i Madrid, que s\u00f3n les ciutats on m\u00e9s se sol\u00b7liciten els serveis de caravanes i furgonetes de lloguer, seguides de Bilbao i M\u00e0laga. Com a dada curiosa, una mica m\u00e9s de la meitat d&#8217;usuaris que lloguen caravanes i autocaravanes s\u00f3n estrangers.<\/p>\n<h2><span class=\"ez-toc-section\" id=\"Les_furgonetes_camper_favorites_de_les_parelles\"><\/span>Les furgonetes camper, favorites de les parelles<span class=\"ez-toc-section-end\"><\/span><\/h2>\n<p>De les dades estad\u00edstiques d&#8217;aquest 2019, sembla que a Espanya en l&#8217;usuari que agrada de viatjar en parella en furgonetes i autocaravanes, o b\u00e9 es decideix per\u00a0<strong>autocaravanes d&#8217;ocasi\u00f3, o per furgonetes camper noves<\/strong>. Raons de preu, grand\u00e0ria i disseny marquen la difer\u00e8ncia. Les parelles m\u00e9s joves es decanten pel format Camper -del qual s&#8217;estima que\u00a0<strong>la matriculaci\u00f3 mensual ronda les 200 unitats<\/strong>\u00a0en el que portem d&#8217;any- mentre que les fam\u00edlies amb nens prefereixen l- list text hereas autocaravanes.<\/p>\n<p>Els\u00a0<strong>preus tamb\u00e9 marquen una difer\u00e8ncia que afavoreix que les parelles joves optin per les furgonetes camper<\/strong>\u00a0sense dubtar-ho massa, ja que el seu preu \u00e9s sensiblement inferior al que trobem en el mercat de venda d&#8217;autocaravanes. Per exemple, una\u00a0<a href=\"https:\/\/m3caravaning.com\/autocaravanas\/autocaravanas-nuevas\/\">autocaravana Piloti o Weisenberg nova de 4 places\u00a0<\/a>(https:\/\/m3caravaning.com\/autocaravanas\/autocaravanas-nuevas\/) ronda un preu de 55.000 euros, mentre que les caravanes Knaus solen superar els 63.000 euros. El preu d&#8217;una furgoneta camper, en canvi, oscil\u00b7la entre els <strong>40.000 i els 50.000<\/strong>\u00a0euros de mitjana.<\/p>\n<p>El per qu\u00e8 de l&#8217;\u00e8xit de la camper es deu a la seva versatilitat, especialment per a un\u00a0<strong>perfil d&#8217;usuari que est\u00e0 en la trentena<\/strong>. El seu disseny permet donar-li un \u00fas mixt perqu\u00e8 hi ha models les dimensions dels quals a penes es diferencien de les d&#8217;una furgoneta. Pot utilitzar-se per a treballar i \u00e9s ideal per a viatjar, la qual cosa afavoreix que\u00a0<strong>aut\u00f2noms i joves professionals<\/strong>\u00a0amb treball remot es rendeixin a les possibilitats que els ofereix aquest tipus de vehicles on se sentiran com a casa gr\u00e0cies al disseny interior, cada vegada m\u00e9s cuidat i sofisticat.<\/p>\n<p>Per\u00f2 tamb\u00e9 hi ha l&#8217;opci\u00f3 de lloguer de furgonetes camper, una bona opci\u00f3 quan no se&#8217;ls donar\u00e0 un \u00fas tan continuat i es prefereix per a \u00fas puntual. El que no varia \u00e9s la sensaci\u00f3 de llibertat de viatjar en parella amb furgonetes o autocaravanes, que permet oblidar-se dels irritants horaris de check-in i check-out o les reserves impossibles.<\/p>\n<p>L&#8217;aventura de poder\u00a0<strong>dormir aparcats en plena naturalesa<\/strong>, en pobles amb encant que ens enamoren a meitat de la ruta o en un estacionament qualsevol amb la comoditat de tenir\u00a0<strong>llit doble sobre rodes<\/strong>\u2026 Quina millor manera de descriure-ho que amb aquestes paraules de Jack Kerouac: \u201cNo hi havia a on anar excepte a totes parts, aix\u00ed que continua rodant sota les estrelles.\u201c<\/p>\n","protected":false},"excerpt":{"rendered":"<p>Influ\u00efts per la cultura indie, per un somni rom\u00e0ntic o la llibertat d&#8217;improvisar, la veritat \u00e9s que\u00a0viatjar en parella en furgonetes i autocaravanes \u00e9s la il\u00b7lusi\u00f3 de molts. No sols es deu a q\u00fcestions pr\u00e0ctiques com oblidar-se de reservar habitacions o poder decidir ruta sobre la marxa, sin\u00f3 a altres factors on una determinada visi\u00f3<\/p>\n","protected":false},"author":2,"featured_media":630732,"comment_status":"closed","ping_status":"open","sticky":false,"template":"","format":"standard","meta":{"footnotes":""},"categories":[15],"tags":[],"class_list":["post-9334","post","type-post","status-publish","format-standard","has-post-thumbnail","hentry","category-autocaravanes"],"yoast_head":"<!-- This site is optimized with the Yoast SEO plugin v22.4 - https:\/\/yoast.com\/wordpress\/plugins\/seo\/ -->\n<title>Viatjar en parella en furgonetes i autocaravanes - Autocaravanas, caravanas y furgonetas campers nuevas, ocasi\u00f3n y segunda mano<\/title>\n<meta name=\"description\" content=\"Amants del Caravaning avui us explicarem el que suposa viatjar en parella en furgonetes i autocaravanes de la m\u00e0 de M3 Caravaning, a gaudir!\" \/>\n<meta name=\"robots\" content=\"index, follow, max-snippet:-1, max-image-preview:large, max-video-preview:-1\" \/>\n<link rel=\"canonical\" href=\"https:\/\/m3caravaning.com\/ca\/autocaravanes\/viatjar-en-parella-en-furgonetes-i-autocaravanes\/\" \/>\n<meta property=\"og:locale\" content=\"ca_ES\" \/>\n<meta property=\"og:type\" content=\"article\" \/>\n<meta property=\"og:title\" content=\"Viatjar en parella en furgonetes i autocaravanes - Autocaravanas, caravanas y furgonetas campers nuevas, ocasi\u00f3n y segunda mano\" \/>\n<meta property=\"og:description\" content=\"Amants del Caravaning avui us explicarem el que suposa viatjar en parella en furgonetes i autocaravanes de la m\u00e0 de M3 Caravaning, a gaudir!\" \/>\n<meta property=\"og:url\" content=\"https:\/\/m3caravaning.com\/ca\/autocaravanes\/viatjar-en-parella-en-furgonetes-i-autocaravanes\/\" \/>\n<meta property=\"og:site_name\" content=\"Autocaravanas, caravanas y furgonetas campers nuevas, ocasi\u00f3n y segunda mano\" \/>\n<meta property=\"article:publisher\" content=\"https:\/\/www.facebook.com\/m3caravaning\" \/>\n<meta property=\"article:published_time\" content=\"2019-11-21T11:33:37+00:00\" \/>\n<meta property=\"article:modified_time\" content=\"2021-05-11T14:57:31+00:00\" \/>\n<meta property=\"og:image\" content=\"https:\/\/m3caravaning.com\/wp-content\/uploads\/2019\/11\/viajar-en-pareja-autocaravana.webp\" \/>\n\t<meta property=\"og:image:width\" content=\"847\" \/>\n\t<meta property=\"og:image:height\" content=\"452\" \/>\n\t<meta property=\"og:image:type\" content=\"image\/webp\" \/>\n<meta name=\"author\" content=\"M3 Caravaning\" \/>\n<meta name=\"twitter:card\" content=\"summary_large_image\" \/>\n<meta name=\"twitter:creator\" content=\"@M3Caravaning\" \/>\n<meta name=\"twitter:site\" content=\"@M3Caravaning\" \/>\n<meta name=\"twitter:label1\" content=\"Written by\" \/>\n\t<meta name=\"twitter:data1\" content=\"M3 Caravaning\" \/>\n\t<meta name=\"twitter:label2\" content=\"Est. reading time\" \/>\n\t<meta name=\"twitter:data2\" content=\"4 minutes\" \/>\n<script type=\"application\/ld+json\" class=\"yoast-schema-graph\">{\"@context\":\"https:\/\/schema.org\",\"@graph\":[{\"@type\":\"WebPage\",\"@id\":\"https:\/\/m3caravaning.com\/ca\/autocaravanes\/viatjar-en-parella-en-furgonetes-i-autocaravanes\/\",\"url\":\"https:\/\/m3caravaning.com\/ca\/autocaravanes\/viatjar-en-parella-en-furgonetes-i-autocaravanes\/\",\"name\":\"Viatjar en parella en furgonetes i autocaravanes - Autocaravanas, caravanas y furgonetas campers nuevas, ocasi\u00f3n y segunda mano\",\"isPartOf\":{\"@id\":\"https:\/\/m3caravaning.com\/ca\/#website\"},\"primaryImageOfPage\":{\"@id\":\"https:\/\/m3caravaning.com\/ca\/autocaravanes\/viatjar-en-parella-en-furgonetes-i-autocaravanes\/#primaryimage\"},\"image\":{\"@id\":\"https:\/\/m3caravaning.com\/ca\/autocaravanes\/viatjar-en-parella-en-furgonetes-i-autocaravanes\/#primaryimage\"},\"thumbnailUrl\":\"https:\/\/m3caravaning.com\/wp-content\/uploads\/2019\/11\/viajar-en-pareja-autocaravana.webp\",\"datePublished\":\"2019-11-21T11:33:37+00:00\",\"dateModified\":\"2021-05-11T14:57:31+00:00\",\"author\":{\"@id\":\"https:\/\/m3caravaning.com\/ca\/#\/schema\/person\/10e5f1edce4be1f414d4bde1bcf0c65f\"},\"description\":\"Amants del Caravaning avui us explicarem el que suposa viatjar en parella en furgonetes i autocaravanes de la m\u00e0 de M3 Caravaning, a gaudir!\",\"breadcrumb\":{\"@id\":\"https:\/\/m3caravaning.com\/ca\/autocaravanes\/viatjar-en-parella-en-furgonetes-i-autocaravanes\/#breadcrumb\"},\"inLanguage\":\"ca\",\"potentialAction\":[{\"@type\":\"ReadAction\",\"target\":[\"https:\/\/m3caravaning.com\/ca\/autocaravanes\/viatjar-en-parella-en-furgonetes-i-autocaravanes\/\"]}]},{\"@type\":\"ImageObject\",\"inLanguage\":\"ca\",\"@id\":\"https:\/\/m3caravaning.com\/ca\/autocaravanes\/viatjar-en-parella-en-furgonetes-i-autocaravanes\/#primaryimage\",\"url\":\"https:\/\/m3caravaning.com\/wp-content\/uploads\/2019\/11\/viajar-en-pareja-autocaravana.webp\",\"contentUrl\":\"https:\/\/m3caravaning.com\/wp-content\/uploads\/2019\/11\/viajar-en-pareja-autocaravana.webp\",\"width\":847,\"height\":452,\"caption\":\"Viajar en pareja en autocaravana por Espa\u00f1a\"},{\"@type\":\"BreadcrumbList\",\"@id\":\"https:\/\/m3caravaning.com\/ca\/autocaravanes\/viatjar-en-parella-en-furgonetes-i-autocaravanes\/#breadcrumb\",\"itemListElement\":[{\"@type\":\"ListItem\",\"position\":1,\"name\":\"Portada\",\"item\":\"https:\/\/m3caravaning.com\/ca\/\"},{\"@type\":\"ListItem\",\"position\":2,\"name\":\"Viatjar en parella en furgonetes i autocaravanes\"}]},{\"@type\":\"WebSite\",\"@id\":\"https:\/\/m3caravaning.com\/ca\/#website\",\"url\":\"https:\/\/m3caravaning.com\/ca\/\",\"name\":\"Autocaravanas, caravanas y furgonetas campers nuevas, ocasi\u00f3n y segunda mano\",\"description\":\"Tu tienda de autocaravanas, campers y caravanas nuevas y de segunda mano. Alquiler, tienda de recambios, taller, seguros, etc.\",\"potentialAction\":[{\"@type\":\"SearchAction\",\"target\":{\"@type\":\"EntryPoint\",\"urlTemplate\":\"https:\/\/m3caravaning.com\/ca\/?s={search_term_string}\"},\"query-input\":\"required name=search_term_string\"}],\"inLanguage\":\"ca\"},{\"@type\":\"Person\",\"@id\":\"https:\/\/m3caravaning.com\/ca\/#\/schema\/person\/10e5f1edce4be1f414d4bde1bcf0c65f\",\"name\":\"M3 Caravaning\",\"image\":{\"@type\":\"ImageObject\",\"inLanguage\":\"ca\",\"@id\":\"https:\/\/m3caravaning.com\/ca\/#\/schema\/person\/image\/\",\"url\":\"https:\/\/secure.gravatar.com\/avatar\/45cc9e7bfaa20654bd7626e499aa306a8db18ee338763b6b771e707ccbeef54c?s=96&d=mm&r=g\",\"contentUrl\":\"https:\/\/secure.gravatar.com\/avatar\/45cc9e7bfaa20654bd7626e499aa306a8db18ee338763b6b771e707ccbeef54c?s=96&d=mm&r=g\",\"caption\":\"M3 Caravaning\"}}]}<\/script>\n<!-- \/ Yoast SEO plugin. -->","yoast_head_json":{"title":"Viatjar en parella en furgonetes i autocaravanes - Autocaravanas, caravanas y furgonetas campers nuevas, ocasi\u00f3n y segunda mano","description":"Amants del Caravaning avui us explicarem el que suposa viatjar en parella en furgonetes i autocaravanes de la m\u00e0 de M3 Caravaning, a gaudir!","robots":{"index":"index","follow":"follow","max-snippet":"max-snippet:-1","max-image-preview":"max-image-preview:large","max-video-preview":"max-video-preview:-1"},"canonical":"https:\/\/m3caravaning.com\/ca\/autocaravanes\/viatjar-en-parella-en-furgonetes-i-autocaravanes\/","og_locale":"ca_ES","og_type":"article","og_title":"Viatjar en parella en furgonetes i autocaravanes - Autocaravanas, caravanas y furgonetas campers nuevas, ocasi\u00f3n y segunda mano","og_description":"Amants del Caravaning avui us explicarem el que suposa viatjar en parella en furgonetes i autocaravanes de la m\u00e0 de M3 Caravaning, a gaudir!","og_url":"https:\/\/m3caravaning.com\/ca\/autocaravanes\/viatjar-en-parella-en-furgonetes-i-autocaravanes\/","og_site_name":"Autocaravanas, caravanas y furgonetas campers nuevas, ocasi\u00f3n y segunda mano","article_publisher":"https:\/\/www.facebook.com\/m3caravaning","article_published_time":"2019-11-21T11:33:37+00:00","article_modified_time":"2021-05-11T14:57:31+00:00","og_image":[{"width":847,"height":452,"url":"https:\/\/m3caravaning.com\/wp-content\/uploads\/2019\/11\/viajar-en-pareja-autocaravana.webp","type":"image\/webp"}],"author":"M3 Caravaning","twitter_card":"summary_large_image","twitter_creator":"@M3Caravaning","twitter_site":"@M3Caravaning","twitter_misc":{"Written by":"M3 Caravaning","Est. reading time":"4 minutes"},"schema":{"@context":"https:\/\/schema.org","@graph":[{"@type":"WebPage","@id":"https:\/\/m3caravaning.com\/ca\/autocaravanes\/viatjar-en-parella-en-furgonetes-i-autocaravanes\/","url":"https:\/\/m3caravaning.com\/ca\/autocaravanes\/viatjar-en-parella-en-furgonetes-i-autocaravanes\/","name":"Viatjar en parella en furgonetes i autocaravanes - Autocaravanas, caravanas y furgonetas campers nuevas, ocasi\u00f3n y segunda mano","isPartOf":{"@id":"https:\/\/m3caravaning.com\/ca\/#website"},"primaryImageOfPage":{"@id":"https:\/\/m3caravaning.com\/ca\/autocaravanes\/viatjar-en-parella-en-furgonetes-i-autocaravanes\/#primaryimage"},"image":{"@id":"https:\/\/m3caravaning.com\/ca\/autocaravanes\/viatjar-en-parella-en-furgonetes-i-autocaravanes\/#primaryimage"},"thumbnailUrl":"https:\/\/m3caravaning.com\/wp-content\/uploads\/2019\/11\/viajar-en-pareja-autocaravana.webp","datePublished":"2019-11-21T11:33:37+00:00","dateModified":"2021-05-11T14:57:31+00:00","author":{"@id":"https:\/\/m3caravaning.com\/ca\/#\/schema\/person\/10e5f1edce4be1f414d4bde1bcf0c65f"},"description":"Amants del Caravaning avui us explicarem el que suposa viatjar en parella en furgonetes i autocaravanes de la m\u00e0 de M3 Caravaning, a gaudir!","breadcrumb":{"@id":"https:\/\/m3caravaning.com\/ca\/autocaravanes\/viatjar-en-parella-en-furgonetes-i-autocaravanes\/#breadcrumb"},"inLanguage":"ca","potentialAction":[{"@type":"ReadAction","target":["https:\/\/m3caravaning.com\/ca\/autocaravanes\/viatjar-en-parella-en-furgonetes-i-autocaravanes\/"]}]},{"@type":"ImageObject","inLanguage":"ca","@id":"https:\/\/m3caravaning.com\/ca\/autocaravanes\/viatjar-en-parella-en-furgonetes-i-autocaravanes\/#primaryimage","url":"https:\/\/m3caravaning.com\/wp-content\/uploads\/2019\/11\/viajar-en-pareja-autocaravana.webp","contentUrl":"https:\/\/m3caravaning.com\/wp-content\/uploads\/2019\/11\/viajar-en-pareja-autocaravana.webp","width":847,"height":452,"caption":"Viajar en pareja en autocaravana por Espa\u00f1a"},{"@type":"BreadcrumbList","@id":"https:\/\/m3caravaning.com\/ca\/autocaravanes\/viatjar-en-parella-en-furgonetes-i-autocaravanes\/#breadcrumb","itemListElement":[{"@type":"ListItem","position":1,"name":"Portada","item":"https:\/\/m3caravaning.com\/ca\/"},{"@type":"ListItem","position":2,"name":"Viatjar en parella en furgonetes i autocaravanes"}]},{"@type":"WebSite","@id":"https:\/\/m3caravaning.com\/ca\/#website","url":"https:\/\/m3caravaning.com\/ca\/","name":"Autocaravanas, caravanas y furgonetas campers nuevas, ocasi\u00f3n y segunda mano","description":"Tu tienda de autocaravanas, campers y caravanas nuevas y de segunda mano. Alquiler, tienda de recambios, taller, seguros, etc.","potentialAction":[{"@type":"SearchAction","target":{"@type":"EntryPoint","urlTemplate":"https:\/\/m3caravaning.com\/ca\/?s={search_term_string}"},"query-input":"required name=search_term_string"}],"inLanguage":"ca"},{"@type":"Person","@id":"https:\/\/m3caravaning.com\/ca\/#\/schema\/person\/10e5f1edce4be1f414d4bde1bcf0c65f","name":"M3 Caravaning","image":{"@type":"ImageObject","inLanguage":"ca","@id":"https:\/\/m3caravaning.com\/ca\/#\/schema\/person\/image\/","url":"https:\/\/secure.gravatar.com\/avatar\/45cc9e7bfaa20654bd7626e499aa306a8db18ee338763b6b771e707ccbeef54c?s=96&d=mm&r=g","contentUrl":"https:\/\/secure.gravatar.com\/avatar\/45cc9e7bfaa20654bd7626e499aa306a8db18ee338763b6b771e707ccbeef54c?s=96&d=mm&r=g","caption":"M3 Caravaning"}}]}},"_links":{"self":[{"href":"https:\/\/m3caravaning.com\/ca\/wp-json\/wp\/v2\/posts\/9334","targetHints":{"allow":["GET"]}}],"collection":[{"href":"https:\/\/m3caravaning.com\/ca\/wp-json\/wp\/v2\/posts"}],"about":[{"href":"https:\/\/m3caravaning.com\/ca\/wp-json\/wp\/v2\/types\/post"}],"author":[{"embeddable":true,"href":"https:\/\/m3caravaning.com\/ca\/wp-json\/wp\/v2\/users\/2"}],"replies":[{"embeddable":true,"href":"https:\/\/m3caravaning.com\/ca\/wp-json\/wp\/v2\/comments?post=9334"}],"version-history":[{"count":0,"href":"https:\/\/m3caravaning.com\/ca\/wp-json\/wp\/v2\/posts\/9334\/revisions"}],"wp:featuredmedia":[{"embeddable":true,"href":"https:\/\/m3caravaning.com\/ca\/wp-json\/wp\/v2\/media\/630732"}],"wp:attachment":[{"href":"https:\/\/m3caravaning.com\/ca\/wp-json\/wp\/v2\/media?parent=9334"}],"wp:term":[{"taxonomy":"category","embeddable":true,"href":"https:\/\/m3caravaning.com\/ca\/wp-json\/wp\/v2\/categories?post=9334"},{"taxonomy":"post_tag","embeddable":true,"href":"https:\/\/m3caravaning.com\/ca\/wp-json\/wp\/v2\/tags?post=9334"}],"curies":[{"name":"wp","href":"https:\/\/api.w.org\/{rel}","templated":true}]}}