





{"id":9313,"date":"2018-12-01T10:51:35","date_gmt":"2018-12-01T09:51:35","guid":{"rendered":"https:\/\/m3caravaning.com\/?p=9313"},"modified":"2021-06-16T11:03:50","modified_gmt":"2021-06-16T09:03:50","slug":"ofertes-en-articles-daccessoris-de-camping-i-caravaning-demani-ns-als-reis-mags","status":"publish","type":"post","link":"https:\/\/m3caravaning.com\/ca\/sense-categoria\/ofertes-en-articles-daccessoris-de-camping-i-caravaning-demani-ns-als-reis-mags\/","title":{"rendered":"Ofertes en articles d&#8217;accessoris de #Camping i #Caravaning, demani-ns als reis mags!"},"content":{"rendered":"<p>Aquest Nadal regala articles de c\u00e0mping a la botiga d&#8217;accessoris de M3 Caravaning, per a la teva caravana, autocaravana o camper.<\/p>\n<p>Durant aquest mes de desembre i la meitat de gener, M3 Caravaning promociona unes fant\u00e0stiques ofertes en articles de caravaning amb uns preus incre\u00efbles, perfectes per regalar aquest Nadal, a les persones estimades amants del c\u00e0mping i del carav\u00e0ning.<\/p>\n<p>Podr\u00e0 trobar una s\u00e8rie d&#8217;articles molt pr\u00e0ctics i necessaris per al dia a dia al c\u00e0mping com: Cristalleria de policarbonat alimentari irrompible (gots i copes de cava), organitzadors d&#8217;objectes Thule (sabaters i portaobjectes per lligar a la paret), inversors de 12v a 220v d&#8217;ona sinuso\u00efdal, aixovars de melamina es puguin trencar (plats plans, fons, petits, gots, tasses i coberts), assecadors de cabell a 12v i molt m\u00e9s.<\/p>\n<p>Tots els enc\u00e0rrecs realitzats abans del 16 de desembre es garanteix el lliurament abans de Nadal! (Productes en estoc).<\/p>\n","protected":false},"excerpt":{"rendered":"<p>Aquest Nadal regala articles de c\u00e0mping a la botiga d&#8217;accessoris de M3 Caravaning, per a la teva caravana, autocaravana o camper. Durant aquest mes de desembre i la meitat de gener, M3 Caravaning promociona unes fant\u00e0stiques ofertes en articles de caravaning amb uns preus incre\u00efbles, perfectes per regalar aquest Nadal, a les persones estimades amants<\/p>\n","protected":false},"author":2,"featured_media":965,"comment_status":"closed","ping_status":"open","sticky":false,"template":"","format":"standard","meta":{"footnotes":""},"categories":[2],"tags":[],"class_list":["post-9313","post","type-post","status-publish","format-standard","has-post-thumbnail","hentry","category-sense-categoria"],"yoast_head":"<!-- This site is optimized with the Yoast SEO plugin v22.4 - https:\/\/yoast.com\/wordpress\/plugins\/seo\/ -->\n<title>Ofertes en articles d&#039;accessoris de #Camping i #Caravaning, demani-ns als reis mags! - Autocaravanas, caravanas y furgonetas campers nuevas, ocasi\u00f3n y segunda mano<\/title>\n<meta name=\"description\" content=\"Des de M3 Caravaning les millors ofertes en articles d&#039;accessoris de #Camping i #Caravaning, demani-ns als reis mags!\" \/>\n<meta name=\"robots\" content=\"index, follow, max-snippet:-1, max-image-preview:large, max-video-preview:-1\" \/>\n<link rel=\"canonical\" href=\"https:\/\/m3caravaning.com\/ca\/sense-categoria\/ofertes-en-articles-daccessoris-de-camping-i-caravaning-demani-ns-als-reis-mags\/\" \/>\n<meta property=\"og:locale\" content=\"ca_ES\" \/>\n<meta property=\"og:type\" content=\"article\" \/>\n<meta property=\"og:title\" content=\"Ofertes en articles d&#039;accessoris de #Camping i #Caravaning, demani-ns als reis mags! - Autocaravanas, caravanas y furgonetas campers nuevas, ocasi\u00f3n y segunda mano\" \/>\n<meta property=\"og:description\" content=\"Des de M3 Caravaning les millors ofertes en articles d&#039;accessoris de #Camping i #Caravaning, demani-ns als reis mags!\" \/>\n<meta property=\"og:url\" content=\"https:\/\/m3caravaning.com\/ca\/sense-categoria\/ofertes-en-articles-daccessoris-de-camping-i-caravaning-demani-ns-als-reis-mags\/\" \/>\n<meta property=\"og:site_name\" content=\"Autocaravanas, caravanas y furgonetas campers nuevas, ocasi\u00f3n y segunda mano\" \/>\n<meta property=\"article:publisher\" content=\"https:\/\/www.facebook.com\/m3caravaning\" \/>\n<meta property=\"article:published_time\" content=\"2018-12-01T09:51:35+00:00\" \/>\n<meta property=\"article:modified_time\" content=\"2021-06-16T09:03:50+00:00\" \/>\n<meta property=\"og:image\" content=\"https:\/\/m3caravaning.com\/wp-content\/uploads\/2021\/01\/ofertas-en-articulos-de-accesorios-de-camping-y-caravaning-pidanos-a-los-reyes-magos-id-2.png\" \/>\n\t<meta property=\"og:image:width\" content=\"726\" \/>\n\t<meta property=\"og:image:height\" content=\"424\" \/>\n\t<meta property=\"og:image:type\" content=\"image\/png\" \/>\n<meta name=\"author\" content=\"M3 Caravaning\" \/>\n<meta name=\"twitter:card\" content=\"summary_large_image\" \/>\n<meta name=\"twitter:creator\" content=\"@M3Caravaning\" \/>\n<meta name=\"twitter:site\" content=\"@M3Caravaning\" \/>\n<meta name=\"twitter:label1\" content=\"Written by\" \/>\n\t<meta name=\"twitter:data1\" content=\"M3 Caravaning\" \/>\n\t<meta name=\"twitter:label2\" content=\"Est. reading time\" \/>\n\t<meta name=\"twitter:data2\" content=\"1 minute\" \/>\n<script type=\"application\/ld+json\" class=\"yoast-schema-graph\">{\"@context\":\"https:\/\/schema.org\",\"@graph\":[{\"@type\":\"WebPage\",\"@id\":\"https:\/\/m3caravaning.com\/ca\/sense-categoria\/ofertes-en-articles-daccessoris-de-camping-i-caravaning-demani-ns-als-reis-mags\/\",\"url\":\"https:\/\/m3caravaning.com\/ca\/sense-categoria\/ofertes-en-articles-daccessoris-de-camping-i-caravaning-demani-ns-als-reis-mags\/\",\"name\":\"Ofertes en articles d'accessoris de #Camping i #Caravaning, demani-ns als reis mags! - Autocaravanas, caravanas y furgonetas campers nuevas, ocasi\u00f3n y segunda mano\",\"isPartOf\":{\"@id\":\"https:\/\/m3caravaning.com\/ca\/#website\"},\"primaryImageOfPage\":{\"@id\":\"https:\/\/m3caravaning.com\/ca\/sense-categoria\/ofertes-en-articles-daccessoris-de-camping-i-caravaning-demani-ns-als-reis-mags\/#primaryimage\"},\"image\":{\"@id\":\"https:\/\/m3caravaning.com\/ca\/sense-categoria\/ofertes-en-articles-daccessoris-de-camping-i-caravaning-demani-ns-als-reis-mags\/#primaryimage\"},\"thumbnailUrl\":\"https:\/\/m3caravaning.com\/wp-content\/uploads\/2021\/01\/ofertas-en-articulos-de-accesorios-de-camping-y-caravaning-pidanos-a-los-reyes-magos-id-2.png\",\"datePublished\":\"2018-12-01T09:51:35+00:00\",\"dateModified\":\"2021-06-16T09:03:50+00:00\",\"author\":{\"@id\":\"https:\/\/m3caravaning.com\/ca\/#\/schema\/person\/10e5f1edce4be1f414d4bde1bcf0c65f\"},\"description\":\"Des de M3 Caravaning les millors ofertes en articles d'accessoris de #Camping i #Caravaning, demani-ns als reis mags!\",\"breadcrumb\":{\"@id\":\"https:\/\/m3caravaning.com\/ca\/sense-categoria\/ofertes-en-articles-daccessoris-de-camping-i-caravaning-demani-ns-als-reis-mags\/#breadcrumb\"},\"inLanguage\":\"ca\",\"potentialAction\":[{\"@type\":\"ReadAction\",\"target\":[\"https:\/\/m3caravaning.com\/ca\/sense-categoria\/ofertes-en-articles-daccessoris-de-camping-i-caravaning-demani-ns-als-reis-mags\/\"]}]},{\"@type\":\"ImageObject\",\"inLanguage\":\"ca\",\"@id\":\"https:\/\/m3caravaning.com\/ca\/sense-categoria\/ofertes-en-articles-daccessoris-de-camping-i-caravaning-demani-ns-als-reis-mags\/#primaryimage\",\"url\":\"https:\/\/m3caravaning.com\/wp-content\/uploads\/2021\/01\/ofertas-en-articulos-de-accesorios-de-camping-y-caravaning-pidanos-a-los-reyes-magos-id-2.png\",\"contentUrl\":\"https:\/\/m3caravaning.com\/wp-content\/uploads\/2021\/01\/ofertas-en-articulos-de-accesorios-de-camping-y-caravaning-pidanos-a-los-reyes-magos-id-2.png\",\"width\":726,\"height\":424},{\"@type\":\"BreadcrumbList\",\"@id\":\"https:\/\/m3caravaning.com\/ca\/sense-categoria\/ofertes-en-articles-daccessoris-de-camping-i-caravaning-demani-ns-als-reis-mags\/#breadcrumb\",\"itemListElement\":[{\"@type\":\"ListItem\",\"position\":1,\"name\":\"Portada\",\"item\":\"https:\/\/m3caravaning.com\/ca\/\"},{\"@type\":\"ListItem\",\"position\":2,\"name\":\"Ofertes en articles d&#8217;accessoris de #Camping i #Caravaning, demani-ns als reis mags!\"}]},{\"@type\":\"WebSite\",\"@id\":\"https:\/\/m3caravaning.com\/ca\/#website\",\"url\":\"https:\/\/m3caravaning.com\/ca\/\",\"name\":\"Autocaravanas, caravanas y furgonetas campers nuevas, ocasi\u00f3n y segunda mano\",\"description\":\"Tu tienda de autocaravanas, campers y caravanas nuevas y de segunda mano. Alquiler, tienda de recambios, taller, seguros, etc.\",\"potentialAction\":[{\"@type\":\"SearchAction\",\"target\":{\"@type\":\"EntryPoint\",\"urlTemplate\":\"https:\/\/m3caravaning.com\/ca\/?s={search_term_string}\"},\"query-input\":\"required name=search_term_string\"}],\"inLanguage\":\"ca\"},{\"@type\":\"Person\",\"@id\":\"https:\/\/m3caravaning.com\/ca\/#\/schema\/person\/10e5f1edce4be1f414d4bde1bcf0c65f\",\"name\":\"M3 Caravaning\",\"image\":{\"@type\":\"ImageObject\",\"inLanguage\":\"ca\",\"@id\":\"https:\/\/m3caravaning.com\/ca\/#\/schema\/person\/image\/\",\"url\":\"https:\/\/secure.gravatar.com\/avatar\/45cc9e7bfaa20654bd7626e499aa306a8db18ee338763b6b771e707ccbeef54c?s=96&d=mm&r=g\",\"contentUrl\":\"https:\/\/secure.gravatar.com\/avatar\/45cc9e7bfaa20654bd7626e499aa306a8db18ee338763b6b771e707ccbeef54c?s=96&d=mm&r=g\",\"caption\":\"M3 Caravaning\"}}]}<\/script>\n<!-- \/ Yoast SEO plugin. -->","yoast_head_json":{"title":"Ofertes en articles d'accessoris de #Camping i #Caravaning, demani-ns als reis mags! - Autocaravanas, caravanas y furgonetas campers nuevas, ocasi\u00f3n y segunda mano","description":"Des de M3 Caravaning les millors ofertes en articles d'accessoris de #Camping i #Caravaning, demani-ns als reis mags!","robots":{"index":"index","follow":"follow","max-snippet":"max-snippet:-1","max-image-preview":"max-image-preview:large","max-video-preview":"max-video-preview:-1"},"canonical":"https:\/\/m3caravaning.com\/ca\/sense-categoria\/ofertes-en-articles-daccessoris-de-camping-i-caravaning-demani-ns-als-reis-mags\/","og_locale":"ca_ES","og_type":"article","og_title":"Ofertes en articles d'accessoris de #Camping i #Caravaning, demani-ns als reis mags! - Autocaravanas, caravanas y furgonetas campers nuevas, ocasi\u00f3n y segunda mano","og_description":"Des de M3 Caravaning les millors ofertes en articles d'accessoris de #Camping i #Caravaning, demani-ns als reis mags!","og_url":"https:\/\/m3caravaning.com\/ca\/sense-categoria\/ofertes-en-articles-daccessoris-de-camping-i-caravaning-demani-ns-als-reis-mags\/","og_site_name":"Autocaravanas, caravanas y furgonetas campers nuevas, ocasi\u00f3n y segunda mano","article_publisher":"https:\/\/www.facebook.com\/m3caravaning","article_published_time":"2018-12-01T09:51:35+00:00","article_modified_time":"2021-06-16T09:03:50+00:00","og_image":[{"width":726,"height":424,"url":"https:\/\/m3caravaning.com\/wp-content\/uploads\/2021\/01\/ofertas-en-articulos-de-accesorios-de-camping-y-caravaning-pidanos-a-los-reyes-magos-id-2.png","type":"image\/png"}],"author":"M3 Caravaning","twitter_card":"summary_large_image","twitter_creator":"@M3Caravaning","twitter_site":"@M3Caravaning","twitter_misc":{"Written by":"M3 Caravaning","Est. reading time":"1 minute"},"schema":{"@context":"https:\/\/schema.org","@graph":[{"@type":"WebPage","@id":"https:\/\/m3caravaning.com\/ca\/sense-categoria\/ofertes-en-articles-daccessoris-de-camping-i-caravaning-demani-ns-als-reis-mags\/","url":"https:\/\/m3caravaning.com\/ca\/sense-categoria\/ofertes-en-articles-daccessoris-de-camping-i-caravaning-demani-ns-als-reis-mags\/","name":"Ofertes en articles d'accessoris de #Camping i #Caravaning, demani-ns als reis mags! - Autocaravanas, caravanas y furgonetas campers nuevas, ocasi\u00f3n y segunda mano","isPartOf":{"@id":"https:\/\/m3caravaning.com\/ca\/#website"},"primaryImageOfPage":{"@id":"https:\/\/m3caravaning.com\/ca\/sense-categoria\/ofertes-en-articles-daccessoris-de-camping-i-caravaning-demani-ns-als-reis-mags\/#primaryimage"},"image":{"@id":"https:\/\/m3caravaning.com\/ca\/sense-categoria\/ofertes-en-articles-daccessoris-de-camping-i-caravaning-demani-ns-als-reis-mags\/#primaryimage"},"thumbnailUrl":"https:\/\/m3caravaning.com\/wp-content\/uploads\/2021\/01\/ofertas-en-articulos-de-accesorios-de-camping-y-caravaning-pidanos-a-los-reyes-magos-id-2.png","datePublished":"2018-12-01T09:51:35+00:00","dateModified":"2021-06-16T09:03:50+00:00","author":{"@id":"https:\/\/m3caravaning.com\/ca\/#\/schema\/person\/10e5f1edce4be1f414d4bde1bcf0c65f"},"description":"Des de M3 Caravaning les millors ofertes en articles d'accessoris de #Camping i #Caravaning, demani-ns als reis mags!","breadcrumb":{"@id":"https:\/\/m3caravaning.com\/ca\/sense-categoria\/ofertes-en-articles-daccessoris-de-camping-i-caravaning-demani-ns-als-reis-mags\/#breadcrumb"},"inLanguage":"ca","potentialAction":[{"@type":"ReadAction","target":["https:\/\/m3caravaning.com\/ca\/sense-categoria\/ofertes-en-articles-daccessoris-de-camping-i-caravaning-demani-ns-als-reis-mags\/"]}]},{"@type":"ImageObject","inLanguage":"ca","@id":"https:\/\/m3caravaning.com\/ca\/sense-categoria\/ofertes-en-articles-daccessoris-de-camping-i-caravaning-demani-ns-als-reis-mags\/#primaryimage","url":"https:\/\/m3caravaning.com\/wp-content\/uploads\/2021\/01\/ofertas-en-articulos-de-accesorios-de-camping-y-caravaning-pidanos-a-los-reyes-magos-id-2.png","contentUrl":"https:\/\/m3caravaning.com\/wp-content\/uploads\/2021\/01\/ofertas-en-articulos-de-accesorios-de-camping-y-caravaning-pidanos-a-los-reyes-magos-id-2.png","width":726,"height":424},{"@type":"BreadcrumbList","@id":"https:\/\/m3caravaning.com\/ca\/sense-categoria\/ofertes-en-articles-daccessoris-de-camping-i-caravaning-demani-ns-als-reis-mags\/#breadcrumb","itemListElement":[{"@type":"ListItem","position":1,"name":"Portada","item":"https:\/\/m3caravaning.com\/ca\/"},{"@type":"ListItem","position":2,"name":"Ofertes en articles d&#8217;accessoris de #Camping i #Caravaning, demani-ns als reis mags!"}]},{"@type":"WebSite","@id":"https:\/\/m3caravaning.com\/ca\/#website","url":"https:\/\/m3caravaning.com\/ca\/","name":"Autocaravanas, caravanas y furgonetas campers nuevas, ocasi\u00f3n y segunda mano","description":"Tu tienda de autocaravanas, campers y caravanas nuevas y de segunda mano. Alquiler, tienda de recambios, taller, seguros, etc.","potentialAction":[{"@type":"SearchAction","target":{"@type":"EntryPoint","urlTemplate":"https:\/\/m3caravaning.com\/ca\/?s={search_term_string}"},"query-input":"required name=search_term_string"}],"inLanguage":"ca"},{"@type":"Person","@id":"https:\/\/m3caravaning.com\/ca\/#\/schema\/person\/10e5f1edce4be1f414d4bde1bcf0c65f","name":"M3 Caravaning","image":{"@type":"ImageObject","inLanguage":"ca","@id":"https:\/\/m3caravaning.com\/ca\/#\/schema\/person\/image\/","url":"https:\/\/secure.gravatar.com\/avatar\/45cc9e7bfaa20654bd7626e499aa306a8db18ee338763b6b771e707ccbeef54c?s=96&d=mm&r=g","contentUrl":"https:\/\/secure.gravatar.com\/avatar\/45cc9e7bfaa20654bd7626e499aa306a8db18ee338763b6b771e707ccbeef54c?s=96&d=mm&r=g","caption":"M3 Caravaning"}}]}},"_links":{"self":[{"href":"https:\/\/m3caravaning.com\/ca\/wp-json\/wp\/v2\/posts\/9313","targetHints":{"allow":["GET"]}}],"collection":[{"href":"https:\/\/m3caravaning.com\/ca\/wp-json\/wp\/v2\/posts"}],"about":[{"href":"https:\/\/m3caravaning.com\/ca\/wp-json\/wp\/v2\/types\/post"}],"author":[{"embeddable":true,"href":"https:\/\/m3caravaning.com\/ca\/wp-json\/wp\/v2\/users\/2"}],"replies":[{"embeddable":true,"href":"https:\/\/m3caravaning.com\/ca\/wp-json\/wp\/v2\/comments?post=9313"}],"version-history":[{"count":0,"href":"https:\/\/m3caravaning.com\/ca\/wp-json\/wp\/v2\/posts\/9313\/revisions"}],"wp:featuredmedia":[{"embeddable":true,"href":"https:\/\/m3caravaning.com\/ca\/wp-json\/wp\/v2\/media\/965"}],"wp:attachment":[{"href":"https:\/\/m3caravaning.com\/ca\/wp-json\/wp\/v2\/media?parent=9313"}],"wp:term":[{"taxonomy":"category","embeddable":true,"href":"https:\/\/m3caravaning.com\/ca\/wp-json\/wp\/v2\/categories?post=9313"},{"taxonomy":"post_tag","embeddable":true,"href":"https:\/\/m3caravaning.com\/ca\/wp-json\/wp\/v2\/tags?post=9313"}],"curies":[{"name":"wp","href":"https:\/\/api.w.org\/{rel}","templated":true}]}}