





{"id":9309,"date":"2019-03-25T09:14:38","date_gmt":"2019-03-25T08:14:38","guid":{"rendered":"https:\/\/m3caravaning.com\/?p=9309"},"modified":"2021-06-15T10:42:25","modified_gmt":"2021-06-15T08:42:25","slug":"novetats-en-autocaravanes-la-nova-pilote","status":"publish","type":"post","link":"https:\/\/m3caravaning.com\/ca\/autocaravanes\/novetats-en-autocaravanes-la-nova-pilote\/","title":{"rendered":"Novetats en autocaravanes: la nova Pilote"},"content":{"rendered":"<p>La marca Pilote tamb\u00e9 ens porta novetats per aquest any 2019, una de les\u00a0<strong>autocaravanes<\/strong>\u00a0d&#8217;aquesta temporada amb nous punts forts \u00e9s el model Galaxy 700C, una\u00a0<strong>autocaravana nova<\/strong>\u00a0amb capacitat per 4 persones, tant en ruta com de nit.<\/p>\n<div id=\"ez-toc-container\" class=\"ez-toc-v2_0_82_2 counter-hierarchy ez-toc-counter ez-toc-custom ez-toc-container-direction\">\n<div class=\"ez-toc-title-container\">\n<p class=\"ez-toc-title ez-toc-toggle\" style=\"cursor:pointer\">Tabla de contenido<\/p>\n<span class=\"ez-toc-title-toggle\"><\/span><\/div>\n<nav><ul class='ez-toc-list ez-toc-list-level-1 ' ><li class='ez-toc-page-1 ez-toc-heading-level-2'><a class=\"ez-toc-link ez-toc-heading-1\" href=\"https:\/\/m3caravaning.com\/ca\/autocaravanes\/novetats-en-autocaravanes-la-nova-pilote\/#Quins_punts_forts_trobem_en_aquesta_autocaravana_nova\" >Quins punts forts trobem en aquesta autocaravana nova?<\/a><\/li><li class='ez-toc-page-1 ez-toc-heading-level-2'><a class=\"ez-toc-link ez-toc-heading-2\" href=\"https:\/\/m3caravaning.com\/ca\/autocaravanes\/novetats-en-autocaravanes-la-nova-pilote\/#Descobreix_mes_detalls_de_la_autocaravana_nova_2019\" >Descobreix m\u00e9s detalls de la autocaravana nova 2019<\/a><\/li><li class='ez-toc-page-1 ez-toc-heading-level-2'><a class=\"ez-toc-link ez-toc-heading-3\" href=\"https:\/\/m3caravaning.com\/ca\/autocaravanes\/novetats-en-autocaravanes-la-nova-pilote\/#Linterior_de_lautocaravana_pilote_2019\" >L&#8217;interior de l&#8217;autocaravana pilote 2019<\/a><\/li><\/ul><\/nav><\/div>\n<h2><span class=\"ez-toc-section\" id=\"Quins_punts_forts_trobem_en_aquesta_autocaravana_nova\"><\/span><strong>Quins punts forts trobem en aquesta autocaravana nova?<\/strong><span class=\"ez-toc-section-end\"><\/span><\/h2>\n<p>Compta amb doble terra d\u2019un grossor de 15 cm, parets laterals, faldons d&#8217;alumini i sostre de poli\u00e8ster anticalamarsa, revestiment tamb\u00e9 de poli\u00e8ster sota el s\u00f2l. La calefacci\u00f3 \u00e9s Truma Combi 4 amb una s\u00e8rie d&#8217;avantatges que no pots trobar amb un altre sistema com per exemple temps breu d&#8217;escalfament de l&#8217;aigua, distribuci\u00f3 \u00f2ptima de l&#8217;aire calent a trav\u00e9s de quatre sortides d&#8217;aire, instal\u00b7laci\u00f3 flexible i baix consum d&#8217;energia. La il\u00b7luminaci\u00f3 de l&#8217;<strong>autocaravana nova<\/strong>\u00a0\u00e9s de leds de baix consum en tota la zona habitable.<\/p>\n<h2><span class=\"ez-toc-section\" id=\"Descobreix_mes_detalls_de_la_autocaravana_nova_2019\"><\/span><strong>Descobreix m\u00e9s detalls de la autocaravana nova 2019<\/strong><span class=\"ez-toc-section-end\"><\/span><\/h2>\n<p>Aquest model d&#8217;<strong>autocaravana<\/strong>\u00a0disposa d&#8217;un dormitori posterior, el llit est\u00e0 situat a la part central per facilitar l&#8217;acc\u00e9s a la mateixa, el matal\u00e0s \u00e9s d&#8217;escuma Bultex i el somier de l\u00e0mines, que el fa molt m\u00e9s confortable, assegui\u2019s com a casa. A m\u00e9s a m\u00e9s, al costat de la cap\u00e7alera hi trobem armaris a cada costat i tauletes, convertint aquesta est\u00e0ncia en un lloc c\u00f2mode i espai\u00f3s. El bany \u00e9s tipus suite, tenint la dutxa i el lavabo per separat.<\/p>\n<h2><span class=\"ez-toc-section\" id=\"Linterior_de_lautocaravana_pilote_2019\"><\/span><strong>L&#8217;interior de l&#8217;autocaravana pilote 2019<\/strong><span class=\"ez-toc-section-end\"><\/span><\/h2>\n<p>La cuina, situada a la part central, compta amb campana extractora i frigor\u00edfic autom\u00e0tic de 138 litres. Disposa d&#8217;altells, armaris i calaixos per a tots els estris de cuina. En aquesta part central, tamb\u00e9 ens trobem amb el menjador, amb una capacitat per 5 persones amb seients d&#8217;escuma d&#8217;alta densitat. A m\u00e9s a m\u00e9s, en aquesta zona ens trobem amb un llit basculant de sostre per a altres dues persones.<\/p>\n<p>Vols venir a veure aquesta\u00a0<strong>autocaravana nova de Pilote<\/strong>? A M3 Caravaning la tenim exposada al nostre concessionari, podr\u00e0s accedir a ella i comprovar tots els seus acabats i les seves comoditats.<\/p>\n","protected":false},"excerpt":{"rendered":"<p>La marca Pilote tamb\u00e9 ens porta novetats per aquest any 2019, una de les\u00a0autocaravanes\u00a0d&#8217;aquesta temporada amb nous punts forts \u00e9s el model Galaxy 700C, una\u00a0autocaravana nova\u00a0amb capacitat per 4 persones, tant en ruta com de nit. Quins punts forts trobem en aquesta autocaravana nova? Compta amb doble terra d\u2019un grossor de 15 cm, parets laterals,<\/p>\n","protected":false},"author":2,"featured_media":853,"comment_status":"closed","ping_status":"open","sticky":false,"template":"","format":"standard","meta":{"footnotes":""},"categories":[15],"tags":[],"class_list":["post-9309","post","type-post","status-publish","format-standard","has-post-thumbnail","hentry","category-autocaravanes"],"yoast_head":"<!-- This site is optimized with the Yoast SEO plugin v22.4 - https:\/\/yoast.com\/wordpress\/plugins\/seo\/ -->\n<title>Novetats en autocaravanes: la nova Pilote - Autocaravanas, caravanas y furgonetas campers nuevas, ocasi\u00f3n y segunda mano<\/title>\n<meta name=\"description\" content=\"A M3 Caravaning et portem tot tipus de novetats en autocaravanes: la nova Pilote per a tots els amants del caravaning\" \/>\n<meta name=\"robots\" content=\"index, follow, max-snippet:-1, max-image-preview:large, max-video-preview:-1\" \/>\n<link rel=\"canonical\" href=\"https:\/\/m3caravaning.com\/ca\/autocaravanes\/novetats-en-autocaravanes-la-nova-pilote\/\" \/>\n<meta property=\"og:locale\" content=\"ca_ES\" \/>\n<meta property=\"og:type\" content=\"article\" \/>\n<meta property=\"og:title\" content=\"Novetats en autocaravanes: la nova Pilote - Autocaravanas, caravanas y furgonetas campers nuevas, ocasi\u00f3n y segunda mano\" \/>\n<meta property=\"og:description\" content=\"A M3 Caravaning et portem tot tipus de novetats en autocaravanes: la nova Pilote per a tots els amants del caravaning\" \/>\n<meta property=\"og:url\" content=\"https:\/\/m3caravaning.com\/ca\/autocaravanes\/novetats-en-autocaravanes-la-nova-pilote\/\" \/>\n<meta property=\"og:site_name\" content=\"Autocaravanas, caravanas y furgonetas campers nuevas, ocasi\u00f3n y segunda mano\" \/>\n<meta property=\"article:publisher\" content=\"https:\/\/www.facebook.com\/m3caravaning\" \/>\n<meta property=\"article:published_time\" content=\"2019-03-25T08:14:38+00:00\" \/>\n<meta property=\"article:modified_time\" content=\"2021-06-15T08:42:25+00:00\" \/>\n<meta property=\"og:image\" content=\"https:\/\/m3caravaning.com\/wp-content\/uploads\/2021\/01\/novedades-en-autocaravanas-la-nueva-pilote-id-266.jpg\" \/>\n\t<meta property=\"og:image:width\" content=\"1000\" \/>\n\t<meta property=\"og:image:height\" content=\"450\" \/>\n\t<meta property=\"og:image:type\" content=\"image\/jpeg\" \/>\n<meta name=\"author\" content=\"M3 Caravaning\" \/>\n<meta name=\"twitter:card\" content=\"summary_large_image\" \/>\n<meta name=\"twitter:creator\" content=\"@M3Caravaning\" \/>\n<meta name=\"twitter:site\" content=\"@M3Caravaning\" \/>\n<meta name=\"twitter:label1\" content=\"Written by\" \/>\n\t<meta name=\"twitter:data1\" content=\"M3 Caravaning\" \/>\n\t<meta name=\"twitter:label2\" content=\"Est. reading time\" \/>\n\t<meta name=\"twitter:data2\" content=\"2 minutes\" \/>\n<script type=\"application\/ld+json\" class=\"yoast-schema-graph\">{\"@context\":\"https:\/\/schema.org\",\"@graph\":[{\"@type\":\"WebPage\",\"@id\":\"https:\/\/m3caravaning.com\/ca\/autocaravanes\/novetats-en-autocaravanes-la-nova-pilote\/\",\"url\":\"https:\/\/m3caravaning.com\/ca\/autocaravanes\/novetats-en-autocaravanes-la-nova-pilote\/\",\"name\":\"Novetats en autocaravanes: la nova Pilote - Autocaravanas, caravanas y furgonetas campers nuevas, ocasi\u00f3n y segunda mano\",\"isPartOf\":{\"@id\":\"https:\/\/m3caravaning.com\/ca\/#website\"},\"primaryImageOfPage\":{\"@id\":\"https:\/\/m3caravaning.com\/ca\/autocaravanes\/novetats-en-autocaravanes-la-nova-pilote\/#primaryimage\"},\"image\":{\"@id\":\"https:\/\/m3caravaning.com\/ca\/autocaravanes\/novetats-en-autocaravanes-la-nova-pilote\/#primaryimage\"},\"thumbnailUrl\":\"https:\/\/m3caravaning.com\/wp-content\/uploads\/2021\/01\/novedades-en-autocaravanas-la-nueva-pilote-id-266.jpg\",\"datePublished\":\"2019-03-25T08:14:38+00:00\",\"dateModified\":\"2021-06-15T08:42:25+00:00\",\"author\":{\"@id\":\"https:\/\/m3caravaning.com\/ca\/#\/schema\/person\/10e5f1edce4be1f414d4bde1bcf0c65f\"},\"description\":\"A M3 Caravaning et portem tot tipus de novetats en autocaravanes: la nova Pilote per a tots els amants del caravaning\",\"breadcrumb\":{\"@id\":\"https:\/\/m3caravaning.com\/ca\/autocaravanes\/novetats-en-autocaravanes-la-nova-pilote\/#breadcrumb\"},\"inLanguage\":\"ca\",\"potentialAction\":[{\"@type\":\"ReadAction\",\"target\":[\"https:\/\/m3caravaning.com\/ca\/autocaravanes\/novetats-en-autocaravanes-la-nova-pilote\/\"]}]},{\"@type\":\"ImageObject\",\"inLanguage\":\"ca\",\"@id\":\"https:\/\/m3caravaning.com\/ca\/autocaravanes\/novetats-en-autocaravanes-la-nova-pilote\/#primaryimage\",\"url\":\"https:\/\/m3caravaning.com\/wp-content\/uploads\/2021\/01\/novedades-en-autocaravanas-la-nueva-pilote-id-266.jpg\",\"contentUrl\":\"https:\/\/m3caravaning.com\/wp-content\/uploads\/2021\/01\/novedades-en-autocaravanas-la-nueva-pilote-id-266.jpg\",\"width\":1000,\"height\":450},{\"@type\":\"BreadcrumbList\",\"@id\":\"https:\/\/m3caravaning.com\/ca\/autocaravanes\/novetats-en-autocaravanes-la-nova-pilote\/#breadcrumb\",\"itemListElement\":[{\"@type\":\"ListItem\",\"position\":1,\"name\":\"Portada\",\"item\":\"https:\/\/m3caravaning.com\/ca\/\"},{\"@type\":\"ListItem\",\"position\":2,\"name\":\"Novetats en autocaravanes: la nova Pilote\"}]},{\"@type\":\"WebSite\",\"@id\":\"https:\/\/m3caravaning.com\/ca\/#website\",\"url\":\"https:\/\/m3caravaning.com\/ca\/\",\"name\":\"Autocaravanas, caravanas y furgonetas campers nuevas, ocasi\u00f3n y segunda mano\",\"description\":\"Tu tienda de autocaravanas, campers y caravanas nuevas y de segunda mano. Alquiler, tienda de recambios, taller, seguros, etc.\",\"potentialAction\":[{\"@type\":\"SearchAction\",\"target\":{\"@type\":\"EntryPoint\",\"urlTemplate\":\"https:\/\/m3caravaning.com\/ca\/?s={search_term_string}\"},\"query-input\":\"required name=search_term_string\"}],\"inLanguage\":\"ca\"},{\"@type\":\"Person\",\"@id\":\"https:\/\/m3caravaning.com\/ca\/#\/schema\/person\/10e5f1edce4be1f414d4bde1bcf0c65f\",\"name\":\"M3 Caravaning\",\"image\":{\"@type\":\"ImageObject\",\"inLanguage\":\"ca\",\"@id\":\"https:\/\/m3caravaning.com\/ca\/#\/schema\/person\/image\/\",\"url\":\"https:\/\/secure.gravatar.com\/avatar\/45cc9e7bfaa20654bd7626e499aa306a8db18ee338763b6b771e707ccbeef54c?s=96&d=mm&r=g\",\"contentUrl\":\"https:\/\/secure.gravatar.com\/avatar\/45cc9e7bfaa20654bd7626e499aa306a8db18ee338763b6b771e707ccbeef54c?s=96&d=mm&r=g\",\"caption\":\"M3 Caravaning\"}}]}<\/script>\n<!-- \/ Yoast SEO plugin. -->","yoast_head_json":{"title":"Novetats en autocaravanes: la nova Pilote - Autocaravanas, caravanas y furgonetas campers nuevas, ocasi\u00f3n y segunda mano","description":"A M3 Caravaning et portem tot tipus de novetats en autocaravanes: la nova Pilote per a tots els amants del caravaning","robots":{"index":"index","follow":"follow","max-snippet":"max-snippet:-1","max-image-preview":"max-image-preview:large","max-video-preview":"max-video-preview:-1"},"canonical":"https:\/\/m3caravaning.com\/ca\/autocaravanes\/novetats-en-autocaravanes-la-nova-pilote\/","og_locale":"ca_ES","og_type":"article","og_title":"Novetats en autocaravanes: la nova Pilote - Autocaravanas, caravanas y furgonetas campers nuevas, ocasi\u00f3n y segunda mano","og_description":"A M3 Caravaning et portem tot tipus de novetats en autocaravanes: la nova Pilote per a tots els amants del caravaning","og_url":"https:\/\/m3caravaning.com\/ca\/autocaravanes\/novetats-en-autocaravanes-la-nova-pilote\/","og_site_name":"Autocaravanas, caravanas y furgonetas campers nuevas, ocasi\u00f3n y segunda mano","article_publisher":"https:\/\/www.facebook.com\/m3caravaning","article_published_time":"2019-03-25T08:14:38+00:00","article_modified_time":"2021-06-15T08:42:25+00:00","og_image":[{"width":1000,"height":450,"url":"https:\/\/m3caravaning.com\/wp-content\/uploads\/2021\/01\/novedades-en-autocaravanas-la-nueva-pilote-id-266.jpg","type":"image\/jpeg"}],"author":"M3 Caravaning","twitter_card":"summary_large_image","twitter_creator":"@M3Caravaning","twitter_site":"@M3Caravaning","twitter_misc":{"Written by":"M3 Caravaning","Est. reading time":"2 minutes"},"schema":{"@context":"https:\/\/schema.org","@graph":[{"@type":"WebPage","@id":"https:\/\/m3caravaning.com\/ca\/autocaravanes\/novetats-en-autocaravanes-la-nova-pilote\/","url":"https:\/\/m3caravaning.com\/ca\/autocaravanes\/novetats-en-autocaravanes-la-nova-pilote\/","name":"Novetats en autocaravanes: la nova Pilote - Autocaravanas, caravanas y furgonetas campers nuevas, ocasi\u00f3n y segunda mano","isPartOf":{"@id":"https:\/\/m3caravaning.com\/ca\/#website"},"primaryImageOfPage":{"@id":"https:\/\/m3caravaning.com\/ca\/autocaravanes\/novetats-en-autocaravanes-la-nova-pilote\/#primaryimage"},"image":{"@id":"https:\/\/m3caravaning.com\/ca\/autocaravanes\/novetats-en-autocaravanes-la-nova-pilote\/#primaryimage"},"thumbnailUrl":"https:\/\/m3caravaning.com\/wp-content\/uploads\/2021\/01\/novedades-en-autocaravanas-la-nueva-pilote-id-266.jpg","datePublished":"2019-03-25T08:14:38+00:00","dateModified":"2021-06-15T08:42:25+00:00","author":{"@id":"https:\/\/m3caravaning.com\/ca\/#\/schema\/person\/10e5f1edce4be1f414d4bde1bcf0c65f"},"description":"A M3 Caravaning et portem tot tipus de novetats en autocaravanes: la nova Pilote per a tots els amants del caravaning","breadcrumb":{"@id":"https:\/\/m3caravaning.com\/ca\/autocaravanes\/novetats-en-autocaravanes-la-nova-pilote\/#breadcrumb"},"inLanguage":"ca","potentialAction":[{"@type":"ReadAction","target":["https:\/\/m3caravaning.com\/ca\/autocaravanes\/novetats-en-autocaravanes-la-nova-pilote\/"]}]},{"@type":"ImageObject","inLanguage":"ca","@id":"https:\/\/m3caravaning.com\/ca\/autocaravanes\/novetats-en-autocaravanes-la-nova-pilote\/#primaryimage","url":"https:\/\/m3caravaning.com\/wp-content\/uploads\/2021\/01\/novedades-en-autocaravanas-la-nueva-pilote-id-266.jpg","contentUrl":"https:\/\/m3caravaning.com\/wp-content\/uploads\/2021\/01\/novedades-en-autocaravanas-la-nueva-pilote-id-266.jpg","width":1000,"height":450},{"@type":"BreadcrumbList","@id":"https:\/\/m3caravaning.com\/ca\/autocaravanes\/novetats-en-autocaravanes-la-nova-pilote\/#breadcrumb","itemListElement":[{"@type":"ListItem","position":1,"name":"Portada","item":"https:\/\/m3caravaning.com\/ca\/"},{"@type":"ListItem","position":2,"name":"Novetats en autocaravanes: la nova Pilote"}]},{"@type":"WebSite","@id":"https:\/\/m3caravaning.com\/ca\/#website","url":"https:\/\/m3caravaning.com\/ca\/","name":"Autocaravanas, caravanas y furgonetas campers nuevas, ocasi\u00f3n y segunda mano","description":"Tu tienda de autocaravanas, campers y caravanas nuevas y de segunda mano. Alquiler, tienda de recambios, taller, seguros, etc.","potentialAction":[{"@type":"SearchAction","target":{"@type":"EntryPoint","urlTemplate":"https:\/\/m3caravaning.com\/ca\/?s={search_term_string}"},"query-input":"required name=search_term_string"}],"inLanguage":"ca"},{"@type":"Person","@id":"https:\/\/m3caravaning.com\/ca\/#\/schema\/person\/10e5f1edce4be1f414d4bde1bcf0c65f","name":"M3 Caravaning","image":{"@type":"ImageObject","inLanguage":"ca","@id":"https:\/\/m3caravaning.com\/ca\/#\/schema\/person\/image\/","url":"https:\/\/secure.gravatar.com\/avatar\/45cc9e7bfaa20654bd7626e499aa306a8db18ee338763b6b771e707ccbeef54c?s=96&d=mm&r=g","contentUrl":"https:\/\/secure.gravatar.com\/avatar\/45cc9e7bfaa20654bd7626e499aa306a8db18ee338763b6b771e707ccbeef54c?s=96&d=mm&r=g","caption":"M3 Caravaning"}}]}},"_links":{"self":[{"href":"https:\/\/m3caravaning.com\/ca\/wp-json\/wp\/v2\/posts\/9309","targetHints":{"allow":["GET"]}}],"collection":[{"href":"https:\/\/m3caravaning.com\/ca\/wp-json\/wp\/v2\/posts"}],"about":[{"href":"https:\/\/m3caravaning.com\/ca\/wp-json\/wp\/v2\/types\/post"}],"author":[{"embeddable":true,"href":"https:\/\/m3caravaning.com\/ca\/wp-json\/wp\/v2\/users\/2"}],"replies":[{"embeddable":true,"href":"https:\/\/m3caravaning.com\/ca\/wp-json\/wp\/v2\/comments?post=9309"}],"version-history":[{"count":0,"href":"https:\/\/m3caravaning.com\/ca\/wp-json\/wp\/v2\/posts\/9309\/revisions"}],"wp:featuredmedia":[{"embeddable":true,"href":"https:\/\/m3caravaning.com\/ca\/wp-json\/wp\/v2\/media\/853"}],"wp:attachment":[{"href":"https:\/\/m3caravaning.com\/ca\/wp-json\/wp\/v2\/media?parent=9309"}],"wp:term":[{"taxonomy":"category","embeddable":true,"href":"https:\/\/m3caravaning.com\/ca\/wp-json\/wp\/v2\/categories?post=9309"},{"taxonomy":"post_tag","embeddable":true,"href":"https:\/\/m3caravaning.com\/ca\/wp-json\/wp\/v2\/tags?post=9309"}],"curies":[{"name":"wp","href":"https:\/\/api.w.org\/{rel}","templated":true}]}}