





{"id":9291,"date":"2019-06-21T12:11:20","date_gmt":"2019-06-21T10:11:20","guid":{"rendered":"https:\/\/m3caravaning.com\/?p=9291"},"modified":"2021-06-11T09:50:00","modified_gmt":"2021-06-11T07:50:00","slug":"m3-caravaning-sponsor-al-campionat-de-catalunya-de-muntanya","status":"publish","type":"post","link":"https:\/\/m3caravaning.com\/ca\/sense-categoria\/m3-caravaning-sponsor-al-campionat-de-catalunya-de-muntanya\/","title":{"rendered":"M3 Caravaning sponsor al campionat de Catalunya de muntanya"},"content":{"rendered":"<p>Aquest diumenge passat, 18 de juny, s&#8217;ha realitzat la XVI Pujada a la Serra de la Llacuna, a la zona del Pened\u00e8s (Barcelona) i M3 CARAVANING ha estat col\u00b7laborador i patrocinador en aquest esdeveniment local tan conegut.<\/p>\n<p>Se celebrava la 5a prova puntuable per al &#8220;Campionat de Catalunya de Muntanya&#8221;. Aquest campionat de muntanya \u00e9s la m\u00e0xima competici\u00f3 en aquesta modalitat a Catalunya, i \u00e9s organitzada per la &#8220;Federaci\u00f3 Catalana d&#8217;Automobilisme (FCA) des de 1961, el campionat inclou diverses pujades de muntanya per diferents indrets de Catalunya i Andorra. I aquest diumenge, s&#8217;ha realitzat una de les pujades a la zona de la Llacuna.<\/p>\n<p>El guanyador de la cursa, ha estat Francesc Munne, el corredor patrociado per M3 Caravaning. Moltes felicitats Francesc!<\/p>\n<img fetchpriority=\"high\" decoding=\"async\" class=\"alignnone size-medium wp-image-8774\" src=\"https:\/\/m3caravaning.com\/wp-content\/uploads\/2021\/02\/campeonatocatalunyasponsor01.jpg\" alt=\"\" width=\"300\" height=\"225\" srcset=\"https:\/\/m3caravaning.com\/wp-content\/uploads\/2021\/02\/campeonatocatalunyasponsor01.jpg 1632w, https:\/\/m3caravaning.com\/wp-content\/uploads\/2021\/02\/campeonatocatalunyasponsor01-600x450.jpg 600w\" sizes=\"(max-width: 300px) 100vw, 300px\" \/>\n<img decoding=\"async\" class=\"alignnone size-medium wp-image-8776\" src=\"https:\/\/m3caravaning.com\/wp-content\/uploads\/2021\/02\/campeonatocatalunyasponsor02.jpg\" alt=\"\" width=\"300\" height=\"225\" srcset=\"https:\/\/m3caravaning.com\/wp-content\/uploads\/2021\/02\/campeonatocatalunyasponsor02.jpg 1632w, https:\/\/m3caravaning.com\/wp-content\/uploads\/2021\/02\/campeonatocatalunyasponsor02-600x450.jpg 600w\" sizes=\"(max-width: 300px) 100vw, 300px\" \/>\n","protected":false},"excerpt":{"rendered":"<p>Aquest diumenge passat, 18 de juny, s&#8217;ha realitzat la XVI Pujada a la Serra de la Llacuna, a la zona del Pened\u00e8s (Barcelona) i M3 CARAVANING ha estat col\u00b7laborador i patrocinador en aquest esdeveniment local tan conegut. Se celebrava la 5a prova puntuable per al &#8220;Campionat de Catalunya de Muntanya&#8221;. Aquest campionat de muntanya \u00e9s<\/p>\n","protected":false},"author":2,"featured_media":199,"comment_status":"closed","ping_status":"open","sticky":false,"template":"","format":"standard","meta":{"footnotes":""},"categories":[14,2],"tags":[],"class_list":["post-9291","post","type-post","status-publish","format-standard","has-post-thumbnail","hentry","category-actualitat","category-sense-categoria"],"yoast_head":"<!-- This site is optimized with the Yoast SEO plugin v22.4 - https:\/\/yoast.com\/wordpress\/plugins\/seo\/ -->\n<title>M3 Caravaning sponsor al campionat de Catalunya de muntanya - Autocaravanas, caravanas y furgonetas campers nuevas, ocasi\u00f3n y segunda mano<\/title>\n<meta name=\"description\" content=\"M3 Caravaning sponsor al campionat de Catalunya de muntanya, un dels millors campeonats de veh\u00edcles que es fan a Catalunya\" \/>\n<meta name=\"robots\" content=\"index, follow, max-snippet:-1, max-image-preview:large, max-video-preview:-1\" \/>\n<link rel=\"canonical\" href=\"https:\/\/m3caravaning.com\/ca\/sense-categoria\/m3-caravaning-sponsor-al-campionat-de-catalunya-de-muntanya\/\" \/>\n<meta property=\"og:locale\" content=\"ca_ES\" \/>\n<meta property=\"og:type\" content=\"article\" \/>\n<meta property=\"og:title\" content=\"M3 Caravaning sponsor al campionat de Catalunya de muntanya - Autocaravanas, caravanas y furgonetas campers nuevas, ocasi\u00f3n y segunda mano\" \/>\n<meta property=\"og:description\" content=\"M3 Caravaning sponsor al campionat de Catalunya de muntanya, un dels millors campeonats de veh\u00edcles que es fan a Catalunya\" \/>\n<meta property=\"og:url\" content=\"https:\/\/m3caravaning.com\/ca\/sense-categoria\/m3-caravaning-sponsor-al-campionat-de-catalunya-de-muntanya\/\" \/>\n<meta property=\"og:site_name\" content=\"Autocaravanas, caravanas y furgonetas campers nuevas, ocasi\u00f3n y segunda mano\" \/>\n<meta property=\"article:publisher\" content=\"https:\/\/www.facebook.com\/m3caravaning\" \/>\n<meta property=\"article:published_time\" content=\"2019-06-21T10:11:20+00:00\" \/>\n<meta property=\"article:modified_time\" content=\"2021-06-11T07:50:00+00:00\" \/>\n<meta property=\"og:image\" content=\"https:\/\/m3caravaning.com\/wp-content\/uploads\/2021\/01\/m3-caravaning-colabora-en-las-carreras-de-rally-del-34-campionat-de-catalunya-de-muntanya-34-id-79.jpg\" \/>\n\t<meta property=\"og:image:width\" content=\"1440\" \/>\n\t<meta property=\"og:image:height\" content=\"1080\" \/>\n\t<meta property=\"og:image:type\" content=\"image\/jpeg\" \/>\n<meta name=\"author\" content=\"M3 Caravaning\" \/>\n<meta name=\"twitter:card\" content=\"summary_large_image\" \/>\n<meta name=\"twitter:creator\" content=\"@M3Caravaning\" \/>\n<meta name=\"twitter:site\" content=\"@M3Caravaning\" \/>\n<meta name=\"twitter:label1\" content=\"Written by\" \/>\n\t<meta name=\"twitter:data1\" content=\"M3 Caravaning\" \/>\n\t<meta name=\"twitter:label2\" content=\"Est. reading time\" \/>\n\t<meta name=\"twitter:data2\" content=\"1 minute\" \/>\n<script type=\"application\/ld+json\" class=\"yoast-schema-graph\">{\"@context\":\"https:\/\/schema.org\",\"@graph\":[{\"@type\":\"WebPage\",\"@id\":\"https:\/\/m3caravaning.com\/ca\/sense-categoria\/m3-caravaning-sponsor-al-campionat-de-catalunya-de-muntanya\/\",\"url\":\"https:\/\/m3caravaning.com\/ca\/sense-categoria\/m3-caravaning-sponsor-al-campionat-de-catalunya-de-muntanya\/\",\"name\":\"M3 Caravaning sponsor al campionat de Catalunya de muntanya - Autocaravanas, caravanas y furgonetas campers nuevas, ocasi\u00f3n y segunda mano\",\"isPartOf\":{\"@id\":\"https:\/\/m3caravaning.com\/ca\/#website\"},\"primaryImageOfPage\":{\"@id\":\"https:\/\/m3caravaning.com\/ca\/sense-categoria\/m3-caravaning-sponsor-al-campionat-de-catalunya-de-muntanya\/#primaryimage\"},\"image\":{\"@id\":\"https:\/\/m3caravaning.com\/ca\/sense-categoria\/m3-caravaning-sponsor-al-campionat-de-catalunya-de-muntanya\/#primaryimage\"},\"thumbnailUrl\":\"https:\/\/m3caravaning.com\/wp-content\/uploads\/2021\/01\/m3-caravaning-colabora-en-las-carreras-de-rally-del-34-campionat-de-catalunya-de-muntanya-34-id-79.jpg\",\"datePublished\":\"2019-06-21T10:11:20+00:00\",\"dateModified\":\"2021-06-11T07:50:00+00:00\",\"author\":{\"@id\":\"https:\/\/m3caravaning.com\/ca\/#\/schema\/person\/10e5f1edce4be1f414d4bde1bcf0c65f\"},\"description\":\"M3 Caravaning sponsor al campionat de Catalunya de muntanya, un dels millors campeonats de veh\u00edcles que es fan a Catalunya\",\"breadcrumb\":{\"@id\":\"https:\/\/m3caravaning.com\/ca\/sense-categoria\/m3-caravaning-sponsor-al-campionat-de-catalunya-de-muntanya\/#breadcrumb\"},\"inLanguage\":\"ca\",\"potentialAction\":[{\"@type\":\"ReadAction\",\"target\":[\"https:\/\/m3caravaning.com\/ca\/sense-categoria\/m3-caravaning-sponsor-al-campionat-de-catalunya-de-muntanya\/\"]}]},{\"@type\":\"ImageObject\",\"inLanguage\":\"ca\",\"@id\":\"https:\/\/m3caravaning.com\/ca\/sense-categoria\/m3-caravaning-sponsor-al-campionat-de-catalunya-de-muntanya\/#primaryimage\",\"url\":\"https:\/\/m3caravaning.com\/wp-content\/uploads\/2021\/01\/m3-caravaning-colabora-en-las-carreras-de-rally-del-34-campionat-de-catalunya-de-muntanya-34-id-79.jpg\",\"contentUrl\":\"https:\/\/m3caravaning.com\/wp-content\/uploads\/2021\/01\/m3-caravaning-colabora-en-las-carreras-de-rally-del-34-campionat-de-catalunya-de-muntanya-34-id-79.jpg\",\"width\":1440,\"height\":1080},{\"@type\":\"BreadcrumbList\",\"@id\":\"https:\/\/m3caravaning.com\/ca\/sense-categoria\/m3-caravaning-sponsor-al-campionat-de-catalunya-de-muntanya\/#breadcrumb\",\"itemListElement\":[{\"@type\":\"ListItem\",\"position\":1,\"name\":\"Portada\",\"item\":\"https:\/\/m3caravaning.com\/ca\/\"},{\"@type\":\"ListItem\",\"position\":2,\"name\":\"M3 Caravaning sponsor al campionat de Catalunya de muntanya\"}]},{\"@type\":\"WebSite\",\"@id\":\"https:\/\/m3caravaning.com\/ca\/#website\",\"url\":\"https:\/\/m3caravaning.com\/ca\/\",\"name\":\"Autocaravanas, caravanas y furgonetas campers nuevas, ocasi\u00f3n y segunda mano\",\"description\":\"Tu tienda de autocaravanas, campers y caravanas nuevas y de segunda mano. Alquiler, tienda de recambios, taller, seguros, etc.\",\"potentialAction\":[{\"@type\":\"SearchAction\",\"target\":{\"@type\":\"EntryPoint\",\"urlTemplate\":\"https:\/\/m3caravaning.com\/ca\/?s={search_term_string}\"},\"query-input\":\"required name=search_term_string\"}],\"inLanguage\":\"ca\"},{\"@type\":\"Person\",\"@id\":\"https:\/\/m3caravaning.com\/ca\/#\/schema\/person\/10e5f1edce4be1f414d4bde1bcf0c65f\",\"name\":\"M3 Caravaning\",\"image\":{\"@type\":\"ImageObject\",\"inLanguage\":\"ca\",\"@id\":\"https:\/\/m3caravaning.com\/ca\/#\/schema\/person\/image\/\",\"url\":\"https:\/\/secure.gravatar.com\/avatar\/45cc9e7bfaa20654bd7626e499aa306a8db18ee338763b6b771e707ccbeef54c?s=96&d=mm&r=g\",\"contentUrl\":\"https:\/\/secure.gravatar.com\/avatar\/45cc9e7bfaa20654bd7626e499aa306a8db18ee338763b6b771e707ccbeef54c?s=96&d=mm&r=g\",\"caption\":\"M3 Caravaning\"}}]}<\/script>\n<!-- \/ Yoast SEO plugin. -->","yoast_head_json":{"title":"M3 Caravaning sponsor al campionat de Catalunya de muntanya - Autocaravanas, caravanas y furgonetas campers nuevas, ocasi\u00f3n y segunda mano","description":"M3 Caravaning sponsor al campionat de Catalunya de muntanya, un dels millors campeonats de veh\u00edcles que es fan a Catalunya","robots":{"index":"index","follow":"follow","max-snippet":"max-snippet:-1","max-image-preview":"max-image-preview:large","max-video-preview":"max-video-preview:-1"},"canonical":"https:\/\/m3caravaning.com\/ca\/sense-categoria\/m3-caravaning-sponsor-al-campionat-de-catalunya-de-muntanya\/","og_locale":"ca_ES","og_type":"article","og_title":"M3 Caravaning sponsor al campionat de Catalunya de muntanya - Autocaravanas, caravanas y furgonetas campers nuevas, ocasi\u00f3n y segunda mano","og_description":"M3 Caravaning sponsor al campionat de Catalunya de muntanya, un dels millors campeonats de veh\u00edcles que es fan a Catalunya","og_url":"https:\/\/m3caravaning.com\/ca\/sense-categoria\/m3-caravaning-sponsor-al-campionat-de-catalunya-de-muntanya\/","og_site_name":"Autocaravanas, caravanas y furgonetas campers nuevas, ocasi\u00f3n y segunda mano","article_publisher":"https:\/\/www.facebook.com\/m3caravaning","article_published_time":"2019-06-21T10:11:20+00:00","article_modified_time":"2021-06-11T07:50:00+00:00","og_image":[{"width":1440,"height":1080,"url":"https:\/\/m3caravaning.com\/wp-content\/uploads\/2021\/01\/m3-caravaning-colabora-en-las-carreras-de-rally-del-34-campionat-de-catalunya-de-muntanya-34-id-79.jpg","type":"image\/jpeg"}],"author":"M3 Caravaning","twitter_card":"summary_large_image","twitter_creator":"@M3Caravaning","twitter_site":"@M3Caravaning","twitter_misc":{"Written by":"M3 Caravaning","Est. reading time":"1 minute"},"schema":{"@context":"https:\/\/schema.org","@graph":[{"@type":"WebPage","@id":"https:\/\/m3caravaning.com\/ca\/sense-categoria\/m3-caravaning-sponsor-al-campionat-de-catalunya-de-muntanya\/","url":"https:\/\/m3caravaning.com\/ca\/sense-categoria\/m3-caravaning-sponsor-al-campionat-de-catalunya-de-muntanya\/","name":"M3 Caravaning sponsor al campionat de Catalunya de muntanya - Autocaravanas, caravanas y furgonetas campers nuevas, ocasi\u00f3n y segunda mano","isPartOf":{"@id":"https:\/\/m3caravaning.com\/ca\/#website"},"primaryImageOfPage":{"@id":"https:\/\/m3caravaning.com\/ca\/sense-categoria\/m3-caravaning-sponsor-al-campionat-de-catalunya-de-muntanya\/#primaryimage"},"image":{"@id":"https:\/\/m3caravaning.com\/ca\/sense-categoria\/m3-caravaning-sponsor-al-campionat-de-catalunya-de-muntanya\/#primaryimage"},"thumbnailUrl":"https:\/\/m3caravaning.com\/wp-content\/uploads\/2021\/01\/m3-caravaning-colabora-en-las-carreras-de-rally-del-34-campionat-de-catalunya-de-muntanya-34-id-79.jpg","datePublished":"2019-06-21T10:11:20+00:00","dateModified":"2021-06-11T07:50:00+00:00","author":{"@id":"https:\/\/m3caravaning.com\/ca\/#\/schema\/person\/10e5f1edce4be1f414d4bde1bcf0c65f"},"description":"M3 Caravaning sponsor al campionat de Catalunya de muntanya, un dels millors campeonats de veh\u00edcles que es fan a Catalunya","breadcrumb":{"@id":"https:\/\/m3caravaning.com\/ca\/sense-categoria\/m3-caravaning-sponsor-al-campionat-de-catalunya-de-muntanya\/#breadcrumb"},"inLanguage":"ca","potentialAction":[{"@type":"ReadAction","target":["https:\/\/m3caravaning.com\/ca\/sense-categoria\/m3-caravaning-sponsor-al-campionat-de-catalunya-de-muntanya\/"]}]},{"@type":"ImageObject","inLanguage":"ca","@id":"https:\/\/m3caravaning.com\/ca\/sense-categoria\/m3-caravaning-sponsor-al-campionat-de-catalunya-de-muntanya\/#primaryimage","url":"https:\/\/m3caravaning.com\/wp-content\/uploads\/2021\/01\/m3-caravaning-colabora-en-las-carreras-de-rally-del-34-campionat-de-catalunya-de-muntanya-34-id-79.jpg","contentUrl":"https:\/\/m3caravaning.com\/wp-content\/uploads\/2021\/01\/m3-caravaning-colabora-en-las-carreras-de-rally-del-34-campionat-de-catalunya-de-muntanya-34-id-79.jpg","width":1440,"height":1080},{"@type":"BreadcrumbList","@id":"https:\/\/m3caravaning.com\/ca\/sense-categoria\/m3-caravaning-sponsor-al-campionat-de-catalunya-de-muntanya\/#breadcrumb","itemListElement":[{"@type":"ListItem","position":1,"name":"Portada","item":"https:\/\/m3caravaning.com\/ca\/"},{"@type":"ListItem","position":2,"name":"M3 Caravaning sponsor al campionat de Catalunya de muntanya"}]},{"@type":"WebSite","@id":"https:\/\/m3caravaning.com\/ca\/#website","url":"https:\/\/m3caravaning.com\/ca\/","name":"Autocaravanas, caravanas y furgonetas campers nuevas, ocasi\u00f3n y segunda mano","description":"Tu tienda de autocaravanas, campers y caravanas nuevas y de segunda mano. Alquiler, tienda de recambios, taller, seguros, etc.","potentialAction":[{"@type":"SearchAction","target":{"@type":"EntryPoint","urlTemplate":"https:\/\/m3caravaning.com\/ca\/?s={search_term_string}"},"query-input":"required name=search_term_string"}],"inLanguage":"ca"},{"@type":"Person","@id":"https:\/\/m3caravaning.com\/ca\/#\/schema\/person\/10e5f1edce4be1f414d4bde1bcf0c65f","name":"M3 Caravaning","image":{"@type":"ImageObject","inLanguage":"ca","@id":"https:\/\/m3caravaning.com\/ca\/#\/schema\/person\/image\/","url":"https:\/\/secure.gravatar.com\/avatar\/45cc9e7bfaa20654bd7626e499aa306a8db18ee338763b6b771e707ccbeef54c?s=96&d=mm&r=g","contentUrl":"https:\/\/secure.gravatar.com\/avatar\/45cc9e7bfaa20654bd7626e499aa306a8db18ee338763b6b771e707ccbeef54c?s=96&d=mm&r=g","caption":"M3 Caravaning"}}]}},"_links":{"self":[{"href":"https:\/\/m3caravaning.com\/ca\/wp-json\/wp\/v2\/posts\/9291","targetHints":{"allow":["GET"]}}],"collection":[{"href":"https:\/\/m3caravaning.com\/ca\/wp-json\/wp\/v2\/posts"}],"about":[{"href":"https:\/\/m3caravaning.com\/ca\/wp-json\/wp\/v2\/types\/post"}],"author":[{"embeddable":true,"href":"https:\/\/m3caravaning.com\/ca\/wp-json\/wp\/v2\/users\/2"}],"replies":[{"embeddable":true,"href":"https:\/\/m3caravaning.com\/ca\/wp-json\/wp\/v2\/comments?post=9291"}],"version-history":[{"count":0,"href":"https:\/\/m3caravaning.com\/ca\/wp-json\/wp\/v2\/posts\/9291\/revisions"}],"wp:featuredmedia":[{"embeddable":true,"href":"https:\/\/m3caravaning.com\/ca\/wp-json\/wp\/v2\/media\/199"}],"wp:attachment":[{"href":"https:\/\/m3caravaning.com\/ca\/wp-json\/wp\/v2\/media?parent=9291"}],"wp:term":[{"taxonomy":"category","embeddable":true,"href":"https:\/\/m3caravaning.com\/ca\/wp-json\/wp\/v2\/categories?post=9291"},{"taxonomy":"post_tag","embeddable":true,"href":"https:\/\/m3caravaning.com\/ca\/wp-json\/wp\/v2\/tags?post=9291"}],"curies":[{"name":"wp","href":"https:\/\/api.w.org\/{rel}","templated":true}]}}