





{"id":9280,"date":"2019-03-12T12:05:26","date_gmt":"2019-03-12T11:05:26","guid":{"rendered":"https:\/\/m3caravaning.com\/?p=9280"},"modified":"2021-06-05T09:12:51","modified_gmt":"2021-06-05T07:12:51","slug":"autocaravanes-furgonetes-camper-o-caravanes-diferencia-entre-les-aigues-grises-i-negres","status":"publish","type":"post","link":"https:\/\/m3caravaning.com\/ca\/autocaravanes\/autocaravanes-furgonetes-camper-o-caravanes-diferencia-entre-les-aigues-grises-i-negres\/","title":{"rendered":"Autocaravanes, furgonetes camper o caravanes diferencia entre les aig\u00fces grises i negres"},"content":{"rendered":"<p>Quan es t\u00e9 una\u00a0<strong>caravana, autocarava o una furgoneta camper<\/strong>\u00a0amb bany a part de les cures normals, que es fa tant en interior com a exterior, \u00e9s molt important fer el buidatge tant d&#8217;aig\u00fces grises com negres. Si ets un principiant del m\u00f3n del\u00a0<strong>caravaning<\/strong>\u00a0volem ajudar-te a diferenciar entre aquestes dues aig\u00fces.<\/p>\n<p>Aig\u00fces grises: Quan rentem els plats en l&#8217;aig\u00fcera, ens rentem les dents en el lavabo o usem la dutxa, totes aquestes aig\u00fces que provenen d&#8217;un \u00fas dom\u00e8stic, que porten sab\u00f3 normalment, s\u00f3n les anomenades aig\u00fces grises. Molts usuaris de\u00a0<strong>caravanes, autocaravanes i furgonetes camper<\/strong>\u00a0decideixen reutilitzar-les per usar-la en el v\u00e0ter, d&#8217;aquesta manera s&#8217;estalvia aigua. On es troben aquests dip\u00f2sits? Totes aquestes aig\u00fces s&#8217;acumulen sota el vehicle i el buidatge es realitza a trav\u00e9s d&#8217;una v\u00e0lvula o una aixeta.<\/p>\n<p>Aig\u00fces negres Es denominen aig\u00fces negres, les aig\u00fces residuals procedents del v\u00e0ter. Aquestes sempre es dirigeixen a un tanc s\u00e8ptic i existeixen llocs adaptats pel seu buidatge. Els c\u00e0mpings i llocs especials per campistes com a \u00e0rees de pernoctes solen tenir una zona espec\u00edfica per al buidatge de les aig\u00fces negres. Normalment el tanc on van a parar les aig\u00fces negres, tenen un pilot vermell que t&#8217;avisa quan s&#8217;ha de buidar.<\/p>\n<p>Per evitar les males olors, existeixen molts productes l\u00edquids al mercat que eliminen les olors del dip\u00f2sit de residus, tamb\u00e9 pel dip\u00f2sit de la cisterna o fins i tot pel dip\u00f2sit d&#8217;aig\u00fces grises.<\/p>\n<p>A\u00a0<strong>M3 Caravaning<\/strong>\u00a0tenim tot el que necessites. Tenim accessoris i l\u00edquids qu\u00edmics pel teu bany a m\u00e9s de WC port\u00e0tils per la teva\u00a0<strong>caravana, autocaravana o furgoneta camper<\/strong>. Vine a veure&#8217;ns, tenim moltes coses interessants per a tu, trobar\u00e0s tot el que cerques sobre el m\u00f3n de\u00a0<strong>caravaning.<\/strong>\u00a0<strong>Autocaravanes, furgonetes campers o caravanes<\/strong>\u00a0de tots els models i preus possibles.<\/p>\n","protected":false},"excerpt":{"rendered":"<p>Quan es t\u00e9 una\u00a0caravana, autocarava o una furgoneta camper\u00a0amb bany a part de les cures normals, que es fa tant en interior com a exterior, \u00e9s molt important fer el buidatge tant d&#8217;aig\u00fces grises com negres. Si ets un principiant del m\u00f3n del\u00a0caravaning\u00a0volem ajudar-te a diferenciar entre aquestes dues aig\u00fces. Aig\u00fces grises: Quan rentem els<\/p>\n","protected":false},"author":2,"featured_media":614108,"comment_status":"closed","ping_status":"open","sticky":false,"template":"","format":"standard","meta":{"footnotes":""},"categories":[15,16,17],"tags":[],"class_list":["post-9280","post","type-post","status-publish","format-standard","has-post-thumbnail","hentry","category-autocaravanes","category-campers-ca","category-caravanes"],"yoast_head":"<!-- This site is optimized with the Yoast SEO plugin v22.4 - https:\/\/yoast.com\/wordpress\/plugins\/seo\/ -->\n<title>Autocaravanes, furgonetes camper o caravanes diferencia entre les aig\u00fces grises i negres - Autocaravanas, caravanas y furgonetas campers nuevas, ocasi\u00f3n y segunda mano<\/title>\n<meta name=\"description\" content=\"Autocaravanes, furgonetes camper o caravanes diferencia entre les aig\u00fces grises i negres, presentat per M3 Caravaning\" \/>\n<meta name=\"robots\" content=\"index, follow, max-snippet:-1, max-image-preview:large, max-video-preview:-1\" \/>\n<link rel=\"canonical\" href=\"https:\/\/m3caravaning.com\/ca\/autocaravanes\/autocaravanes-furgonetes-camper-o-caravanes-diferencia-entre-les-aigues-grises-i-negres\/\" \/>\n<meta property=\"og:locale\" content=\"ca_ES\" \/>\n<meta property=\"og:type\" content=\"article\" \/>\n<meta property=\"og:title\" content=\"Autocaravanes, furgonetes camper o caravanes diferencia entre les aig\u00fces grises i negres - Autocaravanas, caravanas y furgonetas campers nuevas, ocasi\u00f3n y segunda mano\" \/>\n<meta property=\"og:description\" content=\"Autocaravanes, furgonetes camper o caravanes diferencia entre les aig\u00fces grises i negres, presentat per M3 Caravaning\" \/>\n<meta property=\"og:url\" content=\"https:\/\/m3caravaning.com\/ca\/autocaravanes\/autocaravanes-furgonetes-camper-o-caravanes-diferencia-entre-les-aigues-grises-i-negres\/\" \/>\n<meta property=\"og:site_name\" content=\"Autocaravanas, caravanas y furgonetas campers nuevas, ocasi\u00f3n y segunda mano\" \/>\n<meta property=\"article:publisher\" content=\"https:\/\/www.facebook.com\/m3caravaning\" \/>\n<meta property=\"article:published_time\" content=\"2019-03-12T11:05:26+00:00\" \/>\n<meta property=\"article:modified_time\" content=\"2021-06-05T07:12:51+00:00\" \/>\n<meta property=\"og:image\" content=\"https:\/\/m3caravaning.com\/wp-content\/uploads\/2020\/01\/diferencias-aguas-grises-negras.jpg\" \/>\n\t<meta property=\"og:image:width\" content=\"848\" \/>\n\t<meta property=\"og:image:height\" content=\"500\" \/>\n\t<meta property=\"og:image:type\" content=\"image\/jpeg\" \/>\n<meta name=\"author\" content=\"M3 Caravaning\" \/>\n<meta name=\"twitter:card\" content=\"summary_large_image\" \/>\n<meta name=\"twitter:creator\" content=\"@M3Caravaning\" \/>\n<meta name=\"twitter:site\" content=\"@M3Caravaning\" \/>\n<meta name=\"twitter:label1\" content=\"Written by\" \/>\n\t<meta name=\"twitter:data1\" content=\"M3 Caravaning\" \/>\n\t<meta name=\"twitter:label2\" content=\"Est. reading time\" \/>\n\t<meta name=\"twitter:data2\" content=\"2 minutes\" \/>\n<script type=\"application\/ld+json\" class=\"yoast-schema-graph\">{\"@context\":\"https:\/\/schema.org\",\"@graph\":[{\"@type\":\"WebPage\",\"@id\":\"https:\/\/m3caravaning.com\/ca\/autocaravanes\/autocaravanes-furgonetes-camper-o-caravanes-diferencia-entre-les-aigues-grises-i-negres\/\",\"url\":\"https:\/\/m3caravaning.com\/ca\/autocaravanes\/autocaravanes-furgonetes-camper-o-caravanes-diferencia-entre-les-aigues-grises-i-negres\/\",\"name\":\"Autocaravanes, furgonetes camper o caravanes diferencia entre les aig\u00fces grises i negres - Autocaravanas, caravanas y furgonetas campers nuevas, ocasi\u00f3n y segunda mano\",\"isPartOf\":{\"@id\":\"https:\/\/m3caravaning.com\/ca\/#website\"},\"primaryImageOfPage\":{\"@id\":\"https:\/\/m3caravaning.com\/ca\/autocaravanes\/autocaravanes-furgonetes-camper-o-caravanes-diferencia-entre-les-aigues-grises-i-negres\/#primaryimage\"},\"image\":{\"@id\":\"https:\/\/m3caravaning.com\/ca\/autocaravanes\/autocaravanes-furgonetes-camper-o-caravanes-diferencia-entre-les-aigues-grises-i-negres\/#primaryimage\"},\"thumbnailUrl\":\"https:\/\/m3caravaning.com\/wp-content\/uploads\/2020\/01\/diferencias-aguas-grises-negras.jpg\",\"datePublished\":\"2019-03-12T11:05:26+00:00\",\"dateModified\":\"2021-06-05T07:12:51+00:00\",\"author\":{\"@id\":\"https:\/\/m3caravaning.com\/ca\/#\/schema\/person\/10e5f1edce4be1f414d4bde1bcf0c65f\"},\"description\":\"Autocaravanes, furgonetes camper o caravanes diferencia entre les aig\u00fces grises i negres, presentat per M3 Caravaning\",\"breadcrumb\":{\"@id\":\"https:\/\/m3caravaning.com\/ca\/autocaravanes\/autocaravanes-furgonetes-camper-o-caravanes-diferencia-entre-les-aigues-grises-i-negres\/#breadcrumb\"},\"inLanguage\":\"ca\",\"potentialAction\":[{\"@type\":\"ReadAction\",\"target\":[\"https:\/\/m3caravaning.com\/ca\/autocaravanes\/autocaravanes-furgonetes-camper-o-caravanes-diferencia-entre-les-aigues-grises-i-negres\/\"]}]},{\"@type\":\"ImageObject\",\"inLanguage\":\"ca\",\"@id\":\"https:\/\/m3caravaning.com\/ca\/autocaravanes\/autocaravanes-furgonetes-camper-o-caravanes-diferencia-entre-les-aigues-grises-i-negres\/#primaryimage\",\"url\":\"https:\/\/m3caravaning.com\/wp-content\/uploads\/2020\/01\/diferencias-aguas-grises-negras.jpg\",\"contentUrl\":\"https:\/\/m3caravaning.com\/wp-content\/uploads\/2020\/01\/diferencias-aguas-grises-negras.jpg\",\"width\":848,\"height\":500,\"caption\":\"Diferencias entre aguas grises y aguas negras\"},{\"@type\":\"BreadcrumbList\",\"@id\":\"https:\/\/m3caravaning.com\/ca\/autocaravanes\/autocaravanes-furgonetes-camper-o-caravanes-diferencia-entre-les-aigues-grises-i-negres\/#breadcrumb\",\"itemListElement\":[{\"@type\":\"ListItem\",\"position\":1,\"name\":\"Portada\",\"item\":\"https:\/\/m3caravaning.com\/ca\/\"},{\"@type\":\"ListItem\",\"position\":2,\"name\":\"Autocaravanes, furgonetes camper o caravanes diferencia entre les aig\u00fces grises i negres\"}]},{\"@type\":\"WebSite\",\"@id\":\"https:\/\/m3caravaning.com\/ca\/#website\",\"url\":\"https:\/\/m3caravaning.com\/ca\/\",\"name\":\"Autocaravanas, caravanas y furgonetas campers nuevas, ocasi\u00f3n y segunda mano\",\"description\":\"Tu tienda de autocaravanas, campers y caravanas nuevas y de segunda mano. Alquiler, tienda de recambios, taller, seguros, etc.\",\"potentialAction\":[{\"@type\":\"SearchAction\",\"target\":{\"@type\":\"EntryPoint\",\"urlTemplate\":\"https:\/\/m3caravaning.com\/ca\/?s={search_term_string}\"},\"query-input\":\"required name=search_term_string\"}],\"inLanguage\":\"ca\"},{\"@type\":\"Person\",\"@id\":\"https:\/\/m3caravaning.com\/ca\/#\/schema\/person\/10e5f1edce4be1f414d4bde1bcf0c65f\",\"name\":\"M3 Caravaning\",\"image\":{\"@type\":\"ImageObject\",\"inLanguage\":\"ca\",\"@id\":\"https:\/\/m3caravaning.com\/ca\/#\/schema\/person\/image\/\",\"url\":\"https:\/\/secure.gravatar.com\/avatar\/45cc9e7bfaa20654bd7626e499aa306a8db18ee338763b6b771e707ccbeef54c?s=96&d=mm&r=g\",\"contentUrl\":\"https:\/\/secure.gravatar.com\/avatar\/45cc9e7bfaa20654bd7626e499aa306a8db18ee338763b6b771e707ccbeef54c?s=96&d=mm&r=g\",\"caption\":\"M3 Caravaning\"}}]}<\/script>\n<!-- \/ Yoast SEO plugin. -->","yoast_head_json":{"title":"Autocaravanes, furgonetes camper o caravanes diferencia entre les aig\u00fces grises i negres - Autocaravanas, caravanas y furgonetas campers nuevas, ocasi\u00f3n y segunda mano","description":"Autocaravanes, furgonetes camper o caravanes diferencia entre les aig\u00fces grises i negres, presentat per M3 Caravaning","robots":{"index":"index","follow":"follow","max-snippet":"max-snippet:-1","max-image-preview":"max-image-preview:large","max-video-preview":"max-video-preview:-1"},"canonical":"https:\/\/m3caravaning.com\/ca\/autocaravanes\/autocaravanes-furgonetes-camper-o-caravanes-diferencia-entre-les-aigues-grises-i-negres\/","og_locale":"ca_ES","og_type":"article","og_title":"Autocaravanes, furgonetes camper o caravanes diferencia entre les aig\u00fces grises i negres - Autocaravanas, caravanas y furgonetas campers nuevas, ocasi\u00f3n y segunda mano","og_description":"Autocaravanes, furgonetes camper o caravanes diferencia entre les aig\u00fces grises i negres, presentat per M3 Caravaning","og_url":"https:\/\/m3caravaning.com\/ca\/autocaravanes\/autocaravanes-furgonetes-camper-o-caravanes-diferencia-entre-les-aigues-grises-i-negres\/","og_site_name":"Autocaravanas, caravanas y furgonetas campers nuevas, ocasi\u00f3n y segunda mano","article_publisher":"https:\/\/www.facebook.com\/m3caravaning","article_published_time":"2019-03-12T11:05:26+00:00","article_modified_time":"2021-06-05T07:12:51+00:00","og_image":[{"width":848,"height":500,"url":"https:\/\/m3caravaning.com\/wp-content\/uploads\/2020\/01\/diferencias-aguas-grises-negras.jpg","type":"image\/jpeg"}],"author":"M3 Caravaning","twitter_card":"summary_large_image","twitter_creator":"@M3Caravaning","twitter_site":"@M3Caravaning","twitter_misc":{"Written by":"M3 Caravaning","Est. reading time":"2 minutes"},"schema":{"@context":"https:\/\/schema.org","@graph":[{"@type":"WebPage","@id":"https:\/\/m3caravaning.com\/ca\/autocaravanes\/autocaravanes-furgonetes-camper-o-caravanes-diferencia-entre-les-aigues-grises-i-negres\/","url":"https:\/\/m3caravaning.com\/ca\/autocaravanes\/autocaravanes-furgonetes-camper-o-caravanes-diferencia-entre-les-aigues-grises-i-negres\/","name":"Autocaravanes, furgonetes camper o caravanes diferencia entre les aig\u00fces grises i negres - Autocaravanas, caravanas y furgonetas campers nuevas, ocasi\u00f3n y segunda mano","isPartOf":{"@id":"https:\/\/m3caravaning.com\/ca\/#website"},"primaryImageOfPage":{"@id":"https:\/\/m3caravaning.com\/ca\/autocaravanes\/autocaravanes-furgonetes-camper-o-caravanes-diferencia-entre-les-aigues-grises-i-negres\/#primaryimage"},"image":{"@id":"https:\/\/m3caravaning.com\/ca\/autocaravanes\/autocaravanes-furgonetes-camper-o-caravanes-diferencia-entre-les-aigues-grises-i-negres\/#primaryimage"},"thumbnailUrl":"https:\/\/m3caravaning.com\/wp-content\/uploads\/2020\/01\/diferencias-aguas-grises-negras.jpg","datePublished":"2019-03-12T11:05:26+00:00","dateModified":"2021-06-05T07:12:51+00:00","author":{"@id":"https:\/\/m3caravaning.com\/ca\/#\/schema\/person\/10e5f1edce4be1f414d4bde1bcf0c65f"},"description":"Autocaravanes, furgonetes camper o caravanes diferencia entre les aig\u00fces grises i negres, presentat per M3 Caravaning","breadcrumb":{"@id":"https:\/\/m3caravaning.com\/ca\/autocaravanes\/autocaravanes-furgonetes-camper-o-caravanes-diferencia-entre-les-aigues-grises-i-negres\/#breadcrumb"},"inLanguage":"ca","potentialAction":[{"@type":"ReadAction","target":["https:\/\/m3caravaning.com\/ca\/autocaravanes\/autocaravanes-furgonetes-camper-o-caravanes-diferencia-entre-les-aigues-grises-i-negres\/"]}]},{"@type":"ImageObject","inLanguage":"ca","@id":"https:\/\/m3caravaning.com\/ca\/autocaravanes\/autocaravanes-furgonetes-camper-o-caravanes-diferencia-entre-les-aigues-grises-i-negres\/#primaryimage","url":"https:\/\/m3caravaning.com\/wp-content\/uploads\/2020\/01\/diferencias-aguas-grises-negras.jpg","contentUrl":"https:\/\/m3caravaning.com\/wp-content\/uploads\/2020\/01\/diferencias-aguas-grises-negras.jpg","width":848,"height":500,"caption":"Diferencias entre aguas grises y aguas negras"},{"@type":"BreadcrumbList","@id":"https:\/\/m3caravaning.com\/ca\/autocaravanes\/autocaravanes-furgonetes-camper-o-caravanes-diferencia-entre-les-aigues-grises-i-negres\/#breadcrumb","itemListElement":[{"@type":"ListItem","position":1,"name":"Portada","item":"https:\/\/m3caravaning.com\/ca\/"},{"@type":"ListItem","position":2,"name":"Autocaravanes, furgonetes camper o caravanes diferencia entre les aig\u00fces grises i negres"}]},{"@type":"WebSite","@id":"https:\/\/m3caravaning.com\/ca\/#website","url":"https:\/\/m3caravaning.com\/ca\/","name":"Autocaravanas, caravanas y furgonetas campers nuevas, ocasi\u00f3n y segunda mano","description":"Tu tienda de autocaravanas, campers y caravanas nuevas y de segunda mano. Alquiler, tienda de recambios, taller, seguros, etc.","potentialAction":[{"@type":"SearchAction","target":{"@type":"EntryPoint","urlTemplate":"https:\/\/m3caravaning.com\/ca\/?s={search_term_string}"},"query-input":"required name=search_term_string"}],"inLanguage":"ca"},{"@type":"Person","@id":"https:\/\/m3caravaning.com\/ca\/#\/schema\/person\/10e5f1edce4be1f414d4bde1bcf0c65f","name":"M3 Caravaning","image":{"@type":"ImageObject","inLanguage":"ca","@id":"https:\/\/m3caravaning.com\/ca\/#\/schema\/person\/image\/","url":"https:\/\/secure.gravatar.com\/avatar\/45cc9e7bfaa20654bd7626e499aa306a8db18ee338763b6b771e707ccbeef54c?s=96&d=mm&r=g","contentUrl":"https:\/\/secure.gravatar.com\/avatar\/45cc9e7bfaa20654bd7626e499aa306a8db18ee338763b6b771e707ccbeef54c?s=96&d=mm&r=g","caption":"M3 Caravaning"}}]}},"_links":{"self":[{"href":"https:\/\/m3caravaning.com\/ca\/wp-json\/wp\/v2\/posts\/9280","targetHints":{"allow":["GET"]}}],"collection":[{"href":"https:\/\/m3caravaning.com\/ca\/wp-json\/wp\/v2\/posts"}],"about":[{"href":"https:\/\/m3caravaning.com\/ca\/wp-json\/wp\/v2\/types\/post"}],"author":[{"embeddable":true,"href":"https:\/\/m3caravaning.com\/ca\/wp-json\/wp\/v2\/users\/2"}],"replies":[{"embeddable":true,"href":"https:\/\/m3caravaning.com\/ca\/wp-json\/wp\/v2\/comments?post=9280"}],"version-history":[{"count":0,"href":"https:\/\/m3caravaning.com\/ca\/wp-json\/wp\/v2\/posts\/9280\/revisions"}],"wp:featuredmedia":[{"embeddable":true,"href":"https:\/\/m3caravaning.com\/ca\/wp-json\/wp\/v2\/media\/614108"}],"wp:attachment":[{"href":"https:\/\/m3caravaning.com\/ca\/wp-json\/wp\/v2\/media?parent=9280"}],"wp:term":[{"taxonomy":"category","embeddable":true,"href":"https:\/\/m3caravaning.com\/ca\/wp-json\/wp\/v2\/categories?post=9280"},{"taxonomy":"post_tag","embeddable":true,"href":"https:\/\/m3caravaning.com\/ca\/wp-json\/wp\/v2\/tags?post=9280"}],"curies":[{"name":"wp","href":"https:\/\/api.w.org\/{rel}","templated":true}]}}