





{"id":9199,"date":"2020-04-12T09:19:54","date_gmt":"2020-04-12T07:19:54","guid":{"rendered":"https:\/\/m3caravaning.com\/?p=9199"},"modified":"2021-06-04T15:12:49","modified_gmt":"2021-06-04T13:12:49","slug":"viatjar-en-caravana-camper-i-autocaravana-a-lestranger","status":"publish","type":"post","link":"https:\/\/m3caravaning.com\/ca\/autocaravanes\/viatjar-en-caravana-camper-i-autocaravana-a-lestranger\/","title":{"rendered":"Viatjar en caravana, camper i autocaravana a l&#8217;estranger"},"content":{"rendered":"<p>Aspectes a tenir en compte a l&#8217;hora de\u00a0<strong>viatjar en caravana, camper, autocaravana a l&#8217;estranger.<\/strong><\/p>\n<p>Quan viatjem en\u00a0<strong>caravana<\/strong>\u00a0sempre \u00e9s emocionant, si ho fem pel nostre pais, coneixem m\u00e9s o menys el que ens podem trobar, per\u00f2 quan decidim utilitzar la nostra\u00a0<strong>furgoneta camper<\/strong>,** autocaravana o caravana** per viatjar a l&#8217;estranger \u00e9s molt diferent i hem de tenir en compte bastantes coses. Si tens en ment viatjar aviat fora del nostre pa\u00eds, des de\u00a0<strong>M3 Caravaning<\/strong>\u00a0volem explicar-te quins aspectes has de tenir en compte.<\/p>\n<h2>Viatjar amb la caravana, camper o autocaravana a l&#8217;extranger<\/h2>\n<p>-Documentaci\u00f3 necess\u00e0ria: \u00e9s fonamental portar el DNI i\/o el passaport. La targeta de cr\u00e8dit i la sanit\u00e0ria tamb\u00e9. No importa si aquesta \u00faltima \u00e9s privada o p\u00fablica.<\/p>\n<ul>\n<li>Perm\u00eds de conduir: encara que tamb\u00e9 \u00e9s una documentaci\u00f3 necess\u00e0ria que hem de portar sempre amb la nostra\u00a0<strong>caravana, autocaravana o camper<\/strong>, fem un apartat a part per una ra\u00f3: el lloc del viatge. Si \u00e9s fora de la uni\u00f3 europea, haurem d&#8217;apropar-nos a la DGT i demanar un perm\u00eds de conduir internacional. En el cas que sigui dins de la uni\u00f3, no teniu perqu\u00e8 preocupar-vos, el carnet ser\u00e0 el mateix que feu servir habitualment. \u00c9s recomanable mirar les normes de circulaci\u00f3 del pa\u00eds per con\u00e8ixer, per exemple, l\u00edmits de velocitat o llocs especials d&#8217;estacionament per a aquest tipus de mitj\u00e0 de transport.<\/li>\n<li>Revisi\u00f3 de vehicle: \u00e9s recomanable fer una revisi\u00f3 de tot. Frens, oli, bateria\u2026 Fins i tot dels electrodom\u00e8stics.<\/li>\n<li>Recorda consultar la p\u00e0gina del Ministeri d&#8217;Afers exteriors per con\u00e8ixer l&#8217;estat del pa\u00eds al que anem a viatjar i si necessites vacunes especials.<\/li>\n<\/ul>\n<p>Tamb\u00e9 recomanem revisar la farmaciola, eines, gps, etc\u2026 a totes les\u00a0<strong>caravanes, camper i autocaravanes<\/strong>. Des de\u00a0<strong>M3 Caravaning<\/strong>\u00a0et convidem a que realitzis tot tipus de viatges i coneguis el m\u00f3n amb aquest vehicle. Per aix\u00f2, si necessites\u00a0<strong>autocaravnas, camper, caravanes<\/strong>, recanvis, accessoris i molt m\u00e9s ho trobar\u00e0s en\u00a0<strong>www.m3caravaning.com<\/strong>. Estem aqu\u00ed per ajudar-te.<\/p>\n","protected":false},"excerpt":{"rendered":"<p>Aspectes a tenir en compte a l&#8217;hora de\u00a0viatjar en caravana, camper, autocaravana a l&#8217;estranger. Quan viatjem en\u00a0caravana\u00a0sempre \u00e9s emocionant, si ho fem pel nostre pais, coneixem m\u00e9s o menys el que ens podem trobar, per\u00f2 quan decidim utilitzar la nostra\u00a0furgoneta camper,** autocaravana o caravana** per viatjar a l&#8217;estranger \u00e9s molt diferent i hem de tenir<\/p>\n","protected":false},"author":2,"featured_media":581,"comment_status":"closed","ping_status":"open","sticky":false,"template":"","format":"standard","meta":{"footnotes":""},"categories":[15,16,17],"tags":[],"class_list":["post-9199","post","type-post","status-publish","format-standard","has-post-thumbnail","hentry","category-autocaravanes","category-campers-ca","category-caravanes"],"yoast_head":"<!-- This site is optimized with the Yoast SEO plugin v22.4 - https:\/\/yoast.com\/wordpress\/plugins\/seo\/ -->\n<title>Viatjar en caravana, camper i autocaravana a l&#039;estranger - Autocaravanas, caravanas y furgonetas campers nuevas, ocasi\u00f3n y segunda mano<\/title>\n<meta name=\"description\" content=\"M3 Caravaning ens exposa la realitat que suposa viatjar en caravana, camper i autocaravana a l&#039;estranger, una meravella del caravaning\" \/>\n<meta name=\"robots\" content=\"index, follow, max-snippet:-1, max-image-preview:large, max-video-preview:-1\" \/>\n<link rel=\"canonical\" href=\"https:\/\/m3caravaning.com\/ca\/autocaravanes\/viatjar-en-caravana-camper-i-autocaravana-a-lestranger\/\" \/>\n<meta property=\"og:locale\" content=\"ca_ES\" \/>\n<meta property=\"og:type\" content=\"article\" \/>\n<meta property=\"og:title\" content=\"Viatjar en caravana, camper i autocaravana a l&#039;estranger - Autocaravanas, caravanas y furgonetas campers nuevas, ocasi\u00f3n y segunda mano\" \/>\n<meta property=\"og:description\" content=\"M3 Caravaning ens exposa la realitat que suposa viatjar en caravana, camper i autocaravana a l&#039;estranger, una meravella del caravaning\" \/>\n<meta property=\"og:url\" content=\"https:\/\/m3caravaning.com\/ca\/autocaravanes\/viatjar-en-caravana-camper-i-autocaravana-a-lestranger\/\" \/>\n<meta property=\"og:site_name\" content=\"Autocaravanas, caravanas y furgonetas campers nuevas, ocasi\u00f3n y segunda mano\" \/>\n<meta property=\"article:publisher\" content=\"https:\/\/www.facebook.com\/m3caravaning\" \/>\n<meta property=\"article:published_time\" content=\"2020-04-12T07:19:54+00:00\" \/>\n<meta property=\"article:modified_time\" content=\"2021-06-04T13:12:49+00:00\" \/>\n<meta property=\"og:image\" content=\"https:\/\/m3caravaning.com\/wp-content\/uploads\/2021\/01\/viajar-en-caravana-camper-y-autocaravana-en-el-extranjero-id-152.jpg\" \/>\n\t<meta property=\"og:image:width\" content=\"640\" \/>\n\t<meta property=\"og:image:height\" content=\"423\" \/>\n\t<meta property=\"og:image:type\" content=\"image\/jpeg\" \/>\n<meta name=\"author\" content=\"M3 Caravaning\" \/>\n<meta name=\"twitter:card\" content=\"summary_large_image\" \/>\n<meta name=\"twitter:creator\" content=\"@M3Caravaning\" \/>\n<meta name=\"twitter:site\" content=\"@M3Caravaning\" \/>\n<meta name=\"twitter:label1\" content=\"Written by\" \/>\n\t<meta name=\"twitter:data1\" content=\"M3 Caravaning\" \/>\n\t<meta name=\"twitter:label2\" content=\"Est. reading time\" \/>\n\t<meta name=\"twitter:data2\" content=\"2 minutes\" \/>\n<script type=\"application\/ld+json\" class=\"yoast-schema-graph\">{\"@context\":\"https:\/\/schema.org\",\"@graph\":[{\"@type\":\"WebPage\",\"@id\":\"https:\/\/m3caravaning.com\/ca\/autocaravanes\/viatjar-en-caravana-camper-i-autocaravana-a-lestranger\/\",\"url\":\"https:\/\/m3caravaning.com\/ca\/autocaravanes\/viatjar-en-caravana-camper-i-autocaravana-a-lestranger\/\",\"name\":\"Viatjar en caravana, camper i autocaravana a l'estranger - Autocaravanas, caravanas y furgonetas campers nuevas, ocasi\u00f3n y segunda mano\",\"isPartOf\":{\"@id\":\"https:\/\/m3caravaning.com\/ca\/#website\"},\"primaryImageOfPage\":{\"@id\":\"https:\/\/m3caravaning.com\/ca\/autocaravanes\/viatjar-en-caravana-camper-i-autocaravana-a-lestranger\/#primaryimage\"},\"image\":{\"@id\":\"https:\/\/m3caravaning.com\/ca\/autocaravanes\/viatjar-en-caravana-camper-i-autocaravana-a-lestranger\/#primaryimage\"},\"thumbnailUrl\":\"https:\/\/m3caravaning.com\/wp-content\/uploads\/2021\/01\/viajar-en-caravana-camper-y-autocaravana-en-el-extranjero-id-152.jpg\",\"datePublished\":\"2020-04-12T07:19:54+00:00\",\"dateModified\":\"2021-06-04T13:12:49+00:00\",\"author\":{\"@id\":\"https:\/\/m3caravaning.com\/ca\/#\/schema\/person\/10e5f1edce4be1f414d4bde1bcf0c65f\"},\"description\":\"M3 Caravaning ens exposa la realitat que suposa viatjar en caravana, camper i autocaravana a l'estranger, una meravella del caravaning\",\"breadcrumb\":{\"@id\":\"https:\/\/m3caravaning.com\/ca\/autocaravanes\/viatjar-en-caravana-camper-i-autocaravana-a-lestranger\/#breadcrumb\"},\"inLanguage\":\"ca\",\"potentialAction\":[{\"@type\":\"ReadAction\",\"target\":[\"https:\/\/m3caravaning.com\/ca\/autocaravanes\/viatjar-en-caravana-camper-i-autocaravana-a-lestranger\/\"]}]},{\"@type\":\"ImageObject\",\"inLanguage\":\"ca\",\"@id\":\"https:\/\/m3caravaning.com\/ca\/autocaravanes\/viatjar-en-caravana-camper-i-autocaravana-a-lestranger\/#primaryimage\",\"url\":\"https:\/\/m3caravaning.com\/wp-content\/uploads\/2021\/01\/viajar-en-caravana-camper-y-autocaravana-en-el-extranjero-id-152.jpg\",\"contentUrl\":\"https:\/\/m3caravaning.com\/wp-content\/uploads\/2021\/01\/viajar-en-caravana-camper-y-autocaravana-en-el-extranjero-id-152.jpg\",\"width\":640,\"height\":423},{\"@type\":\"BreadcrumbList\",\"@id\":\"https:\/\/m3caravaning.com\/ca\/autocaravanes\/viatjar-en-caravana-camper-i-autocaravana-a-lestranger\/#breadcrumb\",\"itemListElement\":[{\"@type\":\"ListItem\",\"position\":1,\"name\":\"Portada\",\"item\":\"https:\/\/m3caravaning.com\/ca\/\"},{\"@type\":\"ListItem\",\"position\":2,\"name\":\"Viatjar en caravana, camper i autocaravana a l&#8217;estranger\"}]},{\"@type\":\"WebSite\",\"@id\":\"https:\/\/m3caravaning.com\/ca\/#website\",\"url\":\"https:\/\/m3caravaning.com\/ca\/\",\"name\":\"Autocaravanas, caravanas y furgonetas campers nuevas, ocasi\u00f3n y segunda mano\",\"description\":\"Tu tienda de autocaravanas, campers y caravanas nuevas y de segunda mano. Alquiler, tienda de recambios, taller, seguros, etc.\",\"potentialAction\":[{\"@type\":\"SearchAction\",\"target\":{\"@type\":\"EntryPoint\",\"urlTemplate\":\"https:\/\/m3caravaning.com\/ca\/?s={search_term_string}\"},\"query-input\":\"required name=search_term_string\"}],\"inLanguage\":\"ca\"},{\"@type\":\"Person\",\"@id\":\"https:\/\/m3caravaning.com\/ca\/#\/schema\/person\/10e5f1edce4be1f414d4bde1bcf0c65f\",\"name\":\"M3 Caravaning\",\"image\":{\"@type\":\"ImageObject\",\"inLanguage\":\"ca\",\"@id\":\"https:\/\/m3caravaning.com\/ca\/#\/schema\/person\/image\/\",\"url\":\"https:\/\/secure.gravatar.com\/avatar\/45cc9e7bfaa20654bd7626e499aa306a8db18ee338763b6b771e707ccbeef54c?s=96&d=mm&r=g\",\"contentUrl\":\"https:\/\/secure.gravatar.com\/avatar\/45cc9e7bfaa20654bd7626e499aa306a8db18ee338763b6b771e707ccbeef54c?s=96&d=mm&r=g\",\"caption\":\"M3 Caravaning\"}}]}<\/script>\n<!-- \/ Yoast SEO plugin. -->","yoast_head_json":{"title":"Viatjar en caravana, camper i autocaravana a l'estranger - Autocaravanas, caravanas y furgonetas campers nuevas, ocasi\u00f3n y segunda mano","description":"M3 Caravaning ens exposa la realitat que suposa viatjar en caravana, camper i autocaravana a l'estranger, una meravella del caravaning","robots":{"index":"index","follow":"follow","max-snippet":"max-snippet:-1","max-image-preview":"max-image-preview:large","max-video-preview":"max-video-preview:-1"},"canonical":"https:\/\/m3caravaning.com\/ca\/autocaravanes\/viatjar-en-caravana-camper-i-autocaravana-a-lestranger\/","og_locale":"ca_ES","og_type":"article","og_title":"Viatjar en caravana, camper i autocaravana a l'estranger - Autocaravanas, caravanas y furgonetas campers nuevas, ocasi\u00f3n y segunda mano","og_description":"M3 Caravaning ens exposa la realitat que suposa viatjar en caravana, camper i autocaravana a l'estranger, una meravella del caravaning","og_url":"https:\/\/m3caravaning.com\/ca\/autocaravanes\/viatjar-en-caravana-camper-i-autocaravana-a-lestranger\/","og_site_name":"Autocaravanas, caravanas y furgonetas campers nuevas, ocasi\u00f3n y segunda mano","article_publisher":"https:\/\/www.facebook.com\/m3caravaning","article_published_time":"2020-04-12T07:19:54+00:00","article_modified_time":"2021-06-04T13:12:49+00:00","og_image":[{"width":640,"height":423,"url":"https:\/\/m3caravaning.com\/wp-content\/uploads\/2021\/01\/viajar-en-caravana-camper-y-autocaravana-en-el-extranjero-id-152.jpg","type":"image\/jpeg"}],"author":"M3 Caravaning","twitter_card":"summary_large_image","twitter_creator":"@M3Caravaning","twitter_site":"@M3Caravaning","twitter_misc":{"Written by":"M3 Caravaning","Est. reading time":"2 minutes"},"schema":{"@context":"https:\/\/schema.org","@graph":[{"@type":"WebPage","@id":"https:\/\/m3caravaning.com\/ca\/autocaravanes\/viatjar-en-caravana-camper-i-autocaravana-a-lestranger\/","url":"https:\/\/m3caravaning.com\/ca\/autocaravanes\/viatjar-en-caravana-camper-i-autocaravana-a-lestranger\/","name":"Viatjar en caravana, camper i autocaravana a l'estranger - Autocaravanas, caravanas y furgonetas campers nuevas, ocasi\u00f3n y segunda mano","isPartOf":{"@id":"https:\/\/m3caravaning.com\/ca\/#website"},"primaryImageOfPage":{"@id":"https:\/\/m3caravaning.com\/ca\/autocaravanes\/viatjar-en-caravana-camper-i-autocaravana-a-lestranger\/#primaryimage"},"image":{"@id":"https:\/\/m3caravaning.com\/ca\/autocaravanes\/viatjar-en-caravana-camper-i-autocaravana-a-lestranger\/#primaryimage"},"thumbnailUrl":"https:\/\/m3caravaning.com\/wp-content\/uploads\/2021\/01\/viajar-en-caravana-camper-y-autocaravana-en-el-extranjero-id-152.jpg","datePublished":"2020-04-12T07:19:54+00:00","dateModified":"2021-06-04T13:12:49+00:00","author":{"@id":"https:\/\/m3caravaning.com\/ca\/#\/schema\/person\/10e5f1edce4be1f414d4bde1bcf0c65f"},"description":"M3 Caravaning ens exposa la realitat que suposa viatjar en caravana, camper i autocaravana a l'estranger, una meravella del caravaning","breadcrumb":{"@id":"https:\/\/m3caravaning.com\/ca\/autocaravanes\/viatjar-en-caravana-camper-i-autocaravana-a-lestranger\/#breadcrumb"},"inLanguage":"ca","potentialAction":[{"@type":"ReadAction","target":["https:\/\/m3caravaning.com\/ca\/autocaravanes\/viatjar-en-caravana-camper-i-autocaravana-a-lestranger\/"]}]},{"@type":"ImageObject","inLanguage":"ca","@id":"https:\/\/m3caravaning.com\/ca\/autocaravanes\/viatjar-en-caravana-camper-i-autocaravana-a-lestranger\/#primaryimage","url":"https:\/\/m3caravaning.com\/wp-content\/uploads\/2021\/01\/viajar-en-caravana-camper-y-autocaravana-en-el-extranjero-id-152.jpg","contentUrl":"https:\/\/m3caravaning.com\/wp-content\/uploads\/2021\/01\/viajar-en-caravana-camper-y-autocaravana-en-el-extranjero-id-152.jpg","width":640,"height":423},{"@type":"BreadcrumbList","@id":"https:\/\/m3caravaning.com\/ca\/autocaravanes\/viatjar-en-caravana-camper-i-autocaravana-a-lestranger\/#breadcrumb","itemListElement":[{"@type":"ListItem","position":1,"name":"Portada","item":"https:\/\/m3caravaning.com\/ca\/"},{"@type":"ListItem","position":2,"name":"Viatjar en caravana, camper i autocaravana a l&#8217;estranger"}]},{"@type":"WebSite","@id":"https:\/\/m3caravaning.com\/ca\/#website","url":"https:\/\/m3caravaning.com\/ca\/","name":"Autocaravanas, caravanas y furgonetas campers nuevas, ocasi\u00f3n y segunda mano","description":"Tu tienda de autocaravanas, campers y caravanas nuevas y de segunda mano. Alquiler, tienda de recambios, taller, seguros, etc.","potentialAction":[{"@type":"SearchAction","target":{"@type":"EntryPoint","urlTemplate":"https:\/\/m3caravaning.com\/ca\/?s={search_term_string}"},"query-input":"required name=search_term_string"}],"inLanguage":"ca"},{"@type":"Person","@id":"https:\/\/m3caravaning.com\/ca\/#\/schema\/person\/10e5f1edce4be1f414d4bde1bcf0c65f","name":"M3 Caravaning","image":{"@type":"ImageObject","inLanguage":"ca","@id":"https:\/\/m3caravaning.com\/ca\/#\/schema\/person\/image\/","url":"https:\/\/secure.gravatar.com\/avatar\/45cc9e7bfaa20654bd7626e499aa306a8db18ee338763b6b771e707ccbeef54c?s=96&d=mm&r=g","contentUrl":"https:\/\/secure.gravatar.com\/avatar\/45cc9e7bfaa20654bd7626e499aa306a8db18ee338763b6b771e707ccbeef54c?s=96&d=mm&r=g","caption":"M3 Caravaning"}}]}},"_links":{"self":[{"href":"https:\/\/m3caravaning.com\/ca\/wp-json\/wp\/v2\/posts\/9199","targetHints":{"allow":["GET"]}}],"collection":[{"href":"https:\/\/m3caravaning.com\/ca\/wp-json\/wp\/v2\/posts"}],"about":[{"href":"https:\/\/m3caravaning.com\/ca\/wp-json\/wp\/v2\/types\/post"}],"author":[{"embeddable":true,"href":"https:\/\/m3caravaning.com\/ca\/wp-json\/wp\/v2\/users\/2"}],"replies":[{"embeddable":true,"href":"https:\/\/m3caravaning.com\/ca\/wp-json\/wp\/v2\/comments?post=9199"}],"version-history":[{"count":0,"href":"https:\/\/m3caravaning.com\/ca\/wp-json\/wp\/v2\/posts\/9199\/revisions"}],"wp:featuredmedia":[{"embeddable":true,"href":"https:\/\/m3caravaning.com\/ca\/wp-json\/wp\/v2\/media\/581"}],"wp:attachment":[{"href":"https:\/\/m3caravaning.com\/ca\/wp-json\/wp\/v2\/media?parent=9199"}],"wp:term":[{"taxonomy":"category","embeddable":true,"href":"https:\/\/m3caravaning.com\/ca\/wp-json\/wp\/v2\/categories?post=9199"},{"taxonomy":"post_tag","embeddable":true,"href":"https:\/\/m3caravaning.com\/ca\/wp-json\/wp\/v2\/tags?post=9199"}],"curies":[{"name":"wp","href":"https:\/\/api.w.org\/{rel}","templated":true}]}}