





{"id":9195,"date":"2021-06-12T09:12:07","date_gmt":"2021-06-12T07:12:07","guid":{"rendered":"https:\/\/m3caravaning.com\/?p=9195"},"modified":"2021-06-04T15:15:04","modified_gmt":"2021-06-04T13:15:04","slug":"viatje-a-alsacia-en-autocaravana-per-esther-perez-collado","status":"publish","type":"post","link":"https:\/\/m3caravaning.com\/ca\/autocaravanes\/viatje-a-alsacia-en-autocaravana-per-esther-perez-collado\/","title":{"rendered":"Viatje a Alsacia en autocaravana &#8211; per Esther P\u00e9rez Collado"},"content":{"rendered":"<p>Teniu pensat anar-vos de vacances per aquesta primavera o Setmana Santa, en autocarava, caravana o camper?<\/p>\n<p>Us tenim preparat un magn\u00edfic viatge per les terres franceses del\u00a0<strong>Llenguadoc-Rossell\u00f3<\/strong>, de la m\u00e0 de la viatgera Esther P\u00e9rez Collado, amb la seva autocaravana Pilote.<\/p>\n<hr \/>\n<p>(Escrit per Esther P\u00e9rez Collado)<\/p>\n<p>Com cada any preparem les nostres vacances amb molta antelaci\u00f3.<\/p>\n<p>No vam deixar escapar cap detall, ja que s\u00f3n els nostres millors dies de descans i de poder gaudir de la nostra autocaravana PILOT. Aquest any vam decidir rec\u00f3rrer la regi\u00f3 de\u00a0<strong>Llenguadoc-Rossell\u00f3<\/strong>.<\/p>\n<p>Per aix\u00f2 busquem dades d&#8217;\u00e0rees on poder pernoctar i llocs per visitar.<\/p>\n<p>Comentar-vos que portem molts anys en aquesta forma de viatjar i que sempre descobrim alguna cosa nova, una bonica platja, un c\u00e0mping entre pins i platges d&#8217;aigua cristal\u00b7lina, uns bons amics als quals els encanta com a nosaltres gaudir de la tranquil\u00b7litat i d&#8217;una bona barbacoa, amb aquestes bones sensacions us convido a descobrir amb el meu relat els llocs que hem visitat i que a tan sols 200 km. de Barcelona podeu gaudir sense tantes prohibicions ia preus molt raonables.<\/p>\n<p>Sortim de Barcelona al migdia en direcci\u00f3 La Jonquera, vam parar a dinar i a posar gasoil, com no tenim pressa per arribar i portem tot el necessari a l&#8217;autocaravana vam gaudir del paisatge.<\/p>\n<p>La nostra primera parada de destinaci\u00f3 \u00e9s a\u00a0<strong>La tour Bas Elne<\/strong>, en aquest petit per\u00f2 encantador lloc hi ha una \u00e0rea d&#8217;autocaravanes fant\u00e0stica, el recinte aquesta tancat per a la nostra seguretat, disposa de parcel\u00b7les molt grans amb preses de corrent individuals, amb palmeres i gespa. Tots els serveis necessaris de buidatge i ompliment, i el preu \u00e9s el millor, si pernoctes la nit nom\u00e9s nom\u00e9s costa 10 \u20ac tot incl\u00f2s, nom\u00e9s els serveis 4 \u20ac i si est\u00e0s la jornada completa 14 \u20ac, a m\u00e9s comentar-vos que Gerard i la seva senyora s\u00f3n encantadors, ens van informar d&#8217;all\u00f2 m\u00e9s bonic que visitar, aix\u00ed que vam decidir agafar les bicis i dirigir-nos cap ** Sant Cebri\u00e0 ** bonica ciutat plena de canals pels quals naveguen embarcacions d&#8217;esbarjo. Tot i que no era encara Setmana Santa; assenyalar que ens vam anar de vacances una setmana abans; hi havia for\u00e7a ambient al port ia la zona de vianants. Vam estar dos dies.<\/p>\n<img fetchpriority=\"high\" decoding=\"async\" class=\"alignnone size-medium wp-image-9163\" src=\"https:\/\/m3caravaning.com\/wp-content\/uploads\/2021\/02\/alsaciaautocaravana01.jpg\" alt=\"\" width=\"300\" height=\"225\" \/>\n<p>El Diumenge vam arribar a\u00a0<strong>Argeles sur Mer<\/strong>, aquesta molt a prop de\u00a0<strong>La Tour<\/strong>\u00a0per\u00f2 \u00e9s tamb\u00e9 molt curiosa. Aqu\u00ed hav\u00edem decidit anar a un c\u00e0mping el quin t\u00e9 el que els francesos anomenen Stop accueil c\u00e0mping car, \u00e9s a dir que tens tots els serveis del c\u00e0mping a unes tarifes \u00faniques de 12 \u20ac tot incl\u00f2s.<\/p>\n<p>Del c\u00e0mping al centre de la ciutat hi ha com dos km. M\u00e9s o menys, per poder anar agafem les nostres bicis i per tot el passeig mar\u00edtim ens dirigim a la zona de vianants, ens encanta l&#8217;ambient de botigues, souvenirs, gelateries, creperies etc. Vam passar una tarda fant\u00e0stica, cap a una mica d&#8217;aire per\u00f2 s&#8217;estava molt b\u00e9. He d&#8217;explicar que s&#8217;estava tan b\u00e9 en el c\u00e0mping que ens vam quedar quatre dies doncs ten\u00edem platja privada, barbacoes d&#8217;obra instal\u00b7lades per tot el c\u00e0mping i tamb\u00e9 wifi incl\u00f2s en el preu. Que meravella veritat.<\/p>\n<img decoding=\"async\" class=\"alignnone size-medium wp-image-9165\" src=\"https:\/\/m3caravaning.com\/wp-content\/uploads\/2021\/02\/alsaciaautocaravana02.jpg\" alt=\"\" width=\"300\" height=\"225\" \/>\n<p>&nbsp;<\/p>\n<img decoding=\"async\" class=\"alignnone size-medium wp-image-9167\" src=\"https:\/\/m3caravaning.com\/wp-content\/uploads\/2021\/02\/alsaciaautocaravana03.jpg\" alt=\"\" width=\"300\" height=\"225\" \/>\n<img loading=\"lazy\" decoding=\"async\" class=\"alignnone size-medium wp-image-9169\" src=\"https:\/\/m3caravaning.com\/wp-content\/uploads\/2021\/02\/alsaciaautocaravana04.jpg\" alt=\"\" width=\"300\" height=\"225\" \/>\n<p>&nbsp;<\/p>\n<img loading=\"lazy\" decoding=\"async\" class=\"alignnone size-medium wp-image-9171\" src=\"https:\/\/m3caravaning.com\/wp-content\/uploads\/2021\/02\/alsaciaautocaravana05.jpg\" alt=\"\" width=\"300\" height=\"225\" \/>\n<img loading=\"lazy\" decoding=\"async\" class=\"alignnone size-medium wp-image-9173\" src=\"https:\/\/m3caravaning.com\/wp-content\/uploads\/2021\/02\/alsaciaautocaravana06.jpg\" alt=\"\" width=\"300\" height=\"225\" \/>\n<p>&nbsp;<\/p>\n<img loading=\"lazy\" decoding=\"async\" class=\"alignnone size-medium wp-image-9175\" src=\"https:\/\/m3caravaning.com\/wp-content\/uploads\/2021\/02\/alsaciaautocaravana07.jpg\" alt=\"\" width=\"300\" height=\"225\" \/>\n<p>Dijous al mat\u00ed ens acomiadem del c\u00e0mping, se m&#8217;oblidava dir-vos el nom del c\u00e0mping; a Argeles hi ha molts per\u00f2 a nosaltres ens va agradar aquest per estar fora del centre es diu LI Roussillonnais.<\/p>\n<p>Seguim la nostra ruta per la costa i arribem a l&#8217;\u00e0rea de\u00a0<strong>Gruissan<\/strong>, en aquesta poblaci\u00f3 hi ha tres \u00e0rees d&#8217;autocaravana, nosaltres vam triar la dels\u00a0<strong>4 vents<\/strong>\u00a0que est\u00e0 situada al costat de la gendarmeria mar\u00edtima, la tarifa d&#8217; estacionament i serveis \u00e9s de 7,50. Ens vam instal\u00b7lar davant del mar, \u00e9s fant\u00e0stic gaudir amb molt bon temps de la brisa del mar. Despr\u00e9s de dinar ens anem a passejar, voregem la zona dels vaixells i arribem al centre, \u00e9s agradable i concorregut. Passem la nit molt tranquil\u00b7la.<\/p>\n<img loading=\"lazy\" decoding=\"async\" class=\"alignnone size-medium wp-image-9177\" src=\"https:\/\/m3caravaning.com\/wp-content\/uploads\/2021\/02\/alsaciaautocaravana08.jpg\" alt=\"\" width=\"300\" height=\"199\" \/>\n<p>&nbsp;<\/p>\n<img loading=\"lazy\" decoding=\"async\" class=\"alignnone size-medium wp-image-9179\" src=\"https:\/\/m3caravaning.com\/wp-content\/uploads\/2021\/02\/alsaciaautocaravana09.jpg\" alt=\"\" width=\"300\" height=\"225\" \/>\n<img loading=\"lazy\" decoding=\"async\" class=\"alignnone size-medium wp-image-9181\" src=\"https:\/\/m3caravaning.com\/wp-content\/uploads\/2021\/02\/alsaciaautocaravana010.jpg\" alt=\"\" width=\"300\" height=\"169\" \/>\n<img loading=\"lazy\" decoding=\"async\" class=\"alignnone size-medium wp-image-9183\" src=\"https:\/\/m3caravaning.com\/wp-content\/uploads\/2021\/02\/alsaciaautocaravana011.jpg\" alt=\"\" width=\"300\" height=\"225\" \/>\n<p>El divendres al mat\u00ed ens dirigim cap a\u00a0<strong>Palavas Les Flots<\/strong>, aquesta \u00e0rea est\u00e0 situada al port fluvial, t\u00e9 tots els serveis inclosa l&#8217;electricitat i la seva tarifa \u00e9s de 12,44, a m\u00e9s la capitania general mar\u00edtima posa a la nostra disposici\u00f3 els sanitaris privats, dutxes, lavabos i per rentar la roba, tot incl\u00f2s en el preu; aquesta vigilada les 24 hores.<\/p>\n<img loading=\"lazy\" decoding=\"async\" class=\"alignnone size-medium wp-image-9185\" src=\"https:\/\/m3caravaning.com\/wp-content\/uploads\/2021\/02\/alsaciaautocaravana012-300x300.jpg\" alt=\"\" width=\"300\" height=\"300\" srcset=\"https:\/\/m3caravaning.com\/wp-content\/uploads\/2021\/02\/alsaciaautocaravana012-300x300.jpg 300w, https:\/\/m3caravaning.com\/wp-content\/uploads\/2021\/02\/alsaciaautocaravana012-100x100.jpg 100w, https:\/\/m3caravaning.com\/wp-content\/uploads\/2021\/02\/alsaciaautocaravana012.jpg 400w\" sizes=\"(max-width: 300px) 100vw, 300px\" \/>\n<img loading=\"lazy\" decoding=\"async\" class=\"alignnone size-medium wp-image-9187\" src=\"https:\/\/m3caravaning.com\/wp-content\/uploads\/2021\/02\/alsaciaautocaravana013-300x300.jpg\" alt=\"\" width=\"300\" height=\"300\" srcset=\"https:\/\/m3caravaning.com\/wp-content\/uploads\/2021\/02\/alsaciaautocaravana013-300x300.jpg 300w, https:\/\/m3caravaning.com\/wp-content\/uploads\/2021\/02\/alsaciaautocaravana013-100x100.jpg 100w, https:\/\/m3caravaning.com\/wp-content\/uploads\/2021\/02\/alsaciaautocaravana013.jpg 400w\" sizes=\"(max-width: 300px) 100vw, 300px\" \/>\n<p>Arribem al migdia i ja va ser dif\u00edcil trobar lloc, amb molta sort sota d&#8217;un pi. Vam decidir anar-nos al centre a con\u00e8ixer la ciutat.<\/p>\n<p>Ens va encantar el bonica que \u00e9s, com a curiositat us explicar\u00e9 que aquesta dividida per un bra\u00e7 de mar, ia banda i banda de la cadena hi ha botigues restaurants i els vaixells de pescadors venen les seves captures en el propi moll, el m\u00e9s divertit \u00e9s que per creuar el canal ho pots fer muntat en un vagoneta per tan sols 1,50. La platja \u00e9s immensa i la sorra blanca, el pitjor de tot \u00e9s que es va espatllar el dia, va comen\u00e7ar amb vent, despr\u00e9s ennuvolat i despr\u00e9s la pluja, tot i aix\u00ed s&#8217;estava molt b\u00e9.<\/p>\n<p>Dissabte seguim ruta i arribem a\u00a0<strong>Saintes Maries de la mer<\/strong>, est\u00e0 situada a la camarga francesa. Aqu\u00ed tamb\u00e9 hi ha tres \u00e0rees, nosaltres vam triar dormir davant del mar, per 9,50 tots els serveis i vigilat. Saintes Maries t\u00e9 moltes coses boniques, entre elles la seva esgl\u00e9sia des de la seva torre es pot veure la camarga, amb els seus cavalls i toros a llibertat i les platges d&#8217;aig\u00fces c\u00e0lides i transparents. Tamb\u00e9 ens encanta la seva zona de vianants amb moltes botigues de sabons de totes les aromes, porcellanes de vius colors que s\u00f3n molt t\u00edpiques d&#8217;aquesta zona, olis essencials, cuir etc.<\/p>\n<img loading=\"lazy\" decoding=\"async\" class=\"alignnone size-medium wp-image-9189\" src=\"https:\/\/m3caravaning.com\/wp-content\/uploads\/2021\/02\/alsaciaautocaravana014.jpg\" alt=\"\" width=\"300\" height=\"168\" srcset=\"https:\/\/m3caravaning.com\/wp-content\/uploads\/2021\/02\/alsaciaautocaravana014.jpg 700w, https:\/\/m3caravaning.com\/wp-content\/uploads\/2021\/02\/alsaciaautocaravana014-600x335.jpg 600w\" sizes=\"(max-width: 300px) 100vw, 300px\" \/>\n<p>(fuente http:\/\/fromfrancewithlove.com)<\/p>\n<p>I com no podia faltar arribem al carrer dels restaurants, en un mateix carrer fins a deu diferents on poder triar el millor men\u00fa, l&#8217;especialitat d&#8217;aquesta regi\u00f3 la paella. Ens vam decidir per un, ens vam asseure i vam demanar paella; som bons cuiners per\u00f2 per un dia calia provar la paella feta amb productes de la camarga; la presentaci\u00f3 fant\u00e0stica i els primers mossets molt b\u00e9, per\u00f2 en el primer musclo atenci\u00f3 ple de pebre, all\u00f2 picava com un bitxo, per a mi que el cuiner li havia caigut tota la pebre, si ens descuidem ens bevem fins a l&#8217;aigua dels gerros , mai m\u00e9s demanar\u00e9 paella royal.<\/p>\n<p>Com a experi\u00e8ncia no va estar malament, ara ho recordo i ric.<\/p>\n<p>Quan vam acabar de dinar, ens vam anar cap al port a prendre aire fresc, des del port fins a l&#8217;\u00e0rea d&#8217;autocaravanes es pot anar passejant pel passeig mar\u00edtim.<\/p>\n<p>Tornem a l&#8217;autocaravana per descansar.<\/p>\n<p>Diumenge vam iniciar la tornada a casa, des Saintes Maries ens anem a\u00a0<strong>Leucate plage<\/strong>; aquesta \u00e0rea \u00e9s molt tranquil aquesta davant del mar i la platja, t\u00e9 l&#8217;acc\u00e9s amb barreres i codi per a la nostra seguretat, per 7&#8217;50 tot incl\u00f2s.<\/p>\n<img loading=\"lazy\" decoding=\"async\" class=\"alignnone size-medium wp-image-9191\" src=\"https:\/\/m3caravaning.com\/wp-content\/uploads\/2021\/02\/alsaciaautocaravana015.jpg\" alt=\"\" width=\"300\" height=\"200\" \/><img loading=\"lazy\" decoding=\"async\" class=\"alignnone size-medium wp-image-9193\" src=\"https:\/\/m3caravaning.com\/wp-content\/uploads\/2021\/02\/alsaciaautocaravana016.jpg\" alt=\"\" width=\"300\" height=\"200\" \/>\n<p>Leucate plage \u00e9s molt acollidor, t\u00e9 una immensa platja molt neta, aigua transparent i un bon passeig mar\u00edtim. Per Setmana Santa \u00e9s molt tranquil a l&#8217;estiu molt bullici\u00f3s, \u00e9s una zona on es practica el surf de vela.<\/p>\n<p>Espero que aquest viatge us animi a vosaltres estimats amics del m\u00f3n de l&#8217;autocaravana a veure m\u00f3n i a explicar les vostres experi\u00e8ncies a trav\u00e9s de la p\u00e0gina de Viatges de M3 Caravaning, aix\u00ed tots ens ho passarem b\u00e9.<\/p>\n<p>Aquesta ha estat la meva primera experi\u00e8ncia escrivint el meu viatge, ho he fet com si us ho expliqu\u00e9s en persona, que per a mi \u00e9s m\u00e9s f\u00e0cil que escriure-ho en tercera persona, espero que m&#8217;entengueu. Fins a la propera.<\/p>\n","protected":false},"excerpt":{"rendered":"<p>Teniu pensat anar-vos de vacances per aquesta primavera o Setmana Santa, en autocarava, caravana o camper? Us tenim preparat un magn\u00edfic viatge per les terres franceses del\u00a0Llenguadoc-Rossell\u00f3, de la m\u00e0 de la viatgera Esther P\u00e9rez Collado, amb la seva autocaravana Pilote. (Escrit per Esther P\u00e9rez Collado) Com cada any preparem les nostres vacances amb molta<\/p>\n","protected":false},"author":2,"featured_media":987,"comment_status":"closed","ping_status":"open","sticky":false,"template":"","format":"standard","meta":{"footnotes":""},"categories":[15],"tags":[],"class_list":["post-9195","post","type-post","status-publish","format-standard","has-post-thumbnail","hentry","category-autocaravanes"],"yoast_head":"<!-- This site is optimized with the Yoast SEO plugin v22.4 - https:\/\/yoast.com\/wordpress\/plugins\/seo\/ -->\n<title>Viatje a Alsacia en autocaravana - per Esther P\u00e9rez Collado - Autocaravanas, caravanas y furgonetas campers nuevas, ocasi\u00f3n y segunda mano<\/title>\n<meta name=\"description\" content=\"M3 Caravaning ens exposa el viatje a Alsacia en autocaravana - per Esther P\u00e9rez Collado, una experi\u00e8ncia \u00fanica\" \/>\n<meta name=\"robots\" content=\"index, follow, max-snippet:-1, max-image-preview:large, max-video-preview:-1\" \/>\n<link rel=\"canonical\" href=\"https:\/\/m3caravaning.com\/ca\/autocaravanes\/viatje-a-alsacia-en-autocaravana-per-esther-perez-collado\/\" \/>\n<meta property=\"og:locale\" content=\"ca_ES\" \/>\n<meta property=\"og:type\" content=\"article\" \/>\n<meta property=\"og:title\" content=\"Viatje a Alsacia en autocaravana - per Esther P\u00e9rez Collado - Autocaravanas, caravanas y furgonetas campers nuevas, ocasi\u00f3n y segunda mano\" \/>\n<meta property=\"og:description\" content=\"M3 Caravaning ens exposa el viatje a Alsacia en autocaravana - per Esther P\u00e9rez Collado, una experi\u00e8ncia \u00fanica\" \/>\n<meta property=\"og:url\" content=\"https:\/\/m3caravaning.com\/ca\/autocaravanes\/viatje-a-alsacia-en-autocaravana-per-esther-perez-collado\/\" \/>\n<meta property=\"og:site_name\" content=\"Autocaravanas, caravanas y furgonetas campers nuevas, ocasi\u00f3n y segunda mano\" \/>\n<meta property=\"article:publisher\" content=\"https:\/\/www.facebook.com\/m3caravaning\" \/>\n<meta property=\"article:published_time\" content=\"2021-06-12T07:12:07+00:00\" \/>\n<meta property=\"article:modified_time\" content=\"2021-06-04T13:15:04+00:00\" \/>\n<meta property=\"og:image\" content=\"https:\/\/m3caravaning.com\/wp-content\/uploads\/2021\/01\/viaje-a-alsacia-en-autocaravana-por-esther-perez-collado-id-63.jpg\" \/>\n\t<meta property=\"og:image:width\" content=\"400\" \/>\n\t<meta property=\"og:image:height\" content=\"267\" \/>\n\t<meta property=\"og:image:type\" content=\"image\/jpeg\" \/>\n<meta name=\"author\" content=\"M3 Caravaning\" \/>\n<meta name=\"twitter:card\" content=\"summary_large_image\" \/>\n<meta name=\"twitter:creator\" content=\"@M3Caravaning\" \/>\n<meta name=\"twitter:site\" content=\"@M3Caravaning\" \/>\n<meta name=\"twitter:label1\" content=\"Written by\" \/>\n\t<meta name=\"twitter:data1\" content=\"M3 Caravaning\" \/>\n\t<meta name=\"twitter:label2\" content=\"Est. reading time\" \/>\n\t<meta name=\"twitter:data2\" content=\"9 minutes\" \/>\n<script type=\"application\/ld+json\" class=\"yoast-schema-graph\">{\"@context\":\"https:\/\/schema.org\",\"@graph\":[{\"@type\":\"WebPage\",\"@id\":\"https:\/\/m3caravaning.com\/ca\/autocaravanes\/viatje-a-alsacia-en-autocaravana-per-esther-perez-collado\/\",\"url\":\"https:\/\/m3caravaning.com\/ca\/autocaravanes\/viatje-a-alsacia-en-autocaravana-per-esther-perez-collado\/\",\"name\":\"Viatje a Alsacia en autocaravana - per Esther P\u00e9rez Collado - Autocaravanas, caravanas y furgonetas campers nuevas, ocasi\u00f3n y segunda mano\",\"isPartOf\":{\"@id\":\"https:\/\/m3caravaning.com\/ca\/#website\"},\"primaryImageOfPage\":{\"@id\":\"https:\/\/m3caravaning.com\/ca\/autocaravanes\/viatje-a-alsacia-en-autocaravana-per-esther-perez-collado\/#primaryimage\"},\"image\":{\"@id\":\"https:\/\/m3caravaning.com\/ca\/autocaravanes\/viatje-a-alsacia-en-autocaravana-per-esther-perez-collado\/#primaryimage\"},\"thumbnailUrl\":\"https:\/\/m3caravaning.com\/wp-content\/uploads\/2021\/01\/viaje-a-alsacia-en-autocaravana-por-esther-perez-collado-id-63.jpg\",\"datePublished\":\"2021-06-12T07:12:07+00:00\",\"dateModified\":\"2021-06-04T13:15:04+00:00\",\"author\":{\"@id\":\"https:\/\/m3caravaning.com\/ca\/#\/schema\/person\/10e5f1edce4be1f414d4bde1bcf0c65f\"},\"description\":\"M3 Caravaning ens exposa el viatje a Alsacia en autocaravana - per Esther P\u00e9rez Collado, una experi\u00e8ncia \u00fanica\",\"breadcrumb\":{\"@id\":\"https:\/\/m3caravaning.com\/ca\/autocaravanes\/viatje-a-alsacia-en-autocaravana-per-esther-perez-collado\/#breadcrumb\"},\"inLanguage\":\"ca\",\"potentialAction\":[{\"@type\":\"ReadAction\",\"target\":[\"https:\/\/m3caravaning.com\/ca\/autocaravanes\/viatje-a-alsacia-en-autocaravana-per-esther-perez-collado\/\"]}]},{\"@type\":\"ImageObject\",\"inLanguage\":\"ca\",\"@id\":\"https:\/\/m3caravaning.com\/ca\/autocaravanes\/viatje-a-alsacia-en-autocaravana-per-esther-perez-collado\/#primaryimage\",\"url\":\"https:\/\/m3caravaning.com\/wp-content\/uploads\/2021\/01\/viaje-a-alsacia-en-autocaravana-por-esther-perez-collado-id-63.jpg\",\"contentUrl\":\"https:\/\/m3caravaning.com\/wp-content\/uploads\/2021\/01\/viaje-a-alsacia-en-autocaravana-por-esther-perez-collado-id-63.jpg\",\"width\":400,\"height\":267},{\"@type\":\"BreadcrumbList\",\"@id\":\"https:\/\/m3caravaning.com\/ca\/autocaravanes\/viatje-a-alsacia-en-autocaravana-per-esther-perez-collado\/#breadcrumb\",\"itemListElement\":[{\"@type\":\"ListItem\",\"position\":1,\"name\":\"Portada\",\"item\":\"https:\/\/m3caravaning.com\/ca\/\"},{\"@type\":\"ListItem\",\"position\":2,\"name\":\"Viatje a Alsacia en autocaravana &#8211; per Esther P\u00e9rez Collado\"}]},{\"@type\":\"WebSite\",\"@id\":\"https:\/\/m3caravaning.com\/ca\/#website\",\"url\":\"https:\/\/m3caravaning.com\/ca\/\",\"name\":\"Autocaravanas, caravanas y furgonetas campers nuevas, ocasi\u00f3n y segunda mano\",\"description\":\"Tu tienda de autocaravanas, campers y caravanas nuevas y de segunda mano. Alquiler, tienda de recambios, taller, seguros, etc.\",\"potentialAction\":[{\"@type\":\"SearchAction\",\"target\":{\"@type\":\"EntryPoint\",\"urlTemplate\":\"https:\/\/m3caravaning.com\/ca\/?s={search_term_string}\"},\"query-input\":\"required name=search_term_string\"}],\"inLanguage\":\"ca\"},{\"@type\":\"Person\",\"@id\":\"https:\/\/m3caravaning.com\/ca\/#\/schema\/person\/10e5f1edce4be1f414d4bde1bcf0c65f\",\"name\":\"M3 Caravaning\",\"image\":{\"@type\":\"ImageObject\",\"inLanguage\":\"ca\",\"@id\":\"https:\/\/m3caravaning.com\/ca\/#\/schema\/person\/image\/\",\"url\":\"https:\/\/secure.gravatar.com\/avatar\/45cc9e7bfaa20654bd7626e499aa306a8db18ee338763b6b771e707ccbeef54c?s=96&d=mm&r=g\",\"contentUrl\":\"https:\/\/secure.gravatar.com\/avatar\/45cc9e7bfaa20654bd7626e499aa306a8db18ee338763b6b771e707ccbeef54c?s=96&d=mm&r=g\",\"caption\":\"M3 Caravaning\"}}]}<\/script>\n<!-- \/ Yoast SEO plugin. -->","yoast_head_json":{"title":"Viatje a Alsacia en autocaravana - per Esther P\u00e9rez Collado - Autocaravanas, caravanas y furgonetas campers nuevas, ocasi\u00f3n y segunda mano","description":"M3 Caravaning ens exposa el viatje a Alsacia en autocaravana - per Esther P\u00e9rez Collado, una experi\u00e8ncia \u00fanica","robots":{"index":"index","follow":"follow","max-snippet":"max-snippet:-1","max-image-preview":"max-image-preview:large","max-video-preview":"max-video-preview:-1"},"canonical":"https:\/\/m3caravaning.com\/ca\/autocaravanes\/viatje-a-alsacia-en-autocaravana-per-esther-perez-collado\/","og_locale":"ca_ES","og_type":"article","og_title":"Viatje a Alsacia en autocaravana - per Esther P\u00e9rez Collado - Autocaravanas, caravanas y furgonetas campers nuevas, ocasi\u00f3n y segunda mano","og_description":"M3 Caravaning ens exposa el viatje a Alsacia en autocaravana - per Esther P\u00e9rez Collado, una experi\u00e8ncia \u00fanica","og_url":"https:\/\/m3caravaning.com\/ca\/autocaravanes\/viatje-a-alsacia-en-autocaravana-per-esther-perez-collado\/","og_site_name":"Autocaravanas, caravanas y furgonetas campers nuevas, ocasi\u00f3n y segunda mano","article_publisher":"https:\/\/www.facebook.com\/m3caravaning","article_published_time":"2021-06-12T07:12:07+00:00","article_modified_time":"2021-06-04T13:15:04+00:00","og_image":[{"width":400,"height":267,"url":"https:\/\/m3caravaning.com\/wp-content\/uploads\/2021\/01\/viaje-a-alsacia-en-autocaravana-por-esther-perez-collado-id-63.jpg","type":"image\/jpeg"}],"author":"M3 Caravaning","twitter_card":"summary_large_image","twitter_creator":"@M3Caravaning","twitter_site":"@M3Caravaning","twitter_misc":{"Written by":"M3 Caravaning","Est. reading time":"9 minutes"},"schema":{"@context":"https:\/\/schema.org","@graph":[{"@type":"WebPage","@id":"https:\/\/m3caravaning.com\/ca\/autocaravanes\/viatje-a-alsacia-en-autocaravana-per-esther-perez-collado\/","url":"https:\/\/m3caravaning.com\/ca\/autocaravanes\/viatje-a-alsacia-en-autocaravana-per-esther-perez-collado\/","name":"Viatje a Alsacia en autocaravana - per Esther P\u00e9rez Collado - Autocaravanas, caravanas y furgonetas campers nuevas, ocasi\u00f3n y segunda mano","isPartOf":{"@id":"https:\/\/m3caravaning.com\/ca\/#website"},"primaryImageOfPage":{"@id":"https:\/\/m3caravaning.com\/ca\/autocaravanes\/viatje-a-alsacia-en-autocaravana-per-esther-perez-collado\/#primaryimage"},"image":{"@id":"https:\/\/m3caravaning.com\/ca\/autocaravanes\/viatje-a-alsacia-en-autocaravana-per-esther-perez-collado\/#primaryimage"},"thumbnailUrl":"https:\/\/m3caravaning.com\/wp-content\/uploads\/2021\/01\/viaje-a-alsacia-en-autocaravana-por-esther-perez-collado-id-63.jpg","datePublished":"2021-06-12T07:12:07+00:00","dateModified":"2021-06-04T13:15:04+00:00","author":{"@id":"https:\/\/m3caravaning.com\/ca\/#\/schema\/person\/10e5f1edce4be1f414d4bde1bcf0c65f"},"description":"M3 Caravaning ens exposa el viatje a Alsacia en autocaravana - per Esther P\u00e9rez Collado, una experi\u00e8ncia \u00fanica","breadcrumb":{"@id":"https:\/\/m3caravaning.com\/ca\/autocaravanes\/viatje-a-alsacia-en-autocaravana-per-esther-perez-collado\/#breadcrumb"},"inLanguage":"ca","potentialAction":[{"@type":"ReadAction","target":["https:\/\/m3caravaning.com\/ca\/autocaravanes\/viatje-a-alsacia-en-autocaravana-per-esther-perez-collado\/"]}]},{"@type":"ImageObject","inLanguage":"ca","@id":"https:\/\/m3caravaning.com\/ca\/autocaravanes\/viatje-a-alsacia-en-autocaravana-per-esther-perez-collado\/#primaryimage","url":"https:\/\/m3caravaning.com\/wp-content\/uploads\/2021\/01\/viaje-a-alsacia-en-autocaravana-por-esther-perez-collado-id-63.jpg","contentUrl":"https:\/\/m3caravaning.com\/wp-content\/uploads\/2021\/01\/viaje-a-alsacia-en-autocaravana-por-esther-perez-collado-id-63.jpg","width":400,"height":267},{"@type":"BreadcrumbList","@id":"https:\/\/m3caravaning.com\/ca\/autocaravanes\/viatje-a-alsacia-en-autocaravana-per-esther-perez-collado\/#breadcrumb","itemListElement":[{"@type":"ListItem","position":1,"name":"Portada","item":"https:\/\/m3caravaning.com\/ca\/"},{"@type":"ListItem","position":2,"name":"Viatje a Alsacia en autocaravana &#8211; per Esther P\u00e9rez Collado"}]},{"@type":"WebSite","@id":"https:\/\/m3caravaning.com\/ca\/#website","url":"https:\/\/m3caravaning.com\/ca\/","name":"Autocaravanas, caravanas y furgonetas campers nuevas, ocasi\u00f3n y segunda mano","description":"Tu tienda de autocaravanas, campers y caravanas nuevas y de segunda mano. Alquiler, tienda de recambios, taller, seguros, etc.","potentialAction":[{"@type":"SearchAction","target":{"@type":"EntryPoint","urlTemplate":"https:\/\/m3caravaning.com\/ca\/?s={search_term_string}"},"query-input":"required name=search_term_string"}],"inLanguage":"ca"},{"@type":"Person","@id":"https:\/\/m3caravaning.com\/ca\/#\/schema\/person\/10e5f1edce4be1f414d4bde1bcf0c65f","name":"M3 Caravaning","image":{"@type":"ImageObject","inLanguage":"ca","@id":"https:\/\/m3caravaning.com\/ca\/#\/schema\/person\/image\/","url":"https:\/\/secure.gravatar.com\/avatar\/45cc9e7bfaa20654bd7626e499aa306a8db18ee338763b6b771e707ccbeef54c?s=96&d=mm&r=g","contentUrl":"https:\/\/secure.gravatar.com\/avatar\/45cc9e7bfaa20654bd7626e499aa306a8db18ee338763b6b771e707ccbeef54c?s=96&d=mm&r=g","caption":"M3 Caravaning"}}]}},"_links":{"self":[{"href":"https:\/\/m3caravaning.com\/ca\/wp-json\/wp\/v2\/posts\/9195","targetHints":{"allow":["GET"]}}],"collection":[{"href":"https:\/\/m3caravaning.com\/ca\/wp-json\/wp\/v2\/posts"}],"about":[{"href":"https:\/\/m3caravaning.com\/ca\/wp-json\/wp\/v2\/types\/post"}],"author":[{"embeddable":true,"href":"https:\/\/m3caravaning.com\/ca\/wp-json\/wp\/v2\/users\/2"}],"replies":[{"embeddable":true,"href":"https:\/\/m3caravaning.com\/ca\/wp-json\/wp\/v2\/comments?post=9195"}],"version-history":[{"count":0,"href":"https:\/\/m3caravaning.com\/ca\/wp-json\/wp\/v2\/posts\/9195\/revisions"}],"wp:featuredmedia":[{"embeddable":true,"href":"https:\/\/m3caravaning.com\/ca\/wp-json\/wp\/v2\/media\/987"}],"wp:attachment":[{"href":"https:\/\/m3caravaning.com\/ca\/wp-json\/wp\/v2\/media?parent=9195"}],"wp:term":[{"taxonomy":"category","embeddable":true,"href":"https:\/\/m3caravaning.com\/ca\/wp-json\/wp\/v2\/categories?post=9195"},{"taxonomy":"post_tag","embeddable":true,"href":"https:\/\/m3caravaning.com\/ca\/wp-json\/wp\/v2\/tags?post=9195"}],"curies":[{"name":"wp","href":"https:\/\/api.w.org\/{rel}","templated":true}]}}