





{"id":9134,"date":"2021-04-09T11:41:41","date_gmt":"2021-04-09T09:41:41","guid":{"rendered":"https:\/\/m3caravaning.com\/?p=9134"},"modified":"2021-06-03T10:39:15","modified_gmt":"2021-06-03T08:39:15","slug":"autocaravanes-per-a-empreses-de-lloguer","status":"publish","type":"post","link":"https:\/\/m3caravaning.com\/ca\/autocaravanes\/autocaravanes-per-a-empreses-de-lloguer\/","title":{"rendered":"Autocaravanes per a empreses de lloguer"},"content":{"rendered":"<p>Tens una empresa de\u00a0<strong>lloguer de autocaravanes<\/strong>\u00a0i necessites comprar perqu\u00e8 has de renovar la flota o b\u00e9 perqu\u00e8 necessites m\u00e9s estoc?<\/p>\n<p>En M3 Caravaning oferim descomptes especials per a empreses del sector, aix\u00ed com facilitats de pagament. Entenem les teves necessitats i per aix\u00f2 oferim un tracte especial i personalitzat.<\/p>\n<p>En els \u00faltims anys la demanda de l&#8217;<strong>lloguer de les autocaravanes<\/strong>\u00a0ha pujat de forma exponencial. Fins i tot empreses com Airbnb ofereix aquests vehicles en el seu ventall d&#8217;allotjament. Una mostra m\u00e9s, de l&#8217;auge i inter\u00e8s per part dels usuaris respecte a aquesta forma de viatjar amb garanties de llibertat.<\/p>\n<h2>Comprar autocaravanes per llogar<\/h2>\n<p>M3 Caravaning ofereix\u00a0<strong>autocaravanes noves<\/strong>\u00a0a preus especials per a aut\u00f2noms com per a empreses que lloguen les\u00a0<strong>autocaravanes<\/strong>\u00a0als seus clients. El fet que M3 Caravaning sigui distribu\u00efdor oficial de diverses marques de\u00a0<strong>autocaravanes a Espanya<\/strong>, els permet ajustar els preus a\u00a0<strong>marques de autocaravanes<\/strong>\u00a0de qualitat.<\/p>\n<p>A m\u00e9s si necessites assegurar els vehicles, aquest concessionari tamb\u00e9 et pot ajudar ja que tramita assegurances per a caravanes amb totes les garanties, adoptant-a les teves necessitats. Si necessites m\u00e9s informaci\u00f3 de\u00a0<strong>assegurances de autocaravanes<\/strong>\u00a0posa&#8217;t en contacte amb nosaltres:<\/p>\n<p>Informaci\u00f3 sobre [assegurances de autocaravanes. ] (Https:\/\/www.m3caravaning.com\/seguros-caravanas.html)<\/p>\n<p>I si vols veure la nostra\u00a0<a href=\"https:\/\/m3caravaning.com\/autocaravanas\/\">oferta de autocaravanes en l\u00ednia<\/a>(https:\/\/m3caravaning.com\/autocaravanas\/), visita el nostre cat\u00e0leg en l\u00ednia. En botiga tamb\u00e9 disposem d&#8217;una gran exposici\u00f3, aix\u00ed que podr\u00e0s provar-les i entra en elles in situ, si v\u00e9ns a visitar-nos.<\/p>\n","protected":false},"excerpt":{"rendered":"<p>Tens una empresa de\u00a0lloguer de autocaravanes\u00a0i necessites comprar perqu\u00e8 has de renovar la flota o b\u00e9 perqu\u00e8 necessites m\u00e9s estoc? En M3 Caravaning oferim descomptes especials per a empreses del sector, aix\u00ed com facilitats de pagament. Entenem les teves necessitats i per aix\u00f2 oferim un tracte especial i personalitzat. En els \u00faltims anys la demanda<\/p>\n","protected":false},"author":2,"featured_media":921,"comment_status":"closed","ping_status":"open","sticky":false,"template":"","format":"standard","meta":{"footnotes":""},"categories":[15],"tags":[],"class_list":["post-9134","post","type-post","status-publish","format-standard","has-post-thumbnail","hentry","category-autocaravanes"],"yoast_head":"<!-- This site is optimized with the Yoast SEO plugin v22.4 - https:\/\/yoast.com\/wordpress\/plugins\/seo\/ -->\n<title>Autocaravanes per a empreses de lloguer - Autocaravanas, caravanas y furgonetas campers nuevas, ocasi\u00f3n y segunda mano<\/title>\n<meta name=\"description\" content=\"M3 Caravaning et presenta totes les tipologies d&#039;autocaravanes per a empreses de lloguer, en les millors condicions\" \/>\n<meta name=\"robots\" content=\"index, follow, max-snippet:-1, max-image-preview:large, max-video-preview:-1\" \/>\n<link rel=\"canonical\" href=\"https:\/\/m3caravaning.com\/ca\/autocaravanes\/autocaravanes-per-a-empreses-de-lloguer\/\" \/>\n<meta property=\"og:locale\" content=\"ca_ES\" \/>\n<meta property=\"og:type\" content=\"article\" \/>\n<meta property=\"og:title\" content=\"Autocaravanes per a empreses de lloguer - Autocaravanas, caravanas y furgonetas campers nuevas, ocasi\u00f3n y segunda mano\" \/>\n<meta property=\"og:description\" content=\"M3 Caravaning et presenta totes les tipologies d&#039;autocaravanes per a empreses de lloguer, en les millors condicions\" \/>\n<meta property=\"og:url\" content=\"https:\/\/m3caravaning.com\/ca\/autocaravanes\/autocaravanes-per-a-empreses-de-lloguer\/\" \/>\n<meta property=\"og:site_name\" content=\"Autocaravanas, caravanas y furgonetas campers nuevas, ocasi\u00f3n y segunda mano\" \/>\n<meta property=\"article:publisher\" content=\"https:\/\/www.facebook.com\/m3caravaning\" \/>\n<meta property=\"article:published_time\" content=\"2021-04-09T09:41:41+00:00\" \/>\n<meta property=\"article:modified_time\" content=\"2021-06-03T08:39:15+00:00\" \/>\n<meta property=\"og:image\" content=\"https:\/\/m3caravaning.com\/wp-content\/uploads\/2021\/01\/caravanas-para-empresas-de-alquiler-id-334.jpg\" \/>\n\t<meta property=\"og:image:width\" content=\"600\" \/>\n\t<meta property=\"og:image:height\" content=\"315\" \/>\n\t<meta property=\"og:image:type\" content=\"image\/jpeg\" \/>\n<meta name=\"author\" content=\"M3 Caravaning\" \/>\n<meta name=\"twitter:card\" content=\"summary_large_image\" \/>\n<meta name=\"twitter:creator\" content=\"@M3Caravaning\" \/>\n<meta name=\"twitter:site\" content=\"@M3Caravaning\" \/>\n<meta name=\"twitter:label1\" content=\"Written by\" \/>\n\t<meta name=\"twitter:data1\" content=\"M3 Caravaning\" \/>\n\t<meta name=\"twitter:label2\" content=\"Est. reading time\" \/>\n\t<meta name=\"twitter:data2\" content=\"2 minutes\" \/>\n<script type=\"application\/ld+json\" class=\"yoast-schema-graph\">{\"@context\":\"https:\/\/schema.org\",\"@graph\":[{\"@type\":\"WebPage\",\"@id\":\"https:\/\/m3caravaning.com\/ca\/autocaravanes\/autocaravanes-per-a-empreses-de-lloguer\/\",\"url\":\"https:\/\/m3caravaning.com\/ca\/autocaravanes\/autocaravanes-per-a-empreses-de-lloguer\/\",\"name\":\"Autocaravanes per a empreses de lloguer - Autocaravanas, caravanas y furgonetas campers nuevas, ocasi\u00f3n y segunda mano\",\"isPartOf\":{\"@id\":\"https:\/\/m3caravaning.com\/ca\/#website\"},\"primaryImageOfPage\":{\"@id\":\"https:\/\/m3caravaning.com\/ca\/autocaravanes\/autocaravanes-per-a-empreses-de-lloguer\/#primaryimage\"},\"image\":{\"@id\":\"https:\/\/m3caravaning.com\/ca\/autocaravanes\/autocaravanes-per-a-empreses-de-lloguer\/#primaryimage\"},\"thumbnailUrl\":\"https:\/\/m3caravaning.com\/wp-content\/uploads\/2021\/01\/caravanas-para-empresas-de-alquiler-id-334.jpg\",\"datePublished\":\"2021-04-09T09:41:41+00:00\",\"dateModified\":\"2021-06-03T08:39:15+00:00\",\"author\":{\"@id\":\"https:\/\/m3caravaning.com\/ca\/#\/schema\/person\/10e5f1edce4be1f414d4bde1bcf0c65f\"},\"description\":\"M3 Caravaning et presenta totes les tipologies d'autocaravanes per a empreses de lloguer, en les millors condicions\",\"breadcrumb\":{\"@id\":\"https:\/\/m3caravaning.com\/ca\/autocaravanes\/autocaravanes-per-a-empreses-de-lloguer\/#breadcrumb\"},\"inLanguage\":\"ca\",\"potentialAction\":[{\"@type\":\"ReadAction\",\"target\":[\"https:\/\/m3caravaning.com\/ca\/autocaravanes\/autocaravanes-per-a-empreses-de-lloguer\/\"]}]},{\"@type\":\"ImageObject\",\"inLanguage\":\"ca\",\"@id\":\"https:\/\/m3caravaning.com\/ca\/autocaravanes\/autocaravanes-per-a-empreses-de-lloguer\/#primaryimage\",\"url\":\"https:\/\/m3caravaning.com\/wp-content\/uploads\/2021\/01\/caravanas-para-empresas-de-alquiler-id-334.jpg\",\"contentUrl\":\"https:\/\/m3caravaning.com\/wp-content\/uploads\/2021\/01\/caravanas-para-empresas-de-alquiler-id-334.jpg\",\"width\":600,\"height\":315},{\"@type\":\"BreadcrumbList\",\"@id\":\"https:\/\/m3caravaning.com\/ca\/autocaravanes\/autocaravanes-per-a-empreses-de-lloguer\/#breadcrumb\",\"itemListElement\":[{\"@type\":\"ListItem\",\"position\":1,\"name\":\"Portada\",\"item\":\"https:\/\/m3caravaning.com\/ca\/\"},{\"@type\":\"ListItem\",\"position\":2,\"name\":\"Autocaravanes per a empreses de lloguer\"}]},{\"@type\":\"WebSite\",\"@id\":\"https:\/\/m3caravaning.com\/ca\/#website\",\"url\":\"https:\/\/m3caravaning.com\/ca\/\",\"name\":\"Autocaravanas, caravanas y furgonetas campers nuevas, ocasi\u00f3n y segunda mano\",\"description\":\"Tu tienda de autocaravanas, campers y caravanas nuevas y de segunda mano. Alquiler, tienda de recambios, taller, seguros, etc.\",\"potentialAction\":[{\"@type\":\"SearchAction\",\"target\":{\"@type\":\"EntryPoint\",\"urlTemplate\":\"https:\/\/m3caravaning.com\/ca\/?s={search_term_string}\"},\"query-input\":\"required name=search_term_string\"}],\"inLanguage\":\"ca\"},{\"@type\":\"Person\",\"@id\":\"https:\/\/m3caravaning.com\/ca\/#\/schema\/person\/10e5f1edce4be1f414d4bde1bcf0c65f\",\"name\":\"M3 Caravaning\",\"image\":{\"@type\":\"ImageObject\",\"inLanguage\":\"ca\",\"@id\":\"https:\/\/m3caravaning.com\/ca\/#\/schema\/person\/image\/\",\"url\":\"https:\/\/secure.gravatar.com\/avatar\/45cc9e7bfaa20654bd7626e499aa306a8db18ee338763b6b771e707ccbeef54c?s=96&d=mm&r=g\",\"contentUrl\":\"https:\/\/secure.gravatar.com\/avatar\/45cc9e7bfaa20654bd7626e499aa306a8db18ee338763b6b771e707ccbeef54c?s=96&d=mm&r=g\",\"caption\":\"M3 Caravaning\"}}]}<\/script>\n<!-- \/ Yoast SEO plugin. -->","yoast_head_json":{"title":"Autocaravanes per a empreses de lloguer - Autocaravanas, caravanas y furgonetas campers nuevas, ocasi\u00f3n y segunda mano","description":"M3 Caravaning et presenta totes les tipologies d'autocaravanes per a empreses de lloguer, en les millors condicions","robots":{"index":"index","follow":"follow","max-snippet":"max-snippet:-1","max-image-preview":"max-image-preview:large","max-video-preview":"max-video-preview:-1"},"canonical":"https:\/\/m3caravaning.com\/ca\/autocaravanes\/autocaravanes-per-a-empreses-de-lloguer\/","og_locale":"ca_ES","og_type":"article","og_title":"Autocaravanes per a empreses de lloguer - Autocaravanas, caravanas y furgonetas campers nuevas, ocasi\u00f3n y segunda mano","og_description":"M3 Caravaning et presenta totes les tipologies d'autocaravanes per a empreses de lloguer, en les millors condicions","og_url":"https:\/\/m3caravaning.com\/ca\/autocaravanes\/autocaravanes-per-a-empreses-de-lloguer\/","og_site_name":"Autocaravanas, caravanas y furgonetas campers nuevas, ocasi\u00f3n y segunda mano","article_publisher":"https:\/\/www.facebook.com\/m3caravaning","article_published_time":"2021-04-09T09:41:41+00:00","article_modified_time":"2021-06-03T08:39:15+00:00","og_image":[{"width":600,"height":315,"url":"https:\/\/m3caravaning.com\/wp-content\/uploads\/2021\/01\/caravanas-para-empresas-de-alquiler-id-334.jpg","type":"image\/jpeg"}],"author":"M3 Caravaning","twitter_card":"summary_large_image","twitter_creator":"@M3Caravaning","twitter_site":"@M3Caravaning","twitter_misc":{"Written by":"M3 Caravaning","Est. reading time":"2 minutes"},"schema":{"@context":"https:\/\/schema.org","@graph":[{"@type":"WebPage","@id":"https:\/\/m3caravaning.com\/ca\/autocaravanes\/autocaravanes-per-a-empreses-de-lloguer\/","url":"https:\/\/m3caravaning.com\/ca\/autocaravanes\/autocaravanes-per-a-empreses-de-lloguer\/","name":"Autocaravanes per a empreses de lloguer - Autocaravanas, caravanas y furgonetas campers nuevas, ocasi\u00f3n y segunda mano","isPartOf":{"@id":"https:\/\/m3caravaning.com\/ca\/#website"},"primaryImageOfPage":{"@id":"https:\/\/m3caravaning.com\/ca\/autocaravanes\/autocaravanes-per-a-empreses-de-lloguer\/#primaryimage"},"image":{"@id":"https:\/\/m3caravaning.com\/ca\/autocaravanes\/autocaravanes-per-a-empreses-de-lloguer\/#primaryimage"},"thumbnailUrl":"https:\/\/m3caravaning.com\/wp-content\/uploads\/2021\/01\/caravanas-para-empresas-de-alquiler-id-334.jpg","datePublished":"2021-04-09T09:41:41+00:00","dateModified":"2021-06-03T08:39:15+00:00","author":{"@id":"https:\/\/m3caravaning.com\/ca\/#\/schema\/person\/10e5f1edce4be1f414d4bde1bcf0c65f"},"description":"M3 Caravaning et presenta totes les tipologies d'autocaravanes per a empreses de lloguer, en les millors condicions","breadcrumb":{"@id":"https:\/\/m3caravaning.com\/ca\/autocaravanes\/autocaravanes-per-a-empreses-de-lloguer\/#breadcrumb"},"inLanguage":"ca","potentialAction":[{"@type":"ReadAction","target":["https:\/\/m3caravaning.com\/ca\/autocaravanes\/autocaravanes-per-a-empreses-de-lloguer\/"]}]},{"@type":"ImageObject","inLanguage":"ca","@id":"https:\/\/m3caravaning.com\/ca\/autocaravanes\/autocaravanes-per-a-empreses-de-lloguer\/#primaryimage","url":"https:\/\/m3caravaning.com\/wp-content\/uploads\/2021\/01\/caravanas-para-empresas-de-alquiler-id-334.jpg","contentUrl":"https:\/\/m3caravaning.com\/wp-content\/uploads\/2021\/01\/caravanas-para-empresas-de-alquiler-id-334.jpg","width":600,"height":315},{"@type":"BreadcrumbList","@id":"https:\/\/m3caravaning.com\/ca\/autocaravanes\/autocaravanes-per-a-empreses-de-lloguer\/#breadcrumb","itemListElement":[{"@type":"ListItem","position":1,"name":"Portada","item":"https:\/\/m3caravaning.com\/ca\/"},{"@type":"ListItem","position":2,"name":"Autocaravanes per a empreses de lloguer"}]},{"@type":"WebSite","@id":"https:\/\/m3caravaning.com\/ca\/#website","url":"https:\/\/m3caravaning.com\/ca\/","name":"Autocaravanas, caravanas y furgonetas campers nuevas, ocasi\u00f3n y segunda mano","description":"Tu tienda de autocaravanas, campers y caravanas nuevas y de segunda mano. Alquiler, tienda de recambios, taller, seguros, etc.","potentialAction":[{"@type":"SearchAction","target":{"@type":"EntryPoint","urlTemplate":"https:\/\/m3caravaning.com\/ca\/?s={search_term_string}"},"query-input":"required name=search_term_string"}],"inLanguage":"ca"},{"@type":"Person","@id":"https:\/\/m3caravaning.com\/ca\/#\/schema\/person\/10e5f1edce4be1f414d4bde1bcf0c65f","name":"M3 Caravaning","image":{"@type":"ImageObject","inLanguage":"ca","@id":"https:\/\/m3caravaning.com\/ca\/#\/schema\/person\/image\/","url":"https:\/\/secure.gravatar.com\/avatar\/45cc9e7bfaa20654bd7626e499aa306a8db18ee338763b6b771e707ccbeef54c?s=96&d=mm&r=g","contentUrl":"https:\/\/secure.gravatar.com\/avatar\/45cc9e7bfaa20654bd7626e499aa306a8db18ee338763b6b771e707ccbeef54c?s=96&d=mm&r=g","caption":"M3 Caravaning"}}]}},"_links":{"self":[{"href":"https:\/\/m3caravaning.com\/ca\/wp-json\/wp\/v2\/posts\/9134","targetHints":{"allow":["GET"]}}],"collection":[{"href":"https:\/\/m3caravaning.com\/ca\/wp-json\/wp\/v2\/posts"}],"about":[{"href":"https:\/\/m3caravaning.com\/ca\/wp-json\/wp\/v2\/types\/post"}],"author":[{"embeddable":true,"href":"https:\/\/m3caravaning.com\/ca\/wp-json\/wp\/v2\/users\/2"}],"replies":[{"embeddable":true,"href":"https:\/\/m3caravaning.com\/ca\/wp-json\/wp\/v2\/comments?post=9134"}],"version-history":[{"count":0,"href":"https:\/\/m3caravaning.com\/ca\/wp-json\/wp\/v2\/posts\/9134\/revisions"}],"wp:featuredmedia":[{"embeddable":true,"href":"https:\/\/m3caravaning.com\/ca\/wp-json\/wp\/v2\/media\/921"}],"wp:attachment":[{"href":"https:\/\/m3caravaning.com\/ca\/wp-json\/wp\/v2\/media?parent=9134"}],"wp:term":[{"taxonomy":"category","embeddable":true,"href":"https:\/\/m3caravaning.com\/ca\/wp-json\/wp\/v2\/categories?post=9134"},{"taxonomy":"post_tag","embeddable":true,"href":"https:\/\/m3caravaning.com\/ca\/wp-json\/wp\/v2\/tags?post=9134"}],"curies":[{"name":"wp","href":"https:\/\/api.w.org\/{rel}","templated":true}]}}