





{"id":9124,"date":"2021-02-09T11:18:13","date_gmt":"2021-02-09T10:18:13","guid":{"rendered":"https:\/\/m3caravaning.com\/?p=9124"},"modified":"2024-05-24T11:50:22","modified_gmt":"2024-05-24T09:50:22","slug":"en-caravana-per-portugal","status":"publish","type":"post","link":"https:\/\/m3caravaning.com\/ca\/caravanes\/en-caravana-per-portugal\/","title":{"rendered":"En caravana per Portugal"},"content":{"rendered":"<p>Us proposem que la vostra pr\u00f2xima\u00a0<strong>aventura en caravana<\/strong>\u00a0us porti a Portugal. El ve\u00ed peninsular amaga moltes sorpreses culturals, gastron\u00f2miques i naturals. Un bon pla per a emprendre una nova ruta m\u00e0gica en\u00a0<strong><a href=\"https:\/\/m3caravaning.com\/ca\/caravanes\/\">comprar una caravana.<\/a><\/strong><\/p>\n<p>Una altra opci\u00f3 interessant \u00e9s tamb\u00e9\u00a0<strong><a href=\"https:\/\/m3caravaning.com\/ca\/lloguer-dautocaravanes-i-furgonetes-camper\/\">llogar una caravana<\/a><\/strong>. D&#8217;aquesta manera, podrem comen\u00e7ar a descobrir el sud del pa\u00eds lusit\u00e0. En aquesta zona es troba L&#8217;Algarve, un entorn fam\u00f3s pel seu fant\u00e0stic litoral. Destaquen els penya-segats que ens oferiran unes incre\u00efbles vistes en\u00a0<strong>pernoctar en caravana<\/strong>. \u00c9s el lloc preferit pels surfistes que viatgen a platges com Praia de Ponta d\u00f3na Areia, Sagres o Castelejo. Un recorregut de 830 quil\u00f2metres per a\u00a0<strong>viatjar en caravana<\/strong>\u00a0i trobar ones de fins a 30 metres al poble de Nazar\u00e9. Us recomanem tamb\u00e9 a descobrir la Fortalesa de Sagres. Situat en el punt m\u00e9s sud-oest d&#8217;Europa, podreu\u00a0<strong>pernoctar en caravana<\/strong>\u00a0en el p\u00e0rquing que hi ha en la mateixa fortalesa. Un parad\u00eds de pau i tranquil\u00b7litat en el qual no us podeu perdre els seus capvespres.<\/p>\n<h2>Ruta en caravana a llocs incre\u00efbles<\/h2>\n<p>Faro ser\u00e0 tamb\u00e9 parada recomanada en la nostra\u00a0<strong>ruta en caravana<\/strong>\u00a0per l&#8217;Algarve. Una ciutat encantadora de la qual us animem a descobrir el Centre hist\u00f2ric i el Barri de Vila-Endins, i passejar pel centre urb\u00e0 i les seves antigues muralles. Val la pena fotografiar-se en aquests llocs emblem\u00e0tics perqu\u00e8 el nostre\u00a0<strong>viatge en caravana<\/strong>\u00a0sigui inoblidable. En aquesta \u00e0rea us recomanem el C\u00e0mping Turiscampo, obert tot l&#8217;any i que es troba al costat d&#8217;unes belles platges de sorra fina. A la regi\u00f3 del Antelejo trobareu el Parc Natural de Sud-oest i la Costa Vicentina. Una zona en la qual abunden els c\u00e0mpings per a fer nit amb la\u00a0<strong>caravana<\/strong>. Us recomanem el C\u00e0mping Evora i el C\u00e0mping Montargil.<\/p>\n<h3>Troba amb la teva caravana el millor de Lisboa<\/h3>\n<p>Una altra dels punts importants de la nostra\u00a0<strong>aventura en caravana<\/strong>\u00a0ser\u00e0 Lisboa. A deu minuts es troba Lisboa C\u00e0mping que ens ofereix la possibilitat de\u00a0<strong>pernoctar en caravana<\/strong>. Un bon lloc per a donar-vos un bany a les platges de la Costa Blava i de la Vila de Sintra, declarades com a Patrimoni de la UNESCO. Seguint el nostre\u00a0<strong>viatge en caravana<\/strong>\u00a0arribarem a la desembocadura del riu Duero. Lloc d&#8217;una de les urbs m\u00e9s antigues de Portugal: Porto. \u00c9s la segona ciutat m\u00e9s important del pa\u00eds lusit\u00e0 gr\u00e0cies a la import\u00e0ncia del seu port mar\u00edtim. El Parc de Campismo Sol De Vila Cha Per a \u00e9s una bona opci\u00f3 per a\u00a0<strong>pernoctar en caravana<\/strong>. Situat a la regi\u00f3 tur\u00edstica de la Costa Verda, permet als\u00a0<strong>campistes<\/strong>\u00a0l&#8217;opci\u00f3 de despla\u00e7ar-se a Porto amb metro en tan sols 20 minuts. Us animem que el vostre pr\u00f2xim\u00a0<strong>viatge en caravana<\/strong>\u00a0sigui a Portugal. Una experi\u00e8ncia per a descobrir platges ex\u00f2tiques, ciutats hist\u00f2riques i una gastronomia fascinant.<\/p>\n","protected":false},"excerpt":{"rendered":"<p>Us proposem que la vostra pr\u00f2xima\u00a0aventura en caravana\u00a0us porti a Portugal. El ve\u00ed peninsular amaga moltes sorpreses culturals, gastron\u00f2miques i naturals. Un bon pla per a emprendre una nova ruta m\u00e0gica en\u00a0comprar una caravana. Una altra opci\u00f3 interessant \u00e9s tamb\u00e9\u00a0llogar una caravana. D&#8217;aquesta manera, podrem comen\u00e7ar a descobrir el sud del pa\u00eds lusit\u00e0. En aquesta<\/p>\n","protected":false},"author":2,"featured_media":537,"comment_status":"closed","ping_status":"open","sticky":false,"template":"","format":"standard","meta":{"footnotes":""},"categories":[17],"tags":[],"class_list":["post-9124","post","type-post","status-publish","format-standard","has-post-thumbnail","hentry","category-caravanes"],"yoast_head":"<!-- This site is optimized with the Yoast SEO plugin v22.4 - https:\/\/yoast.com\/wordpress\/plugins\/seo\/ -->\n<title>En caravana per Portugal - Autocaravanas, caravanas y furgonetas campers nuevas, ocasi\u00f3n y segunda mano<\/title>\n<meta name=\"description\" content=\"M3 Caravaning t&#039;ensenya la meravella de viatjar en caravana per Portugal, una sensacional experi\u00e8ncia per a tots els amants del caravaning\" \/>\n<meta name=\"robots\" content=\"index, follow, max-snippet:-1, max-image-preview:large, max-video-preview:-1\" \/>\n<link rel=\"canonical\" href=\"https:\/\/m3caravaning.com\/ca\/caravanes\/en-caravana-per-portugal\/\" \/>\n<meta property=\"og:locale\" content=\"ca_ES\" \/>\n<meta property=\"og:type\" content=\"article\" \/>\n<meta property=\"og:title\" content=\"En caravana per Portugal - Autocaravanas, caravanas y furgonetas campers nuevas, ocasi\u00f3n y segunda mano\" \/>\n<meta property=\"og:description\" content=\"M3 Caravaning t&#039;ensenya la meravella de viatjar en caravana per Portugal, una sensacional experi\u00e8ncia per a tots els amants del caravaning\" \/>\n<meta property=\"og:url\" content=\"https:\/\/m3caravaning.com\/ca\/caravanes\/en-caravana-per-portugal\/\" \/>\n<meta property=\"og:site_name\" content=\"Autocaravanas, caravanas y furgonetas campers nuevas, ocasi\u00f3n y segunda mano\" \/>\n<meta property=\"article:publisher\" content=\"https:\/\/www.facebook.com\/m3caravaning\" \/>\n<meta property=\"article:published_time\" content=\"2021-02-09T10:18:13+00:00\" \/>\n<meta property=\"article:modified_time\" content=\"2024-05-24T09:50:22+00:00\" \/>\n<meta property=\"og:image\" content=\"https:\/\/m3caravaning.com\/wp-content\/uploads\/2021\/01\/en-caravana-por-portugal-id-339.jpg\" \/>\n\t<meta property=\"og:image:width\" content=\"1200\" \/>\n\t<meta property=\"og:image:height\" content=\"800\" \/>\n\t<meta property=\"og:image:type\" content=\"image\/jpeg\" \/>\n<meta name=\"author\" content=\"M3 Caravaning\" \/>\n<meta name=\"twitter:card\" content=\"summary_large_image\" \/>\n<meta name=\"twitter:creator\" content=\"@M3Caravaning\" \/>\n<meta name=\"twitter:site\" content=\"@M3Caravaning\" \/>\n<meta name=\"twitter:label1\" content=\"Written by\" \/>\n\t<meta name=\"twitter:data1\" content=\"M3 Caravaning\" \/>\n\t<meta name=\"twitter:label2\" content=\"Est. reading time\" \/>\n\t<meta name=\"twitter:data2\" content=\"3 minutes\" \/>\n<script type=\"application\/ld+json\" class=\"yoast-schema-graph\">{\"@context\":\"https:\/\/schema.org\",\"@graph\":[{\"@type\":\"WebPage\",\"@id\":\"https:\/\/m3caravaning.com\/ca\/caravanes\/en-caravana-per-portugal\/\",\"url\":\"https:\/\/m3caravaning.com\/ca\/caravanes\/en-caravana-per-portugal\/\",\"name\":\"En caravana per Portugal - Autocaravanas, caravanas y furgonetas campers nuevas, ocasi\u00f3n y segunda mano\",\"isPartOf\":{\"@id\":\"https:\/\/m3caravaning.com\/ca\/#website\"},\"primaryImageOfPage\":{\"@id\":\"https:\/\/m3caravaning.com\/ca\/caravanes\/en-caravana-per-portugal\/#primaryimage\"},\"image\":{\"@id\":\"https:\/\/m3caravaning.com\/ca\/caravanes\/en-caravana-per-portugal\/#primaryimage\"},\"thumbnailUrl\":\"https:\/\/m3caravaning.com\/wp-content\/uploads\/2021\/01\/en-caravana-por-portugal-id-339.jpg\",\"datePublished\":\"2021-02-09T10:18:13+00:00\",\"dateModified\":\"2024-05-24T09:50:22+00:00\",\"author\":{\"@id\":\"https:\/\/m3caravaning.com\/ca\/#\/schema\/person\/10e5f1edce4be1f414d4bde1bcf0c65f\"},\"description\":\"M3 Caravaning t'ensenya la meravella de viatjar en caravana per Portugal, una sensacional experi\u00e8ncia per a tots els amants del caravaning\",\"breadcrumb\":{\"@id\":\"https:\/\/m3caravaning.com\/ca\/caravanes\/en-caravana-per-portugal\/#breadcrumb\"},\"inLanguage\":\"ca\",\"potentialAction\":[{\"@type\":\"ReadAction\",\"target\":[\"https:\/\/m3caravaning.com\/ca\/caravanes\/en-caravana-per-portugal\/\"]}]},{\"@type\":\"ImageObject\",\"inLanguage\":\"ca\",\"@id\":\"https:\/\/m3caravaning.com\/ca\/caravanes\/en-caravana-per-portugal\/#primaryimage\",\"url\":\"https:\/\/m3caravaning.com\/wp-content\/uploads\/2021\/01\/en-caravana-por-portugal-id-339.jpg\",\"contentUrl\":\"https:\/\/m3caravaning.com\/wp-content\/uploads\/2021\/01\/en-caravana-por-portugal-id-339.jpg\",\"width\":1200,\"height\":800},{\"@type\":\"BreadcrumbList\",\"@id\":\"https:\/\/m3caravaning.com\/ca\/caravanes\/en-caravana-per-portugal\/#breadcrumb\",\"itemListElement\":[{\"@type\":\"ListItem\",\"position\":1,\"name\":\"Portada\",\"item\":\"https:\/\/m3caravaning.com\/ca\/\"},{\"@type\":\"ListItem\",\"position\":2,\"name\":\"En caravana per Portugal\"}]},{\"@type\":\"WebSite\",\"@id\":\"https:\/\/m3caravaning.com\/ca\/#website\",\"url\":\"https:\/\/m3caravaning.com\/ca\/\",\"name\":\"Autocaravanas, caravanas y furgonetas campers nuevas, ocasi\u00f3n y segunda mano\",\"description\":\"Tu tienda de autocaravanas, campers y caravanas nuevas y de segunda mano. Alquiler, tienda de recambios, taller, seguros, etc.\",\"potentialAction\":[{\"@type\":\"SearchAction\",\"target\":{\"@type\":\"EntryPoint\",\"urlTemplate\":\"https:\/\/m3caravaning.com\/ca\/?s={search_term_string}\"},\"query-input\":\"required name=search_term_string\"}],\"inLanguage\":\"ca\"},{\"@type\":\"Person\",\"@id\":\"https:\/\/m3caravaning.com\/ca\/#\/schema\/person\/10e5f1edce4be1f414d4bde1bcf0c65f\",\"name\":\"M3 Caravaning\",\"image\":{\"@type\":\"ImageObject\",\"inLanguage\":\"ca\",\"@id\":\"https:\/\/m3caravaning.com\/ca\/#\/schema\/person\/image\/\",\"url\":\"https:\/\/secure.gravatar.com\/avatar\/45cc9e7bfaa20654bd7626e499aa306a8db18ee338763b6b771e707ccbeef54c?s=96&d=mm&r=g\",\"contentUrl\":\"https:\/\/secure.gravatar.com\/avatar\/45cc9e7bfaa20654bd7626e499aa306a8db18ee338763b6b771e707ccbeef54c?s=96&d=mm&r=g\",\"caption\":\"M3 Caravaning\"}}]}<\/script>\n<!-- \/ Yoast SEO plugin. -->","yoast_head_json":{"title":"En caravana per Portugal - Autocaravanas, caravanas y furgonetas campers nuevas, ocasi\u00f3n y segunda mano","description":"M3 Caravaning t'ensenya la meravella de viatjar en caravana per Portugal, una sensacional experi\u00e8ncia per a tots els amants del caravaning","robots":{"index":"index","follow":"follow","max-snippet":"max-snippet:-1","max-image-preview":"max-image-preview:large","max-video-preview":"max-video-preview:-1"},"canonical":"https:\/\/m3caravaning.com\/ca\/caravanes\/en-caravana-per-portugal\/","og_locale":"ca_ES","og_type":"article","og_title":"En caravana per Portugal - Autocaravanas, caravanas y furgonetas campers nuevas, ocasi\u00f3n y segunda mano","og_description":"M3 Caravaning t'ensenya la meravella de viatjar en caravana per Portugal, una sensacional experi\u00e8ncia per a tots els amants del caravaning","og_url":"https:\/\/m3caravaning.com\/ca\/caravanes\/en-caravana-per-portugal\/","og_site_name":"Autocaravanas, caravanas y furgonetas campers nuevas, ocasi\u00f3n y segunda mano","article_publisher":"https:\/\/www.facebook.com\/m3caravaning","article_published_time":"2021-02-09T10:18:13+00:00","article_modified_time":"2024-05-24T09:50:22+00:00","og_image":[{"width":1200,"height":800,"url":"https:\/\/m3caravaning.com\/wp-content\/uploads\/2021\/01\/en-caravana-por-portugal-id-339.jpg","type":"image\/jpeg"}],"author":"M3 Caravaning","twitter_card":"summary_large_image","twitter_creator":"@M3Caravaning","twitter_site":"@M3Caravaning","twitter_misc":{"Written by":"M3 Caravaning","Est. reading time":"3 minutes"},"schema":{"@context":"https:\/\/schema.org","@graph":[{"@type":"WebPage","@id":"https:\/\/m3caravaning.com\/ca\/caravanes\/en-caravana-per-portugal\/","url":"https:\/\/m3caravaning.com\/ca\/caravanes\/en-caravana-per-portugal\/","name":"En caravana per Portugal - Autocaravanas, caravanas y furgonetas campers nuevas, ocasi\u00f3n y segunda mano","isPartOf":{"@id":"https:\/\/m3caravaning.com\/ca\/#website"},"primaryImageOfPage":{"@id":"https:\/\/m3caravaning.com\/ca\/caravanes\/en-caravana-per-portugal\/#primaryimage"},"image":{"@id":"https:\/\/m3caravaning.com\/ca\/caravanes\/en-caravana-per-portugal\/#primaryimage"},"thumbnailUrl":"https:\/\/m3caravaning.com\/wp-content\/uploads\/2021\/01\/en-caravana-por-portugal-id-339.jpg","datePublished":"2021-02-09T10:18:13+00:00","dateModified":"2024-05-24T09:50:22+00:00","author":{"@id":"https:\/\/m3caravaning.com\/ca\/#\/schema\/person\/10e5f1edce4be1f414d4bde1bcf0c65f"},"description":"M3 Caravaning t'ensenya la meravella de viatjar en caravana per Portugal, una sensacional experi\u00e8ncia per a tots els amants del caravaning","breadcrumb":{"@id":"https:\/\/m3caravaning.com\/ca\/caravanes\/en-caravana-per-portugal\/#breadcrumb"},"inLanguage":"ca","potentialAction":[{"@type":"ReadAction","target":["https:\/\/m3caravaning.com\/ca\/caravanes\/en-caravana-per-portugal\/"]}]},{"@type":"ImageObject","inLanguage":"ca","@id":"https:\/\/m3caravaning.com\/ca\/caravanes\/en-caravana-per-portugal\/#primaryimage","url":"https:\/\/m3caravaning.com\/wp-content\/uploads\/2021\/01\/en-caravana-por-portugal-id-339.jpg","contentUrl":"https:\/\/m3caravaning.com\/wp-content\/uploads\/2021\/01\/en-caravana-por-portugal-id-339.jpg","width":1200,"height":800},{"@type":"BreadcrumbList","@id":"https:\/\/m3caravaning.com\/ca\/caravanes\/en-caravana-per-portugal\/#breadcrumb","itemListElement":[{"@type":"ListItem","position":1,"name":"Portada","item":"https:\/\/m3caravaning.com\/ca\/"},{"@type":"ListItem","position":2,"name":"En caravana per Portugal"}]},{"@type":"WebSite","@id":"https:\/\/m3caravaning.com\/ca\/#website","url":"https:\/\/m3caravaning.com\/ca\/","name":"Autocaravanas, caravanas y furgonetas campers nuevas, ocasi\u00f3n y segunda mano","description":"Tu tienda de autocaravanas, campers y caravanas nuevas y de segunda mano. Alquiler, tienda de recambios, taller, seguros, etc.","potentialAction":[{"@type":"SearchAction","target":{"@type":"EntryPoint","urlTemplate":"https:\/\/m3caravaning.com\/ca\/?s={search_term_string}"},"query-input":"required name=search_term_string"}],"inLanguage":"ca"},{"@type":"Person","@id":"https:\/\/m3caravaning.com\/ca\/#\/schema\/person\/10e5f1edce4be1f414d4bde1bcf0c65f","name":"M3 Caravaning","image":{"@type":"ImageObject","inLanguage":"ca","@id":"https:\/\/m3caravaning.com\/ca\/#\/schema\/person\/image\/","url":"https:\/\/secure.gravatar.com\/avatar\/45cc9e7bfaa20654bd7626e499aa306a8db18ee338763b6b771e707ccbeef54c?s=96&d=mm&r=g","contentUrl":"https:\/\/secure.gravatar.com\/avatar\/45cc9e7bfaa20654bd7626e499aa306a8db18ee338763b6b771e707ccbeef54c?s=96&d=mm&r=g","caption":"M3 Caravaning"}}]}},"_links":{"self":[{"href":"https:\/\/m3caravaning.com\/ca\/wp-json\/wp\/v2\/posts\/9124","targetHints":{"allow":["GET"]}}],"collection":[{"href":"https:\/\/m3caravaning.com\/ca\/wp-json\/wp\/v2\/posts"}],"about":[{"href":"https:\/\/m3caravaning.com\/ca\/wp-json\/wp\/v2\/types\/post"}],"author":[{"embeddable":true,"href":"https:\/\/m3caravaning.com\/ca\/wp-json\/wp\/v2\/users\/2"}],"replies":[{"embeddable":true,"href":"https:\/\/m3caravaning.com\/ca\/wp-json\/wp\/v2\/comments?post=9124"}],"version-history":[{"count":2,"href":"https:\/\/m3caravaning.com\/ca\/wp-json\/wp\/v2\/posts\/9124\/revisions"}],"predecessor-version":[{"id":619530,"href":"https:\/\/m3caravaning.com\/ca\/wp-json\/wp\/v2\/posts\/9124\/revisions\/619530"}],"wp:featuredmedia":[{"embeddable":true,"href":"https:\/\/m3caravaning.com\/ca\/wp-json\/wp\/v2\/media\/537"}],"wp:attachment":[{"href":"https:\/\/m3caravaning.com\/ca\/wp-json\/wp\/v2\/media?parent=9124"}],"wp:term":[{"taxonomy":"category","embeddable":true,"href":"https:\/\/m3caravaning.com\/ca\/wp-json\/wp\/v2\/categories?post=9124"},{"taxonomy":"post_tag","embeddable":true,"href":"https:\/\/m3caravaning.com\/ca\/wp-json\/wp\/v2\/tags?post=9124"}],"curies":[{"name":"wp","href":"https:\/\/api.w.org\/{rel}","templated":true}]}}