





{"id":9109,"date":"2020-11-21T10:32:56","date_gmt":"2020-11-21T09:32:56","guid":{"rendered":"https:\/\/m3caravaning.com\/?p=9109"},"modified":"2021-06-04T15:21:51","modified_gmt":"2021-06-04T13:21:51","slug":"black-friday-a-la-botiga-online-de-m3caravaning","status":"publish","type":"post","link":"https:\/\/m3caravaning.com\/ca\/actualitat\/black-friday-a-la-botiga-online-de-m3caravaning\/","title":{"rendered":"Black Friday a la botiga online de M3Caravaning"},"content":{"rendered":"<p><strong>Celebra el BLACK FRIDAY amb nosaltres! 10% de descompte en tota la botiga d&#8217;accessoris!<\/strong><\/p>\n<p>El Black Friday aterra a M3 CARAVANING nom\u00e9s del 21 al 27 de novembre.<\/p>\n<p>Molt\u00edssims productes amb rebaixa del 10% de descompte: portabicicletes, tendals, avences, tenda cuina, cadires de c\u00e0mping, taules, wc qu\u00edmics port\u00e0tils, l\u00edquids qu\u00edmics wc, antenes de TV, aires condicionats &#8230; i molt\u00edssim m\u00e9s.<\/p>\n<p>Aprofita la setmana del Black Friday i equipa&#8217;t la teva caravana o autocaravana per les properes vacances!<\/p>\n","protected":false},"excerpt":{"rendered":"<p>Celebra el BLACK FRIDAY amb nosaltres! 10% de descompte en tota la botiga d&#8217;accessoris! El Black Friday aterra a M3 CARAVANING nom\u00e9s del 21 al 27 de novembre. Molt\u00edssims productes amb rebaixa del 10% de descompte: portabicicletes, tendals, avences, tenda cuina, cadires de c\u00e0mping, taules, wc qu\u00edmics port\u00e0tils, l\u00edquids qu\u00edmics wc, antenes de TV, aires<\/p>\n","protected":false},"author":2,"featured_media":545,"comment_status":"closed","ping_status":"open","sticky":false,"template":"","format":"standard","meta":{"footnotes":""},"categories":[14],"tags":[],"class_list":["post-9109","post","type-post","status-publish","format-standard","has-post-thumbnail","hentry","category-actualitat"],"yoast_head":"<!-- This site is optimized with the Yoast SEO plugin v22.4 - https:\/\/yoast.com\/wordpress\/plugins\/seo\/ -->\n<title>Black Friday a la botiga online de M3Caravaning - Autocaravanas, caravanas y furgonetas campers nuevas, ocasi\u00f3n y segunda mano<\/title>\n<meta name=\"description\" content=\"M3 Caravaning nos ofrece muchos descuentos durant tota la temporada de Black Friday a la botiga online de M3Caravaning\" \/>\n<meta name=\"robots\" content=\"index, follow, max-snippet:-1, max-image-preview:large, max-video-preview:-1\" \/>\n<link rel=\"canonical\" href=\"https:\/\/m3caravaning.com\/ca\/actualitat\/black-friday-a-la-botiga-online-de-m3caravaning\/\" \/>\n<meta property=\"og:locale\" content=\"ca_ES\" \/>\n<meta property=\"og:type\" content=\"article\" \/>\n<meta property=\"og:title\" content=\"Black Friday a la botiga online de M3Caravaning - Autocaravanas, caravanas y furgonetas campers nuevas, ocasi\u00f3n y segunda mano\" \/>\n<meta property=\"og:description\" content=\"M3 Caravaning nos ofrece muchos descuentos durant tota la temporada de Black Friday a la botiga online de M3Caravaning\" \/>\n<meta property=\"og:url\" content=\"https:\/\/m3caravaning.com\/ca\/actualitat\/black-friday-a-la-botiga-online-de-m3caravaning\/\" \/>\n<meta property=\"og:site_name\" content=\"Autocaravanas, caravanas y furgonetas campers nuevas, ocasi\u00f3n y segunda mano\" \/>\n<meta property=\"article:publisher\" content=\"https:\/\/www.facebook.com\/m3caravaning\" \/>\n<meta property=\"article:published_time\" content=\"2020-11-21T09:32:56+00:00\" \/>\n<meta property=\"article:modified_time\" content=\"2021-06-04T13:21:51+00:00\" \/>\n<meta property=\"og:image\" content=\"https:\/\/m3caravaning.com\/wp-content\/uploads\/2021\/01\/black-friday-en-la-tienda-online-de-m3caravaning-id-42-scaled.jpg\" \/>\n\t<meta property=\"og:image:width\" content=\"2560\" \/>\n\t<meta property=\"og:image:height\" content=\"939\" \/>\n\t<meta property=\"og:image:type\" content=\"image\/jpeg\" \/>\n<meta name=\"author\" content=\"M3 Caravaning\" \/>\n<meta name=\"twitter:card\" content=\"summary_large_image\" \/>\n<meta name=\"twitter:creator\" content=\"@M3Caravaning\" \/>\n<meta name=\"twitter:site\" content=\"@M3Caravaning\" \/>\n<meta name=\"twitter:label1\" content=\"Written by\" \/>\n\t<meta name=\"twitter:data1\" content=\"M3 Caravaning\" \/>\n\t<meta name=\"twitter:label2\" content=\"Est. reading time\" \/>\n\t<meta name=\"twitter:data2\" content=\"1 minute\" \/>\n<script type=\"application\/ld+json\" class=\"yoast-schema-graph\">{\"@context\":\"https:\/\/schema.org\",\"@graph\":[{\"@type\":\"WebPage\",\"@id\":\"https:\/\/m3caravaning.com\/ca\/actualitat\/black-friday-a-la-botiga-online-de-m3caravaning\/\",\"url\":\"https:\/\/m3caravaning.com\/ca\/actualitat\/black-friday-a-la-botiga-online-de-m3caravaning\/\",\"name\":\"Black Friday a la botiga online de M3Caravaning - Autocaravanas, caravanas y furgonetas campers nuevas, ocasi\u00f3n y segunda mano\",\"isPartOf\":{\"@id\":\"https:\/\/m3caravaning.com\/ca\/#website\"},\"primaryImageOfPage\":{\"@id\":\"https:\/\/m3caravaning.com\/ca\/actualitat\/black-friday-a-la-botiga-online-de-m3caravaning\/#primaryimage\"},\"image\":{\"@id\":\"https:\/\/m3caravaning.com\/ca\/actualitat\/black-friday-a-la-botiga-online-de-m3caravaning\/#primaryimage\"},\"thumbnailUrl\":\"https:\/\/m3caravaning.com\/wp-content\/uploads\/2021\/01\/black-friday-en-la-tienda-online-de-m3caravaning-id-42-scaled.jpg\",\"datePublished\":\"2020-11-21T09:32:56+00:00\",\"dateModified\":\"2021-06-04T13:21:51+00:00\",\"author\":{\"@id\":\"https:\/\/m3caravaning.com\/ca\/#\/schema\/person\/10e5f1edce4be1f414d4bde1bcf0c65f\"},\"description\":\"M3 Caravaning nos ofrece muchos descuentos durant tota la temporada de Black Friday a la botiga online de M3Caravaning\",\"breadcrumb\":{\"@id\":\"https:\/\/m3caravaning.com\/ca\/actualitat\/black-friday-a-la-botiga-online-de-m3caravaning\/#breadcrumb\"},\"inLanguage\":\"ca\",\"potentialAction\":[{\"@type\":\"ReadAction\",\"target\":[\"https:\/\/m3caravaning.com\/ca\/actualitat\/black-friday-a-la-botiga-online-de-m3caravaning\/\"]}]},{\"@type\":\"ImageObject\",\"inLanguage\":\"ca\",\"@id\":\"https:\/\/m3caravaning.com\/ca\/actualitat\/black-friday-a-la-botiga-online-de-m3caravaning\/#primaryimage\",\"url\":\"https:\/\/m3caravaning.com\/wp-content\/uploads\/2021\/01\/black-friday-en-la-tienda-online-de-m3caravaning-id-42-scaled.jpg\",\"contentUrl\":\"https:\/\/m3caravaning.com\/wp-content\/uploads\/2021\/01\/black-friday-en-la-tienda-online-de-m3caravaning-id-42-scaled.jpg\",\"width\":2560,\"height\":939},{\"@type\":\"BreadcrumbList\",\"@id\":\"https:\/\/m3caravaning.com\/ca\/actualitat\/black-friday-a-la-botiga-online-de-m3caravaning\/#breadcrumb\",\"itemListElement\":[{\"@type\":\"ListItem\",\"position\":1,\"name\":\"Portada\",\"item\":\"https:\/\/m3caravaning.com\/ca\/\"},{\"@type\":\"ListItem\",\"position\":2,\"name\":\"Black Friday a la botiga online de M3Caravaning\"}]},{\"@type\":\"WebSite\",\"@id\":\"https:\/\/m3caravaning.com\/ca\/#website\",\"url\":\"https:\/\/m3caravaning.com\/ca\/\",\"name\":\"Autocaravanas, caravanas y furgonetas campers nuevas, ocasi\u00f3n y segunda mano\",\"description\":\"Tu tienda de autocaravanas, campers y caravanas nuevas y de segunda mano. Alquiler, tienda de recambios, taller, seguros, etc.\",\"potentialAction\":[{\"@type\":\"SearchAction\",\"target\":{\"@type\":\"EntryPoint\",\"urlTemplate\":\"https:\/\/m3caravaning.com\/ca\/?s={search_term_string}\"},\"query-input\":\"required name=search_term_string\"}],\"inLanguage\":\"ca\"},{\"@type\":\"Person\",\"@id\":\"https:\/\/m3caravaning.com\/ca\/#\/schema\/person\/10e5f1edce4be1f414d4bde1bcf0c65f\",\"name\":\"M3 Caravaning\",\"image\":{\"@type\":\"ImageObject\",\"inLanguage\":\"ca\",\"@id\":\"https:\/\/m3caravaning.com\/ca\/#\/schema\/person\/image\/\",\"url\":\"https:\/\/secure.gravatar.com\/avatar\/45cc9e7bfaa20654bd7626e499aa306a8db18ee338763b6b771e707ccbeef54c?s=96&d=mm&r=g\",\"contentUrl\":\"https:\/\/secure.gravatar.com\/avatar\/45cc9e7bfaa20654bd7626e499aa306a8db18ee338763b6b771e707ccbeef54c?s=96&d=mm&r=g\",\"caption\":\"M3 Caravaning\"}}]}<\/script>\n<!-- \/ Yoast SEO plugin. -->","yoast_head_json":{"title":"Black Friday a la botiga online de M3Caravaning - Autocaravanas, caravanas y furgonetas campers nuevas, ocasi\u00f3n y segunda mano","description":"M3 Caravaning nos ofrece muchos descuentos durant tota la temporada de Black Friday a la botiga online de M3Caravaning","robots":{"index":"index","follow":"follow","max-snippet":"max-snippet:-1","max-image-preview":"max-image-preview:large","max-video-preview":"max-video-preview:-1"},"canonical":"https:\/\/m3caravaning.com\/ca\/actualitat\/black-friday-a-la-botiga-online-de-m3caravaning\/","og_locale":"ca_ES","og_type":"article","og_title":"Black Friday a la botiga online de M3Caravaning - Autocaravanas, caravanas y furgonetas campers nuevas, ocasi\u00f3n y segunda mano","og_description":"M3 Caravaning nos ofrece muchos descuentos durant tota la temporada de Black Friday a la botiga online de M3Caravaning","og_url":"https:\/\/m3caravaning.com\/ca\/actualitat\/black-friday-a-la-botiga-online-de-m3caravaning\/","og_site_name":"Autocaravanas, caravanas y furgonetas campers nuevas, ocasi\u00f3n y segunda mano","article_publisher":"https:\/\/www.facebook.com\/m3caravaning","article_published_time":"2020-11-21T09:32:56+00:00","article_modified_time":"2021-06-04T13:21:51+00:00","og_image":[{"width":2560,"height":939,"url":"https:\/\/m3caravaning.com\/wp-content\/uploads\/2021\/01\/black-friday-en-la-tienda-online-de-m3caravaning-id-42-scaled.jpg","type":"image\/jpeg"}],"author":"M3 Caravaning","twitter_card":"summary_large_image","twitter_creator":"@M3Caravaning","twitter_site":"@M3Caravaning","twitter_misc":{"Written by":"M3 Caravaning","Est. reading time":"1 minute"},"schema":{"@context":"https:\/\/schema.org","@graph":[{"@type":"WebPage","@id":"https:\/\/m3caravaning.com\/ca\/actualitat\/black-friday-a-la-botiga-online-de-m3caravaning\/","url":"https:\/\/m3caravaning.com\/ca\/actualitat\/black-friday-a-la-botiga-online-de-m3caravaning\/","name":"Black Friday a la botiga online de M3Caravaning - Autocaravanas, caravanas y furgonetas campers nuevas, ocasi\u00f3n y segunda mano","isPartOf":{"@id":"https:\/\/m3caravaning.com\/ca\/#website"},"primaryImageOfPage":{"@id":"https:\/\/m3caravaning.com\/ca\/actualitat\/black-friday-a-la-botiga-online-de-m3caravaning\/#primaryimage"},"image":{"@id":"https:\/\/m3caravaning.com\/ca\/actualitat\/black-friday-a-la-botiga-online-de-m3caravaning\/#primaryimage"},"thumbnailUrl":"https:\/\/m3caravaning.com\/wp-content\/uploads\/2021\/01\/black-friday-en-la-tienda-online-de-m3caravaning-id-42-scaled.jpg","datePublished":"2020-11-21T09:32:56+00:00","dateModified":"2021-06-04T13:21:51+00:00","author":{"@id":"https:\/\/m3caravaning.com\/ca\/#\/schema\/person\/10e5f1edce4be1f414d4bde1bcf0c65f"},"description":"M3 Caravaning nos ofrece muchos descuentos durant tota la temporada de Black Friday a la botiga online de M3Caravaning","breadcrumb":{"@id":"https:\/\/m3caravaning.com\/ca\/actualitat\/black-friday-a-la-botiga-online-de-m3caravaning\/#breadcrumb"},"inLanguage":"ca","potentialAction":[{"@type":"ReadAction","target":["https:\/\/m3caravaning.com\/ca\/actualitat\/black-friday-a-la-botiga-online-de-m3caravaning\/"]}]},{"@type":"ImageObject","inLanguage":"ca","@id":"https:\/\/m3caravaning.com\/ca\/actualitat\/black-friday-a-la-botiga-online-de-m3caravaning\/#primaryimage","url":"https:\/\/m3caravaning.com\/wp-content\/uploads\/2021\/01\/black-friday-en-la-tienda-online-de-m3caravaning-id-42-scaled.jpg","contentUrl":"https:\/\/m3caravaning.com\/wp-content\/uploads\/2021\/01\/black-friday-en-la-tienda-online-de-m3caravaning-id-42-scaled.jpg","width":2560,"height":939},{"@type":"BreadcrumbList","@id":"https:\/\/m3caravaning.com\/ca\/actualitat\/black-friday-a-la-botiga-online-de-m3caravaning\/#breadcrumb","itemListElement":[{"@type":"ListItem","position":1,"name":"Portada","item":"https:\/\/m3caravaning.com\/ca\/"},{"@type":"ListItem","position":2,"name":"Black Friday a la botiga online de M3Caravaning"}]},{"@type":"WebSite","@id":"https:\/\/m3caravaning.com\/ca\/#website","url":"https:\/\/m3caravaning.com\/ca\/","name":"Autocaravanas, caravanas y furgonetas campers nuevas, ocasi\u00f3n y segunda mano","description":"Tu tienda de autocaravanas, campers y caravanas nuevas y de segunda mano. Alquiler, tienda de recambios, taller, seguros, etc.","potentialAction":[{"@type":"SearchAction","target":{"@type":"EntryPoint","urlTemplate":"https:\/\/m3caravaning.com\/ca\/?s={search_term_string}"},"query-input":"required name=search_term_string"}],"inLanguage":"ca"},{"@type":"Person","@id":"https:\/\/m3caravaning.com\/ca\/#\/schema\/person\/10e5f1edce4be1f414d4bde1bcf0c65f","name":"M3 Caravaning","image":{"@type":"ImageObject","inLanguage":"ca","@id":"https:\/\/m3caravaning.com\/ca\/#\/schema\/person\/image\/","url":"https:\/\/secure.gravatar.com\/avatar\/45cc9e7bfaa20654bd7626e499aa306a8db18ee338763b6b771e707ccbeef54c?s=96&d=mm&r=g","contentUrl":"https:\/\/secure.gravatar.com\/avatar\/45cc9e7bfaa20654bd7626e499aa306a8db18ee338763b6b771e707ccbeef54c?s=96&d=mm&r=g","caption":"M3 Caravaning"}}]}},"_links":{"self":[{"href":"https:\/\/m3caravaning.com\/ca\/wp-json\/wp\/v2\/posts\/9109","targetHints":{"allow":["GET"]}}],"collection":[{"href":"https:\/\/m3caravaning.com\/ca\/wp-json\/wp\/v2\/posts"}],"about":[{"href":"https:\/\/m3caravaning.com\/ca\/wp-json\/wp\/v2\/types\/post"}],"author":[{"embeddable":true,"href":"https:\/\/m3caravaning.com\/ca\/wp-json\/wp\/v2\/users\/2"}],"replies":[{"embeddable":true,"href":"https:\/\/m3caravaning.com\/ca\/wp-json\/wp\/v2\/comments?post=9109"}],"version-history":[{"count":0,"href":"https:\/\/m3caravaning.com\/ca\/wp-json\/wp\/v2\/posts\/9109\/revisions"}],"wp:featuredmedia":[{"embeddable":true,"href":"https:\/\/m3caravaning.com\/ca\/wp-json\/wp\/v2\/media\/545"}],"wp:attachment":[{"href":"https:\/\/m3caravaning.com\/ca\/wp-json\/wp\/v2\/media?parent=9109"}],"wp:term":[{"taxonomy":"category","embeddable":true,"href":"https:\/\/m3caravaning.com\/ca\/wp-json\/wp\/v2\/categories?post=9109"},{"taxonomy":"post_tag","embeddable":true,"href":"https:\/\/m3caravaning.com\/ca\/wp-json\/wp\/v2\/tags?post=9109"}],"curies":[{"name":"wp","href":"https:\/\/api.w.org\/{rel}","templated":true}]}}