





{"id":9080,"date":"2019-05-17T09:32:12","date_gmt":"2019-05-17T07:32:12","guid":{"rendered":"https:\/\/m3caravaning.com\/?p=9080"},"modified":"2021-06-03T10:33:27","modified_gmt":"2021-06-03T08:33:27","slug":"nova-area-de-pernocta-gratuita-per-a-autocaravanes-i-campers-a-subirats-alt-penedes","status":"publish","type":"post","link":"https:\/\/m3caravaning.com\/ca\/autocaravanes\/nova-area-de-pernocta-gratuita-per-a-autocaravanes-i-campers-a-subirats-alt-penedes\/","title":{"rendered":"Nova \u00e0rea de pernocta gratu\u00efta per a autocaravanes i campers a Subirats (Alt Pened\u00e8s)"},"content":{"rendered":"<p>S&#8217;acaba d&#8217;inaugurar al municipi de\u00a0<strong>Subirats<\/strong>, localitzat a l&#8217;Alt Pened\u00e8s (Barcelona) un\u00a0<strong>\u00e0rea de pernocta per autocaravana i campers<\/strong>\u00a0amb unes estupendes instal\u00b7lacions i de preu gratu\u00eft.<\/p>\n<p>La zona de pernocta es troba al costat de l&#8217;estaci\u00f3 de tren RENFE del municipi, al poble de Lavern i es tracta d&#8217;una zona clau tant en ubicaci\u00f3 com en serveis.<\/p>\n<img fetchpriority=\"high\" decoding=\"async\" width=\"1600\" height=\"1200\" class=\"alignnone size-medium wp-image-9068\" src=\"https:\/\/m3caravaning.com\/wp-content\/uploads\/2021\/02\/nuevaareapernocta01.jpg\" alt=\"\" srcset=\"https:\/\/m3caravaning.com\/wp-content\/uploads\/2021\/02\/nuevaareapernocta01.jpg 1600w, https:\/\/m3caravaning.com\/wp-content\/uploads\/2021\/02\/nuevaareapernocta01-600x450.jpg 600w\" sizes=\"(max-width: 1600px) 100vw, 1600px\" \/>\n<p>Per a tots els\u00a0<strong>autocaravanistes i furgoneteros en ruta<\/strong>, \u00e9s una alegria trobar\u00a0<strong>zones d&#8217;estacionament municipals<\/strong>\u00a0acollidores, com la que es troba a Lavern, Subirats. Est\u00e0 situada en un entorn verd envoltat de vinyes i de masies catalanes, lluny de grans ciutats. Les nits s\u00f3n tranquil\u00b7les i es respira aire pur.<\/p>\n<img decoding=\"async\" width=\"1600\" height=\"1200\" class=\"alignnone size-medium wp-image-9070\" src=\"https:\/\/m3caravaning.com\/wp-content\/uploads\/2021\/02\/nuevaareapernocta02.jpg\" alt=\"\" srcset=\"https:\/\/m3caravaning.com\/wp-content\/uploads\/2021\/02\/nuevaareapernocta02.jpg 1600w, https:\/\/m3caravaning.com\/wp-content\/uploads\/2021\/02\/nuevaareapernocta02-600x450.jpg 600w\" sizes=\"(max-width: 1600px) 100vw, 1600px\" \/>\n<p>Trobem\u00a0<strong>diversos aparcaments per autocaravanes i furgonetes campers<\/strong>\u00a0en una zona asfaltada, plana i ben senyalitzada. Tamb\u00e9 destaca la\u00a0<strong>zona per buidar aig\u00fces brutes<\/strong>, amb una gran reixa al mig. I tamb\u00e9 el\u00a0<strong>servei de buidar les aig\u00fces negres<\/strong>\u00a0amb presa d&#8217;aigua per a netejar.<\/p>\n<img decoding=\"async\" width=\"1600\" height=\"1200\" class=\"alignnone size-medium wp-image-9072\" src=\"https:\/\/m3caravaning.com\/wp-content\/uploads\/2021\/02\/nuevaareapernocta03.jpg\" alt=\"\" srcset=\"https:\/\/m3caravaning.com\/wp-content\/uploads\/2021\/02\/nuevaareapernocta03.jpg 1600w, https:\/\/m3caravaning.com\/wp-content\/uploads\/2021\/02\/nuevaareapernocta03-600x450.jpg 600w\" sizes=\"(max-width: 1600px) 100vw, 1600px\" \/>\n<p>Un altre punt a favor, per passar per la \u00e0rea de pernocta de Subirats, s\u00f3n les diverses\u00a0<strong>activitats<\/strong>\u00a0que ofereixen als visitants, al costat de l&#8217;estaci\u00f3 de tren i a quatre passes de la zona de p\u00e0rquing d&#8217;autocaravanes. Trobareu la interessant proposta de ** EnoBicing Pened\u00e8s\u00a0<strong>, proposada per l&#8217;oficina de turisme del municipi, en la qual pots * llogar una bicicleta<\/strong>\u00a0a un preu molt moderat i\u00a0<strong>passejar entre les vinyes i poder visitar els diferents cellers de la zona<\/strong><\/p>\n<img loading=\"lazy\" decoding=\"async\" width=\"1600\" height=\"1200\" class=\"alignnone size-medium wp-image-9074\" src=\"https:\/\/m3caravaning.com\/wp-content\/uploads\/2021\/02\/nuevaareapernocta04.jpg\" alt=\"\" srcset=\"https:\/\/m3caravaning.com\/wp-content\/uploads\/2021\/02\/nuevaareapernocta04.jpg 1600w, https:\/\/m3caravaning.com\/wp-content\/uploads\/2021\/02\/nuevaareapernocta04-600x450.jpg 600w\" sizes=\"(max-width: 1600px) 100vw, 1600px\" \/>\n<p>En la mateixa oficina, podreu veure diverses\u00a0<strong>rutes d&#8217;enoturisme<\/strong>\u00a0i podreu triar la que millor s&#8217;ajusti als vostres interessos. Realitzant aquestes fant\u00e0stiques rutes en bicicleta, us permetran\u00a0<strong>con\u00e8ixer els elements patrimonials de la zona<\/strong>, els\u00a0<strong>paisatges excepcionals<\/strong>\u00a0i les\u00a0<strong>principals cellers de vi i cava<\/strong>.<\/p>\n<p>&nbsp;<\/p>\n<img loading=\"lazy\" decoding=\"async\" width=\"1600\" height=\"1200\" class=\"alignnone size-medium wp-image-9076\" src=\"https:\/\/m3caravaning.com\/wp-content\/uploads\/2021\/02\/nuevaareapernocta05.jpg\" alt=\"\" srcset=\"https:\/\/m3caravaning.com\/wp-content\/uploads\/2021\/02\/nuevaareapernocta05.jpg 1600w, https:\/\/m3caravaning.com\/wp-content\/uploads\/2021\/02\/nuevaareapernocta05-600x450.jpg 600w\" sizes=\"(max-width: 1600px) 100vw, 1600px\" \/>\n<p>Si esteu de\u00a0<strong>vacances per la zona del Pened\u00e8s<\/strong>\u00a0i voleu passar uns dies tranquils,\u00a0<strong>gaudir de la natura i con\u00e8ixer els principals atraccions tur\u00edstiques del territori<\/strong>, no us podeu perdre la\u00a0<strong>\u00e0rea de pernocta per autocaravanes i furgonetes camper de Lavern<\/strong>, a Subirats (Barcelona). Una experi\u00e8ncia inoblidable!<\/p>\n<img loading=\"lazy\" decoding=\"async\" width=\"1600\" height=\"1200\" class=\"alignnone size-medium wp-image-9078\" src=\"https:\/\/m3caravaning.com\/wp-content\/uploads\/2021\/02\/nuevaareapernocta06.jpg\" alt=\"\" srcset=\"https:\/\/m3caravaning.com\/wp-content\/uploads\/2021\/02\/nuevaareapernocta06.jpg 1600w, https:\/\/m3caravaning.com\/wp-content\/uploads\/2021\/02\/nuevaareapernocta06-600x450.jpg 600w\" sizes=\"(max-width: 1600px) 100vw, 1600px\" \/>\n<p>Per a m\u00e9s informaci\u00f3 podeu contactar amb l&#8217;oficina de turisme, clic aqu\u00ed:\u00a0<a href=\"https:\/\/www.turismesubirats.cat\/\">https:\/\/www.turismesubirats.cat\/<\/a>(https:\/\/www.turismesubirats.cat\/)<\/p>\n","protected":false},"excerpt":{"rendered":"<p>S&#8217;acaba d&#8217;inaugurar al municipi de\u00a0Subirats, localitzat a l&#8217;Alt Pened\u00e8s (Barcelona) un\u00a0\u00e0rea de pernocta per autocaravana i campers\u00a0amb unes estupendes instal\u00b7lacions i de preu gratu\u00eft. La zona de pernocta es troba al costat de l&#8217;estaci\u00f3 de tren RENFE del municipi, al poble de Lavern i es tracta d&#8217;una zona clau tant en ubicaci\u00f3 com en serveis.<\/p>\n","protected":false},"author":2,"featured_media":281,"comment_status":"closed","ping_status":"open","sticky":false,"template":"","format":"standard","meta":{"footnotes":""},"categories":[15,16],"tags":[],"class_list":["post-9080","post","type-post","status-publish","format-standard","has-post-thumbnail","hentry","category-autocaravanes","category-campers-ca"],"yoast_head":"<!-- This site is optimized with the Yoast SEO plugin v22.4 - https:\/\/yoast.com\/wordpress\/plugins\/seo\/ -->\n<title>Nova \u00e0rea de pernocta gratu\u00efta per a autocaravanes i campers a Subirats (Alt Pened\u00e8s) - Autocaravanas, caravanas y furgonetas campers nuevas, ocasi\u00f3n y segunda mano<\/title>\n<meta name=\"description\" content=\"M3 Caravaning presenta una nova \u00e0rea de pernocta gratu\u00efta per a autocaravanes i campers a Subirats (Alt Pened\u00e8s)\" \/>\n<meta name=\"robots\" content=\"index, follow, max-snippet:-1, max-image-preview:large, max-video-preview:-1\" \/>\n<link rel=\"canonical\" href=\"https:\/\/m3caravaning.com\/ca\/autocaravanes\/nova-area-de-pernocta-gratuita-per-a-autocaravanes-i-campers-a-subirats-alt-penedes\/\" \/>\n<meta property=\"og:locale\" content=\"ca_ES\" \/>\n<meta property=\"og:type\" content=\"article\" \/>\n<meta property=\"og:title\" content=\"Nova \u00e0rea de pernocta gratu\u00efta per a autocaravanes i campers a Subirats (Alt Pened\u00e8s) - Autocaravanas, caravanas y furgonetas campers nuevas, ocasi\u00f3n y segunda mano\" \/>\n<meta property=\"og:description\" content=\"M3 Caravaning presenta una nova \u00e0rea de pernocta gratu\u00efta per a autocaravanes i campers a Subirats (Alt Pened\u00e8s)\" \/>\n<meta property=\"og:url\" content=\"https:\/\/m3caravaning.com\/ca\/autocaravanes\/nova-area-de-pernocta-gratuita-per-a-autocaravanes-i-campers-a-subirats-alt-penedes\/\" \/>\n<meta property=\"og:site_name\" content=\"Autocaravanas, caravanas y furgonetas campers nuevas, ocasi\u00f3n y segunda mano\" \/>\n<meta property=\"article:publisher\" content=\"https:\/\/www.facebook.com\/m3caravaning\" \/>\n<meta property=\"article:published_time\" content=\"2019-05-17T07:32:12+00:00\" \/>\n<meta property=\"article:modified_time\" content=\"2021-06-03T08:33:27+00:00\" \/>\n<meta property=\"og:image\" content=\"https:\/\/m3caravaning.com\/wp-content\/uploads\/2021\/01\/nueva-area-de-pernocta-para-autocaravanas-y-campers-en-subirats-alt-penedes-id-337.jpg\" \/>\n\t<meta property=\"og:image:width\" content=\"1600\" \/>\n\t<meta property=\"og:image:height\" content=\"1200\" \/>\n\t<meta property=\"og:image:type\" content=\"image\/jpeg\" \/>\n<meta name=\"author\" content=\"M3 Caravaning\" \/>\n<meta name=\"twitter:card\" content=\"summary_large_image\" \/>\n<meta name=\"twitter:creator\" content=\"@M3Caravaning\" \/>\n<meta name=\"twitter:site\" content=\"@M3Caravaning\" \/>\n<meta name=\"twitter:label1\" content=\"Written by\" \/>\n\t<meta name=\"twitter:data1\" content=\"M3 Caravaning\" \/>\n\t<meta name=\"twitter:label2\" content=\"Est. reading time\" \/>\n\t<meta name=\"twitter:data2\" content=\"3 minutes\" \/>\n<script type=\"application\/ld+json\" class=\"yoast-schema-graph\">{\"@context\":\"https:\/\/schema.org\",\"@graph\":[{\"@type\":\"WebPage\",\"@id\":\"https:\/\/m3caravaning.com\/ca\/autocaravanes\/nova-area-de-pernocta-gratuita-per-a-autocaravanes-i-campers-a-subirats-alt-penedes\/\",\"url\":\"https:\/\/m3caravaning.com\/ca\/autocaravanes\/nova-area-de-pernocta-gratuita-per-a-autocaravanes-i-campers-a-subirats-alt-penedes\/\",\"name\":\"Nova \u00e0rea de pernocta gratu\u00efta per a autocaravanes i campers a Subirats (Alt Pened\u00e8s) - Autocaravanas, caravanas y furgonetas campers nuevas, ocasi\u00f3n y segunda mano\",\"isPartOf\":{\"@id\":\"https:\/\/m3caravaning.com\/ca\/#website\"},\"primaryImageOfPage\":{\"@id\":\"https:\/\/m3caravaning.com\/ca\/autocaravanes\/nova-area-de-pernocta-gratuita-per-a-autocaravanes-i-campers-a-subirats-alt-penedes\/#primaryimage\"},\"image\":{\"@id\":\"https:\/\/m3caravaning.com\/ca\/autocaravanes\/nova-area-de-pernocta-gratuita-per-a-autocaravanes-i-campers-a-subirats-alt-penedes\/#primaryimage\"},\"thumbnailUrl\":\"https:\/\/m3caravaning.com\/wp-content\/uploads\/2021\/01\/nueva-area-de-pernocta-para-autocaravanas-y-campers-en-subirats-alt-penedes-id-337.jpg\",\"datePublished\":\"2019-05-17T07:32:12+00:00\",\"dateModified\":\"2021-06-03T08:33:27+00:00\",\"author\":{\"@id\":\"https:\/\/m3caravaning.com\/ca\/#\/schema\/person\/10e5f1edce4be1f414d4bde1bcf0c65f\"},\"description\":\"M3 Caravaning presenta una nova \u00e0rea de pernocta gratu\u00efta per a autocaravanes i campers a Subirats (Alt Pened\u00e8s)\",\"breadcrumb\":{\"@id\":\"https:\/\/m3caravaning.com\/ca\/autocaravanes\/nova-area-de-pernocta-gratuita-per-a-autocaravanes-i-campers-a-subirats-alt-penedes\/#breadcrumb\"},\"inLanguage\":\"ca\",\"potentialAction\":[{\"@type\":\"ReadAction\",\"target\":[\"https:\/\/m3caravaning.com\/ca\/autocaravanes\/nova-area-de-pernocta-gratuita-per-a-autocaravanes-i-campers-a-subirats-alt-penedes\/\"]}]},{\"@type\":\"ImageObject\",\"inLanguage\":\"ca\",\"@id\":\"https:\/\/m3caravaning.com\/ca\/autocaravanes\/nova-area-de-pernocta-gratuita-per-a-autocaravanes-i-campers-a-subirats-alt-penedes\/#primaryimage\",\"url\":\"https:\/\/m3caravaning.com\/wp-content\/uploads\/2021\/01\/nueva-area-de-pernocta-para-autocaravanas-y-campers-en-subirats-alt-penedes-id-337.jpg\",\"contentUrl\":\"https:\/\/m3caravaning.com\/wp-content\/uploads\/2021\/01\/nueva-area-de-pernocta-para-autocaravanas-y-campers-en-subirats-alt-penedes-id-337.jpg\",\"width\":1600,\"height\":1200},{\"@type\":\"BreadcrumbList\",\"@id\":\"https:\/\/m3caravaning.com\/ca\/autocaravanes\/nova-area-de-pernocta-gratuita-per-a-autocaravanes-i-campers-a-subirats-alt-penedes\/#breadcrumb\",\"itemListElement\":[{\"@type\":\"ListItem\",\"position\":1,\"name\":\"Portada\",\"item\":\"https:\/\/m3caravaning.com\/ca\/\"},{\"@type\":\"ListItem\",\"position\":2,\"name\":\"Nova \u00e0rea de pernocta gratu\u00efta per a autocaravanes i campers a Subirats (Alt Pened\u00e8s)\"}]},{\"@type\":\"WebSite\",\"@id\":\"https:\/\/m3caravaning.com\/ca\/#website\",\"url\":\"https:\/\/m3caravaning.com\/ca\/\",\"name\":\"Autocaravanas, caravanas y furgonetas campers nuevas, ocasi\u00f3n y segunda mano\",\"description\":\"Tu tienda de autocaravanas, campers y caravanas nuevas y de segunda mano. Alquiler, tienda de recambios, taller, seguros, etc.\",\"potentialAction\":[{\"@type\":\"SearchAction\",\"target\":{\"@type\":\"EntryPoint\",\"urlTemplate\":\"https:\/\/m3caravaning.com\/ca\/?s={search_term_string}\"},\"query-input\":\"required name=search_term_string\"}],\"inLanguage\":\"ca\"},{\"@type\":\"Person\",\"@id\":\"https:\/\/m3caravaning.com\/ca\/#\/schema\/person\/10e5f1edce4be1f414d4bde1bcf0c65f\",\"name\":\"M3 Caravaning\",\"image\":{\"@type\":\"ImageObject\",\"inLanguage\":\"ca\",\"@id\":\"https:\/\/m3caravaning.com\/ca\/#\/schema\/person\/image\/\",\"url\":\"https:\/\/secure.gravatar.com\/avatar\/45cc9e7bfaa20654bd7626e499aa306a8db18ee338763b6b771e707ccbeef54c?s=96&d=mm&r=g\",\"contentUrl\":\"https:\/\/secure.gravatar.com\/avatar\/45cc9e7bfaa20654bd7626e499aa306a8db18ee338763b6b771e707ccbeef54c?s=96&d=mm&r=g\",\"caption\":\"M3 Caravaning\"}}]}<\/script>\n<!-- \/ Yoast SEO plugin. -->","yoast_head_json":{"title":"Nova \u00e0rea de pernocta gratu\u00efta per a autocaravanes i campers a Subirats (Alt Pened\u00e8s) - Autocaravanas, caravanas y furgonetas campers nuevas, ocasi\u00f3n y segunda mano","description":"M3 Caravaning presenta una nova \u00e0rea de pernocta gratu\u00efta per a autocaravanes i campers a Subirats (Alt Pened\u00e8s)","robots":{"index":"index","follow":"follow","max-snippet":"max-snippet:-1","max-image-preview":"max-image-preview:large","max-video-preview":"max-video-preview:-1"},"canonical":"https:\/\/m3caravaning.com\/ca\/autocaravanes\/nova-area-de-pernocta-gratuita-per-a-autocaravanes-i-campers-a-subirats-alt-penedes\/","og_locale":"ca_ES","og_type":"article","og_title":"Nova \u00e0rea de pernocta gratu\u00efta per a autocaravanes i campers a Subirats (Alt Pened\u00e8s) - Autocaravanas, caravanas y furgonetas campers nuevas, ocasi\u00f3n y segunda mano","og_description":"M3 Caravaning presenta una nova \u00e0rea de pernocta gratu\u00efta per a autocaravanes i campers a Subirats (Alt Pened\u00e8s)","og_url":"https:\/\/m3caravaning.com\/ca\/autocaravanes\/nova-area-de-pernocta-gratuita-per-a-autocaravanes-i-campers-a-subirats-alt-penedes\/","og_site_name":"Autocaravanas, caravanas y furgonetas campers nuevas, ocasi\u00f3n y segunda mano","article_publisher":"https:\/\/www.facebook.com\/m3caravaning","article_published_time":"2019-05-17T07:32:12+00:00","article_modified_time":"2021-06-03T08:33:27+00:00","og_image":[{"width":1600,"height":1200,"url":"https:\/\/m3caravaning.com\/wp-content\/uploads\/2021\/01\/nueva-area-de-pernocta-para-autocaravanas-y-campers-en-subirats-alt-penedes-id-337.jpg","type":"image\/jpeg"}],"author":"M3 Caravaning","twitter_card":"summary_large_image","twitter_creator":"@M3Caravaning","twitter_site":"@M3Caravaning","twitter_misc":{"Written by":"M3 Caravaning","Est. reading time":"3 minutes"},"schema":{"@context":"https:\/\/schema.org","@graph":[{"@type":"WebPage","@id":"https:\/\/m3caravaning.com\/ca\/autocaravanes\/nova-area-de-pernocta-gratuita-per-a-autocaravanes-i-campers-a-subirats-alt-penedes\/","url":"https:\/\/m3caravaning.com\/ca\/autocaravanes\/nova-area-de-pernocta-gratuita-per-a-autocaravanes-i-campers-a-subirats-alt-penedes\/","name":"Nova \u00e0rea de pernocta gratu\u00efta per a autocaravanes i campers a Subirats (Alt Pened\u00e8s) - Autocaravanas, caravanas y furgonetas campers nuevas, ocasi\u00f3n y segunda mano","isPartOf":{"@id":"https:\/\/m3caravaning.com\/ca\/#website"},"primaryImageOfPage":{"@id":"https:\/\/m3caravaning.com\/ca\/autocaravanes\/nova-area-de-pernocta-gratuita-per-a-autocaravanes-i-campers-a-subirats-alt-penedes\/#primaryimage"},"image":{"@id":"https:\/\/m3caravaning.com\/ca\/autocaravanes\/nova-area-de-pernocta-gratuita-per-a-autocaravanes-i-campers-a-subirats-alt-penedes\/#primaryimage"},"thumbnailUrl":"https:\/\/m3caravaning.com\/wp-content\/uploads\/2021\/01\/nueva-area-de-pernocta-para-autocaravanas-y-campers-en-subirats-alt-penedes-id-337.jpg","datePublished":"2019-05-17T07:32:12+00:00","dateModified":"2021-06-03T08:33:27+00:00","author":{"@id":"https:\/\/m3caravaning.com\/ca\/#\/schema\/person\/10e5f1edce4be1f414d4bde1bcf0c65f"},"description":"M3 Caravaning presenta una nova \u00e0rea de pernocta gratu\u00efta per a autocaravanes i campers a Subirats (Alt Pened\u00e8s)","breadcrumb":{"@id":"https:\/\/m3caravaning.com\/ca\/autocaravanes\/nova-area-de-pernocta-gratuita-per-a-autocaravanes-i-campers-a-subirats-alt-penedes\/#breadcrumb"},"inLanguage":"ca","potentialAction":[{"@type":"ReadAction","target":["https:\/\/m3caravaning.com\/ca\/autocaravanes\/nova-area-de-pernocta-gratuita-per-a-autocaravanes-i-campers-a-subirats-alt-penedes\/"]}]},{"@type":"ImageObject","inLanguage":"ca","@id":"https:\/\/m3caravaning.com\/ca\/autocaravanes\/nova-area-de-pernocta-gratuita-per-a-autocaravanes-i-campers-a-subirats-alt-penedes\/#primaryimage","url":"https:\/\/m3caravaning.com\/wp-content\/uploads\/2021\/01\/nueva-area-de-pernocta-para-autocaravanas-y-campers-en-subirats-alt-penedes-id-337.jpg","contentUrl":"https:\/\/m3caravaning.com\/wp-content\/uploads\/2021\/01\/nueva-area-de-pernocta-para-autocaravanas-y-campers-en-subirats-alt-penedes-id-337.jpg","width":1600,"height":1200},{"@type":"BreadcrumbList","@id":"https:\/\/m3caravaning.com\/ca\/autocaravanes\/nova-area-de-pernocta-gratuita-per-a-autocaravanes-i-campers-a-subirats-alt-penedes\/#breadcrumb","itemListElement":[{"@type":"ListItem","position":1,"name":"Portada","item":"https:\/\/m3caravaning.com\/ca\/"},{"@type":"ListItem","position":2,"name":"Nova \u00e0rea de pernocta gratu\u00efta per a autocaravanes i campers a Subirats (Alt Pened\u00e8s)"}]},{"@type":"WebSite","@id":"https:\/\/m3caravaning.com\/ca\/#website","url":"https:\/\/m3caravaning.com\/ca\/","name":"Autocaravanas, caravanas y furgonetas campers nuevas, ocasi\u00f3n y segunda mano","description":"Tu tienda de autocaravanas, campers y caravanas nuevas y de segunda mano. Alquiler, tienda de recambios, taller, seguros, etc.","potentialAction":[{"@type":"SearchAction","target":{"@type":"EntryPoint","urlTemplate":"https:\/\/m3caravaning.com\/ca\/?s={search_term_string}"},"query-input":"required name=search_term_string"}],"inLanguage":"ca"},{"@type":"Person","@id":"https:\/\/m3caravaning.com\/ca\/#\/schema\/person\/10e5f1edce4be1f414d4bde1bcf0c65f","name":"M3 Caravaning","image":{"@type":"ImageObject","inLanguage":"ca","@id":"https:\/\/m3caravaning.com\/ca\/#\/schema\/person\/image\/","url":"https:\/\/secure.gravatar.com\/avatar\/45cc9e7bfaa20654bd7626e499aa306a8db18ee338763b6b771e707ccbeef54c?s=96&d=mm&r=g","contentUrl":"https:\/\/secure.gravatar.com\/avatar\/45cc9e7bfaa20654bd7626e499aa306a8db18ee338763b6b771e707ccbeef54c?s=96&d=mm&r=g","caption":"M3 Caravaning"}}]}},"_links":{"self":[{"href":"https:\/\/m3caravaning.com\/ca\/wp-json\/wp\/v2\/posts\/9080","targetHints":{"allow":["GET"]}}],"collection":[{"href":"https:\/\/m3caravaning.com\/ca\/wp-json\/wp\/v2\/posts"}],"about":[{"href":"https:\/\/m3caravaning.com\/ca\/wp-json\/wp\/v2\/types\/post"}],"author":[{"embeddable":true,"href":"https:\/\/m3caravaning.com\/ca\/wp-json\/wp\/v2\/users\/2"}],"replies":[{"embeddable":true,"href":"https:\/\/m3caravaning.com\/ca\/wp-json\/wp\/v2\/comments?post=9080"}],"version-history":[{"count":0,"href":"https:\/\/m3caravaning.com\/ca\/wp-json\/wp\/v2\/posts\/9080\/revisions"}],"wp:featuredmedia":[{"embeddable":true,"href":"https:\/\/m3caravaning.com\/ca\/wp-json\/wp\/v2\/media\/281"}],"wp:attachment":[{"href":"https:\/\/m3caravaning.com\/ca\/wp-json\/wp\/v2\/media?parent=9080"}],"wp:term":[{"taxonomy":"category","embeddable":true,"href":"https:\/\/m3caravaning.com\/ca\/wp-json\/wp\/v2\/categories?post=9080"},{"taxonomy":"post_tag","embeddable":true,"href":"https:\/\/m3caravaning.com\/ca\/wp-json\/wp\/v2\/tags?post=9080"}],"curies":[{"name":"wp","href":"https:\/\/api.w.org\/{rel}","templated":true}]}}