





{"id":9020,"date":"2018-09-08T10:43:04","date_gmt":"2018-09-08T08:43:04","guid":{"rendered":"https:\/\/m3caravaning.com\/?p=9020"},"modified":"2024-05-23T12:33:57","modified_gmt":"2024-05-23T10:33:57","slug":"la-revolucio-de-les-caravanes-knaus-deseo-novetat-2018","status":"publish","type":"post","link":"https:\/\/m3caravaning.com\/ca\/caravanes\/la-revolucio-de-les-caravanes-knaus-deseo-novetat-2018\/","title":{"rendered":"La revoluci\u00f3 de les caravanes &#8220;Knaus Deseo&#8221; Novetat 2018"},"content":{"rendered":"<p>La novetat en\u00a0<strong>caravanes Knaus per a aquest 2018<\/strong>\u00a0\u00e9s sens dubte, una\u00a0<strong>revoluci\u00f3 en tota regla<\/strong>. La prestigiosa marca de caravanes, autocaravanes i campers, KNAUS, ha llan\u00e7at la nova gamma de caravanes anomenada\u00a0<strong>DESEO<\/strong>. Destaca per la seva\u00a0<strong>lleugeresa<\/strong>, la seva\u00a0<strong>distribuci\u00f3 revolucion\u00e0ria<\/strong>\u00a0i la\u00a0<strong>t\u00e8cnica constructiva<\/strong>\u00a0que han utilitzat per dur a terme el seu proc\u00e9s de construcci\u00f3.<\/p>\n<p>La caravana Knaus\u00a0<strong>TRAVELINO va ser la precursora<\/strong>\u00a0que l&#8217;any passat es va introduir al mercat causant gran revoluci\u00f3. La nova caravana DESEO segueix gaireb\u00e9 la mateixa ruta pel que fa a tecnologia es refereix i, aix\u00ed i tot, la supera.<\/p>\n<p>Amb la\u00a0<strong>nova caravana DESEO<\/strong>\u00a0s&#8217;ha aconseguit una\u00a0<strong>revolucion\u00e0ria redefinici\u00f3 del que \u00e9s una caravana<\/strong>. Si b\u00e9 l&#8217;exit\u00f3s model de Roulot que hi havia fins ara al mercat era principalment una furgoneta que comptava, a m\u00e9s, amb possibilitats per dormir,\u00a0<strong>la nova DESEO \u00e9s una sofisticada caravana amb possibilitats de transport<\/strong>\u00a0que resulten summament pr\u00e0ctiques. No obstant aix\u00f2, les seves veritables qualitats s&#8217;oculten darrere de la\u00a0<strong>porta del darrere<\/strong>\u00a0-que abasta tot l&#8217;ample del vehicle- i que no nom\u00e9s\u00a0<strong>suporta motocicletes<\/strong>, sin\u00f3 que tamb\u00e9 t\u00e9 capacitat per encabir\u00a0<strong>quads d&#8217;alta cilindrada<\/strong><\/p>\n<img decoding=\"async\" class=\"alignnone size-medium wp-image-9002\" src=\"https:\/\/m3caravaning.com\/wp-content\/uploads\/2021\/02\/revolucioncaravanasknausdeseo201801.jpg\" alt=\"\" width=\"300\" height=\"141\" srcset=\"https:\/\/m3caravaning.com\/wp-content\/uploads\/2021\/02\/revolucioncaravanasknausdeseo201801.jpg 1194w, https:\/\/m3caravaning.com\/wp-content\/uploads\/2021\/02\/revolucioncaravanasknausdeseo201801-600x281.jpg 600w\" sizes=\"(max-width: 300px) 100vw, 300px\" \/>\n<p>DESEO \u00e9s una simbiosi perfecta entre una caravana c\u00f2moda, amb un disseny redu\u00eft i discret, i una furgoneta exuberant amb veritables qualitats de c\u00e0rrega. Tant els que agraden de l&#8217;esport a l&#8217;aire lliure com els aficionats a l&#8217;esport del motor o els campistes actius gaudiran tots per igual d&#8217;un equipament que \u00e9s molt flexible i variable.<\/p>\n<img fetchpriority=\"high\" decoding=\"async\" class=\"alignnone size-medium wp-image-9004\" src=\"https:\/\/m3caravaning.com\/wp-content\/uploads\/2021\/02\/revolucioncaravanasknausdeseo201802.jpg\" alt=\"\" width=\"300\" height=\"290\" srcset=\"https:\/\/m3caravaning.com\/wp-content\/uploads\/2021\/02\/revolucioncaravanasknausdeseo201802.jpg 1417w, https:\/\/m3caravaning.com\/wp-content\/uploads\/2021\/02\/revolucioncaravanasknausdeseo201802-600x579.jpg 600w\" sizes=\"(max-width: 300px) 100vw, 300px\" \/>\n<p>Un disseny atractiu, clar i atemporal combinat amb funcionalitat i resist\u00e8ncia. La seva construcci\u00f3 amb una tecnologia FRAME recolzada en un xass\u00eds lleuger garanteix una m\u00e0xima estabilitat i les millors possibilitats d&#8217;\u00fas. I tot aix\u00f2 amb una relaci\u00f3 molt justa entre preu i qualitat.<\/p>\n<img decoding=\"async\" class=\"alignnone size-medium wp-image-9010\" src=\"https:\/\/m3caravaning.com\/wp-content\/uploads\/2021\/02\/revolucioncaravanasknausdeseo201805.jpg\" alt=\"\" width=\"300\" height=\"199\" srcset=\"https:\/\/m3caravaning.com\/wp-content\/uploads\/2021\/02\/revolucioncaravanasknausdeseo201805.jpg 1417w, https:\/\/m3caravaning.com\/wp-content\/uploads\/2021\/02\/revolucioncaravanasknausdeseo201805-600x398.jpg 600w\" sizes=\"(max-width: 300px) 100vw, 300px\" \/>\n<ul>\n<li><strong>Els punts forts d&#8217;DESIG d&#8217;un cop d&#8217;ull:<\/strong><\/li>\n<li>\u2022\u00a0<strong>Permet transportar dues motocicletes o un quad \/ kart<\/strong><\/li>\n<li>\u2022\u00a0<strong>FibreFrame<\/strong><\/li>\n<li>\uf0fc Variant de disseny amb Frame de color i llantes d&#8217;alumini de gran qualitat amb disseny KNAUS<\/li>\n<li>\uf0fc Ambient exterior: il\u00b7luminaci\u00f3 del vehicle integrada a la FibreFrame<\/li>\n<li>\u2022\u00a0<strong>Porta del darrere<\/strong><\/li>\n<li>\uf0fc D&#8217;una pe\u00e7a, abatible cap amunt i sense marc per a tot l&#8217;ample del vehicle<\/li>\n<li>\uf0fc Permet integrar un tendal del darrere per ampliar l&#8217;espai habitable<\/li>\n<li>\uf0fc Il\u00b7luminaci\u00f3 amb efecte: projecci\u00f3 del logotip de KNAUS<\/li>\n<li>\u2022 Calefacci\u00f3 sota el pis (TRUMA Vari-Heat) resistent al fred (en conformitat amb la norma DIN 1646, classe 3)<\/li>\n<li>\u2022\u00a0<strong>WC \/ dutxa<\/strong><\/li>\n<li>\uf0fc WC d&#8217;una pe\u00e7a amb aixetes sobreposada<\/li>\n<li>\uf0fc Cortina de dutxa<\/li>\n<li>\uf0fc Inodor casset<\/li>\n<li>\uf0fc M\u00f2dul de servei amb acc\u00e9s per a netejar el bany dalt del compartiment del gas<\/li>\n<li>\uf0fc Dip\u00f2sit d&#8217;aigua: 45 litres \uf0e0 f\u00e0cil d&#8217;omplir dalt del compartiment del gas<\/li>\n<li>\uf0fc Connexi\u00f3 el\u00e8ctrica en el compartiment de gas<\/li>\n<li>\u2022\u00a0<strong>Exterior<\/strong><\/li>\n<li>\uf0fc Completament amb tecnologia LED<\/li>\n<li>\uf0fc Llums del darrere intermitents seq\u00fcencials<\/li>\n<li>\uf0fc Il\u00b7luminaci\u00f3 d&#8217;efecte escultural integrada a la paret lateral que segueix el tra\u00e7at del contorn<\/li>\n<li>\u2022\u00a0<strong>Interior: completament amb tecnologia LED, il\u00b7luminaci\u00f3 ambiental<\/strong><\/li>\n<li>\u2022\u00a0<strong>Variabilitat: habitatge \/ transport<\/strong><\/li>\n<li>\uf0fc Mobiliari d&#8217;estructura lleugera<\/li>\n<li>\uf0fc Espai habitable flexible (condicionament de llits per a 2 persones)<\/li>\n<li>\uf0fc Fins a 5 seients<\/li>\n<li>\uf0fc Un llit basculant integrada que ofereix places addicionals<\/li>\n<li>\uf0fc Pr\u00e0ctic espai per a la m\u00e0quina de caf\u00e8<\/li>\n<li>\uf0fc Amb un organitzador ben pensat a la cuina<\/li>\n<\/ul>\n<img loading=\"lazy\" decoding=\"async\" class=\"alignnone size-medium wp-image-9006\" src=\"https:\/\/m3caravaning.com\/wp-content\/uploads\/2021\/02\/revolucioncaravanasknausdeseo201803.jpg\" alt=\"\" width=\"300\" height=\"222\" srcset=\"https:\/\/m3caravaning.com\/wp-content\/uploads\/2021\/02\/revolucioncaravanasknausdeseo201803.jpg 1417w, https:\/\/m3caravaning.com\/wp-content\/uploads\/2021\/02\/revolucioncaravanasknausdeseo201803-600x444.jpg 600w\" sizes=\"(max-width: 300px) 100vw, 300px\" \/>\n<img loading=\"lazy\" decoding=\"async\" class=\"alignnone size-medium wp-image-9012\" src=\"https:\/\/m3caravaning.com\/wp-content\/uploads\/2021\/02\/revolucioncaravanasknausdeseo201806.jpg\" alt=\"\" width=\"300\" height=\"204\" srcset=\"https:\/\/m3caravaning.com\/wp-content\/uploads\/2021\/02\/revolucioncaravanasknausdeseo201806.jpg 1417w, https:\/\/m3caravaning.com\/wp-content\/uploads\/2021\/02\/revolucioncaravanasknausdeseo201806-600x408.jpg 600w\" sizes=\"(max-width: 300px) 100vw, 300px\" \/>\n<img loading=\"lazy\" decoding=\"async\" class=\"alignnone size-medium wp-image-9014\" src=\"https:\/\/m3caravaning.com\/wp-content\/uploads\/2021\/02\/revolucioncaravanasknausdeseo201807.jpg\" alt=\"\" width=\"300\" height=\"200\" srcset=\"https:\/\/m3caravaning.com\/wp-content\/uploads\/2021\/02\/revolucioncaravanasknausdeseo201807.jpg 1417w, https:\/\/m3caravaning.com\/wp-content\/uploads\/2021\/02\/revolucioncaravanasknausdeseo201807-600x400.jpg 600w\" sizes=\"(max-width: 300px) 100vw, 300px\" \/>\n<p>&nbsp;<\/p>\n<img loading=\"lazy\" decoding=\"async\" class=\"alignnone size-medium wp-image-9008\" src=\"https:\/\/m3caravaning.com\/wp-content\/uploads\/2021\/02\/revolucioncaravanasknausdeseo201804.jpg\" alt=\"\" width=\"300\" height=\"200\" srcset=\"https:\/\/m3caravaning.com\/wp-content\/uploads\/2021\/02\/revolucioncaravanasknausdeseo201804.jpg 1417w, https:\/\/m3caravaning.com\/wp-content\/uploads\/2021\/02\/revolucioncaravanasknausdeseo201804-600x400.jpg 600w\" sizes=\"(max-width: 300px) 100vw, 300px\" \/>\n<img loading=\"lazy\" decoding=\"async\" class=\"alignnone size-medium wp-image-9016\" src=\"https:\/\/m3caravaning.com\/wp-content\/uploads\/2021\/02\/revolucioncaravanasknausdeseo201808.jpg\" alt=\"\" width=\"300\" height=\"194\" srcset=\"https:\/\/m3caravaning.com\/wp-content\/uploads\/2021\/02\/revolucioncaravanasknausdeseo201808.jpg 1417w, https:\/\/m3caravaning.com\/wp-content\/uploads\/2021\/02\/revolucioncaravanasknausdeseo201808-600x388.jpg 600w\" sizes=\"(max-width: 300px) 100vw, 300px\" \/>\n<img loading=\"lazy\" decoding=\"async\" class=\"alignnone size-medium wp-image-9018\" src=\"https:\/\/m3caravaning.com\/wp-content\/uploads\/2021\/02\/revolucioncaravanasknausdeseo201809.jpg\" alt=\"\" width=\"216\" height=\"300\" srcset=\"https:\/\/m3caravaning.com\/wp-content\/uploads\/2021\/02\/revolucioncaravanasknausdeseo201809.jpg 1019w, https:\/\/m3caravaning.com\/wp-content\/uploads\/2021\/02\/revolucioncaravanasknausdeseo201809-600x834.jpg 600w\" sizes=\"(max-width: 216px) 100vw, 216px\" \/>\n<p><a href=\"https:\/\/m3caravaning.com\/ca\/contacte\/\">\u00bfT&#8217;INTERESSA TENIR M\u00c9S INFORMACI\u00d3 DE LA NOVA CARAVANA KNAUS DESIG NOVETAT 2018? CONTACTA AMB NOSALTRES AQU\u00cd<\/a><\/p>\n","protected":false},"excerpt":{"rendered":"<p>La novetat en\u00a0caravanes Knaus per a aquest 2018\u00a0\u00e9s sens dubte, una\u00a0revoluci\u00f3 en tota regla. La prestigiosa marca de caravanes, autocaravanes i campers, KNAUS, ha llan\u00e7at la nova gamma de caravanes anomenada\u00a0DESEO. Destaca per la seva\u00a0lleugeresa, la seva\u00a0distribuci\u00f3 revolucion\u00e0ria\u00a0i la\u00a0t\u00e8cnica constructiva\u00a0que han utilitzat per dur a terme el seu proc\u00e9s de construcci\u00f3. La caravana Knaus\u00a0TRAVELINO va<\/p>\n","protected":false},"author":2,"featured_media":427,"comment_status":"closed","ping_status":"open","sticky":false,"template":"","format":"standard","meta":{"footnotes":""},"categories":[17],"tags":[],"class_list":["post-9020","post","type-post","status-publish","format-standard","has-post-thumbnail","hentry","category-caravanes"],"yoast_head":"<!-- This site is optimized with the Yoast SEO plugin v22.4 - https:\/\/yoast.com\/wordpress\/plugins\/seo\/ -->\n<title>La revoluci\u00f3 de les caravanes &quot;Knaus Deseo&quot; Novetat 2018 - Autocaravanas, caravanas y furgonetas campers nuevas, ocasi\u00f3n y segunda mano<\/title>\n<meta name=\"description\" content=\"M3 Caravaning ens exposa la revoluci\u00f3 de les caravanes &quot;Knaus Deseo&quot; Novetat 2018 per a tots els amants del caravaning\" \/>\n<meta name=\"robots\" content=\"index, follow, max-snippet:-1, max-image-preview:large, max-video-preview:-1\" \/>\n<link rel=\"canonical\" href=\"https:\/\/m3caravaning.com\/ca\/caravanes\/la-revolucio-de-les-caravanes-knaus-deseo-novetat-2018\/\" \/>\n<meta property=\"og:locale\" content=\"ca_ES\" \/>\n<meta property=\"og:type\" content=\"article\" \/>\n<meta property=\"og:title\" content=\"La revoluci\u00f3 de les caravanes &quot;Knaus Deseo&quot; Novetat 2018 - Autocaravanas, caravanas y furgonetas campers nuevas, ocasi\u00f3n y segunda mano\" \/>\n<meta property=\"og:description\" content=\"M3 Caravaning ens exposa la revoluci\u00f3 de les caravanes &quot;Knaus Deseo&quot; Novetat 2018 per a tots els amants del caravaning\" \/>\n<meta property=\"og:url\" content=\"https:\/\/m3caravaning.com\/ca\/caravanes\/la-revolucio-de-les-caravanes-knaus-deseo-novetat-2018\/\" \/>\n<meta property=\"og:site_name\" content=\"Autocaravanas, caravanas y furgonetas campers nuevas, ocasi\u00f3n y segunda mano\" \/>\n<meta property=\"article:publisher\" content=\"https:\/\/www.facebook.com\/m3caravaning\" \/>\n<meta property=\"article:published_time\" content=\"2018-09-08T08:43:04+00:00\" \/>\n<meta property=\"article:modified_time\" content=\"2024-05-23T10:33:57+00:00\" \/>\n<meta property=\"og:image\" content=\"https:\/\/m3caravaning.com\/wp-content\/uploads\/2021\/01\/la-revolucion-de-las-caravanas-34-knaus-deseo-34-novedad-2018-id-94.jpg\" \/>\n\t<meta property=\"og:image:width\" content=\"1417\" \/>\n\t<meta property=\"og:image:height\" content=\"817\" \/>\n\t<meta property=\"og:image:type\" content=\"image\/jpeg\" \/>\n<meta name=\"author\" content=\"M3 Caravaning\" \/>\n<meta name=\"twitter:card\" content=\"summary_large_image\" \/>\n<meta name=\"twitter:creator\" content=\"@M3Caravaning\" \/>\n<meta name=\"twitter:site\" content=\"@M3Caravaning\" \/>\n<meta name=\"twitter:label1\" content=\"Written by\" \/>\n\t<meta name=\"twitter:data1\" content=\"M3 Caravaning\" \/>\n\t<meta name=\"twitter:label2\" content=\"Est. reading time\" \/>\n\t<meta name=\"twitter:data2\" content=\"5 minutes\" \/>\n<script type=\"application\/ld+json\" class=\"yoast-schema-graph\">{\"@context\":\"https:\/\/schema.org\",\"@graph\":[{\"@type\":\"WebPage\",\"@id\":\"https:\/\/m3caravaning.com\/ca\/caravanes\/la-revolucio-de-les-caravanes-knaus-deseo-novetat-2018\/\",\"url\":\"https:\/\/m3caravaning.com\/ca\/caravanes\/la-revolucio-de-les-caravanes-knaus-deseo-novetat-2018\/\",\"name\":\"La revoluci\u00f3 de les caravanes \\\"Knaus Deseo\\\" Novetat 2018 - Autocaravanas, caravanas y furgonetas campers nuevas, ocasi\u00f3n y segunda mano\",\"isPartOf\":{\"@id\":\"https:\/\/m3caravaning.com\/ca\/#website\"},\"primaryImageOfPage\":{\"@id\":\"https:\/\/m3caravaning.com\/ca\/caravanes\/la-revolucio-de-les-caravanes-knaus-deseo-novetat-2018\/#primaryimage\"},\"image\":{\"@id\":\"https:\/\/m3caravaning.com\/ca\/caravanes\/la-revolucio-de-les-caravanes-knaus-deseo-novetat-2018\/#primaryimage\"},\"thumbnailUrl\":\"https:\/\/m3caravaning.com\/wp-content\/uploads\/2021\/01\/la-revolucion-de-las-caravanas-34-knaus-deseo-34-novedad-2018-id-94.jpg\",\"datePublished\":\"2018-09-08T08:43:04+00:00\",\"dateModified\":\"2024-05-23T10:33:57+00:00\",\"author\":{\"@id\":\"https:\/\/m3caravaning.com\/ca\/#\/schema\/person\/10e5f1edce4be1f414d4bde1bcf0c65f\"},\"description\":\"M3 Caravaning ens exposa la revoluci\u00f3 de les caravanes \\\"Knaus Deseo\\\" Novetat 2018 per a tots els amants del caravaning\",\"breadcrumb\":{\"@id\":\"https:\/\/m3caravaning.com\/ca\/caravanes\/la-revolucio-de-les-caravanes-knaus-deseo-novetat-2018\/#breadcrumb\"},\"inLanguage\":\"ca\",\"potentialAction\":[{\"@type\":\"ReadAction\",\"target\":[\"https:\/\/m3caravaning.com\/ca\/caravanes\/la-revolucio-de-les-caravanes-knaus-deseo-novetat-2018\/\"]}]},{\"@type\":\"ImageObject\",\"inLanguage\":\"ca\",\"@id\":\"https:\/\/m3caravaning.com\/ca\/caravanes\/la-revolucio-de-les-caravanes-knaus-deseo-novetat-2018\/#primaryimage\",\"url\":\"https:\/\/m3caravaning.com\/wp-content\/uploads\/2021\/01\/la-revolucion-de-las-caravanas-34-knaus-deseo-34-novedad-2018-id-94.jpg\",\"contentUrl\":\"https:\/\/m3caravaning.com\/wp-content\/uploads\/2021\/01\/la-revolucion-de-las-caravanas-34-knaus-deseo-34-novedad-2018-id-94.jpg\",\"width\":1417,\"height\":817},{\"@type\":\"BreadcrumbList\",\"@id\":\"https:\/\/m3caravaning.com\/ca\/caravanes\/la-revolucio-de-les-caravanes-knaus-deseo-novetat-2018\/#breadcrumb\",\"itemListElement\":[{\"@type\":\"ListItem\",\"position\":1,\"name\":\"Portada\",\"item\":\"https:\/\/m3caravaning.com\/ca\/\"},{\"@type\":\"ListItem\",\"position\":2,\"name\":\"La revoluci\u00f3 de les caravanes &#8220;Knaus Deseo&#8221; Novetat 2018\"}]},{\"@type\":\"WebSite\",\"@id\":\"https:\/\/m3caravaning.com\/ca\/#website\",\"url\":\"https:\/\/m3caravaning.com\/ca\/\",\"name\":\"Autocaravanas, caravanas y furgonetas campers nuevas, ocasi\u00f3n y segunda mano\",\"description\":\"Tu tienda de autocaravanas, campers y caravanas nuevas y de segunda mano. Alquiler, tienda de recambios, taller, seguros, etc.\",\"potentialAction\":[{\"@type\":\"SearchAction\",\"target\":{\"@type\":\"EntryPoint\",\"urlTemplate\":\"https:\/\/m3caravaning.com\/ca\/?s={search_term_string}\"},\"query-input\":\"required name=search_term_string\"}],\"inLanguage\":\"ca\"},{\"@type\":\"Person\",\"@id\":\"https:\/\/m3caravaning.com\/ca\/#\/schema\/person\/10e5f1edce4be1f414d4bde1bcf0c65f\",\"name\":\"M3 Caravaning\",\"image\":{\"@type\":\"ImageObject\",\"inLanguage\":\"ca\",\"@id\":\"https:\/\/m3caravaning.com\/ca\/#\/schema\/person\/image\/\",\"url\":\"https:\/\/secure.gravatar.com\/avatar\/45cc9e7bfaa20654bd7626e499aa306a8db18ee338763b6b771e707ccbeef54c?s=96&d=mm&r=g\",\"contentUrl\":\"https:\/\/secure.gravatar.com\/avatar\/45cc9e7bfaa20654bd7626e499aa306a8db18ee338763b6b771e707ccbeef54c?s=96&d=mm&r=g\",\"caption\":\"M3 Caravaning\"}}]}<\/script>\n<!-- \/ Yoast SEO plugin. -->","yoast_head_json":{"title":"La revoluci\u00f3 de les caravanes \"Knaus Deseo\" Novetat 2018 - Autocaravanas, caravanas y furgonetas campers nuevas, ocasi\u00f3n y segunda mano","description":"M3 Caravaning ens exposa la revoluci\u00f3 de les caravanes \"Knaus Deseo\" Novetat 2018 per a tots els amants del caravaning","robots":{"index":"index","follow":"follow","max-snippet":"max-snippet:-1","max-image-preview":"max-image-preview:large","max-video-preview":"max-video-preview:-1"},"canonical":"https:\/\/m3caravaning.com\/ca\/caravanes\/la-revolucio-de-les-caravanes-knaus-deseo-novetat-2018\/","og_locale":"ca_ES","og_type":"article","og_title":"La revoluci\u00f3 de les caravanes \"Knaus Deseo\" Novetat 2018 - Autocaravanas, caravanas y furgonetas campers nuevas, ocasi\u00f3n y segunda mano","og_description":"M3 Caravaning ens exposa la revoluci\u00f3 de les caravanes \"Knaus Deseo\" Novetat 2018 per a tots els amants del caravaning","og_url":"https:\/\/m3caravaning.com\/ca\/caravanes\/la-revolucio-de-les-caravanes-knaus-deseo-novetat-2018\/","og_site_name":"Autocaravanas, caravanas y furgonetas campers nuevas, ocasi\u00f3n y segunda mano","article_publisher":"https:\/\/www.facebook.com\/m3caravaning","article_published_time":"2018-09-08T08:43:04+00:00","article_modified_time":"2024-05-23T10:33:57+00:00","og_image":[{"width":1417,"height":817,"url":"https:\/\/m3caravaning.com\/wp-content\/uploads\/2021\/01\/la-revolucion-de-las-caravanas-34-knaus-deseo-34-novedad-2018-id-94.jpg","type":"image\/jpeg"}],"author":"M3 Caravaning","twitter_card":"summary_large_image","twitter_creator":"@M3Caravaning","twitter_site":"@M3Caravaning","twitter_misc":{"Written by":"M3 Caravaning","Est. reading time":"5 minutes"},"schema":{"@context":"https:\/\/schema.org","@graph":[{"@type":"WebPage","@id":"https:\/\/m3caravaning.com\/ca\/caravanes\/la-revolucio-de-les-caravanes-knaus-deseo-novetat-2018\/","url":"https:\/\/m3caravaning.com\/ca\/caravanes\/la-revolucio-de-les-caravanes-knaus-deseo-novetat-2018\/","name":"La revoluci\u00f3 de les caravanes \"Knaus Deseo\" Novetat 2018 - Autocaravanas, caravanas y furgonetas campers nuevas, ocasi\u00f3n y segunda mano","isPartOf":{"@id":"https:\/\/m3caravaning.com\/ca\/#website"},"primaryImageOfPage":{"@id":"https:\/\/m3caravaning.com\/ca\/caravanes\/la-revolucio-de-les-caravanes-knaus-deseo-novetat-2018\/#primaryimage"},"image":{"@id":"https:\/\/m3caravaning.com\/ca\/caravanes\/la-revolucio-de-les-caravanes-knaus-deseo-novetat-2018\/#primaryimage"},"thumbnailUrl":"https:\/\/m3caravaning.com\/wp-content\/uploads\/2021\/01\/la-revolucion-de-las-caravanas-34-knaus-deseo-34-novedad-2018-id-94.jpg","datePublished":"2018-09-08T08:43:04+00:00","dateModified":"2024-05-23T10:33:57+00:00","author":{"@id":"https:\/\/m3caravaning.com\/ca\/#\/schema\/person\/10e5f1edce4be1f414d4bde1bcf0c65f"},"description":"M3 Caravaning ens exposa la revoluci\u00f3 de les caravanes \"Knaus Deseo\" Novetat 2018 per a tots els amants del caravaning","breadcrumb":{"@id":"https:\/\/m3caravaning.com\/ca\/caravanes\/la-revolucio-de-les-caravanes-knaus-deseo-novetat-2018\/#breadcrumb"},"inLanguage":"ca","potentialAction":[{"@type":"ReadAction","target":["https:\/\/m3caravaning.com\/ca\/caravanes\/la-revolucio-de-les-caravanes-knaus-deseo-novetat-2018\/"]}]},{"@type":"ImageObject","inLanguage":"ca","@id":"https:\/\/m3caravaning.com\/ca\/caravanes\/la-revolucio-de-les-caravanes-knaus-deseo-novetat-2018\/#primaryimage","url":"https:\/\/m3caravaning.com\/wp-content\/uploads\/2021\/01\/la-revolucion-de-las-caravanas-34-knaus-deseo-34-novedad-2018-id-94.jpg","contentUrl":"https:\/\/m3caravaning.com\/wp-content\/uploads\/2021\/01\/la-revolucion-de-las-caravanas-34-knaus-deseo-34-novedad-2018-id-94.jpg","width":1417,"height":817},{"@type":"BreadcrumbList","@id":"https:\/\/m3caravaning.com\/ca\/caravanes\/la-revolucio-de-les-caravanes-knaus-deseo-novetat-2018\/#breadcrumb","itemListElement":[{"@type":"ListItem","position":1,"name":"Portada","item":"https:\/\/m3caravaning.com\/ca\/"},{"@type":"ListItem","position":2,"name":"La revoluci\u00f3 de les caravanes &#8220;Knaus Deseo&#8221; Novetat 2018"}]},{"@type":"WebSite","@id":"https:\/\/m3caravaning.com\/ca\/#website","url":"https:\/\/m3caravaning.com\/ca\/","name":"Autocaravanas, caravanas y furgonetas campers nuevas, ocasi\u00f3n y segunda mano","description":"Tu tienda de autocaravanas, campers y caravanas nuevas y de segunda mano. Alquiler, tienda de recambios, taller, seguros, etc.","potentialAction":[{"@type":"SearchAction","target":{"@type":"EntryPoint","urlTemplate":"https:\/\/m3caravaning.com\/ca\/?s={search_term_string}"},"query-input":"required name=search_term_string"}],"inLanguage":"ca"},{"@type":"Person","@id":"https:\/\/m3caravaning.com\/ca\/#\/schema\/person\/10e5f1edce4be1f414d4bde1bcf0c65f","name":"M3 Caravaning","image":{"@type":"ImageObject","inLanguage":"ca","@id":"https:\/\/m3caravaning.com\/ca\/#\/schema\/person\/image\/","url":"https:\/\/secure.gravatar.com\/avatar\/45cc9e7bfaa20654bd7626e499aa306a8db18ee338763b6b771e707ccbeef54c?s=96&d=mm&r=g","contentUrl":"https:\/\/secure.gravatar.com\/avatar\/45cc9e7bfaa20654bd7626e499aa306a8db18ee338763b6b771e707ccbeef54c?s=96&d=mm&r=g","caption":"M3 Caravaning"}}]}},"_links":{"self":[{"href":"https:\/\/m3caravaning.com\/ca\/wp-json\/wp\/v2\/posts\/9020","targetHints":{"allow":["GET"]}}],"collection":[{"href":"https:\/\/m3caravaning.com\/ca\/wp-json\/wp\/v2\/posts"}],"about":[{"href":"https:\/\/m3caravaning.com\/ca\/wp-json\/wp\/v2\/types\/post"}],"author":[{"embeddable":true,"href":"https:\/\/m3caravaning.com\/ca\/wp-json\/wp\/v2\/users\/2"}],"replies":[{"embeddable":true,"href":"https:\/\/m3caravaning.com\/ca\/wp-json\/wp\/v2\/comments?post=9020"}],"version-history":[{"count":1,"href":"https:\/\/m3caravaning.com\/ca\/wp-json\/wp\/v2\/posts\/9020\/revisions"}],"predecessor-version":[{"id":619449,"href":"https:\/\/m3caravaning.com\/ca\/wp-json\/wp\/v2\/posts\/9020\/revisions\/619449"}],"wp:featuredmedia":[{"embeddable":true,"href":"https:\/\/m3caravaning.com\/ca\/wp-json\/wp\/v2\/media\/427"}],"wp:attachment":[{"href":"https:\/\/m3caravaning.com\/ca\/wp-json\/wp\/v2\/media?parent=9020"}],"wp:term":[{"taxonomy":"category","embeddable":true,"href":"https:\/\/m3caravaning.com\/ca\/wp-json\/wp\/v2\/categories?post=9020"},{"taxonomy":"post_tag","embeddable":true,"href":"https:\/\/m3caravaning.com\/ca\/wp-json\/wp\/v2\/tags?post=9020"}],"curies":[{"name":"wp","href":"https:\/\/api.w.org\/{rel}","templated":true}]}}