





{"id":8960,"date":"2018-05-27T11:33:57","date_gmt":"2018-05-27T09:33:57","guid":{"rendered":"https:\/\/m3caravaning.com\/?p=8960"},"modified":"2021-06-04T15:44:03","modified_gmt":"2021-06-04T13:44:03","slug":"aparcar-la-teva-autocaravana-quant-pot-esdevenir-un-problema","status":"publish","type":"post","link":"https:\/\/m3caravaning.com\/ca\/autocaravanes\/aparcar-la-teva-autocaravana-quant-pot-esdevenir-un-problema\/","title":{"rendered":"Aparcar la teva autocaravana, quant pot esdevenir un problema?"},"content":{"rendered":"<p>Si est\u00e0s pensat en** viatjar en caravana**\u00a0<strong>autocaravana<\/strong>\u00a0o\u00a0<strong>furgoneta camper<\/strong>\u00a0a l&#8217; estiu, i \u00e9s la primera vegada que ho fas, has d&#8217;informar-te de moltes coses abans de comen\u00e7ar el teu viatge, sobretot pel que fa a aspectes legals de la DGT. Per aix\u00f2 avui, des de\u00a0<strong>M3Caravaning<\/strong>, volem explicar-te les difer\u00e8ncies entre acampar i estacionar i el que diu la legislaci\u00f3 de la direcci\u00f3 general de tr\u00e0nsit sobre el tema.<\/p>\n<p>L&#8217;<strong>autocaravana<\/strong>\u00a0\u00e9s un vehicle d&#8217;allotjament i es pot menjar, dormir i passar l&#8217;estona dins d&#8217;ell, ja que l&#8217;\u00fas \u00e9s privat. Per\u00f2 quan l&#8217;aparquis has de tenir en compte que \u00fanicament poden estar les rodes en contacte amb el s\u00f2l. No pots posar les potes per estabilitzar l&#8217;autocaravana. Igual que no pots treure cadires, taules, tendals, ni emetre emissions ni flu\u00efts\u2026 Encara que s\u00ed podr\u00e0s obrir claraboies, per\u00f2 sense excedir el per\u00edmetre del vehicle. Si col\u00b7loques tots els elements no permesos es considerar\u00e0 que est\u00e0 acampant en una zona que no es permet i, per tant, indegudament estacionada.<\/p>\n<p>En el 2008 el Ministeri de l&#8217;interior va aprovar la Instrucci\u00f3 08\/V-74 de la DGT la qual diu el seg\u00fcent: \u2018mentre un vehicle estigui correctament estacionat, sense sobrepassar les marques vials de delimitaci\u00f3 de la zona d&#8217;estacionament, ni la limitaci\u00f3 temporal, no \u00e9s rellevant que els seus ocupants es trobin dins, per la qual cosa l&#8217;<strong>autocaravana<\/strong>\u00a0no \u00e9s excepci\u00f3, bastant que l&#8217;activitat interna no transcendeixi a l&#8217;exterior mitjan\u00e7ant el desplegament d&#8217;elements que desbordin el per\u00edmetre del vehicle, com tenderetes, tendals, dispositius d&#8217;anivellaci\u00f3, suports d&#8217;estabilitzaci\u00f3\u2026\u2019<\/p>\n<p>Aix\u00f2 va portar molts problemes ja que en moltes localitats no seguien aquest reglament i per tant hi havia den\u00fancies i multes a tots aquells que estacionessin aquest tipus de vehicles. Per acabar amb el problema en el 2015 es va definir una nova legislaci\u00f3 que va equipara l&#8217;estacionament d&#8217;aquests vehicles amb la resta d&#8217;Europa.<\/p>\n<p>Gr\u00e0cies a M3 Caravaning estaciona segur aquest estiu, si necessites m\u00e9s informaci\u00f3 sobre altres temes o models de\u00a0<strong>caravanes noves, d&#8217;ocasi\u00f3 o segona m\u00e0<\/strong>\u00a0t&#8217;esperem a les nostres instal\u00b7lacions.<\/p>\n","protected":false},"excerpt":{"rendered":"<p>Si est\u00e0s pensat en** viatjar en caravana**\u00a0autocaravana\u00a0o\u00a0furgoneta camper\u00a0a l&#8217; estiu, i \u00e9s la primera vegada que ho fas, has d&#8217;informar-te de moltes coses abans de comen\u00e7ar el teu viatge, sobretot pel que fa a aspectes legals de la DGT. Per aix\u00f2 avui, des de\u00a0M3Caravaning, volem explicar-te les difer\u00e8ncies entre acampar i estacionar i el que<\/p>\n","protected":false},"author":2,"featured_media":636162,"comment_status":"closed","ping_status":"open","sticky":false,"template":"","format":"standard","meta":{"footnotes":""},"categories":[15],"tags":[],"class_list":["post-8960","post","type-post","status-publish","format-standard","has-post-thumbnail","hentry","category-autocaravanes"],"yoast_head":"<!-- This site is optimized with the Yoast SEO plugin v22.4 - https:\/\/yoast.com\/wordpress\/plugins\/seo\/ -->\n<title>Aparcar la teva autocaravana, quant pot esdevenir un problema? - Autocaravanas, caravanas y furgonetas campers nuevas, ocasi\u00f3n y segunda mano<\/title>\n<meta name=\"description\" content=\"M3 Caravaning t&#039;explica quant aparcar la teva autocaravana, quant pot esdevenir un problema? Ara mateix t&#039;ho expliquem\" \/>\n<meta name=\"robots\" content=\"index, follow, max-snippet:-1, max-image-preview:large, max-video-preview:-1\" \/>\n<link rel=\"canonical\" href=\"https:\/\/m3caravaning.com\/ca\/autocaravanes\/aparcar-la-teva-autocaravana-quant-pot-esdevenir-un-problema\/\" \/>\n<meta property=\"og:locale\" content=\"ca_ES\" \/>\n<meta property=\"og:type\" content=\"article\" \/>\n<meta property=\"og:title\" content=\"Aparcar la teva autocaravana, quant pot esdevenir un problema? - Autocaravanas, caravanas y furgonetas campers nuevas, ocasi\u00f3n y segunda mano\" \/>\n<meta property=\"og:description\" content=\"M3 Caravaning t&#039;explica quant aparcar la teva autocaravana, quant pot esdevenir un problema? Ara mateix t&#039;ho expliquem\" \/>\n<meta property=\"og:url\" content=\"https:\/\/m3caravaning.com\/ca\/autocaravanes\/aparcar-la-teva-autocaravana-quant-pot-esdevenir-un-problema\/\" \/>\n<meta property=\"og:site_name\" content=\"Autocaravanas, caravanas y furgonetas campers nuevas, ocasi\u00f3n y segunda mano\" \/>\n<meta property=\"article:publisher\" content=\"https:\/\/www.facebook.com\/m3caravaning\" \/>\n<meta property=\"article:published_time\" content=\"2018-05-27T09:33:57+00:00\" \/>\n<meta property=\"article:modified_time\" content=\"2021-06-04T13:44:03+00:00\" \/>\n<meta property=\"og:image\" content=\"https:\/\/m3caravaning.com\/wp-content\/uploads\/2021\/01\/estacionar-tu-autocaravana-cuando-es-un-problema-id-164.jpg\" \/>\n\t<meta property=\"og:image:width\" content=\"640\" \/>\n\t<meta property=\"og:image:height\" content=\"426\" \/>\n\t<meta property=\"og:image:type\" content=\"image\/jpeg\" \/>\n<meta name=\"author\" content=\"M3 Caravaning\" \/>\n<meta name=\"twitter:card\" content=\"summary_large_image\" \/>\n<meta name=\"twitter:creator\" content=\"@M3Caravaning\" \/>\n<meta name=\"twitter:site\" content=\"@M3Caravaning\" \/>\n<meta name=\"twitter:label1\" content=\"Written by\" \/>\n\t<meta name=\"twitter:data1\" content=\"M3 Caravaning\" \/>\n\t<meta name=\"twitter:label2\" content=\"Est. reading time\" \/>\n\t<meta name=\"twitter:data2\" content=\"2 minutes\" \/>\n<script type=\"application\/ld+json\" class=\"yoast-schema-graph\">{\"@context\":\"https:\/\/schema.org\",\"@graph\":[{\"@type\":\"WebPage\",\"@id\":\"https:\/\/m3caravaning.com\/ca\/autocaravanes\/aparcar-la-teva-autocaravana-quant-pot-esdevenir-un-problema\/\",\"url\":\"https:\/\/m3caravaning.com\/ca\/autocaravanes\/aparcar-la-teva-autocaravana-quant-pot-esdevenir-un-problema\/\",\"name\":\"Aparcar la teva autocaravana, quant pot esdevenir un problema? - Autocaravanas, caravanas y furgonetas campers nuevas, ocasi\u00f3n y segunda mano\",\"isPartOf\":{\"@id\":\"https:\/\/m3caravaning.com\/ca\/#website\"},\"primaryImageOfPage\":{\"@id\":\"https:\/\/m3caravaning.com\/ca\/autocaravanes\/aparcar-la-teva-autocaravana-quant-pot-esdevenir-un-problema\/#primaryimage\"},\"image\":{\"@id\":\"https:\/\/m3caravaning.com\/ca\/autocaravanes\/aparcar-la-teva-autocaravana-quant-pot-esdevenir-un-problema\/#primaryimage\"},\"thumbnailUrl\":\"https:\/\/m3caravaning.com\/wp-content\/uploads\/2025\/08\/estacionamiento-de-autocaravanas.webp\",\"datePublished\":\"2018-05-27T09:33:57+00:00\",\"dateModified\":\"2021-06-04T13:44:03+00:00\",\"author\":{\"@id\":\"https:\/\/m3caravaning.com\/ca\/#\/schema\/person\/10e5f1edce4be1f414d4bde1bcf0c65f\"},\"description\":\"M3 Caravaning t'explica quant aparcar la teva autocaravana, quant pot esdevenir un problema? Ara mateix t'ho expliquem\",\"breadcrumb\":{\"@id\":\"https:\/\/m3caravaning.com\/ca\/autocaravanes\/aparcar-la-teva-autocaravana-quant-pot-esdevenir-un-problema\/#breadcrumb\"},\"inLanguage\":\"ca\",\"potentialAction\":[{\"@type\":\"ReadAction\",\"target\":[\"https:\/\/m3caravaning.com\/ca\/autocaravanes\/aparcar-la-teva-autocaravana-quant-pot-esdevenir-un-problema\/\"]}]},{\"@type\":\"ImageObject\",\"inLanguage\":\"ca\",\"@id\":\"https:\/\/m3caravaning.com\/ca\/autocaravanes\/aparcar-la-teva-autocaravana-quant-pot-esdevenir-un-problema\/#primaryimage\",\"url\":\"https:\/\/m3caravaning.com\/wp-content\/uploads\/2025\/08\/estacionamiento-de-autocaravanas.webp\",\"contentUrl\":\"https:\/\/m3caravaning.com\/wp-content\/uploads\/2025\/08\/estacionamiento-de-autocaravanas.webp\",\"width\":1200,\"height\":640,\"caption\":\"Estacionamiento de autocaravanas\"},{\"@type\":\"BreadcrumbList\",\"@id\":\"https:\/\/m3caravaning.com\/ca\/autocaravanes\/aparcar-la-teva-autocaravana-quant-pot-esdevenir-un-problema\/#breadcrumb\",\"itemListElement\":[{\"@type\":\"ListItem\",\"position\":1,\"name\":\"Portada\",\"item\":\"https:\/\/m3caravaning.com\/ca\/\"},{\"@type\":\"ListItem\",\"position\":2,\"name\":\"Aparcar la teva autocaravana, quant pot esdevenir un problema?\"}]},{\"@type\":\"WebSite\",\"@id\":\"https:\/\/m3caravaning.com\/ca\/#website\",\"url\":\"https:\/\/m3caravaning.com\/ca\/\",\"name\":\"Autocaravanas, caravanas y furgonetas campers nuevas, ocasi\u00f3n y segunda mano\",\"description\":\"Tu tienda de autocaravanas, campers y caravanas nuevas y de segunda mano. Alquiler, tienda de recambios, taller, seguros, etc.\",\"potentialAction\":[{\"@type\":\"SearchAction\",\"target\":{\"@type\":\"EntryPoint\",\"urlTemplate\":\"https:\/\/m3caravaning.com\/ca\/?s={search_term_string}\"},\"query-input\":\"required name=search_term_string\"}],\"inLanguage\":\"ca\"},{\"@type\":\"Person\",\"@id\":\"https:\/\/m3caravaning.com\/ca\/#\/schema\/person\/10e5f1edce4be1f414d4bde1bcf0c65f\",\"name\":\"M3 Caravaning\",\"image\":{\"@type\":\"ImageObject\",\"inLanguage\":\"ca\",\"@id\":\"https:\/\/m3caravaning.com\/ca\/#\/schema\/person\/image\/\",\"url\":\"https:\/\/secure.gravatar.com\/avatar\/45cc9e7bfaa20654bd7626e499aa306a8db18ee338763b6b771e707ccbeef54c?s=96&d=mm&r=g\",\"contentUrl\":\"https:\/\/secure.gravatar.com\/avatar\/45cc9e7bfaa20654bd7626e499aa306a8db18ee338763b6b771e707ccbeef54c?s=96&d=mm&r=g\",\"caption\":\"M3 Caravaning\"}}]}<\/script>\n<!-- \/ Yoast SEO plugin. -->","yoast_head_json":{"title":"Aparcar la teva autocaravana, quant pot esdevenir un problema? - Autocaravanas, caravanas y furgonetas campers nuevas, ocasi\u00f3n y segunda mano","description":"M3 Caravaning t'explica quant aparcar la teva autocaravana, quant pot esdevenir un problema? Ara mateix t'ho expliquem","robots":{"index":"index","follow":"follow","max-snippet":"max-snippet:-1","max-image-preview":"max-image-preview:large","max-video-preview":"max-video-preview:-1"},"canonical":"https:\/\/m3caravaning.com\/ca\/autocaravanes\/aparcar-la-teva-autocaravana-quant-pot-esdevenir-un-problema\/","og_locale":"ca_ES","og_type":"article","og_title":"Aparcar la teva autocaravana, quant pot esdevenir un problema? - Autocaravanas, caravanas y furgonetas campers nuevas, ocasi\u00f3n y segunda mano","og_description":"M3 Caravaning t'explica quant aparcar la teva autocaravana, quant pot esdevenir un problema? Ara mateix t'ho expliquem","og_url":"https:\/\/m3caravaning.com\/ca\/autocaravanes\/aparcar-la-teva-autocaravana-quant-pot-esdevenir-un-problema\/","og_site_name":"Autocaravanas, caravanas y furgonetas campers nuevas, ocasi\u00f3n y segunda mano","article_publisher":"https:\/\/www.facebook.com\/m3caravaning","article_published_time":"2018-05-27T09:33:57+00:00","article_modified_time":"2021-06-04T13:44:03+00:00","og_image":[{"width":640,"height":426,"url":"https:\/\/m3caravaning.com\/wp-content\/uploads\/2021\/01\/estacionar-tu-autocaravana-cuando-es-un-problema-id-164.jpg","type":"image\/jpeg"}],"author":"M3 Caravaning","twitter_card":"summary_large_image","twitter_creator":"@M3Caravaning","twitter_site":"@M3Caravaning","twitter_misc":{"Written by":"M3 Caravaning","Est. reading time":"2 minutes"},"schema":{"@context":"https:\/\/schema.org","@graph":[{"@type":"WebPage","@id":"https:\/\/m3caravaning.com\/ca\/autocaravanes\/aparcar-la-teva-autocaravana-quant-pot-esdevenir-un-problema\/","url":"https:\/\/m3caravaning.com\/ca\/autocaravanes\/aparcar-la-teva-autocaravana-quant-pot-esdevenir-un-problema\/","name":"Aparcar la teva autocaravana, quant pot esdevenir un problema? - Autocaravanas, caravanas y furgonetas campers nuevas, ocasi\u00f3n y segunda mano","isPartOf":{"@id":"https:\/\/m3caravaning.com\/ca\/#website"},"primaryImageOfPage":{"@id":"https:\/\/m3caravaning.com\/ca\/autocaravanes\/aparcar-la-teva-autocaravana-quant-pot-esdevenir-un-problema\/#primaryimage"},"image":{"@id":"https:\/\/m3caravaning.com\/ca\/autocaravanes\/aparcar-la-teva-autocaravana-quant-pot-esdevenir-un-problema\/#primaryimage"},"thumbnailUrl":"https:\/\/m3caravaning.com\/wp-content\/uploads\/2025\/08\/estacionamiento-de-autocaravanas.webp","datePublished":"2018-05-27T09:33:57+00:00","dateModified":"2021-06-04T13:44:03+00:00","author":{"@id":"https:\/\/m3caravaning.com\/ca\/#\/schema\/person\/10e5f1edce4be1f414d4bde1bcf0c65f"},"description":"M3 Caravaning t'explica quant aparcar la teva autocaravana, quant pot esdevenir un problema? Ara mateix t'ho expliquem","breadcrumb":{"@id":"https:\/\/m3caravaning.com\/ca\/autocaravanes\/aparcar-la-teva-autocaravana-quant-pot-esdevenir-un-problema\/#breadcrumb"},"inLanguage":"ca","potentialAction":[{"@type":"ReadAction","target":["https:\/\/m3caravaning.com\/ca\/autocaravanes\/aparcar-la-teva-autocaravana-quant-pot-esdevenir-un-problema\/"]}]},{"@type":"ImageObject","inLanguage":"ca","@id":"https:\/\/m3caravaning.com\/ca\/autocaravanes\/aparcar-la-teva-autocaravana-quant-pot-esdevenir-un-problema\/#primaryimage","url":"https:\/\/m3caravaning.com\/wp-content\/uploads\/2025\/08\/estacionamiento-de-autocaravanas.webp","contentUrl":"https:\/\/m3caravaning.com\/wp-content\/uploads\/2025\/08\/estacionamiento-de-autocaravanas.webp","width":1200,"height":640,"caption":"Estacionamiento de autocaravanas"},{"@type":"BreadcrumbList","@id":"https:\/\/m3caravaning.com\/ca\/autocaravanes\/aparcar-la-teva-autocaravana-quant-pot-esdevenir-un-problema\/#breadcrumb","itemListElement":[{"@type":"ListItem","position":1,"name":"Portada","item":"https:\/\/m3caravaning.com\/ca\/"},{"@type":"ListItem","position":2,"name":"Aparcar la teva autocaravana, quant pot esdevenir un problema?"}]},{"@type":"WebSite","@id":"https:\/\/m3caravaning.com\/ca\/#website","url":"https:\/\/m3caravaning.com\/ca\/","name":"Autocaravanas, caravanas y furgonetas campers nuevas, ocasi\u00f3n y segunda mano","description":"Tu tienda de autocaravanas, campers y caravanas nuevas y de segunda mano. Alquiler, tienda de recambios, taller, seguros, etc.","potentialAction":[{"@type":"SearchAction","target":{"@type":"EntryPoint","urlTemplate":"https:\/\/m3caravaning.com\/ca\/?s={search_term_string}"},"query-input":"required name=search_term_string"}],"inLanguage":"ca"},{"@type":"Person","@id":"https:\/\/m3caravaning.com\/ca\/#\/schema\/person\/10e5f1edce4be1f414d4bde1bcf0c65f","name":"M3 Caravaning","image":{"@type":"ImageObject","inLanguage":"ca","@id":"https:\/\/m3caravaning.com\/ca\/#\/schema\/person\/image\/","url":"https:\/\/secure.gravatar.com\/avatar\/45cc9e7bfaa20654bd7626e499aa306a8db18ee338763b6b771e707ccbeef54c?s=96&d=mm&r=g","contentUrl":"https:\/\/secure.gravatar.com\/avatar\/45cc9e7bfaa20654bd7626e499aa306a8db18ee338763b6b771e707ccbeef54c?s=96&d=mm&r=g","caption":"M3 Caravaning"}}]}},"_links":{"self":[{"href":"https:\/\/m3caravaning.com\/ca\/wp-json\/wp\/v2\/posts\/8960","targetHints":{"allow":["GET"]}}],"collection":[{"href":"https:\/\/m3caravaning.com\/ca\/wp-json\/wp\/v2\/posts"}],"about":[{"href":"https:\/\/m3caravaning.com\/ca\/wp-json\/wp\/v2\/types\/post"}],"author":[{"embeddable":true,"href":"https:\/\/m3caravaning.com\/ca\/wp-json\/wp\/v2\/users\/2"}],"replies":[{"embeddable":true,"href":"https:\/\/m3caravaning.com\/ca\/wp-json\/wp\/v2\/comments?post=8960"}],"version-history":[{"count":0,"href":"https:\/\/m3caravaning.com\/ca\/wp-json\/wp\/v2\/posts\/8960\/revisions"}],"wp:featuredmedia":[{"embeddable":true,"href":"https:\/\/m3caravaning.com\/ca\/wp-json\/wp\/v2\/media\/636162"}],"wp:attachment":[{"href":"https:\/\/m3caravaning.com\/ca\/wp-json\/wp\/v2\/media?parent=8960"}],"wp:term":[{"taxonomy":"category","embeddable":true,"href":"https:\/\/m3caravaning.com\/ca\/wp-json\/wp\/v2\/categories?post=8960"},{"taxonomy":"post_tag","embeddable":true,"href":"https:\/\/m3caravaning.com\/ca\/wp-json\/wp\/v2\/tags?post=8960"}],"curies":[{"name":"wp","href":"https:\/\/api.w.org\/{rel}","templated":true}]}}