





{"id":8790,"date":"2018-04-06T12:33:11","date_gmt":"2018-04-06T10:33:11","guid":{"rendered":"https:\/\/m3caravaning.com\/?p=8790"},"modified":"2021-06-11T09:48:27","modified_gmt":"2021-06-11T07:48:27","slug":"especialistes-en-assegurances-dautocaravanes-i-caravanes-vols-millorar-la-teva-quota-contacta-amb-nosaltres","status":"publish","type":"post","link":"https:\/\/m3caravaning.com\/ca\/autocaravanes\/especialistes-en-assegurances-dautocaravanes-i-caravanes-vols-millorar-la-teva-quota-contacta-amb-nosaltres\/","title":{"rendered":"Especialistes en assegurances d&#8217;autocaravanes i caravanes, vols millorar la teva quota? Contacta amb nosaltres"},"content":{"rendered":"<p>Som mediadors FIATC des de fa m\u00e9s de 20 anys, especialitzats en assegurances del carav\u00e0ning; com caravanes, autocaravanes i campers. I \u00e9s per aix\u00f2 que podem ajudar-te al m\u00e0xim en qualsevol dubte que puguis tenir relacionat amb el teu vehicle de c\u00e0mping. Ets primerenc i vols saber tots els pros i contres? T&#8217;interessa una assist\u00e8ncia en carretera per tot Europa? Ens adaptem a qualsevol situaci\u00f3 i busquem la millor opci\u00f3.<\/p>\n<h3>AVANTATGES DE L&#8217;ASSEGURAN\u00c7A PER CARAVANES<\/h3>\n<p>L&#8217;asseguran\u00e7a de caravanes de FIATC et garanteix les cobertures m\u00e9s completes per la teva caravana i els teus b\u00e9ns estiguin sempre perfectament assegurats davant de qualsevol eventualitat en l&#8217;\u00e0mbit europeu.<\/p>\n<p>** Asseguran\u00e7a &#8220;a valor de nou&#8221;** Assegura un capital que cobreix totalment el valor de la caravana en estat de nou.<\/p>\n<p><strong>Continent i Contingut<\/strong>\u00a0Amb l&#8217;asseguran\u00e7a de caravanes tamb\u00e9 pots assegurar la teva caravana o m\u00f2dul fix, aix\u00ed com la TV, tendal de viatge, \u00fatils, roba, avan\u00e7 fins a la teva bicicleta. Podr\u00e0s tenir el nivell de protecci\u00f3 que necessites i aix\u00ed gaudir tranquil \u2022 lament dels teus viatges, despla\u00e7aments i estades.<\/p>\n<p>**Cobertures m\u00e9s completes **<\/p>\n<ul>\n<li>Danys provocats a la caravana i els b\u00e9ns assegurats per incendi, explosi\u00f3, ones s\u00f2niques, caiguda de llamp, vandalime, xoc o impacte de vehicles terrestres, fen\u00f2mens atmosf\u00e8rics i aig\u00fces desbordades. Tant en circulaci\u00f3 com en rep\u00f2s.<\/li>\n<li>Despeses d&#8217;extinci\u00f3, salvament, desenrunament &#8230; en cas d&#8217;incendi o inundaci\u00f3.<\/li>\n<li>Robatori i espoliaci\u00f3: Per la sostracci\u00f3 dels b\u00e9ns assegurats<\/li>\n<li>Trencaments de vidres: Despeses de reposici\u00f3, transport i col\u00b7locaci\u00f3.<\/li>\n<li>Danys provocats a tercers per la caravana en rep\u00f2s (Responsabilitat Civil):<\/li>\n<li>Responsabilitat civil com a propietari o usuari de la caravana<\/li>\n<li>Constituci\u00f3 de fiances judicials<\/li>\n<\/ul>\n<p><strong>Reclamaci\u00f3 de danys<\/strong><\/p>\n<p>Tres franqu\u00edcies a escollir. En la modalitat Tot risc-Caravan podr\u00e0s triar la franqu\u00edcia que m\u00e9s s&#8217;adapti a les seves necessitats. (90 \u20ac \/ 150 \u20ac \/ 300 \u20ac)<\/p>\n<p>** Atenci\u00f3 personalitzada **<\/p>\n<p>Ens pot consultar dubtes als 6 dies de la setmana i li fem d&#8217;assessors en qualsevol tr\u00e0mit relacionat amb la seva asseguran\u00e7a de Fiatc.<\/p>\n<h3>AVANTATGES DE L&#8217;ASSEGURAN\u00c7A PER A AUTOCARAVANES I CAMPERS<\/h3>\n<ul>\n<li>-Assist\u00e8ncia en carretera 24 h i km 0<\/li>\n<li>-Lliure Elecci\u00f3 de taller<\/li>\n<li>-R\u00e0pida Peritatge en cas de sinistre<\/li>\n<li>-Extrav\u00edo De claus, punxada, falta de carburant &#8230;<\/li>\n<li>-Cosines Especials<\/li>\n<li>-Bonificaciones Bons conductors<\/li>\n<\/ul>\n<p>Aquestes s\u00f3n les caracter\u00edstiques m\u00e9s destacades de la nostra asseguran\u00e7a:<\/p>\n<ul>\n<li>Bonificacions de fins a un 65% per als bons conductors.<\/li>\n<li><\/li>\n<li>Possibilitat de pagament fraccionat.<\/li>\n<li><\/li>\n<li>Garantia d&#8217;accidents corporals per al conductor.<\/li>\n<li><\/li>\n<li>R\u00e0pida peritatge en cas de sinistre.<\/li>\n<li><\/li>\n<li>Tramitaci\u00f3 de multes amb servei permanent 24 hores.<\/li>\n<li><\/li>\n<li>Lliure elecci\u00f3 de taller o la nostra xarxa de tallers de confian\u00e7a TSPLUS que t&#8217;oferiran assessorament i avantatges addicionals sense cap cost afegit.<\/li>\n<li><\/li>\n<li>Reparaci\u00f3 i Reposici\u00f3 de Llunes en un taller de la teva elecci\u00f3 o en un dels nostres tallers on el cost de la reparaci\u00f3 s&#8217;imputa directament a FIATC.<\/li>\n<li><\/li>\n<li>Assist\u00e8ncia en carretera servei 24 hores des del km 0 i cobertures com p\u00e8rdua de claus, punxades i manca de carburant entre d&#8217;altres.<\/li>\n<li><\/li>\n<li>Demana&#8217;ns pressupost de la seva caravana o c\u00e0mping sense comprom\u00eds!<\/li>\n<\/ul>\n","protected":false},"excerpt":{"rendered":"<p>Som mediadors FIATC des de fa m\u00e9s de 20 anys, especialitzats en assegurances del carav\u00e0ning; com caravanes, autocaravanes i campers. I \u00e9s per aix\u00f2 que podem ajudar-te al m\u00e0xim en qualsevol dubte que puguis tenir relacionat amb el teu vehicle de c\u00e0mping. Ets primerenc i vols saber tots els pros i contres? T&#8217;interessa una assist\u00e8ncia<\/p>\n","protected":false},"author":2,"featured_media":419,"comment_status":"closed","ping_status":"open","sticky":false,"template":"","format":"standard","meta":{"footnotes":""},"categories":[15,16,17],"tags":[],"class_list":["post-8790","post","type-post","status-publish","format-standard","has-post-thumbnail","hentry","category-autocaravanes","category-campers-ca","category-caravanes"],"yoast_head":"<!-- This site is optimized with the Yoast SEO plugin v22.4 - https:\/\/yoast.com\/wordpress\/plugins\/seo\/ -->\n<title>Especialistes en assegurances d&#039;autocaravanes i caravanes, vols millorar la teva quota? Contacta amb nosaltres - Autocaravanas, caravanas y furgonetas campers nuevas, ocasi\u00f3n y segunda mano<\/title>\n<meta name=\"description\" content=\"Els millors especialistes en assegurances d&#039;autocaravanes i caravanes, vols millorar la teva quota? Contacta amb nosaltres\" \/>\n<meta name=\"robots\" content=\"index, follow, max-snippet:-1, max-image-preview:large, max-video-preview:-1\" \/>\n<link rel=\"canonical\" href=\"https:\/\/m3caravaning.com\/ca\/autocaravanes\/especialistes-en-assegurances-dautocaravanes-i-caravanes-vols-millorar-la-teva-quota-contacta-amb-nosaltres\/\" \/>\n<meta property=\"og:locale\" content=\"ca_ES\" \/>\n<meta property=\"og:type\" content=\"article\" \/>\n<meta property=\"og:title\" content=\"Especialistes en assegurances d&#039;autocaravanes i caravanes, vols millorar la teva quota? Contacta amb nosaltres - Autocaravanas, caravanas y furgonetas campers nuevas, ocasi\u00f3n y segunda mano\" \/>\n<meta property=\"og:description\" content=\"Els millors especialistes en assegurances d&#039;autocaravanes i caravanes, vols millorar la teva quota? Contacta amb nosaltres\" \/>\n<meta property=\"og:url\" content=\"https:\/\/m3caravaning.com\/ca\/autocaravanes\/especialistes-en-assegurances-dautocaravanes-i-caravanes-vols-millorar-la-teva-quota-contacta-amb-nosaltres\/\" \/>\n<meta property=\"og:site_name\" content=\"Autocaravanas, caravanas y furgonetas campers nuevas, ocasi\u00f3n y segunda mano\" \/>\n<meta property=\"article:publisher\" content=\"https:\/\/www.facebook.com\/m3caravaning\" \/>\n<meta property=\"article:published_time\" content=\"2018-04-06T10:33:11+00:00\" \/>\n<meta property=\"article:modified_time\" content=\"2021-06-11T07:48:27+00:00\" \/>\n<meta property=\"og:image\" content=\"https:\/\/m3caravaning.com\/wp-content\/uploads\/2021\/01\/especialistas-en-seguros-de-autocaravanas-y-caravanas-quieres-mejorar-tu-cuota-contacta-con-nosotros-id-50.jpg\" \/>\n\t<meta property=\"og:image:width\" content=\"1239\" \/>\n\t<meta property=\"og:image:height\" content=\"1080\" \/>\n\t<meta property=\"og:image:type\" content=\"image\/jpeg\" \/>\n<meta name=\"author\" content=\"M3 Caravaning\" \/>\n<meta name=\"twitter:card\" content=\"summary_large_image\" \/>\n<meta name=\"twitter:creator\" content=\"@M3Caravaning\" \/>\n<meta name=\"twitter:site\" content=\"@M3Caravaning\" \/>\n<meta name=\"twitter:label1\" content=\"Written by\" \/>\n\t<meta name=\"twitter:data1\" content=\"M3 Caravaning\" \/>\n\t<meta name=\"twitter:label2\" content=\"Est. reading time\" \/>\n\t<meta name=\"twitter:data2\" content=\"3 minutes\" \/>\n<script type=\"application\/ld+json\" class=\"yoast-schema-graph\">{\"@context\":\"https:\/\/schema.org\",\"@graph\":[{\"@type\":\"WebPage\",\"@id\":\"https:\/\/m3caravaning.com\/ca\/autocaravanes\/especialistes-en-assegurances-dautocaravanes-i-caravanes-vols-millorar-la-teva-quota-contacta-amb-nosaltres\/\",\"url\":\"https:\/\/m3caravaning.com\/ca\/autocaravanes\/especialistes-en-assegurances-dautocaravanes-i-caravanes-vols-millorar-la-teva-quota-contacta-amb-nosaltres\/\",\"name\":\"Especialistes en assegurances d'autocaravanes i caravanes, vols millorar la teva quota? Contacta amb nosaltres - Autocaravanas, caravanas y furgonetas campers nuevas, ocasi\u00f3n y segunda mano\",\"isPartOf\":{\"@id\":\"https:\/\/m3caravaning.com\/ca\/#website\"},\"primaryImageOfPage\":{\"@id\":\"https:\/\/m3caravaning.com\/ca\/autocaravanes\/especialistes-en-assegurances-dautocaravanes-i-caravanes-vols-millorar-la-teva-quota-contacta-amb-nosaltres\/#primaryimage\"},\"image\":{\"@id\":\"https:\/\/m3caravaning.com\/ca\/autocaravanes\/especialistes-en-assegurances-dautocaravanes-i-caravanes-vols-millorar-la-teva-quota-contacta-amb-nosaltres\/#primaryimage\"},\"thumbnailUrl\":\"https:\/\/m3caravaning.com\/wp-content\/uploads\/2021\/01\/especialistas-en-seguros-de-autocaravanas-y-caravanas-quieres-mejorar-tu-cuota-contacta-con-nosotros-id-50.jpg\",\"datePublished\":\"2018-04-06T10:33:11+00:00\",\"dateModified\":\"2021-06-11T07:48:27+00:00\",\"author\":{\"@id\":\"https:\/\/m3caravaning.com\/ca\/#\/schema\/person\/10e5f1edce4be1f414d4bde1bcf0c65f\"},\"description\":\"Els millors especialistes en assegurances d'autocaravanes i caravanes, vols millorar la teva quota? Contacta amb nosaltres\",\"breadcrumb\":{\"@id\":\"https:\/\/m3caravaning.com\/ca\/autocaravanes\/especialistes-en-assegurances-dautocaravanes-i-caravanes-vols-millorar-la-teva-quota-contacta-amb-nosaltres\/#breadcrumb\"},\"inLanguage\":\"ca\",\"potentialAction\":[{\"@type\":\"ReadAction\",\"target\":[\"https:\/\/m3caravaning.com\/ca\/autocaravanes\/especialistes-en-assegurances-dautocaravanes-i-caravanes-vols-millorar-la-teva-quota-contacta-amb-nosaltres\/\"]}]},{\"@type\":\"ImageObject\",\"inLanguage\":\"ca\",\"@id\":\"https:\/\/m3caravaning.com\/ca\/autocaravanes\/especialistes-en-assegurances-dautocaravanes-i-caravanes-vols-millorar-la-teva-quota-contacta-amb-nosaltres\/#primaryimage\",\"url\":\"https:\/\/m3caravaning.com\/wp-content\/uploads\/2021\/01\/especialistas-en-seguros-de-autocaravanas-y-caravanas-quieres-mejorar-tu-cuota-contacta-con-nosotros-id-50.jpg\",\"contentUrl\":\"https:\/\/m3caravaning.com\/wp-content\/uploads\/2021\/01\/especialistas-en-seguros-de-autocaravanas-y-caravanas-quieres-mejorar-tu-cuota-contacta-con-nosotros-id-50.jpg\",\"width\":1239,\"height\":1080},{\"@type\":\"BreadcrumbList\",\"@id\":\"https:\/\/m3caravaning.com\/ca\/autocaravanes\/especialistes-en-assegurances-dautocaravanes-i-caravanes-vols-millorar-la-teva-quota-contacta-amb-nosaltres\/#breadcrumb\",\"itemListElement\":[{\"@type\":\"ListItem\",\"position\":1,\"name\":\"Portada\",\"item\":\"https:\/\/m3caravaning.com\/ca\/\"},{\"@type\":\"ListItem\",\"position\":2,\"name\":\"Especialistes en assegurances d&#8217;autocaravanes i caravanes, vols millorar la teva quota? Contacta amb nosaltres\"}]},{\"@type\":\"WebSite\",\"@id\":\"https:\/\/m3caravaning.com\/ca\/#website\",\"url\":\"https:\/\/m3caravaning.com\/ca\/\",\"name\":\"Autocaravanas, caravanas y furgonetas campers nuevas, ocasi\u00f3n y segunda mano\",\"description\":\"Tu tienda de autocaravanas, campers y caravanas nuevas y de segunda mano. Alquiler, tienda de recambios, taller, seguros, etc.\",\"potentialAction\":[{\"@type\":\"SearchAction\",\"target\":{\"@type\":\"EntryPoint\",\"urlTemplate\":\"https:\/\/m3caravaning.com\/ca\/?s={search_term_string}\"},\"query-input\":\"required name=search_term_string\"}],\"inLanguage\":\"ca\"},{\"@type\":\"Person\",\"@id\":\"https:\/\/m3caravaning.com\/ca\/#\/schema\/person\/10e5f1edce4be1f414d4bde1bcf0c65f\",\"name\":\"M3 Caravaning\",\"image\":{\"@type\":\"ImageObject\",\"inLanguage\":\"ca\",\"@id\":\"https:\/\/m3caravaning.com\/ca\/#\/schema\/person\/image\/\",\"url\":\"https:\/\/secure.gravatar.com\/avatar\/45cc9e7bfaa20654bd7626e499aa306a8db18ee338763b6b771e707ccbeef54c?s=96&d=mm&r=g\",\"contentUrl\":\"https:\/\/secure.gravatar.com\/avatar\/45cc9e7bfaa20654bd7626e499aa306a8db18ee338763b6b771e707ccbeef54c?s=96&d=mm&r=g\",\"caption\":\"M3 Caravaning\"}}]}<\/script>\n<!-- \/ Yoast SEO plugin. -->","yoast_head_json":{"title":"Especialistes en assegurances d'autocaravanes i caravanes, vols millorar la teva quota? Contacta amb nosaltres - Autocaravanas, caravanas y furgonetas campers nuevas, ocasi\u00f3n y segunda mano","description":"Els millors especialistes en assegurances d'autocaravanes i caravanes, vols millorar la teva quota? Contacta amb nosaltres","robots":{"index":"index","follow":"follow","max-snippet":"max-snippet:-1","max-image-preview":"max-image-preview:large","max-video-preview":"max-video-preview:-1"},"canonical":"https:\/\/m3caravaning.com\/ca\/autocaravanes\/especialistes-en-assegurances-dautocaravanes-i-caravanes-vols-millorar-la-teva-quota-contacta-amb-nosaltres\/","og_locale":"ca_ES","og_type":"article","og_title":"Especialistes en assegurances d'autocaravanes i caravanes, vols millorar la teva quota? Contacta amb nosaltres - Autocaravanas, caravanas y furgonetas campers nuevas, ocasi\u00f3n y segunda mano","og_description":"Els millors especialistes en assegurances d'autocaravanes i caravanes, vols millorar la teva quota? Contacta amb nosaltres","og_url":"https:\/\/m3caravaning.com\/ca\/autocaravanes\/especialistes-en-assegurances-dautocaravanes-i-caravanes-vols-millorar-la-teva-quota-contacta-amb-nosaltres\/","og_site_name":"Autocaravanas, caravanas y furgonetas campers nuevas, ocasi\u00f3n y segunda mano","article_publisher":"https:\/\/www.facebook.com\/m3caravaning","article_published_time":"2018-04-06T10:33:11+00:00","article_modified_time":"2021-06-11T07:48:27+00:00","og_image":[{"width":1239,"height":1080,"url":"https:\/\/m3caravaning.com\/wp-content\/uploads\/2021\/01\/especialistas-en-seguros-de-autocaravanas-y-caravanas-quieres-mejorar-tu-cuota-contacta-con-nosotros-id-50.jpg","type":"image\/jpeg"}],"author":"M3 Caravaning","twitter_card":"summary_large_image","twitter_creator":"@M3Caravaning","twitter_site":"@M3Caravaning","twitter_misc":{"Written by":"M3 Caravaning","Est. reading time":"3 minutes"},"schema":{"@context":"https:\/\/schema.org","@graph":[{"@type":"WebPage","@id":"https:\/\/m3caravaning.com\/ca\/autocaravanes\/especialistes-en-assegurances-dautocaravanes-i-caravanes-vols-millorar-la-teva-quota-contacta-amb-nosaltres\/","url":"https:\/\/m3caravaning.com\/ca\/autocaravanes\/especialistes-en-assegurances-dautocaravanes-i-caravanes-vols-millorar-la-teva-quota-contacta-amb-nosaltres\/","name":"Especialistes en assegurances d'autocaravanes i caravanes, vols millorar la teva quota? Contacta amb nosaltres - Autocaravanas, caravanas y furgonetas campers nuevas, ocasi\u00f3n y segunda mano","isPartOf":{"@id":"https:\/\/m3caravaning.com\/ca\/#website"},"primaryImageOfPage":{"@id":"https:\/\/m3caravaning.com\/ca\/autocaravanes\/especialistes-en-assegurances-dautocaravanes-i-caravanes-vols-millorar-la-teva-quota-contacta-amb-nosaltres\/#primaryimage"},"image":{"@id":"https:\/\/m3caravaning.com\/ca\/autocaravanes\/especialistes-en-assegurances-dautocaravanes-i-caravanes-vols-millorar-la-teva-quota-contacta-amb-nosaltres\/#primaryimage"},"thumbnailUrl":"https:\/\/m3caravaning.com\/wp-content\/uploads\/2021\/01\/especialistas-en-seguros-de-autocaravanas-y-caravanas-quieres-mejorar-tu-cuota-contacta-con-nosotros-id-50.jpg","datePublished":"2018-04-06T10:33:11+00:00","dateModified":"2021-06-11T07:48:27+00:00","author":{"@id":"https:\/\/m3caravaning.com\/ca\/#\/schema\/person\/10e5f1edce4be1f414d4bde1bcf0c65f"},"description":"Els millors especialistes en assegurances d'autocaravanes i caravanes, vols millorar la teva quota? Contacta amb nosaltres","breadcrumb":{"@id":"https:\/\/m3caravaning.com\/ca\/autocaravanes\/especialistes-en-assegurances-dautocaravanes-i-caravanes-vols-millorar-la-teva-quota-contacta-amb-nosaltres\/#breadcrumb"},"inLanguage":"ca","potentialAction":[{"@type":"ReadAction","target":["https:\/\/m3caravaning.com\/ca\/autocaravanes\/especialistes-en-assegurances-dautocaravanes-i-caravanes-vols-millorar-la-teva-quota-contacta-amb-nosaltres\/"]}]},{"@type":"ImageObject","inLanguage":"ca","@id":"https:\/\/m3caravaning.com\/ca\/autocaravanes\/especialistes-en-assegurances-dautocaravanes-i-caravanes-vols-millorar-la-teva-quota-contacta-amb-nosaltres\/#primaryimage","url":"https:\/\/m3caravaning.com\/wp-content\/uploads\/2021\/01\/especialistas-en-seguros-de-autocaravanas-y-caravanas-quieres-mejorar-tu-cuota-contacta-con-nosotros-id-50.jpg","contentUrl":"https:\/\/m3caravaning.com\/wp-content\/uploads\/2021\/01\/especialistas-en-seguros-de-autocaravanas-y-caravanas-quieres-mejorar-tu-cuota-contacta-con-nosotros-id-50.jpg","width":1239,"height":1080},{"@type":"BreadcrumbList","@id":"https:\/\/m3caravaning.com\/ca\/autocaravanes\/especialistes-en-assegurances-dautocaravanes-i-caravanes-vols-millorar-la-teva-quota-contacta-amb-nosaltres\/#breadcrumb","itemListElement":[{"@type":"ListItem","position":1,"name":"Portada","item":"https:\/\/m3caravaning.com\/ca\/"},{"@type":"ListItem","position":2,"name":"Especialistes en assegurances d&#8217;autocaravanes i caravanes, vols millorar la teva quota? Contacta amb nosaltres"}]},{"@type":"WebSite","@id":"https:\/\/m3caravaning.com\/ca\/#website","url":"https:\/\/m3caravaning.com\/ca\/","name":"Autocaravanas, caravanas y furgonetas campers nuevas, ocasi\u00f3n y segunda mano","description":"Tu tienda de autocaravanas, campers y caravanas nuevas y de segunda mano. Alquiler, tienda de recambios, taller, seguros, etc.","potentialAction":[{"@type":"SearchAction","target":{"@type":"EntryPoint","urlTemplate":"https:\/\/m3caravaning.com\/ca\/?s={search_term_string}"},"query-input":"required name=search_term_string"}],"inLanguage":"ca"},{"@type":"Person","@id":"https:\/\/m3caravaning.com\/ca\/#\/schema\/person\/10e5f1edce4be1f414d4bde1bcf0c65f","name":"M3 Caravaning","image":{"@type":"ImageObject","inLanguage":"ca","@id":"https:\/\/m3caravaning.com\/ca\/#\/schema\/person\/image\/","url":"https:\/\/secure.gravatar.com\/avatar\/45cc9e7bfaa20654bd7626e499aa306a8db18ee338763b6b771e707ccbeef54c?s=96&d=mm&r=g","contentUrl":"https:\/\/secure.gravatar.com\/avatar\/45cc9e7bfaa20654bd7626e499aa306a8db18ee338763b6b771e707ccbeef54c?s=96&d=mm&r=g","caption":"M3 Caravaning"}}]}},"_links":{"self":[{"href":"https:\/\/m3caravaning.com\/ca\/wp-json\/wp\/v2\/posts\/8790","targetHints":{"allow":["GET"]}}],"collection":[{"href":"https:\/\/m3caravaning.com\/ca\/wp-json\/wp\/v2\/posts"}],"about":[{"href":"https:\/\/m3caravaning.com\/ca\/wp-json\/wp\/v2\/types\/post"}],"author":[{"embeddable":true,"href":"https:\/\/m3caravaning.com\/ca\/wp-json\/wp\/v2\/users\/2"}],"replies":[{"embeddable":true,"href":"https:\/\/m3caravaning.com\/ca\/wp-json\/wp\/v2\/comments?post=8790"}],"version-history":[{"count":0,"href":"https:\/\/m3caravaning.com\/ca\/wp-json\/wp\/v2\/posts\/8790\/revisions"}],"wp:featuredmedia":[{"embeddable":true,"href":"https:\/\/m3caravaning.com\/ca\/wp-json\/wp\/v2\/media\/419"}],"wp:attachment":[{"href":"https:\/\/m3caravaning.com\/ca\/wp-json\/wp\/v2\/media?parent=8790"}],"wp:term":[{"taxonomy":"category","embeddable":true,"href":"https:\/\/m3caravaning.com\/ca\/wp-json\/wp\/v2\/categories?post=8790"},{"taxonomy":"post_tag","embeddable":true,"href":"https:\/\/m3caravaning.com\/ca\/wp-json\/wp\/v2\/tags?post=8790"}],"curies":[{"name":"wp","href":"https:\/\/api.w.org\/{rel}","templated":true}]}}