





{"id":7500,"date":"2020-09-14T09:13:33","date_gmt":"2020-09-14T07:13:33","guid":{"rendered":"https:\/\/m3caravaning.com\/?p=7500"},"modified":"2021-05-11T16:55:55","modified_gmt":"2021-05-11T14:55:55","slug":"descobreix-les-12-arees-dautocaravanes-al-penedes","status":"publish","type":"post","link":"https:\/\/m3caravaning.com\/ca\/autocaravanes\/descobreix-les-12-arees-dautocaravanes-al-penedes\/","title":{"rendered":"Descobreix les 12 \u00e0rees d&#8217;autocaravanes al Pened\u00e8s"},"content":{"rendered":"<p>Avui us expliquem, la xarxa d&#8217;\u00e0rees de pernocta per autocaravanes i campers localitzada a la zona vin\u00edcola de Pened\u00e8s, a Barcelona.<\/p>\n<p>La xarxa d&#8217;\u00e0rees, est\u00e0 formada per 12 \u00e0rees que ofereixen una nova manera de descobrir i gaudir d&#8217;aquesta terra on el mediterrani, les vinyes i el vi han deixat empremta. Podreu gaudir tant de l&#8217;paisatge, com de la seva cultura infinita i de el car\u00e0cter de la gent.<\/p>\n<p>Est\u00e0 localitzada entre Barcelona i Tarragona molt ben connectada a l&#8217;AP-7 [E-15]. Lloc idea per aturar i fer un descans d&#8217;uns dies i visitar les principals bodegues de la zona i descansar en aquests id\u00edl\u00b7lics paisatges.<\/p>\n<h1>12 \u00e0rees d&#8217;autocaravanes a Pened\u00e8s per autocaravanes i campers<\/h1>\n<img decoding=\"async\" class=\"alignnone size-medium wp-image-7502\" src=\"https:\/\/m3caravaning.com\/wp-content\/uploads\/2021\/02\/areesautocaravanespenedes01-300x113.jpg\" alt=\"\" width=\"300\" height=\"113\" \/>\n<p><a href=\"https:\/\/www.penedesturisme.cat\/es\/rv-penedes-sites-vineyards\">Podeu veure el mapa interactiu clicant aqu\u00ed<\/a><\/p>\n<p>(https:\/\/www.penedesturisme.cat\/es\/rv-penedes-sites-vineyards)<\/p>\n<p><strong>1. \u00c0REA DE PERNOCTA A SANT QUINT\u00cd DE MEDIONA<\/strong>\u00a0Com arribar: Cam\u00ed de les Deus, s \/ n (a la banda de l&#8217;pavell\u00f3 esportiu) 8777 Sant Quint\u00ed de Mediona GPS 41 \u00b0 27&#8217;46.9 &#8220;N 1 \u00b0 39&#8217;30.8&#8221; I<\/p>\n<p>Places: 4 Tarifa: Gratu\u00eft &#8211; Temporada: Obert tot l&#8217;any<\/p>\n<p>Serveis: Zona picnic, C\u00e0rrega d&#8217;aigua potable, Baciado d&#8217;aig\u00fces grises, Baciado d&#8217;aig\u00fces negres<\/p>\n<p>Qu\u00e8 fer? Assaboreix la gastronomia i els productes locals com els carquinyolis o el gall de Pened\u00e8s, Recorre els carrers de casc antic i els seus voltants, Viu les festes i tradicions,<\/p>\n<p>Qu\u00e8 visitar? Les Deus, Mol\u00ed Paperer Ca l&#8217;Oliver, Nucli antic de Sant Quint\u00ed de Mediona, Cam\u00ed de l&#8217;Riu<\/p>\n<p><strong>2. \u00c0REA DE PERNOCTA A SANT PERE DE RIUDEBITLLES<\/strong>\u00a0Com arribar: Passatge de Sant Jeroni s \/ n (a la banda de les pistes de p\u00e0del) Sant Pere de Riudebitlles GPS 41 \u00b0 26&#8217;54.6 &#8220;N 1 \u00b0 41&#8217;59.7&#8221; I<\/p>\n<p>Places: 4, Tarifa: Gratu\u00eft, Temporada: Obert tot l&#8217;any<\/p>\n<p>Serveis: Zona picnic C\u00e0rrega d&#8217;aigua potable Baciado d&#8217;aig\u00fces grises Baciado d&#8217;aig\u00fces negres<\/p>\n<p>Qu\u00e8 fer? Passeja costat de riu Assaboreix els productes locals i la gastronomia Descobreix els seus molins paperers<\/p>\n<p>\u00bfQu\u00e8 visitar? Aq\u00fcaducte del Pont Nou Pla\u00e7a de l&#8217;Esgl\u00e8sia Casal dels Marquesos de Lli\u00f3 Mol\u00ed de Cal Xerta<\/p>\n<p><strong>3. \u00c0REA DE PERNOCTA EL PLA DEL PENED\u00c8S<\/strong>\u00a0Com arribar: Carrer Rovira, s \/ n 08733 El Pla de Pened\u00e8s GPS 41 \u00b0 24&#8217;54.1 &#8220;N 1 \u00b0 42&#8217;48.7&#8221; I<\/p>\n<p>Places: 5 Tarifa: Gratu\u00eft Temporada: Obert tot l&#8217;any<\/p>\n<p>Serveis: Zona picnic C\u00e0rrega d&#8217;aigua potable Baciado d&#8217;aig\u00fces grises Baciado d&#8217;aig\u00fces negres<\/p>\n<p>Qu\u00e8 fer? Descobreix l&#8217;entorn a trav\u00e9s de les seves rutes Passeja pel poble i el seu entorn Viu les festes i tradicions<\/p>\n<p>\u00bfQu\u00e8 visitar? Esgl\u00e9sia Parroquial de Santa Magdalena La Font de l&#8217;Esteve El Centre Agr\u00edcola i Social<\/p>\n<p><strong>4. \u00c0REA DE PERNOCTA SANT SADURN\u00cd D&#8217;ANOIA<\/strong>\u00a0Com arribar: Carrer de les Flors 08770 Sant Sadurn\u00ed d&#8217;Anoia &#8211; 41 \u00b0 26&#8217;02.8 &#8220;N 1 \u00b0 47&#8217;05.5&#8221; I<\/p>\n<p>Places: 5, Tarifa: Gratu\u00eft, Temporada: Obert tot l&#8217;any<\/p>\n<p>Serveis: Zona picnic, C\u00e0rrega d&#8217;aigua potable, Baciado d&#8217;aig\u00fces grises, Baciado d&#8217;aig\u00fces negres<\/p>\n<p>Qu\u00e8 fer? Prova la gastronomia i assaboreix els productes locals com el cava o la xocolata, Visita els cellers i prova els seus vins i caves, Passeja pel poble i el seu entorn<\/p>\n<p>Qu\u00e8 visitar? Centre Interpretaci\u00f3 de l&#8217;Cava CIC Fassina, Les Caves, El Modernisme, l&#8217;Ermita rom\u00e0nica d&#8217;Espiells<\/p>\n<p><strong>5. \u00c0REA DE PERNOCTA DE SUBIRATS<\/strong>\u00a0Com arribar: Estaci\u00f3 Vitivin\u00edcola de Subirats &#8211; Estaci\u00f3 RENFE Lavern, s \/ n 08739 Subirats &#8211; GPS 41 \u00b0 23&#8217;42.2 &#8220;N 1 \u00b0 46&#8217;01.6&#8221; I<\/p>\n<p>Places: 3, Tarifa: Gratu\u00eft, Temporada: Obert tot l&#8217;any<\/p>\n<p>Serveis: Zona picnic, C\u00e0rrega d&#8217;aigua potable, Baciado d&#8217;aig\u00fces grises, Baciado d&#8217;aig\u00fces negres<\/p>\n<p>Qu\u00e8 fer? Assaboreix la gastronomia i els productes locals. No et perdis el pr\u00e9ssec d&#8217;Ordal, Visita els cellers i prova els seus vins i caves, Passeja entre vinyes<\/p>\n<p>Qu\u00e8 visitar? Castell de Subirats, Poble medieval de Torre-Ramona, Museu Esperanto de Subirats, Centre d&#8217;Interpretaci\u00f3 Darrera Defensa de Barcelona<\/p>\n<p><strong>6. \u00c0REA D&#8217;PERNOCTA DE SANT CUGAT SESGARRIGUES<\/strong>\u00a0Com arribar: Ctra BV2429, Sant Cugat Sesgarrigues (COSTAT dret direcci\u00f3n Sant Cugat just Abans zona Estacionament) GPS 41 \u00b0 21&#8217;31.2 &#8220;N 1 \u00b0 44&#8217;57.2&#8221; I<\/p>\n<p>Places: 5, Tarifa: Gratu\u00eft, Temporada: Obert tot l&#8217;any<\/p>\n<p>Serveis: Zona picnic, C\u00e0rrega d&#8217;aigua potable, Baciado d&#8217;aig\u00fces grises, Baciado d&#8217;aig\u00fces negres<\/p>\n<p>Qu\u00e8 fer? Descobreix l&#8217;entorn a trav\u00e9s de les seves rutes, Visita els cellers i prova els seus vins i caves, Passeja pel nucli antic i descobreix la seva hist\u00f2ria<\/p>\n<p>Qu\u00e8 visitar? Conjunt dels edificis de l&#8217;Sindicat Agr\u00edcola Cooperatiu, Voltants de la Pla\u00e7a de l&#8217;Esgl\u00e9sia, Experi\u00e8ncia Boteria Torner, Masia la Torre de l&#8217;Gall<\/p>\n<p><strong>7. \u00c0REA D&#8217;PERNOCTA DE VILAFRANCA DEL PENED\u00c8S<\/strong>\u00a0Com arribar: C \/ Eugeni d&#8217;Ors, 64 &#8211; 08720 &#8211; Vilafranca de Pened\u00e8s GPS 41 \u00b0 20&#8217;22.4 &#8220;N 1 \u00b0 41&#8217;27.4&#8221; I<\/p>\n<p>Places: 20, Tarifa: Gratu\u00eft, Temporada: Obert tot l&#8217;any<\/p>\n<p>Serveis: Zona picnic, C\u00e0rrega d&#8217;aigua potable, Baciado d&#8217;aig\u00fces grises, Baciado d&#8217;aig\u00fces negres<\/p>\n<p>Qu\u00e8 fer? Descobreix les rutes de la ciutat: ruta medieval amb realitat augmentada, ruta modernista, visita guiada a l&#8217;cementiri patrimonial &#8230; Aneu a l&#8217;Oficina de Turisme de Vilafranca per con\u00e8ixer dates, horaris, mapa, rutes &#8211; Cam\u00ed de el Vi &#8211; Wine Walk &#8211; Gaudeix de la cuina i productes locals &#8211; Vibra amb els castellers amb les seves diades m\u00e9s importants de la ciutat: el 30 d&#8217;agost i l&#8217;1 de novembre &#8211; Banc Sabadell Vijazz Pened\u00e8s &#8211; Fira de l&#8217;Gall<\/p>\n<p>Qu\u00e8 visitar? VINSEUM Museu de les Cultures de l&#8217;Vi de Catalunya, Escultura de Llimona. Cripta de la bas\u00edlica de Santa Maria, Bas\u00edlica i campanar de Santa Maria, Claustre de Sant Francesc i esgl\u00e9sia, Cal Figarot, seu social i entrenament dels castellers de Vilafranca<\/p>\n<p><strong>8. \u00c0REA DE PERNOCTA DE SANTA MARGARIDA I ELS MONJOS<\/strong>\u00a0Com arribar: Carrer Llu\u00eds Companys, 08730, Santa Margarida i els Monjos &#8211; 41 \u00b0 19&#8217;22.3 &#8220;N 1 \u00b0 40&#8217;00.8&#8221; \u200b\u200bI<\/p>\n<p>Places: 5, Tarifa: Gratu\u00eft, Temporada: Obert tot l&#8217;any<\/p>\n<p>Serveis: Zona picnic, C\u00e0rrega d&#8217;aigua potable, Baciado d&#8217;aig\u00fces grises, Baciado d&#8217;aig\u00fces negres<\/p>\n<p>Qu\u00e8 fer? No et perdis el mercat setmanal dels diumenges, Assaboreix la gastronomia i prova els productes locals, Descobreix l&#8217;entorn a trav\u00e9s de les seves rutes<\/p>\n<p>Qu\u00e8 visitar? CIARGA Centre d&#8217;Interpretaci\u00f3 de l&#8217;Aviaci\u00f3 Republicana i la Guerra A\u00e8ria, Castell de Penyafort, Parc de Foix, Mol\u00ed de el Foix<\/p>\n<p><strong>9. \u00c0REA DE PERNOCTA DE SANT MART\u00cd SARROCA<\/strong>\u00a0Com arribar: Entre el carrer Bergued\u00e0, 14-16 i carrer Josep Puig i Cadafalch, 2-4, Sant Mart\u00ed Sarroca GPS 41 \u00b0 22&#8217;58.8 &#8220;N 1 \u00b0 36&#8217;50.3&#8221; I<\/p>\n<p>Places: 5, Tarifa: Gratu\u00eft, Temporada: Obert tot l&#8217;any<\/p>\n<p>Serveis: Zona picnic, C\u00e0rrega d&#8217;aigua potable, Baciado d&#8217;aig\u00fces grises, Baciado d&#8217;aig\u00fces negres<\/p>\n<p>Qu\u00e8 fer? Assaboreix la gastronomia i els productes locals, Visita els cellers i tast seus vins i caves, Passeja pel poble i el seu entorn<\/p>\n<p>Qu\u00e8 visitar? Conjunt monumental &#8220;Sa Roca&#8221;, Voltants natural de les Valls, les Masies<\/p>\n<p><strong>10. \u00c0REA DE PERNOCTA DE VILOB\u00cd DEL PENED\u00c8S<\/strong>\u00a0Com arribar: Carrer Diputaci\u00f3, 08735 Vilob\u00ed d&#8217;al Pened\u00e8s &#8211; GPS 41 \u00b0 23&#8217;16.3 &#8220;N 1 \u00b0 39&#8217;48.6&#8221; I<\/p>\n<p>Places: 4, Tarifa: Gratu\u00eft, Temporada: Obert tot l&#8217;any<\/p>\n<p>Serveis: Zona picnic, C\u00e0rrega d&#8217;aigua potable, Baciado d&#8217;aig\u00fces grises, Baciado d&#8217;aig\u00fces negres<\/p>\n<p>Qu\u00e8 fer? Assaboreix la gastronomia i prova els productes locals com la botifarra, Visita els cellers i prova els vins i caves, Descobreix els seus racons naturals<\/p>\n<p>Qu\u00e8 visitar? Parc dels Talls, Esgl\u00e9sia de Santa Maria de Vallformosa, Esgl\u00e9sia de Santa Maria, Cooperativa de Bellver<\/p>\n<p><strong>11. \u00c0REA DE PERNOCTA DE TORRELLES DE FOIX<\/strong>\u00a0Com arribar: Carrer Antoni Gaud\u00ed, s \/ n (Darrere l&#8217;Ajuntament) 08.737 Torrelles de Foix GPS 41 \u00b0 23&#8217;18.2 &#8220;N 1 \u00b0 34&#8217;22.0&#8221; I<\/p>\n<p>Places: 4, Tarifa: Gratu\u00eft, Temporada: Obert tot l&#8217;any<\/p>\n<p>Serveis: Zona picnic, C\u00e0rrega d&#8217;aigua potable, Baciado d&#8217;aig\u00fces grises, Baciado d&#8217;aig\u00fces negres<\/p>\n<p>Qu\u00e8 fer? Prova els productes locals, els lactis, els embotits i la pastisseria artesana, Recorre els carrers de casc antic i els seus voltants, Descobreix l&#8217;entorn a trav\u00e9s de les seves rutes<\/p>\n<p>Qu\u00e8 visitar? Santuari de la Mare de D\u00e9u de Foix, Fonts de les Dous, P\u00e8lags de Foix, Casc antic<\/p>\n<p><strong>12. \u00c0REA DE PERNOCTA DE MEDIONA<\/strong>\u00a0Com arribar: Adre\u00e7a: en construcci\u00f3 08773 Mediona &#8211; GPS 41 \u00b0 29&#8217;00.2 &#8220;N 1 \u00b0 36&#8217;18.4&#8221; I<\/p>\n<p>Places: 4, Tarifa: Gratu\u00eft, Temporada: Obert tot l&#8217;any<\/p>\n<p>Serveis: Zona picnic, C\u00e0rrega d&#8217;aigua potable, Baciado d&#8217;aig\u00fces grises, Baciado d&#8217;aig\u00fces negres<\/p>\n<p>Qu\u00e8 fer? Vista cellers i prova els seus vins i caves, Descobreix l&#8217;entorn a trav\u00e9s de les seves rutes, Viu les festes i tradicions<\/p>\n<p>Qu\u00e8 visitar? Castell de de Mediona, Safaretjos de Sant Joan, Esgl\u00e9sia de Sant Joan de Conilles, Ermita de Sant Elies<\/p>\n","protected":false},"excerpt":{"rendered":"<p>Avui us expliquem, la xarxa d&#8217;\u00e0rees de pernocta per autocaravanes i campers localitzada a la zona vin\u00edcola de Pened\u00e8s, a Barcelona. La xarxa d&#8217;\u00e0rees, est\u00e0 formada per 12 \u00e0rees que ofereixen una nova manera de descobrir i gaudir d&#8217;aquesta terra on el mediterrani, les vinyes i el vi han deixat empremta. Podreu gaudir tant de<\/p>\n","protected":false},"author":2,"featured_media":181,"comment_status":"closed","ping_status":"open","sticky":false,"template":"","format":"standard","meta":{"footnotes":""},"categories":[15],"tags":[],"class_list":["post-7500","post","type-post","status-publish","format-standard","has-post-thumbnail","hentry","category-autocaravanes"],"yoast_head":"<!-- This site is optimized with the Yoast SEO plugin v22.4 - https:\/\/yoast.com\/wordpress\/plugins\/seo\/ -->\n<title>Descobreix les 12 \u00e0rees d&#039;autocaravanes al Pened\u00e8s - Autocaravanas, caravanas y furgonetas campers nuevas, ocasi\u00f3n y segunda mano<\/title>\n<meta name=\"description\" content=\"Descobreix les 12 \u00e0rees d&#039;autocaravanes al Pened\u00e8s de la m\u00e0 de M3 Caravaning, oferint sempre el millor servei\" \/>\n<meta name=\"robots\" content=\"index, follow, max-snippet:-1, max-image-preview:large, max-video-preview:-1\" \/>\n<link rel=\"canonical\" href=\"https:\/\/m3caravaning.com\/ca\/autocaravanes\/descobreix-les-12-arees-dautocaravanes-al-penedes\/\" \/>\n<meta property=\"og:locale\" content=\"ca_ES\" \/>\n<meta property=\"og:type\" content=\"article\" \/>\n<meta property=\"og:title\" content=\"Descobreix les 12 \u00e0rees d&#039;autocaravanes al Pened\u00e8s - Autocaravanas, caravanas y furgonetas campers nuevas, ocasi\u00f3n y segunda mano\" \/>\n<meta property=\"og:description\" content=\"Descobreix les 12 \u00e0rees d&#039;autocaravanes al Pened\u00e8s de la m\u00e0 de M3 Caravaning, oferint sempre el millor servei\" \/>\n<meta property=\"og:url\" content=\"https:\/\/m3caravaning.com\/ca\/autocaravanes\/descobreix-les-12-arees-dautocaravanes-al-penedes\/\" \/>\n<meta property=\"og:site_name\" content=\"Autocaravanas, caravanas y furgonetas campers nuevas, ocasi\u00f3n y segunda mano\" \/>\n<meta property=\"article:publisher\" content=\"https:\/\/www.facebook.com\/m3caravaning\" \/>\n<meta property=\"article:published_time\" content=\"2020-09-14T07:13:33+00:00\" \/>\n<meta property=\"article:modified_time\" content=\"2021-05-11T14:55:55+00:00\" \/>\n<meta property=\"og:image\" content=\"https:\/\/m3caravaning.com\/wp-content\/uploads\/2021\/01\/descubre-las-12-areas-de-autocaravanas-en-el-penedes-id-432.jpg\" \/>\n\t<meta property=\"og:image:width\" content=\"1920\" \/>\n\t<meta property=\"og:image:height\" content=\"960\" \/>\n\t<meta property=\"og:image:type\" content=\"image\/jpeg\" \/>\n<meta name=\"author\" content=\"M3 Caravaning\" \/>\n<meta name=\"twitter:card\" content=\"summary_large_image\" \/>\n<meta name=\"twitter:creator\" content=\"@M3Caravaning\" \/>\n<meta name=\"twitter:site\" content=\"@M3Caravaning\" \/>\n<meta name=\"twitter:label1\" content=\"Written by\" \/>\n\t<meta name=\"twitter:data1\" content=\"M3 Caravaning\" \/>\n\t<meta name=\"twitter:label2\" content=\"Est. reading time\" \/>\n\t<meta name=\"twitter:data2\" content=\"7 minutes\" \/>\n<script type=\"application\/ld+json\" class=\"yoast-schema-graph\">{\"@context\":\"https:\/\/schema.org\",\"@graph\":[{\"@type\":\"WebPage\",\"@id\":\"https:\/\/m3caravaning.com\/ca\/autocaravanes\/descobreix-les-12-arees-dautocaravanes-al-penedes\/\",\"url\":\"https:\/\/m3caravaning.com\/ca\/autocaravanes\/descobreix-les-12-arees-dautocaravanes-al-penedes\/\",\"name\":\"Descobreix les 12 \u00e0rees d'autocaravanes al Pened\u00e8s - Autocaravanas, caravanas y furgonetas campers nuevas, ocasi\u00f3n y segunda mano\",\"isPartOf\":{\"@id\":\"https:\/\/m3caravaning.com\/ca\/#website\"},\"primaryImageOfPage\":{\"@id\":\"https:\/\/m3caravaning.com\/ca\/autocaravanes\/descobreix-les-12-arees-dautocaravanes-al-penedes\/#primaryimage\"},\"image\":{\"@id\":\"https:\/\/m3caravaning.com\/ca\/autocaravanes\/descobreix-les-12-arees-dautocaravanes-al-penedes\/#primaryimage\"},\"thumbnailUrl\":\"https:\/\/m3caravaning.com\/wp-content\/uploads\/2021\/01\/descubre-las-12-areas-de-autocaravanas-en-el-penedes-id-432.jpg\",\"datePublished\":\"2020-09-14T07:13:33+00:00\",\"dateModified\":\"2021-05-11T14:55:55+00:00\",\"author\":{\"@id\":\"https:\/\/m3caravaning.com\/ca\/#\/schema\/person\/10e5f1edce4be1f414d4bde1bcf0c65f\"},\"description\":\"Descobreix les 12 \u00e0rees d'autocaravanes al Pened\u00e8s de la m\u00e0 de M3 Caravaning, oferint sempre el millor servei\",\"breadcrumb\":{\"@id\":\"https:\/\/m3caravaning.com\/ca\/autocaravanes\/descobreix-les-12-arees-dautocaravanes-al-penedes\/#breadcrumb\"},\"inLanguage\":\"ca\",\"potentialAction\":[{\"@type\":\"ReadAction\",\"target\":[\"https:\/\/m3caravaning.com\/ca\/autocaravanes\/descobreix-les-12-arees-dautocaravanes-al-penedes\/\"]}]},{\"@type\":\"ImageObject\",\"inLanguage\":\"ca\",\"@id\":\"https:\/\/m3caravaning.com\/ca\/autocaravanes\/descobreix-les-12-arees-dautocaravanes-al-penedes\/#primaryimage\",\"url\":\"https:\/\/m3caravaning.com\/wp-content\/uploads\/2021\/01\/descubre-las-12-areas-de-autocaravanas-en-el-penedes-id-432.jpg\",\"contentUrl\":\"https:\/\/m3caravaning.com\/wp-content\/uploads\/2021\/01\/descubre-las-12-areas-de-autocaravanas-en-el-penedes-id-432.jpg\",\"width\":1920,\"height\":960},{\"@type\":\"BreadcrumbList\",\"@id\":\"https:\/\/m3caravaning.com\/ca\/autocaravanes\/descobreix-les-12-arees-dautocaravanes-al-penedes\/#breadcrumb\",\"itemListElement\":[{\"@type\":\"ListItem\",\"position\":1,\"name\":\"Portada\",\"item\":\"https:\/\/m3caravaning.com\/ca\/\"},{\"@type\":\"ListItem\",\"position\":2,\"name\":\"Descobreix les 12 \u00e0rees d&#8217;autocaravanes al Pened\u00e8s\"}]},{\"@type\":\"WebSite\",\"@id\":\"https:\/\/m3caravaning.com\/ca\/#website\",\"url\":\"https:\/\/m3caravaning.com\/ca\/\",\"name\":\"Autocaravanas, caravanas y furgonetas campers nuevas, ocasi\u00f3n y segunda mano\",\"description\":\"Tu tienda de autocaravanas, campers y caravanas nuevas y de segunda mano. Alquiler, tienda de recambios, taller, seguros, etc.\",\"potentialAction\":[{\"@type\":\"SearchAction\",\"target\":{\"@type\":\"EntryPoint\",\"urlTemplate\":\"https:\/\/m3caravaning.com\/ca\/?s={search_term_string}\"},\"query-input\":\"required name=search_term_string\"}],\"inLanguage\":\"ca\"},{\"@type\":\"Person\",\"@id\":\"https:\/\/m3caravaning.com\/ca\/#\/schema\/person\/10e5f1edce4be1f414d4bde1bcf0c65f\",\"name\":\"M3 Caravaning\",\"image\":{\"@type\":\"ImageObject\",\"inLanguage\":\"ca\",\"@id\":\"https:\/\/m3caravaning.com\/ca\/#\/schema\/person\/image\/\",\"url\":\"https:\/\/secure.gravatar.com\/avatar\/45cc9e7bfaa20654bd7626e499aa306a8db18ee338763b6b771e707ccbeef54c?s=96&d=mm&r=g\",\"contentUrl\":\"https:\/\/secure.gravatar.com\/avatar\/45cc9e7bfaa20654bd7626e499aa306a8db18ee338763b6b771e707ccbeef54c?s=96&d=mm&r=g\",\"caption\":\"M3 Caravaning\"}}]}<\/script>\n<!-- \/ Yoast SEO plugin. -->","yoast_head_json":{"title":"Descobreix les 12 \u00e0rees d'autocaravanes al Pened\u00e8s - Autocaravanas, caravanas y furgonetas campers nuevas, ocasi\u00f3n y segunda mano","description":"Descobreix les 12 \u00e0rees d'autocaravanes al Pened\u00e8s de la m\u00e0 de M3 Caravaning, oferint sempre el millor servei","robots":{"index":"index","follow":"follow","max-snippet":"max-snippet:-1","max-image-preview":"max-image-preview:large","max-video-preview":"max-video-preview:-1"},"canonical":"https:\/\/m3caravaning.com\/ca\/autocaravanes\/descobreix-les-12-arees-dautocaravanes-al-penedes\/","og_locale":"ca_ES","og_type":"article","og_title":"Descobreix les 12 \u00e0rees d'autocaravanes al Pened\u00e8s - Autocaravanas, caravanas y furgonetas campers nuevas, ocasi\u00f3n y segunda mano","og_description":"Descobreix les 12 \u00e0rees d'autocaravanes al Pened\u00e8s de la m\u00e0 de M3 Caravaning, oferint sempre el millor servei","og_url":"https:\/\/m3caravaning.com\/ca\/autocaravanes\/descobreix-les-12-arees-dautocaravanes-al-penedes\/","og_site_name":"Autocaravanas, caravanas y furgonetas campers nuevas, ocasi\u00f3n y segunda mano","article_publisher":"https:\/\/www.facebook.com\/m3caravaning","article_published_time":"2020-09-14T07:13:33+00:00","article_modified_time":"2021-05-11T14:55:55+00:00","og_image":[{"width":1920,"height":960,"url":"https:\/\/m3caravaning.com\/wp-content\/uploads\/2021\/01\/descubre-las-12-areas-de-autocaravanas-en-el-penedes-id-432.jpg","type":"image\/jpeg"}],"author":"M3 Caravaning","twitter_card":"summary_large_image","twitter_creator":"@M3Caravaning","twitter_site":"@M3Caravaning","twitter_misc":{"Written by":"M3 Caravaning","Est. reading time":"7 minutes"},"schema":{"@context":"https:\/\/schema.org","@graph":[{"@type":"WebPage","@id":"https:\/\/m3caravaning.com\/ca\/autocaravanes\/descobreix-les-12-arees-dautocaravanes-al-penedes\/","url":"https:\/\/m3caravaning.com\/ca\/autocaravanes\/descobreix-les-12-arees-dautocaravanes-al-penedes\/","name":"Descobreix les 12 \u00e0rees d'autocaravanes al Pened\u00e8s - Autocaravanas, caravanas y furgonetas campers nuevas, ocasi\u00f3n y segunda mano","isPartOf":{"@id":"https:\/\/m3caravaning.com\/ca\/#website"},"primaryImageOfPage":{"@id":"https:\/\/m3caravaning.com\/ca\/autocaravanes\/descobreix-les-12-arees-dautocaravanes-al-penedes\/#primaryimage"},"image":{"@id":"https:\/\/m3caravaning.com\/ca\/autocaravanes\/descobreix-les-12-arees-dautocaravanes-al-penedes\/#primaryimage"},"thumbnailUrl":"https:\/\/m3caravaning.com\/wp-content\/uploads\/2021\/01\/descubre-las-12-areas-de-autocaravanas-en-el-penedes-id-432.jpg","datePublished":"2020-09-14T07:13:33+00:00","dateModified":"2021-05-11T14:55:55+00:00","author":{"@id":"https:\/\/m3caravaning.com\/ca\/#\/schema\/person\/10e5f1edce4be1f414d4bde1bcf0c65f"},"description":"Descobreix les 12 \u00e0rees d'autocaravanes al Pened\u00e8s de la m\u00e0 de M3 Caravaning, oferint sempre el millor servei","breadcrumb":{"@id":"https:\/\/m3caravaning.com\/ca\/autocaravanes\/descobreix-les-12-arees-dautocaravanes-al-penedes\/#breadcrumb"},"inLanguage":"ca","potentialAction":[{"@type":"ReadAction","target":["https:\/\/m3caravaning.com\/ca\/autocaravanes\/descobreix-les-12-arees-dautocaravanes-al-penedes\/"]}]},{"@type":"ImageObject","inLanguage":"ca","@id":"https:\/\/m3caravaning.com\/ca\/autocaravanes\/descobreix-les-12-arees-dautocaravanes-al-penedes\/#primaryimage","url":"https:\/\/m3caravaning.com\/wp-content\/uploads\/2021\/01\/descubre-las-12-areas-de-autocaravanas-en-el-penedes-id-432.jpg","contentUrl":"https:\/\/m3caravaning.com\/wp-content\/uploads\/2021\/01\/descubre-las-12-areas-de-autocaravanas-en-el-penedes-id-432.jpg","width":1920,"height":960},{"@type":"BreadcrumbList","@id":"https:\/\/m3caravaning.com\/ca\/autocaravanes\/descobreix-les-12-arees-dautocaravanes-al-penedes\/#breadcrumb","itemListElement":[{"@type":"ListItem","position":1,"name":"Portada","item":"https:\/\/m3caravaning.com\/ca\/"},{"@type":"ListItem","position":2,"name":"Descobreix les 12 \u00e0rees d&#8217;autocaravanes al Pened\u00e8s"}]},{"@type":"WebSite","@id":"https:\/\/m3caravaning.com\/ca\/#website","url":"https:\/\/m3caravaning.com\/ca\/","name":"Autocaravanas, caravanas y furgonetas campers nuevas, ocasi\u00f3n y segunda mano","description":"Tu tienda de autocaravanas, campers y caravanas nuevas y de segunda mano. Alquiler, tienda de recambios, taller, seguros, etc.","potentialAction":[{"@type":"SearchAction","target":{"@type":"EntryPoint","urlTemplate":"https:\/\/m3caravaning.com\/ca\/?s={search_term_string}"},"query-input":"required name=search_term_string"}],"inLanguage":"ca"},{"@type":"Person","@id":"https:\/\/m3caravaning.com\/ca\/#\/schema\/person\/10e5f1edce4be1f414d4bde1bcf0c65f","name":"M3 Caravaning","image":{"@type":"ImageObject","inLanguage":"ca","@id":"https:\/\/m3caravaning.com\/ca\/#\/schema\/person\/image\/","url":"https:\/\/secure.gravatar.com\/avatar\/45cc9e7bfaa20654bd7626e499aa306a8db18ee338763b6b771e707ccbeef54c?s=96&d=mm&r=g","contentUrl":"https:\/\/secure.gravatar.com\/avatar\/45cc9e7bfaa20654bd7626e499aa306a8db18ee338763b6b771e707ccbeef54c?s=96&d=mm&r=g","caption":"M3 Caravaning"}}]}},"_links":{"self":[{"href":"https:\/\/m3caravaning.com\/ca\/wp-json\/wp\/v2\/posts\/7500","targetHints":{"allow":["GET"]}}],"collection":[{"href":"https:\/\/m3caravaning.com\/ca\/wp-json\/wp\/v2\/posts"}],"about":[{"href":"https:\/\/m3caravaning.com\/ca\/wp-json\/wp\/v2\/types\/post"}],"author":[{"embeddable":true,"href":"https:\/\/m3caravaning.com\/ca\/wp-json\/wp\/v2\/users\/2"}],"replies":[{"embeddable":true,"href":"https:\/\/m3caravaning.com\/ca\/wp-json\/wp\/v2\/comments?post=7500"}],"version-history":[{"count":0,"href":"https:\/\/m3caravaning.com\/ca\/wp-json\/wp\/v2\/posts\/7500\/revisions"}],"wp:featuredmedia":[{"embeddable":true,"href":"https:\/\/m3caravaning.com\/ca\/wp-json\/wp\/v2\/media\/181"}],"wp:attachment":[{"href":"https:\/\/m3caravaning.com\/ca\/wp-json\/wp\/v2\/media?parent=7500"}],"wp:term":[{"taxonomy":"category","embeddable":true,"href":"https:\/\/m3caravaning.com\/ca\/wp-json\/wp\/v2\/categories?post=7500"},{"taxonomy":"post_tag","embeddable":true,"href":"https:\/\/m3caravaning.com\/ca\/wp-json\/wp\/v2\/tags?post=7500"}],"curies":[{"name":"wp","href":"https:\/\/api.w.org\/{rel}","templated":true}]}}