





{"id":7474,"date":"2021-03-25T11:56:24","date_gmt":"2021-03-25T10:56:24","guid":{"rendered":"https:\/\/m3caravaning.com\/?p=7474"},"modified":"2024-05-24T12:15:30","modified_gmt":"2024-05-24T10:15:30","slug":"les-arees-dautocaravanes-augmenten-a-espanya-un-400","status":"publish","type":"post","link":"https:\/\/m3caravaning.com\/ca\/autocaravanes\/les-arees-dautocaravanes-augmenten-a-espanya-un-400\/","title":{"rendered":"Les \u00e0rees d&#8217;autocaravanes augmenten a Espanya un 400%"},"content":{"rendered":"<p>Els consistoris tenen clar que el turisme de\u00a0<strong>autocaravana<\/strong>\u00a0pot ser una interessant font d&#8217;ingressos. Aix\u00ed que els ajuntaments han promogut aquest tipus d&#8217;\u00e0rees a Espanya, per facilitar als amants de les\u00a0<a href=\"https:\/\/m3caravaning.com\/ca\/autocaravanes\/\"><strong>autocaravanes<\/strong><\/a>, allotjar-se i passar uns dies en les seves poblacions, consumint en els diferents comer\u00e7os, bars i serveis.<\/p>\n<p>De mitjana, els assidus a la\u00a0<strong>autocaravana<\/strong>\u00a0es gasten di\u00e0riament uns 100 \u20ac al dia en gasolineres, farm\u00e0cies, bars de la zona, aix\u00ed com en comer\u00e7os tant d&#8217;alimentaci\u00f3 com d&#8217;un altre tipus de consum.<\/p>\n<div id=\"ez-toc-container\" class=\"ez-toc-v2_0_82_2 counter-hierarchy ez-toc-counter ez-toc-custom ez-toc-container-direction\">\n<div class=\"ez-toc-title-container\">\n<p class=\"ez-toc-title ez-toc-toggle\" style=\"cursor:pointer\">Tabla de contenido<\/p>\n<span class=\"ez-toc-title-toggle\"><\/span><\/div>\n<nav><ul class='ez-toc-list ez-toc-list-level-1 ' ><li class='ez-toc-page-1 ez-toc-heading-level-2'><a class=\"ez-toc-link ez-toc-heading-1\" href=\"https:\/\/m3caravaning.com\/ca\/autocaravanes\/les-arees-dautocaravanes-augmenten-a-espanya-un-400\/#Les_arees_de_autocaravanes_cada_cop_a_nivell_de_les_europees\" >Les \u00e1rees de autocaravanes cada cop a nivell de les europees<\/a><\/li><li class='ez-toc-page-1 ez-toc-heading-level-2'><a class=\"ez-toc-link ez-toc-heading-2\" href=\"https:\/\/m3caravaning.com\/ca\/autocaravanes\/les-arees-dautocaravanes-augmenten-a-espanya-un-400\/#Viatjar_amb_autocaravana\" >Viatjar amb autocaravana<\/a><\/li><\/ul><\/nav><\/div>\n<h2><span class=\"ez-toc-section\" id=\"Les_arees_de_autocaravanes_cada_cop_a_nivell_de_les_europees\"><\/span>Les \u00e1rees de autocaravanes cada cop a nivell de les europees<span class=\"ez-toc-section-end\"><\/span><\/h2>\n<p>Per tant,\u00a0<strong>viatjar en autocaravana<\/strong>\u00a0per Espanya s&#8217;est\u00e0 convertint, cada vegada m\u00e9s, en una mica m\u00e9s f\u00e0cil, ja que s&#8217;est\u00e0 equiparant en \u00e0rees i equipaments de serveis a altres pa\u00efsos europeus amb m\u00e9s tradici\u00f3.<\/p>\n<p>En altres post ja hem comentat els avantatges de\u00a0<strong>viatjar en autocaravana<\/strong>\u00a0i qu\u00e8 caracteritza aquest turisme diferent. Si vols donar-li un cop d&#8217;ull pots consultar:<\/p>\n<h2><span class=\"ez-toc-section\" id=\"Viatjar_amb_autocaravana\"><\/span>Viatjar amb autocaravana<span class=\"ez-toc-section-end\"><\/span><\/h2>\n<img fetchpriority=\"high\" decoding=\"async\" class=\"alignnone size-medium wp-image-7469\" src=\"https:\/\/m3caravaning.com\/wp-content\/uploads\/2021\/02\/areasautocaravanasespana01.jpg\" alt=\"\" width=\"300\" height=\"200\" srcset=\"https:\/\/m3caravaning.com\/wp-content\/uploads\/2021\/02\/areasautocaravanasespana01.jpg 900w, https:\/\/m3caravaning.com\/wp-content\/uploads\/2021\/02\/areasautocaravanasespana01-600x400.jpg 600w\" sizes=\"(max-width: 300px) 100vw, 300px\" \/>\n<p>A Espanya s&#8217;ha incrementat un 394% les \u00e0rees de\u00a0<strong>autocaravanes<\/strong>, convertint-se aix\u00ed en el sector on m\u00e9s ha crescut. De fet, l&#8217;augment de les \u00e0rees d&#8217;estacionament, respon a una demanda reivindicada pel sector durant anys.<\/p>\n<p>Segons dades de l&#8217;Associaci\u00f3 Espanyola de la Ind\u00fastria i Comer\u00e7 del Carav\u00e0ning (ASEICAR), en menys de 10 anys, les zones habilitades per a autocaravanes s&#8217;han quadruplicat, passant de 183 a 904.<\/p>\n","protected":false},"excerpt":{"rendered":"<p>Els consistoris tenen clar que el turisme de\u00a0autocaravana\u00a0pot ser una interessant font d&#8217;ingressos. Aix\u00ed que els ajuntaments han promogut aquest tipus d&#8217;\u00e0rees a Espanya, per facilitar als amants de les\u00a0autocaravanes, allotjar-se i passar uns dies en les seves poblacions, consumint en els diferents comer\u00e7os, bars i serveis. De mitjana, els assidus a la\u00a0autocaravana\u00a0es gasten di\u00e0riament<\/p>\n","protected":false},"author":2,"featured_media":613,"comment_status":"closed","ping_status":"open","sticky":false,"template":"","format":"standard","meta":{"footnotes":""},"categories":[15],"tags":[],"class_list":["post-7474","post","type-post","status-publish","format-standard","has-post-thumbnail","hentry","category-autocaravanes"],"yoast_head":"<!-- This site is optimized with the Yoast SEO plugin v22.4 - https:\/\/yoast.com\/wordpress\/plugins\/seo\/ -->\n<title>Les \u00e0rees d&#039;autocaravanes augmenten a Espanya un 400% - Autocaravanas, caravanas y furgonetas campers nuevas, ocasi\u00f3n y segunda mano<\/title>\n<meta name=\"description\" content=\"Segons algunes estad\u00edstiques les \u00e0rees d&#039;autocaravanes augmenten a Espanya un 400%, cada vegada m\u00e9s amants del caravaning!\" \/>\n<meta name=\"robots\" content=\"index, follow, max-snippet:-1, max-image-preview:large, max-video-preview:-1\" \/>\n<link rel=\"canonical\" href=\"https:\/\/m3caravaning.com\/ca\/autocaravanes\/les-arees-dautocaravanes-augmenten-a-espanya-un-400\/\" \/>\n<meta property=\"og:locale\" content=\"ca_ES\" \/>\n<meta property=\"og:type\" content=\"article\" \/>\n<meta property=\"og:title\" content=\"Les \u00e0rees d&#039;autocaravanes augmenten a Espanya un 400% - Autocaravanas, caravanas y furgonetas campers nuevas, ocasi\u00f3n y segunda mano\" \/>\n<meta property=\"og:description\" content=\"Segons algunes estad\u00edstiques les \u00e0rees d&#039;autocaravanes augmenten a Espanya un 400%, cada vegada m\u00e9s amants del caravaning!\" \/>\n<meta property=\"og:url\" content=\"https:\/\/m3caravaning.com\/ca\/autocaravanes\/les-arees-dautocaravanes-augmenten-a-espanya-un-400\/\" \/>\n<meta property=\"og:site_name\" content=\"Autocaravanas, caravanas y furgonetas campers nuevas, ocasi\u00f3n y segunda mano\" \/>\n<meta property=\"article:publisher\" content=\"https:\/\/www.facebook.com\/m3caravaning\" \/>\n<meta property=\"article:published_time\" content=\"2021-03-25T10:56:24+00:00\" \/>\n<meta property=\"article:modified_time\" content=\"2024-05-24T10:15:30+00:00\" \/>\n<meta property=\"og:image\" content=\"https:\/\/m3caravaning.com\/wp-content\/uploads\/2021\/01\/las-areas-de-autocaravanas-aumentan-en-espana-un-400-id-325.jpg\" \/>\n\t<meta property=\"og:image:width\" content=\"720\" \/>\n\t<meta property=\"og:image:height\" content=\"768\" \/>\n\t<meta property=\"og:image:type\" content=\"image\/jpeg\" \/>\n<meta name=\"author\" content=\"M3 Caravaning\" \/>\n<meta name=\"twitter:card\" content=\"summary_large_image\" \/>\n<meta name=\"twitter:creator\" content=\"@M3Caravaning\" \/>\n<meta name=\"twitter:site\" content=\"@M3Caravaning\" \/>\n<meta name=\"twitter:label1\" content=\"Written by\" \/>\n\t<meta name=\"twitter:data1\" content=\"M3 Caravaning\" \/>\n\t<meta name=\"twitter:label2\" content=\"Est. reading time\" \/>\n\t<meta name=\"twitter:data2\" content=\"2 minutes\" \/>\n<script type=\"application\/ld+json\" class=\"yoast-schema-graph\">{\"@context\":\"https:\/\/schema.org\",\"@graph\":[{\"@type\":\"WebPage\",\"@id\":\"https:\/\/m3caravaning.com\/ca\/autocaravanes\/les-arees-dautocaravanes-augmenten-a-espanya-un-400\/\",\"url\":\"https:\/\/m3caravaning.com\/ca\/autocaravanes\/les-arees-dautocaravanes-augmenten-a-espanya-un-400\/\",\"name\":\"Les \u00e0rees d'autocaravanes augmenten a Espanya un 400% - Autocaravanas, caravanas y furgonetas campers nuevas, ocasi\u00f3n y segunda mano\",\"isPartOf\":{\"@id\":\"https:\/\/m3caravaning.com\/ca\/#website\"},\"primaryImageOfPage\":{\"@id\":\"https:\/\/m3caravaning.com\/ca\/autocaravanes\/les-arees-dautocaravanes-augmenten-a-espanya-un-400\/#primaryimage\"},\"image\":{\"@id\":\"https:\/\/m3caravaning.com\/ca\/autocaravanes\/les-arees-dautocaravanes-augmenten-a-espanya-un-400\/#primaryimage\"},\"thumbnailUrl\":\"https:\/\/m3caravaning.com\/wp-content\/uploads\/2021\/01\/las-areas-de-autocaravanas-aumentan-en-espana-un-400-id-325.jpg\",\"datePublished\":\"2021-03-25T10:56:24+00:00\",\"dateModified\":\"2024-05-24T10:15:30+00:00\",\"author\":{\"@id\":\"https:\/\/m3caravaning.com\/ca\/#\/schema\/person\/10e5f1edce4be1f414d4bde1bcf0c65f\"},\"description\":\"Segons algunes estad\u00edstiques les \u00e0rees d'autocaravanes augmenten a Espanya un 400%, cada vegada m\u00e9s amants del caravaning!\",\"breadcrumb\":{\"@id\":\"https:\/\/m3caravaning.com\/ca\/autocaravanes\/les-arees-dautocaravanes-augmenten-a-espanya-un-400\/#breadcrumb\"},\"inLanguage\":\"ca\",\"potentialAction\":[{\"@type\":\"ReadAction\",\"target\":[\"https:\/\/m3caravaning.com\/ca\/autocaravanes\/les-arees-dautocaravanes-augmenten-a-espanya-un-400\/\"]}]},{\"@type\":\"ImageObject\",\"inLanguage\":\"ca\",\"@id\":\"https:\/\/m3caravaning.com\/ca\/autocaravanes\/les-arees-dautocaravanes-augmenten-a-espanya-un-400\/#primaryimage\",\"url\":\"https:\/\/m3caravaning.com\/wp-content\/uploads\/2021\/01\/las-areas-de-autocaravanas-aumentan-en-espana-un-400-id-325.jpg\",\"contentUrl\":\"https:\/\/m3caravaning.com\/wp-content\/uploads\/2021\/01\/las-areas-de-autocaravanas-aumentan-en-espana-un-400-id-325.jpg\",\"width\":720,\"height\":768},{\"@type\":\"BreadcrumbList\",\"@id\":\"https:\/\/m3caravaning.com\/ca\/autocaravanes\/les-arees-dautocaravanes-augmenten-a-espanya-un-400\/#breadcrumb\",\"itemListElement\":[{\"@type\":\"ListItem\",\"position\":1,\"name\":\"Portada\",\"item\":\"https:\/\/m3caravaning.com\/ca\/\"},{\"@type\":\"ListItem\",\"position\":2,\"name\":\"Les \u00e0rees d&#8217;autocaravanes augmenten a Espanya un 400%\"}]},{\"@type\":\"WebSite\",\"@id\":\"https:\/\/m3caravaning.com\/ca\/#website\",\"url\":\"https:\/\/m3caravaning.com\/ca\/\",\"name\":\"Autocaravanas, caravanas y furgonetas campers nuevas, ocasi\u00f3n y segunda mano\",\"description\":\"Tu tienda de autocaravanas, campers y caravanas nuevas y de segunda mano. Alquiler, tienda de recambios, taller, seguros, etc.\",\"potentialAction\":[{\"@type\":\"SearchAction\",\"target\":{\"@type\":\"EntryPoint\",\"urlTemplate\":\"https:\/\/m3caravaning.com\/ca\/?s={search_term_string}\"},\"query-input\":\"required name=search_term_string\"}],\"inLanguage\":\"ca\"},{\"@type\":\"Person\",\"@id\":\"https:\/\/m3caravaning.com\/ca\/#\/schema\/person\/10e5f1edce4be1f414d4bde1bcf0c65f\",\"name\":\"M3 Caravaning\",\"image\":{\"@type\":\"ImageObject\",\"inLanguage\":\"ca\",\"@id\":\"https:\/\/m3caravaning.com\/ca\/#\/schema\/person\/image\/\",\"url\":\"https:\/\/secure.gravatar.com\/avatar\/45cc9e7bfaa20654bd7626e499aa306a8db18ee338763b6b771e707ccbeef54c?s=96&d=mm&r=g\",\"contentUrl\":\"https:\/\/secure.gravatar.com\/avatar\/45cc9e7bfaa20654bd7626e499aa306a8db18ee338763b6b771e707ccbeef54c?s=96&d=mm&r=g\",\"caption\":\"M3 Caravaning\"}}]}<\/script>\n<!-- \/ Yoast SEO plugin. -->","yoast_head_json":{"title":"Les \u00e0rees d'autocaravanes augmenten a Espanya un 400% - Autocaravanas, caravanas y furgonetas campers nuevas, ocasi\u00f3n y segunda mano","description":"Segons algunes estad\u00edstiques les \u00e0rees d'autocaravanes augmenten a Espanya un 400%, cada vegada m\u00e9s amants del caravaning!","robots":{"index":"index","follow":"follow","max-snippet":"max-snippet:-1","max-image-preview":"max-image-preview:large","max-video-preview":"max-video-preview:-1"},"canonical":"https:\/\/m3caravaning.com\/ca\/autocaravanes\/les-arees-dautocaravanes-augmenten-a-espanya-un-400\/","og_locale":"ca_ES","og_type":"article","og_title":"Les \u00e0rees d'autocaravanes augmenten a Espanya un 400% - Autocaravanas, caravanas y furgonetas campers nuevas, ocasi\u00f3n y segunda mano","og_description":"Segons algunes estad\u00edstiques les \u00e0rees d'autocaravanes augmenten a Espanya un 400%, cada vegada m\u00e9s amants del caravaning!","og_url":"https:\/\/m3caravaning.com\/ca\/autocaravanes\/les-arees-dautocaravanes-augmenten-a-espanya-un-400\/","og_site_name":"Autocaravanas, caravanas y furgonetas campers nuevas, ocasi\u00f3n y segunda mano","article_publisher":"https:\/\/www.facebook.com\/m3caravaning","article_published_time":"2021-03-25T10:56:24+00:00","article_modified_time":"2024-05-24T10:15:30+00:00","og_image":[{"width":720,"height":768,"url":"https:\/\/m3caravaning.com\/wp-content\/uploads\/2021\/01\/las-areas-de-autocaravanas-aumentan-en-espana-un-400-id-325.jpg","type":"image\/jpeg"}],"author":"M3 Caravaning","twitter_card":"summary_large_image","twitter_creator":"@M3Caravaning","twitter_site":"@M3Caravaning","twitter_misc":{"Written by":"M3 Caravaning","Est. reading time":"2 minutes"},"schema":{"@context":"https:\/\/schema.org","@graph":[{"@type":"WebPage","@id":"https:\/\/m3caravaning.com\/ca\/autocaravanes\/les-arees-dautocaravanes-augmenten-a-espanya-un-400\/","url":"https:\/\/m3caravaning.com\/ca\/autocaravanes\/les-arees-dautocaravanes-augmenten-a-espanya-un-400\/","name":"Les \u00e0rees d'autocaravanes augmenten a Espanya un 400% - Autocaravanas, caravanas y furgonetas campers nuevas, ocasi\u00f3n y segunda mano","isPartOf":{"@id":"https:\/\/m3caravaning.com\/ca\/#website"},"primaryImageOfPage":{"@id":"https:\/\/m3caravaning.com\/ca\/autocaravanes\/les-arees-dautocaravanes-augmenten-a-espanya-un-400\/#primaryimage"},"image":{"@id":"https:\/\/m3caravaning.com\/ca\/autocaravanes\/les-arees-dautocaravanes-augmenten-a-espanya-un-400\/#primaryimage"},"thumbnailUrl":"https:\/\/m3caravaning.com\/wp-content\/uploads\/2021\/01\/las-areas-de-autocaravanas-aumentan-en-espana-un-400-id-325.jpg","datePublished":"2021-03-25T10:56:24+00:00","dateModified":"2024-05-24T10:15:30+00:00","author":{"@id":"https:\/\/m3caravaning.com\/ca\/#\/schema\/person\/10e5f1edce4be1f414d4bde1bcf0c65f"},"description":"Segons algunes estad\u00edstiques les \u00e0rees d'autocaravanes augmenten a Espanya un 400%, cada vegada m\u00e9s amants del caravaning!","breadcrumb":{"@id":"https:\/\/m3caravaning.com\/ca\/autocaravanes\/les-arees-dautocaravanes-augmenten-a-espanya-un-400\/#breadcrumb"},"inLanguage":"ca","potentialAction":[{"@type":"ReadAction","target":["https:\/\/m3caravaning.com\/ca\/autocaravanes\/les-arees-dautocaravanes-augmenten-a-espanya-un-400\/"]}]},{"@type":"ImageObject","inLanguage":"ca","@id":"https:\/\/m3caravaning.com\/ca\/autocaravanes\/les-arees-dautocaravanes-augmenten-a-espanya-un-400\/#primaryimage","url":"https:\/\/m3caravaning.com\/wp-content\/uploads\/2021\/01\/las-areas-de-autocaravanas-aumentan-en-espana-un-400-id-325.jpg","contentUrl":"https:\/\/m3caravaning.com\/wp-content\/uploads\/2021\/01\/las-areas-de-autocaravanas-aumentan-en-espana-un-400-id-325.jpg","width":720,"height":768},{"@type":"BreadcrumbList","@id":"https:\/\/m3caravaning.com\/ca\/autocaravanes\/les-arees-dautocaravanes-augmenten-a-espanya-un-400\/#breadcrumb","itemListElement":[{"@type":"ListItem","position":1,"name":"Portada","item":"https:\/\/m3caravaning.com\/ca\/"},{"@type":"ListItem","position":2,"name":"Les \u00e0rees d&#8217;autocaravanes augmenten a Espanya un 400%"}]},{"@type":"WebSite","@id":"https:\/\/m3caravaning.com\/ca\/#website","url":"https:\/\/m3caravaning.com\/ca\/","name":"Autocaravanas, caravanas y furgonetas campers nuevas, ocasi\u00f3n y segunda mano","description":"Tu tienda de autocaravanas, campers y caravanas nuevas y de segunda mano. Alquiler, tienda de recambios, taller, seguros, etc.","potentialAction":[{"@type":"SearchAction","target":{"@type":"EntryPoint","urlTemplate":"https:\/\/m3caravaning.com\/ca\/?s={search_term_string}"},"query-input":"required name=search_term_string"}],"inLanguage":"ca"},{"@type":"Person","@id":"https:\/\/m3caravaning.com\/ca\/#\/schema\/person\/10e5f1edce4be1f414d4bde1bcf0c65f","name":"M3 Caravaning","image":{"@type":"ImageObject","inLanguage":"ca","@id":"https:\/\/m3caravaning.com\/ca\/#\/schema\/person\/image\/","url":"https:\/\/secure.gravatar.com\/avatar\/45cc9e7bfaa20654bd7626e499aa306a8db18ee338763b6b771e707ccbeef54c?s=96&d=mm&r=g","contentUrl":"https:\/\/secure.gravatar.com\/avatar\/45cc9e7bfaa20654bd7626e499aa306a8db18ee338763b6b771e707ccbeef54c?s=96&d=mm&r=g","caption":"M3 Caravaning"}}]}},"_links":{"self":[{"href":"https:\/\/m3caravaning.com\/ca\/wp-json\/wp\/v2\/posts\/7474","targetHints":{"allow":["GET"]}}],"collection":[{"href":"https:\/\/m3caravaning.com\/ca\/wp-json\/wp\/v2\/posts"}],"about":[{"href":"https:\/\/m3caravaning.com\/ca\/wp-json\/wp\/v2\/types\/post"}],"author":[{"embeddable":true,"href":"https:\/\/m3caravaning.com\/ca\/wp-json\/wp\/v2\/users\/2"}],"replies":[{"embeddable":true,"href":"https:\/\/m3caravaning.com\/ca\/wp-json\/wp\/v2\/comments?post=7474"}],"version-history":[{"count":1,"href":"https:\/\/m3caravaning.com\/ca\/wp-json\/wp\/v2\/posts\/7474\/revisions"}],"predecessor-version":[{"id":619550,"href":"https:\/\/m3caravaning.com\/ca\/wp-json\/wp\/v2\/posts\/7474\/revisions\/619550"}],"wp:featuredmedia":[{"embeddable":true,"href":"https:\/\/m3caravaning.com\/ca\/wp-json\/wp\/v2\/media\/613"}],"wp:attachment":[{"href":"https:\/\/m3caravaning.com\/ca\/wp-json\/wp\/v2\/media?parent=7474"}],"wp:term":[{"taxonomy":"category","embeddable":true,"href":"https:\/\/m3caravaning.com\/ca\/wp-json\/wp\/v2\/categories?post=7474"},{"taxonomy":"post_tag","embeddable":true,"href":"https:\/\/m3caravaning.com\/ca\/wp-json\/wp\/v2\/tags?post=7474"}],"curies":[{"name":"wp","href":"https:\/\/api.w.org\/{rel}","templated":true}]}}