





{"id":7447,"date":"2018-09-03T11:26:54","date_gmt":"2018-09-03T09:26:54","guid":{"rendered":"https:\/\/m3caravaning.com\/?p=7447"},"modified":"2021-06-15T10:31:11","modified_gmt":"2021-06-15T08:31:11","slug":"la-caravana-nova-de-fendt-disponible-a-m3-caravaning","status":"publish","type":"post","link":"https:\/\/m3caravaning.com\/ca\/caravana-ca\/la-caravana-nova-de-fendt-disponible-a-m3-caravaning\/","title":{"rendered":"La caravana nova de Fendt disponible a M3 Caravaning"},"content":{"rendered":"<p>Des de\u00a0<strong>M3 Caravaning<\/strong>\u00a0volem ensenyar-te una mica m\u00e9s la\u00a0<strong>caravana nova<\/strong>\u00a0<strong>Fent Bianco Selection 550 SKM<\/strong>. Coneix el seu equipament i distribuci\u00f3 i descobreix si \u00e9s el que est\u00e0s buscant.<\/p>\n<p>Aquesta\u00a0<strong>caravana nova de fendt<\/strong>\u00a0compta amb un gran a\u00efllament tant en parets com al sostre i al terra, t\u00e9 una qualitat constructiva d&#8217;alt nivell, la qual cosa la converteix en una\u00a0<strong>caravana<\/strong>\u00a0d&#8217;\u00e8xit entre els consumidors d&#8217;aquest tipus de producte.<\/p>\n<h2><strong>Distribuci\u00f3 de la caravana<\/strong><\/h2>\n<p><strong>La caravana<\/strong>\u00a0es divideix en tres ambients el que li atorga una distribuci\u00f3 perfecta per tenir l&#8217;espai suficient per conviure c\u00f2modament. \u00c9s un vehicle perfecte per 5 persones ja que compta amb dues lliteres a la part posterior, un llit de matrimoni a la part posterior i el menjador \u00e9s convertible en llit per a una persona m\u00e9s.<\/p>\n<p>La seva cuina compta amb calaixos i altells de gran espai, el frigor\u00edfic \u00e9s molt gran amb una capacitat de 140 litres. El bany est\u00e0 separat, d&#8217;una banda, el lavabo exterior a la zona de l&#8217;habitaci\u00f3 amb llit doble i per una altra la dutxa amb el WC.<\/p>\n<p>Tant el xass\u00eds de la\u00a0<strong>caravana nova Fendt<\/strong>\u00a0com les potes i l&#8217;estabilitzador s\u00f3n Al-KO, una de les millors marques que treballa aquest tipus de productes. Sin\u00f2nim de seguretat i qualitat. A m\u00e9s a m\u00e9s, la roda Jockey compta amb indicador de c\u00e0rrega assegurant-se aix\u00ed el pes que porta en la llan\u00e7a de la seva\u00a0<strong>caravana<\/strong>.<\/p>\n<p>La calefacci\u00f3 \u00e9s Truma S 3004, un sistema eficient, aporta calor en molt poc temps. \u00c9s potent, fiable, i utilitza aire impulsat a trav\u00e9s de ventilador per escalfar el vehicle.<\/p>\n<p>Vols con\u00e8ixer molt m\u00e9s? Vine a\u00a0<strong>M3 Caravaning<\/strong>\u00a0i coneix l&#8217;oferta que tenim vigent per a aquesta\u00a0<strong>caravana<\/strong>\u00a0nova\u00a0<strong>Fent Bianco Selection 550 SKM<\/strong>. Pregunta&#8217;ns pel finan\u00e7ament disponible per aquest model.<\/p>\n","protected":false},"excerpt":{"rendered":"<p>Des de\u00a0M3 Caravaning\u00a0volem ensenyar-te una mica m\u00e9s la\u00a0caravana nova\u00a0Fent Bianco Selection 550 SKM. Coneix el seu equipament i distribuci\u00f3 i descobreix si \u00e9s el que est\u00e0s buscant. Aquesta\u00a0caravana nova de fendt\u00a0compta amb un gran a\u00efllament tant en parets com al sostre i al terra, t\u00e9 una qualitat constructiva d&#8217;alt nivell, la qual cosa la converteix<\/p>\n","protected":false},"author":2,"featured_media":862,"comment_status":"closed","ping_status":"open","sticky":false,"template":"","format":"standard","meta":{"footnotes":""},"categories":[742,17],"tags":[],"class_list":["post-7447","post","type-post","status-publish","format-standard","has-post-thumbnail","hentry","category-caravana-ca","category-caravanes"],"yoast_head":"<!-- This site is optimized with the Yoast SEO plugin v22.4 - https:\/\/yoast.com\/wordpress\/plugins\/seo\/ -->\n<title>La caravana nova de Fendt disponible a M3 Caravaning - Autocaravanas, caravanas y furgonetas campers nuevas, ocasi\u00f3n y segunda mano<\/title>\n<meta name=\"description\" content=\"Tenim en exclusiva la caravana nova de Fendt disponible a M3 Caravaning per que tots els amants del caravaning puguin gaudir-la\" \/>\n<meta name=\"robots\" content=\"index, follow, max-snippet:-1, max-image-preview:large, max-video-preview:-1\" \/>\n<link rel=\"canonical\" href=\"https:\/\/m3caravaning.com\/ca\/caravana-ca\/la-caravana-nova-de-fendt-disponible-a-m3-caravaning\/\" \/>\n<meta property=\"og:locale\" content=\"ca_ES\" \/>\n<meta property=\"og:type\" content=\"article\" \/>\n<meta property=\"og:title\" content=\"La caravana nova de Fendt disponible a M3 Caravaning - Autocaravanas, caravanas y furgonetas campers nuevas, ocasi\u00f3n y segunda mano\" \/>\n<meta property=\"og:description\" content=\"Tenim en exclusiva la caravana nova de Fendt disponible a M3 Caravaning per que tots els amants del caravaning puguin gaudir-la\" \/>\n<meta property=\"og:url\" content=\"https:\/\/m3caravaning.com\/ca\/caravana-ca\/la-caravana-nova-de-fendt-disponible-a-m3-caravaning\/\" \/>\n<meta property=\"og:site_name\" content=\"Autocaravanas, caravanas y furgonetas campers nuevas, ocasi\u00f3n y segunda mano\" \/>\n<meta property=\"article:publisher\" content=\"https:\/\/www.facebook.com\/m3caravaning\" \/>\n<meta property=\"article:published_time\" content=\"2018-09-03T09:26:54+00:00\" \/>\n<meta property=\"article:modified_time\" content=\"2021-06-15T08:31:11+00:00\" \/>\n<meta property=\"og:image\" content=\"https:\/\/m3caravaning.com\/wp-content\/uploads\/2021\/01\/la-caravana-nueva-de-fendt-disponible-en-m3-caravaning-id-222.jpg\" \/>\n\t<meta property=\"og:image:width\" content=\"1000\" \/>\n\t<meta property=\"og:image:height\" content=\"450\" \/>\n\t<meta property=\"og:image:type\" content=\"image\/jpeg\" \/>\n<meta name=\"author\" content=\"M3 Caravaning\" \/>\n<meta name=\"twitter:card\" content=\"summary_large_image\" \/>\n<meta name=\"twitter:creator\" content=\"@M3Caravaning\" \/>\n<meta name=\"twitter:site\" content=\"@M3Caravaning\" \/>\n<meta name=\"twitter:label1\" content=\"Written by\" \/>\n\t<meta name=\"twitter:data1\" content=\"M3 Caravaning\" \/>\n\t<meta name=\"twitter:label2\" content=\"Est. reading time\" \/>\n\t<meta name=\"twitter:data2\" content=\"2 minutes\" \/>\n<script type=\"application\/ld+json\" class=\"yoast-schema-graph\">{\"@context\":\"https:\/\/schema.org\",\"@graph\":[{\"@type\":\"WebPage\",\"@id\":\"https:\/\/m3caravaning.com\/ca\/caravana-ca\/la-caravana-nova-de-fendt-disponible-a-m3-caravaning\/\",\"url\":\"https:\/\/m3caravaning.com\/ca\/caravana-ca\/la-caravana-nova-de-fendt-disponible-a-m3-caravaning\/\",\"name\":\"La caravana nova de Fendt disponible a M3 Caravaning - Autocaravanas, caravanas y furgonetas campers nuevas, ocasi\u00f3n y segunda mano\",\"isPartOf\":{\"@id\":\"https:\/\/m3caravaning.com\/ca\/#website\"},\"primaryImageOfPage\":{\"@id\":\"https:\/\/m3caravaning.com\/ca\/caravana-ca\/la-caravana-nova-de-fendt-disponible-a-m3-caravaning\/#primaryimage\"},\"image\":{\"@id\":\"https:\/\/m3caravaning.com\/ca\/caravana-ca\/la-caravana-nova-de-fendt-disponible-a-m3-caravaning\/#primaryimage\"},\"thumbnailUrl\":\"https:\/\/m3caravaning.com\/wp-content\/uploads\/2021\/01\/la-caravana-nueva-de-fendt-disponible-en-m3-caravaning-id-222.jpg\",\"datePublished\":\"2018-09-03T09:26:54+00:00\",\"dateModified\":\"2021-06-15T08:31:11+00:00\",\"author\":{\"@id\":\"https:\/\/m3caravaning.com\/ca\/#\/schema\/person\/10e5f1edce4be1f414d4bde1bcf0c65f\"},\"description\":\"Tenim en exclusiva la caravana nova de Fendt disponible a M3 Caravaning per que tots els amants del caravaning puguin gaudir-la\",\"breadcrumb\":{\"@id\":\"https:\/\/m3caravaning.com\/ca\/caravana-ca\/la-caravana-nova-de-fendt-disponible-a-m3-caravaning\/#breadcrumb\"},\"inLanguage\":\"ca\",\"potentialAction\":[{\"@type\":\"ReadAction\",\"target\":[\"https:\/\/m3caravaning.com\/ca\/caravana-ca\/la-caravana-nova-de-fendt-disponible-a-m3-caravaning\/\"]}]},{\"@type\":\"ImageObject\",\"inLanguage\":\"ca\",\"@id\":\"https:\/\/m3caravaning.com\/ca\/caravana-ca\/la-caravana-nova-de-fendt-disponible-a-m3-caravaning\/#primaryimage\",\"url\":\"https:\/\/m3caravaning.com\/wp-content\/uploads\/2021\/01\/la-caravana-nueva-de-fendt-disponible-en-m3-caravaning-id-222.jpg\",\"contentUrl\":\"https:\/\/m3caravaning.com\/wp-content\/uploads\/2021\/01\/la-caravana-nueva-de-fendt-disponible-en-m3-caravaning-id-222.jpg\",\"width\":1000,\"height\":450},{\"@type\":\"BreadcrumbList\",\"@id\":\"https:\/\/m3caravaning.com\/ca\/caravana-ca\/la-caravana-nova-de-fendt-disponible-a-m3-caravaning\/#breadcrumb\",\"itemListElement\":[{\"@type\":\"ListItem\",\"position\":1,\"name\":\"Portada\",\"item\":\"https:\/\/m3caravaning.com\/ca\/\"},{\"@type\":\"ListItem\",\"position\":2,\"name\":\"La caravana nova de Fendt disponible a M3 Caravaning\"}]},{\"@type\":\"WebSite\",\"@id\":\"https:\/\/m3caravaning.com\/ca\/#website\",\"url\":\"https:\/\/m3caravaning.com\/ca\/\",\"name\":\"Autocaravanas, caravanas y furgonetas campers nuevas, ocasi\u00f3n y segunda mano\",\"description\":\"Tu tienda de autocaravanas, campers y caravanas nuevas y de segunda mano. Alquiler, tienda de recambios, taller, seguros, etc.\",\"potentialAction\":[{\"@type\":\"SearchAction\",\"target\":{\"@type\":\"EntryPoint\",\"urlTemplate\":\"https:\/\/m3caravaning.com\/ca\/?s={search_term_string}\"},\"query-input\":\"required name=search_term_string\"}],\"inLanguage\":\"ca\"},{\"@type\":\"Person\",\"@id\":\"https:\/\/m3caravaning.com\/ca\/#\/schema\/person\/10e5f1edce4be1f414d4bde1bcf0c65f\",\"name\":\"M3 Caravaning\",\"image\":{\"@type\":\"ImageObject\",\"inLanguage\":\"ca\",\"@id\":\"https:\/\/m3caravaning.com\/ca\/#\/schema\/person\/image\/\",\"url\":\"https:\/\/secure.gravatar.com\/avatar\/45cc9e7bfaa20654bd7626e499aa306a8db18ee338763b6b771e707ccbeef54c?s=96&d=mm&r=g\",\"contentUrl\":\"https:\/\/secure.gravatar.com\/avatar\/45cc9e7bfaa20654bd7626e499aa306a8db18ee338763b6b771e707ccbeef54c?s=96&d=mm&r=g\",\"caption\":\"M3 Caravaning\"}}]}<\/script>\n<!-- \/ Yoast SEO plugin. -->","yoast_head_json":{"title":"La caravana nova de Fendt disponible a M3 Caravaning - Autocaravanas, caravanas y furgonetas campers nuevas, ocasi\u00f3n y segunda mano","description":"Tenim en exclusiva la caravana nova de Fendt disponible a M3 Caravaning per que tots els amants del caravaning puguin gaudir-la","robots":{"index":"index","follow":"follow","max-snippet":"max-snippet:-1","max-image-preview":"max-image-preview:large","max-video-preview":"max-video-preview:-1"},"canonical":"https:\/\/m3caravaning.com\/ca\/caravana-ca\/la-caravana-nova-de-fendt-disponible-a-m3-caravaning\/","og_locale":"ca_ES","og_type":"article","og_title":"La caravana nova de Fendt disponible a M3 Caravaning - Autocaravanas, caravanas y furgonetas campers nuevas, ocasi\u00f3n y segunda mano","og_description":"Tenim en exclusiva la caravana nova de Fendt disponible a M3 Caravaning per que tots els amants del caravaning puguin gaudir-la","og_url":"https:\/\/m3caravaning.com\/ca\/caravana-ca\/la-caravana-nova-de-fendt-disponible-a-m3-caravaning\/","og_site_name":"Autocaravanas, caravanas y furgonetas campers nuevas, ocasi\u00f3n y segunda mano","article_publisher":"https:\/\/www.facebook.com\/m3caravaning","article_published_time":"2018-09-03T09:26:54+00:00","article_modified_time":"2021-06-15T08:31:11+00:00","og_image":[{"width":1000,"height":450,"url":"https:\/\/m3caravaning.com\/wp-content\/uploads\/2021\/01\/la-caravana-nueva-de-fendt-disponible-en-m3-caravaning-id-222.jpg","type":"image\/jpeg"}],"author":"M3 Caravaning","twitter_card":"summary_large_image","twitter_creator":"@M3Caravaning","twitter_site":"@M3Caravaning","twitter_misc":{"Written by":"M3 Caravaning","Est. reading time":"2 minutes"},"schema":{"@context":"https:\/\/schema.org","@graph":[{"@type":"WebPage","@id":"https:\/\/m3caravaning.com\/ca\/caravana-ca\/la-caravana-nova-de-fendt-disponible-a-m3-caravaning\/","url":"https:\/\/m3caravaning.com\/ca\/caravana-ca\/la-caravana-nova-de-fendt-disponible-a-m3-caravaning\/","name":"La caravana nova de Fendt disponible a M3 Caravaning - Autocaravanas, caravanas y furgonetas campers nuevas, ocasi\u00f3n y segunda mano","isPartOf":{"@id":"https:\/\/m3caravaning.com\/ca\/#website"},"primaryImageOfPage":{"@id":"https:\/\/m3caravaning.com\/ca\/caravana-ca\/la-caravana-nova-de-fendt-disponible-a-m3-caravaning\/#primaryimage"},"image":{"@id":"https:\/\/m3caravaning.com\/ca\/caravana-ca\/la-caravana-nova-de-fendt-disponible-a-m3-caravaning\/#primaryimage"},"thumbnailUrl":"https:\/\/m3caravaning.com\/wp-content\/uploads\/2021\/01\/la-caravana-nueva-de-fendt-disponible-en-m3-caravaning-id-222.jpg","datePublished":"2018-09-03T09:26:54+00:00","dateModified":"2021-06-15T08:31:11+00:00","author":{"@id":"https:\/\/m3caravaning.com\/ca\/#\/schema\/person\/10e5f1edce4be1f414d4bde1bcf0c65f"},"description":"Tenim en exclusiva la caravana nova de Fendt disponible a M3 Caravaning per que tots els amants del caravaning puguin gaudir-la","breadcrumb":{"@id":"https:\/\/m3caravaning.com\/ca\/caravana-ca\/la-caravana-nova-de-fendt-disponible-a-m3-caravaning\/#breadcrumb"},"inLanguage":"ca","potentialAction":[{"@type":"ReadAction","target":["https:\/\/m3caravaning.com\/ca\/caravana-ca\/la-caravana-nova-de-fendt-disponible-a-m3-caravaning\/"]}]},{"@type":"ImageObject","inLanguage":"ca","@id":"https:\/\/m3caravaning.com\/ca\/caravana-ca\/la-caravana-nova-de-fendt-disponible-a-m3-caravaning\/#primaryimage","url":"https:\/\/m3caravaning.com\/wp-content\/uploads\/2021\/01\/la-caravana-nueva-de-fendt-disponible-en-m3-caravaning-id-222.jpg","contentUrl":"https:\/\/m3caravaning.com\/wp-content\/uploads\/2021\/01\/la-caravana-nueva-de-fendt-disponible-en-m3-caravaning-id-222.jpg","width":1000,"height":450},{"@type":"BreadcrumbList","@id":"https:\/\/m3caravaning.com\/ca\/caravana-ca\/la-caravana-nova-de-fendt-disponible-a-m3-caravaning\/#breadcrumb","itemListElement":[{"@type":"ListItem","position":1,"name":"Portada","item":"https:\/\/m3caravaning.com\/ca\/"},{"@type":"ListItem","position":2,"name":"La caravana nova de Fendt disponible a M3 Caravaning"}]},{"@type":"WebSite","@id":"https:\/\/m3caravaning.com\/ca\/#website","url":"https:\/\/m3caravaning.com\/ca\/","name":"Autocaravanas, caravanas y furgonetas campers nuevas, ocasi\u00f3n y segunda mano","description":"Tu tienda de autocaravanas, campers y caravanas nuevas y de segunda mano. Alquiler, tienda de recambios, taller, seguros, etc.","potentialAction":[{"@type":"SearchAction","target":{"@type":"EntryPoint","urlTemplate":"https:\/\/m3caravaning.com\/ca\/?s={search_term_string}"},"query-input":"required name=search_term_string"}],"inLanguage":"ca"},{"@type":"Person","@id":"https:\/\/m3caravaning.com\/ca\/#\/schema\/person\/10e5f1edce4be1f414d4bde1bcf0c65f","name":"M3 Caravaning","image":{"@type":"ImageObject","inLanguage":"ca","@id":"https:\/\/m3caravaning.com\/ca\/#\/schema\/person\/image\/","url":"https:\/\/secure.gravatar.com\/avatar\/45cc9e7bfaa20654bd7626e499aa306a8db18ee338763b6b771e707ccbeef54c?s=96&d=mm&r=g","contentUrl":"https:\/\/secure.gravatar.com\/avatar\/45cc9e7bfaa20654bd7626e499aa306a8db18ee338763b6b771e707ccbeef54c?s=96&d=mm&r=g","caption":"M3 Caravaning"}}]}},"_links":{"self":[{"href":"https:\/\/m3caravaning.com\/ca\/wp-json\/wp\/v2\/posts\/7447","targetHints":{"allow":["GET"]}}],"collection":[{"href":"https:\/\/m3caravaning.com\/ca\/wp-json\/wp\/v2\/posts"}],"about":[{"href":"https:\/\/m3caravaning.com\/ca\/wp-json\/wp\/v2\/types\/post"}],"author":[{"embeddable":true,"href":"https:\/\/m3caravaning.com\/ca\/wp-json\/wp\/v2\/users\/2"}],"replies":[{"embeddable":true,"href":"https:\/\/m3caravaning.com\/ca\/wp-json\/wp\/v2\/comments?post=7447"}],"version-history":[{"count":0,"href":"https:\/\/m3caravaning.com\/ca\/wp-json\/wp\/v2\/posts\/7447\/revisions"}],"wp:featuredmedia":[{"embeddable":true,"href":"https:\/\/m3caravaning.com\/ca\/wp-json\/wp\/v2\/media\/862"}],"wp:attachment":[{"href":"https:\/\/m3caravaning.com\/ca\/wp-json\/wp\/v2\/media?parent=7447"}],"wp:term":[{"taxonomy":"category","embeddable":true,"href":"https:\/\/m3caravaning.com\/ca\/wp-json\/wp\/v2\/categories?post=7447"},{"taxonomy":"post_tag","embeddable":true,"href":"https:\/\/m3caravaning.com\/ca\/wp-json\/wp\/v2\/tags?post=7447"}],"curies":[{"name":"wp","href":"https:\/\/api.w.org\/{rel}","templated":true}]}}