





{"id":74,"date":"2018-09-12T09:05:25","date_gmt":"2018-09-12T07:05:25","guid":{"rendered":"https:\/\/m3caravaning.com\/?p=74"},"modified":"2021-06-15T13:21:51","modified_gmt":"2021-06-15T11:21:51","slug":"presentacio-exclusiva-camper-saint-sinner-de-knaus-i-volkswagen","status":"publish","type":"post","link":"https:\/\/m3caravaning.com\/ca\/campers-ca\/presentacio-exclusiva-camper-saint-sinner-de-knaus-i-volkswagen\/","title":{"rendered":"Presentaci\u00f3 exclusiva camper Saint &#038; Sinner de Knaus i Volkswagen"},"content":{"rendered":"<p>Aquest cap de setmana passat, es va celebrar la coneguda fira CMT de Stuttgart (Alemanya), en la qual es presenten les principals novetats que estan per arribar, i que es llan\u00e7aran a la seg\u00fcent temporada.<\/p>\n<p>Entre les novetats que el grup Knaus-Tabbert presentar, va impressionar a tots la presentaci\u00f3 mundial dels nous SAINT &amp; Sinner, basat en el nou Volkswagen Crafter i tamb\u00e9 es pot triar muntat sobre la base Fiat Ducato, de la m\u00e0 de Knaus.<\/p>\n<p>Amb aquests dos models, Knaus Tabbert refresca el mercat de campers a Europa. El model Saint &amp; Sinner basat en el VW Crafter, ha estat redissenyat per Knaus Tabbert. L&#8217;elecci\u00f3 de color exterior bicolor, en vermell i blanc, recorda molt al seu germ\u00e0 petit, el VW T6. El color de la carrosseria continua a l&#8217;interior, amb les butaques entapissades en vermell i negre, armaris de cuina tamb\u00e9 combinats amb vermell intens i negre i els armaris superior del sal\u00f3 i dormitori en blanc brillant.<\/p>\n<p>El logotip de la Saint &amp; Sinner, fa honor al seu nom. El trobem diverses vegades en la part exterior de la camper i tamb\u00e9 dins el habit\u00e1ciulo. Representa una figura dividida d&#8217;un \u00e0ngel i un dimoni, en color negre i vermell, amb banyes al cap, ales i acaba amb una cua de diable a la part inferior.<\/p>\n<img decoding=\"async\" src=\"http:\/\/www.m3caravaning.com\/uploads\/412e14d5d55d1c0596abb6450f23e8ee.png\" alt=\"\" \/>\n<p>A la part t\u00e8cnica, el Sant &amp; Sinner \u00e9s propulsat per un motor di\u00e8sel de 140 cavalls de for\u00e7a. Est\u00e0 equipat amb ESP, coixins de seguretat laterals i de frontals, aix\u00ed com un assistent de carril i de vent lateral. Mesura 2,58 metres d&#8217;altura i pesar\u00e0 un total de 3.500 kg.<\/p>\n<img decoding=\"async\" src=\"http:\/\/www.m3caravaning.com\/uploads\/7597425eb326cbd9d8de3518f98d7e93.jpg\" alt=\"\" \/>\n<p>A l&#8217;interior, trobem uns seients davanters amb respatllers reclinables i giratoris cap al menjador; un menjador amb taula doble tamb\u00e9 girat\u00f2ria per orientar-la al comensal; els seients del menjador es poden eixamplar f\u00e0cilment per aconseguir m\u00e9s espai. Al costat, hi trobem la cuina amb 3 fogons, aig\u00fcera, diversos calaixos i armaris per a emmagatzematge i un frigor\u00edfic de 90L. Al darrere, apareix el bany amb porta girat\u00f2ria amb wc qu\u00edmic, lavabo i dutxa. La porta girat\u00f2ria del bany crea un espai sense igual al m\u00f3n de les campers, dotant el bany d&#8217;un espai extra per al moment de la dutxa. A la part del darrere, trobem el dormitori amb un llit especial confort amb una dimensi\u00f3 de 1,44 metres d&#8217;amplada i armaris a la part superior.<\/p>\n<img decoding=\"async\" src=\"http:\/\/www.m3caravaning.com\/uploads\/7597425eb326cbd9d8de3518f98d7e93.jpg\" alt=\"\" \/>\n<p>El model que ja est\u00e0 disponible al mercat, \u00e9s l&#8217;opci\u00f3 de Knaus sobre Fiat Ducato. La camper est\u00e0 disponible en longituds de 5,99 i 6,36 metres amb motor de 130 cv. En el model 600 MQ la distribuci\u00f3 \u00e9s semblant a Crafter excepte pel bany, disposa de llit del darrere per a dues persones. I en el model 630 ME trobem dos llits bessones a la part posterior, ideal perqu\u00e8 dormin dues persones amb m\u00e0xima amplitud i comoditat. A la llista d&#8217;opcions tamb\u00e9 ve amb un llit abatible de sostre a la part davantera i un mecanisme d&#8217;elevaci\u00f3 per a ambdues variants al llit.<\/p>\n<p>Els models de Knaus Fiat Ducato v\u00e9nen amb un frontal exterior totalment esportiu i amb unes llandes d&#8217;aliatge de 18 polzades. A l&#8217;interior, ve equipada amb tapisseria de cuir, il\u00b7luminaci\u00f3 ambiental LED i com a opci\u00f3 el bany amb porta girat\u00f2ria per a la dutxa.<\/p>\n","protected":false},"excerpt":{"rendered":"<p>Aquest cap de setmana passat, es va celebrar la coneguda fira CMT de Stuttgart (Alemanya), en la qual es presenten les principals novetats que estan per arribar, i que es llan\u00e7aran a la seg\u00fcent temporada. Entre les novetats que el grup Knaus-Tabbert presentar, va impressionar a tots la presentaci\u00f3 mundial dels nous SAINT &amp; Sinner,<\/p>\n","protected":false},"author":2,"featured_media":465,"comment_status":"closed","ping_status":"open","sticky":false,"template":"","format":"standard","meta":{"footnotes":""},"categories":[16],"tags":[],"class_list":["post-74","post","type-post","status-publish","format-standard","has-post-thumbnail","hentry","category-campers-ca"],"yoast_head":"<!-- This site is optimized with the Yoast SEO plugin v22.4 - https:\/\/yoast.com\/wordpress\/plugins\/seo\/ -->\n<title>Presentaci\u00f3 exclusiva camper Saint &amp; Sinner de Knaus i Volkswagen - Autocaravanas, caravanas y furgonetas campers nuevas, ocasi\u00f3n y segunda mano<\/title>\n<meta name=\"description\" content=\"Tenim en prim\u00edcia la presentaci\u00f3 exclusiva camper Saint &amp; Sinner de Knaus i Volkswagen gr\u00e0cies a M3 Caravaning com sempre.\" \/>\n<meta name=\"robots\" content=\"index, follow, max-snippet:-1, max-image-preview:large, max-video-preview:-1\" \/>\n<link rel=\"canonical\" href=\"https:\/\/m3caravaning.com\/ca\/campers-ca\/presentacio-exclusiva-camper-saint-sinner-de-knaus-i-volkswagen\/\" \/>\n<meta property=\"og:locale\" content=\"ca_ES\" \/>\n<meta property=\"og:type\" content=\"article\" \/>\n<meta property=\"og:title\" content=\"Presentaci\u00f3 exclusiva camper Saint &amp; Sinner de Knaus i Volkswagen - Autocaravanas, caravanas y furgonetas campers nuevas, ocasi\u00f3n y segunda mano\" \/>\n<meta property=\"og:description\" content=\"Tenim en prim\u00edcia la presentaci\u00f3 exclusiva camper Saint &amp; Sinner de Knaus i Volkswagen gr\u00e0cies a M3 Caravaning com sempre.\" \/>\n<meta property=\"og:url\" content=\"https:\/\/m3caravaning.com\/ca\/campers-ca\/presentacio-exclusiva-camper-saint-sinner-de-knaus-i-volkswagen\/\" \/>\n<meta property=\"og:site_name\" content=\"Autocaravanas, caravanas y furgonetas campers nuevas, ocasi\u00f3n y segunda mano\" \/>\n<meta property=\"article:publisher\" content=\"https:\/\/www.facebook.com\/m3caravaning\" \/>\n<meta property=\"article:published_time\" content=\"2018-09-12T07:05:25+00:00\" \/>\n<meta property=\"article:modified_time\" content=\"2021-06-15T11:21:51+00:00\" \/>\n<meta property=\"og:image\" content=\"https:\/\/m3caravaning.com\/wp-content\/uploads\/2021\/01\/presentacion-exclusiva-camper-saint-38-sinner-de-knaus-y-volkswagen-id-54.jpg\" \/>\n\t<meta property=\"og:image:width\" content=\"1904\" \/>\n\t<meta property=\"og:image:height\" content=\"1080\" \/>\n\t<meta property=\"og:image:type\" content=\"image\/jpeg\" \/>\n<meta name=\"author\" content=\"M3 Caravaning\" \/>\n<meta name=\"twitter:card\" content=\"summary_large_image\" \/>\n<meta name=\"twitter:creator\" content=\"@M3Caravaning\" \/>\n<meta name=\"twitter:site\" content=\"@M3Caravaning\" \/>\n<meta name=\"twitter:label1\" content=\"Written by\" \/>\n\t<meta name=\"twitter:data1\" content=\"M3 Caravaning\" \/>\n\t<meta name=\"twitter:label2\" content=\"Est. reading time\" \/>\n\t<meta name=\"twitter:data2\" content=\"3 minutes\" \/>\n<script type=\"application\/ld+json\" class=\"yoast-schema-graph\">{\"@context\":\"https:\/\/schema.org\",\"@graph\":[{\"@type\":\"WebPage\",\"@id\":\"https:\/\/m3caravaning.com\/ca\/campers-ca\/presentacio-exclusiva-camper-saint-sinner-de-knaus-i-volkswagen\/\",\"url\":\"https:\/\/m3caravaning.com\/ca\/campers-ca\/presentacio-exclusiva-camper-saint-sinner-de-knaus-i-volkswagen\/\",\"name\":\"Presentaci\u00f3 exclusiva camper Saint & Sinner de Knaus i Volkswagen - Autocaravanas, caravanas y furgonetas campers nuevas, ocasi\u00f3n y segunda mano\",\"isPartOf\":{\"@id\":\"https:\/\/m3caravaning.com\/ca\/#website\"},\"primaryImageOfPage\":{\"@id\":\"https:\/\/m3caravaning.com\/ca\/campers-ca\/presentacio-exclusiva-camper-saint-sinner-de-knaus-i-volkswagen\/#primaryimage\"},\"image\":{\"@id\":\"https:\/\/m3caravaning.com\/ca\/campers-ca\/presentacio-exclusiva-camper-saint-sinner-de-knaus-i-volkswagen\/#primaryimage\"},\"thumbnailUrl\":\"https:\/\/m3caravaning.com\/wp-content\/uploads\/2021\/01\/presentacion-exclusiva-camper-saint-38-sinner-de-knaus-y-volkswagen-id-54.jpg\",\"datePublished\":\"2018-09-12T07:05:25+00:00\",\"dateModified\":\"2021-06-15T11:21:51+00:00\",\"author\":{\"@id\":\"https:\/\/m3caravaning.com\/ca\/#\/schema\/person\/10e5f1edce4be1f414d4bde1bcf0c65f\"},\"description\":\"Tenim en prim\u00edcia la presentaci\u00f3 exclusiva camper Saint & Sinner de Knaus i Volkswagen gr\u00e0cies a M3 Caravaning com sempre.\",\"breadcrumb\":{\"@id\":\"https:\/\/m3caravaning.com\/ca\/campers-ca\/presentacio-exclusiva-camper-saint-sinner-de-knaus-i-volkswagen\/#breadcrumb\"},\"inLanguage\":\"ca\",\"potentialAction\":[{\"@type\":\"ReadAction\",\"target\":[\"https:\/\/m3caravaning.com\/ca\/campers-ca\/presentacio-exclusiva-camper-saint-sinner-de-knaus-i-volkswagen\/\"]}]},{\"@type\":\"ImageObject\",\"inLanguage\":\"ca\",\"@id\":\"https:\/\/m3caravaning.com\/ca\/campers-ca\/presentacio-exclusiva-camper-saint-sinner-de-knaus-i-volkswagen\/#primaryimage\",\"url\":\"https:\/\/m3caravaning.com\/wp-content\/uploads\/2021\/01\/presentacion-exclusiva-camper-saint-38-sinner-de-knaus-y-volkswagen-id-54.jpg\",\"contentUrl\":\"https:\/\/m3caravaning.com\/wp-content\/uploads\/2021\/01\/presentacion-exclusiva-camper-saint-38-sinner-de-knaus-y-volkswagen-id-54.jpg\",\"width\":1904,\"height\":1080},{\"@type\":\"BreadcrumbList\",\"@id\":\"https:\/\/m3caravaning.com\/ca\/campers-ca\/presentacio-exclusiva-camper-saint-sinner-de-knaus-i-volkswagen\/#breadcrumb\",\"itemListElement\":[{\"@type\":\"ListItem\",\"position\":1,\"name\":\"Portada\",\"item\":\"https:\/\/m3caravaning.com\/ca\/\"},{\"@type\":\"ListItem\",\"position\":2,\"name\":\"Presentaci\u00f3 exclusiva camper Saint &#038; Sinner de Knaus i Volkswagen\"}]},{\"@type\":\"WebSite\",\"@id\":\"https:\/\/m3caravaning.com\/ca\/#website\",\"url\":\"https:\/\/m3caravaning.com\/ca\/\",\"name\":\"Autocaravanas, caravanas y furgonetas campers nuevas, ocasi\u00f3n y segunda mano\",\"description\":\"Tu tienda de autocaravanas, campers y caravanas nuevas y de segunda mano. Alquiler, tienda de recambios, taller, seguros, etc.\",\"potentialAction\":[{\"@type\":\"SearchAction\",\"target\":{\"@type\":\"EntryPoint\",\"urlTemplate\":\"https:\/\/m3caravaning.com\/ca\/?s={search_term_string}\"},\"query-input\":\"required name=search_term_string\"}],\"inLanguage\":\"ca\"},{\"@type\":\"Person\",\"@id\":\"https:\/\/m3caravaning.com\/ca\/#\/schema\/person\/10e5f1edce4be1f414d4bde1bcf0c65f\",\"name\":\"M3 Caravaning\",\"image\":{\"@type\":\"ImageObject\",\"inLanguage\":\"ca\",\"@id\":\"https:\/\/m3caravaning.com\/ca\/#\/schema\/person\/image\/\",\"url\":\"https:\/\/secure.gravatar.com\/avatar\/45cc9e7bfaa20654bd7626e499aa306a8db18ee338763b6b771e707ccbeef54c?s=96&d=mm&r=g\",\"contentUrl\":\"https:\/\/secure.gravatar.com\/avatar\/45cc9e7bfaa20654bd7626e499aa306a8db18ee338763b6b771e707ccbeef54c?s=96&d=mm&r=g\",\"caption\":\"M3 Caravaning\"}}]}<\/script>\n<!-- \/ Yoast SEO plugin. -->","yoast_head_json":{"title":"Presentaci\u00f3 exclusiva camper Saint & Sinner de Knaus i Volkswagen - Autocaravanas, caravanas y furgonetas campers nuevas, ocasi\u00f3n y segunda mano","description":"Tenim en prim\u00edcia la presentaci\u00f3 exclusiva camper Saint & Sinner de Knaus i Volkswagen gr\u00e0cies a M3 Caravaning com sempre.","robots":{"index":"index","follow":"follow","max-snippet":"max-snippet:-1","max-image-preview":"max-image-preview:large","max-video-preview":"max-video-preview:-1"},"canonical":"https:\/\/m3caravaning.com\/ca\/campers-ca\/presentacio-exclusiva-camper-saint-sinner-de-knaus-i-volkswagen\/","og_locale":"ca_ES","og_type":"article","og_title":"Presentaci\u00f3 exclusiva camper Saint & Sinner de Knaus i Volkswagen - Autocaravanas, caravanas y furgonetas campers nuevas, ocasi\u00f3n y segunda mano","og_description":"Tenim en prim\u00edcia la presentaci\u00f3 exclusiva camper Saint & Sinner de Knaus i Volkswagen gr\u00e0cies a M3 Caravaning com sempre.","og_url":"https:\/\/m3caravaning.com\/ca\/campers-ca\/presentacio-exclusiva-camper-saint-sinner-de-knaus-i-volkswagen\/","og_site_name":"Autocaravanas, caravanas y furgonetas campers nuevas, ocasi\u00f3n y segunda mano","article_publisher":"https:\/\/www.facebook.com\/m3caravaning","article_published_time":"2018-09-12T07:05:25+00:00","article_modified_time":"2021-06-15T11:21:51+00:00","og_image":[{"width":1904,"height":1080,"url":"https:\/\/m3caravaning.com\/wp-content\/uploads\/2021\/01\/presentacion-exclusiva-camper-saint-38-sinner-de-knaus-y-volkswagen-id-54.jpg","type":"image\/jpeg"}],"author":"M3 Caravaning","twitter_card":"summary_large_image","twitter_creator":"@M3Caravaning","twitter_site":"@M3Caravaning","twitter_misc":{"Written by":"M3 Caravaning","Est. reading time":"3 minutes"},"schema":{"@context":"https:\/\/schema.org","@graph":[{"@type":"WebPage","@id":"https:\/\/m3caravaning.com\/ca\/campers-ca\/presentacio-exclusiva-camper-saint-sinner-de-knaus-i-volkswagen\/","url":"https:\/\/m3caravaning.com\/ca\/campers-ca\/presentacio-exclusiva-camper-saint-sinner-de-knaus-i-volkswagen\/","name":"Presentaci\u00f3 exclusiva camper Saint & Sinner de Knaus i Volkswagen - Autocaravanas, caravanas y furgonetas campers nuevas, ocasi\u00f3n y segunda mano","isPartOf":{"@id":"https:\/\/m3caravaning.com\/ca\/#website"},"primaryImageOfPage":{"@id":"https:\/\/m3caravaning.com\/ca\/campers-ca\/presentacio-exclusiva-camper-saint-sinner-de-knaus-i-volkswagen\/#primaryimage"},"image":{"@id":"https:\/\/m3caravaning.com\/ca\/campers-ca\/presentacio-exclusiva-camper-saint-sinner-de-knaus-i-volkswagen\/#primaryimage"},"thumbnailUrl":"https:\/\/m3caravaning.com\/wp-content\/uploads\/2021\/01\/presentacion-exclusiva-camper-saint-38-sinner-de-knaus-y-volkswagen-id-54.jpg","datePublished":"2018-09-12T07:05:25+00:00","dateModified":"2021-06-15T11:21:51+00:00","author":{"@id":"https:\/\/m3caravaning.com\/ca\/#\/schema\/person\/10e5f1edce4be1f414d4bde1bcf0c65f"},"description":"Tenim en prim\u00edcia la presentaci\u00f3 exclusiva camper Saint & Sinner de Knaus i Volkswagen gr\u00e0cies a M3 Caravaning com sempre.","breadcrumb":{"@id":"https:\/\/m3caravaning.com\/ca\/campers-ca\/presentacio-exclusiva-camper-saint-sinner-de-knaus-i-volkswagen\/#breadcrumb"},"inLanguage":"ca","potentialAction":[{"@type":"ReadAction","target":["https:\/\/m3caravaning.com\/ca\/campers-ca\/presentacio-exclusiva-camper-saint-sinner-de-knaus-i-volkswagen\/"]}]},{"@type":"ImageObject","inLanguage":"ca","@id":"https:\/\/m3caravaning.com\/ca\/campers-ca\/presentacio-exclusiva-camper-saint-sinner-de-knaus-i-volkswagen\/#primaryimage","url":"https:\/\/m3caravaning.com\/wp-content\/uploads\/2021\/01\/presentacion-exclusiva-camper-saint-38-sinner-de-knaus-y-volkswagen-id-54.jpg","contentUrl":"https:\/\/m3caravaning.com\/wp-content\/uploads\/2021\/01\/presentacion-exclusiva-camper-saint-38-sinner-de-knaus-y-volkswagen-id-54.jpg","width":1904,"height":1080},{"@type":"BreadcrumbList","@id":"https:\/\/m3caravaning.com\/ca\/campers-ca\/presentacio-exclusiva-camper-saint-sinner-de-knaus-i-volkswagen\/#breadcrumb","itemListElement":[{"@type":"ListItem","position":1,"name":"Portada","item":"https:\/\/m3caravaning.com\/ca\/"},{"@type":"ListItem","position":2,"name":"Presentaci\u00f3 exclusiva camper Saint &#038; Sinner de Knaus i Volkswagen"}]},{"@type":"WebSite","@id":"https:\/\/m3caravaning.com\/ca\/#website","url":"https:\/\/m3caravaning.com\/ca\/","name":"Autocaravanas, caravanas y furgonetas campers nuevas, ocasi\u00f3n y segunda mano","description":"Tu tienda de autocaravanas, campers y caravanas nuevas y de segunda mano. Alquiler, tienda de recambios, taller, seguros, etc.","potentialAction":[{"@type":"SearchAction","target":{"@type":"EntryPoint","urlTemplate":"https:\/\/m3caravaning.com\/ca\/?s={search_term_string}"},"query-input":"required name=search_term_string"}],"inLanguage":"ca"},{"@type":"Person","@id":"https:\/\/m3caravaning.com\/ca\/#\/schema\/person\/10e5f1edce4be1f414d4bde1bcf0c65f","name":"M3 Caravaning","image":{"@type":"ImageObject","inLanguage":"ca","@id":"https:\/\/m3caravaning.com\/ca\/#\/schema\/person\/image\/","url":"https:\/\/secure.gravatar.com\/avatar\/45cc9e7bfaa20654bd7626e499aa306a8db18ee338763b6b771e707ccbeef54c?s=96&d=mm&r=g","contentUrl":"https:\/\/secure.gravatar.com\/avatar\/45cc9e7bfaa20654bd7626e499aa306a8db18ee338763b6b771e707ccbeef54c?s=96&d=mm&r=g","caption":"M3 Caravaning"}}]}},"_links":{"self":[{"href":"https:\/\/m3caravaning.com\/ca\/wp-json\/wp\/v2\/posts\/74","targetHints":{"allow":["GET"]}}],"collection":[{"href":"https:\/\/m3caravaning.com\/ca\/wp-json\/wp\/v2\/posts"}],"about":[{"href":"https:\/\/m3caravaning.com\/ca\/wp-json\/wp\/v2\/types\/post"}],"author":[{"embeddable":true,"href":"https:\/\/m3caravaning.com\/ca\/wp-json\/wp\/v2\/users\/2"}],"replies":[{"embeddable":true,"href":"https:\/\/m3caravaning.com\/ca\/wp-json\/wp\/v2\/comments?post=74"}],"version-history":[{"count":0,"href":"https:\/\/m3caravaning.com\/ca\/wp-json\/wp\/v2\/posts\/74\/revisions"}],"wp:featuredmedia":[{"embeddable":true,"href":"https:\/\/m3caravaning.com\/ca\/wp-json\/wp\/v2\/media\/465"}],"wp:attachment":[{"href":"https:\/\/m3caravaning.com\/ca\/wp-json\/wp\/v2\/media?parent=74"}],"wp:term":[{"taxonomy":"category","embeddable":true,"href":"https:\/\/m3caravaning.com\/ca\/wp-json\/wp\/v2\/categories?post=74"},{"taxonomy":"post_tag","embeddable":true,"href":"https:\/\/m3caravaning.com\/ca\/wp-json\/wp\/v2\/tags?post=74"}],"curies":[{"name":"wp","href":"https:\/\/api.w.org\/{rel}","templated":true}]}}