





{"id":645915,"date":"2026-02-25T10:25:56","date_gmt":"2026-02-25T09:25:56","guid":{"rendered":"https:\/\/m3caravaning.com\/?p=645915"},"modified":"2026-02-25T10:25:56","modified_gmt":"2026-02-25T09:25:56","slug":"una-camper-al-dakar-weinsberg-x-pedition","status":"publish","type":"post","link":"https:\/\/m3caravaning.com\/ca\/sense-categoria\/una-camper-al-dakar-weinsberg-x-pedition\/","title":{"rendered":"POT UNA CAMPER SOBREVIURE AL DAKAR? LA WEINSBERG X-PEDITION HO HA DEMOSTRAT"},"content":{"rendered":"<div id=\"ez-toc-container\" class=\"ez-toc-v2_0_82_2 counter-hierarchy ez-toc-counter ez-toc-custom ez-toc-container-direction\">\n<div class=\"ez-toc-title-container\">\n<p class=\"ez-toc-title ez-toc-toggle\" style=\"cursor:pointer\">Tabla de contenido<\/p>\n<span class=\"ez-toc-title-toggle\"><\/span><\/div>\n<nav><ul class='ez-toc-list ez-toc-list-level-1 ' ><li class='ez-toc-page-1 ez-toc-heading-level-1'><a class=\"ez-toc-link ez-toc-heading-1\" href=\"https:\/\/m3caravaning.com\/ca\/sense-categoria\/una-camper-al-dakar-weinsberg-x-pedition\/#Pot_una_camper_sobreviure_al_Dakar_El_WEINSBERG_X-PEDITION_ho_ha_demostrat\" >Pot una camper sobreviure al Dakar? El WEINSBERG X-PEDITION ho ha demostrat<\/a><ul class='ez-toc-list-level-2' ><li class='ez-toc-heading-level-2'><a class=\"ez-toc-link ez-toc-heading-2\" href=\"https:\/\/m3caravaning.com\/ca\/sense-categoria\/una-camper-al-dakar-weinsberg-x-pedition\/#La_prova_definitiva_per_a_una_camper\" >La prova definitiva per a una camper<\/a><\/li><li class='ez-toc-page-1 ez-toc-heading-level-2'><a class=\"ez-toc-link ez-toc-heading-3\" href=\"https:\/\/m3caravaning.com\/ca\/sense-categoria\/una-camper-al-dakar-weinsberg-x-pedition\/#Que_significa_realment_aixo\" >Qu\u00e8 significa realment aix\u00f2?<\/a><\/li><li class='ez-toc-page-1 ez-toc-heading-level-2'><a class=\"ez-toc-link ez-toc-heading-4\" href=\"https:\/\/m3caravaning.com\/ca\/sense-categoria\/una-camper-al-dakar-weinsberg-x-pedition\/#No_necessites_correr_el_Dakar_pero_si_que_en_pots_treure_profit\" >No necessites c\u00f3rrer el Dakar (per\u00f2 s\u00ed que en pots treure profit)<\/a><\/li><li class='ez-toc-page-1 ez-toc-heading-level-2'><a class=\"ez-toc-link ez-toc-heading-5\" href=\"https:\/\/m3caravaning.com\/ca\/sense-categoria\/una-camper-al-dakar-weinsberg-x-pedition\/#La_diferencia_entre_estetica_offroad_i_preparacio_real\" >La difer\u00e8ncia entre est\u00e8tica offroad i preparaci\u00f3 real<\/a><\/li><li class='ez-toc-page-1 ez-toc-heading-level-2'><a class=\"ez-toc-link ez-toc-heading-6\" href=\"https:\/\/m3caravaning.com\/ca\/sense-categoria\/una-camper-al-dakar-weinsberg-x-pedition\/#Tagradaria_descobrir_que_pot_oferir_una_WEINSBERG\" >T\u2019agradaria descobrir qu\u00e8 pot oferir una WEINSBERG?<\/a><\/li><\/ul><\/li><\/ul><\/nav><\/div>\n<h1 data-start=\"109\" data-end=\"186\"><span class=\"ez-toc-section\" id=\"Pot_una_camper_sobreviure_al_Dakar_El_WEINSBERG_X-PEDITION_ho_ha_demostrat\"><\/span>Pot una camper sobreviure al Dakar? El WEINSBERG X-PEDITION ho ha demostrat<span class=\"ez-toc-section-end\"><\/span><\/h1>\n<p data-start=\"188\" data-end=\"321\">Quan pensem en el Dakar, pensem en alguna cosa extrema. Calor abrasador. Sorra infinita. Pistes trencades. Mec\u00e0nica portada al l\u00edmit.<\/p>\n<p data-start=\"323\" data-end=\"372\">Ara imagina posar en aquest escenari\u2026 una camper.<\/p>\n<p data-start=\"374\" data-end=\"545\">No com a vehicle d\u2019exhibici\u00f3. No com a imatge publicit\u00e0ria. Sin\u00f3 com a part activa del ral\u00b7li, treballant cada dia en les mateixes condicions que els equips d\u2019assist\u00e8ncia.<\/p>\n<p data-start=\"547\" data-end=\"837\">Aix\u00f2 \u00e9s exactament el que va passar de l\u20191 al 18 de gener de 2026, quan el <span class=\"hover:entity-accent entity-underline inline cursor-pointer align-baseline\"><span class=\"whitespace-normal\">Dakar Classic<\/span><\/span> va tornar a rec\u00f3rrer l\u2019Ar\u00e0bia Saudita. All\u00e0, entre cotxes hist\u00f2rics de competici\u00f3 i combois t\u00e8cnics, va apar\u00e8ixer alguna cosa diferent: el <span class=\"hover:entity-accent entity-underline inline cursor-pointer align-baseline\"><span class=\"whitespace-normal\">WEINSBERG X-PEDITION<\/span><\/span>.<\/p>\n<p data-start=\"839\" data-end=\"866\">I no va anar-hi de passeig.<\/p>\n<hr data-start=\"868\" data-end=\"871\" \/>\n<h2 data-start=\"873\" data-end=\"912\"><span class=\"ez-toc-section\" id=\"La_prova_definitiva_per_a_una_camper\"><\/span>La prova definitiva per a una camper<span class=\"ez-toc-section-end\"><\/span><\/h2>\n<p data-start=\"914\" data-end=\"934\">El Dakar no perdona.<\/p>\n<p data-start=\"936\" data-end=\"988\">Durant m\u00e9s de dues setmanes, els vehicles travessen:<\/p>\n<ul data-start=\"989\" data-end=\"1131\">\n<li data-start=\"989\" data-end=\"1007\">\n<p data-start=\"991\" data-end=\"1007\">Sorra profunda<\/p>\n<\/li>\n<li data-start=\"1008\" data-end=\"1027\">\n<p data-start=\"1010\" data-end=\"1027\">Pistes de grava<\/p>\n<\/li>\n<li data-start=\"1028\" data-end=\"1045\">\n<p data-start=\"1030\" data-end=\"1045\">Zones de roca<\/p>\n<\/li>\n<li data-start=\"1046\" data-end=\"1105\">\n<p data-start=\"1048\" data-end=\"1105\">Trams de \u201cwashboard\u201d que castiguen suspensions i xass\u00eds<\/p>\n<\/li>\n<li data-start=\"1106\" data-end=\"1131\">\n<p data-start=\"1108\" data-end=\"1131\">Temperatures extremes<\/p>\n<\/li>\n<\/ul>\n<p data-start=\"1133\" data-end=\"1207\">No \u00e9s un entorn pensat per al confort. \u00c9s un entorn que revela debilitats.<\/p>\n<p data-start=\"1209\" data-end=\"1385\">Per aix\u00f2 resulta tan interessant que el X-PEDITION particip\u00e9s com a vehicle d\u2019assist\u00e8ncia real, sotm\u00e8s a un \u00fas diari intensiu. No hi era per fer-se fotos: hi era per treballar.<\/p>\n<p data-start=\"1387\" data-end=\"1413\">I ho va fer sense avaries.<\/p>\n<hr data-start=\"1415\" data-end=\"1418\" \/>\n<h2 data-start=\"1420\" data-end=\"1451\"><span class=\"ez-toc-section\" id=\"Que_significa_realment_aixo\"><\/span>Qu\u00e8 significa realment aix\u00f2?<span class=\"ez-toc-section-end\"><\/span><\/h2>\n<p data-start=\"1453\" data-end=\"1541\">M\u00e9s enll\u00e0 del titular impactant, el que importa \u00e9s el que demostra una experi\u00e8ncia aix\u00ed.<\/p>\n<p data-start=\"1543\" data-end=\"1715\">El X-PEDITION est\u00e0 basat en la plataforma <span class=\"hover:entity-accent entity-underline inline cursor-pointer align-baseline\"><span class=\"whitespace-normal\">Mercedes-Benz Sprinter<\/span><\/span>, una base reconeguda per la seva robustesa. Per\u00f2 en aquesta versi\u00f3 parlem d\u2019alguna cosa m\u00e9s:<\/p>\n<ul data-start=\"1717\" data-end=\"1925\">\n<li data-start=\"1717\" data-end=\"1738\">\n<p data-start=\"1719\" data-end=\"1738\">Suspensi\u00f3 elevada<\/p>\n<\/li>\n<li data-start=\"1739\" data-end=\"1761\">\n<p data-start=\"1741\" data-end=\"1761\">Llandes refor\u00e7ades<\/p>\n<\/li>\n<li data-start=\"1762\" data-end=\"1789\">\n<p data-start=\"1764\" data-end=\"1789\">Preparaci\u00f3 offroad real<\/p>\n<\/li>\n<li data-start=\"1790\" data-end=\"1817\">\n<p data-start=\"1792\" data-end=\"1817\">Il\u00b7luminaci\u00f3 addicional<\/p>\n<\/li>\n<li data-start=\"1818\" data-end=\"1854\">\n<p data-start=\"1820\" data-end=\"1854\">Sistema d\u2019anivellament hidr\u00e0ulic<\/p>\n<\/li>\n<li data-start=\"1855\" data-end=\"1925\">\n<p data-start=\"1857\" data-end=\"1925\">Autonomia energ\u00e8tica amb bateries de liti, inversor i suport solar<\/p>\n<\/li>\n<\/ul>\n<p data-start=\"1927\" data-end=\"2058\">En un ral\u00b7li com el Dakar, no nom\u00e9s pateix el motor. Pateix el mobiliari. Pateix la instal\u00b7laci\u00f3 el\u00e8ctrica. Vibra absolutament tot.<\/p>\n<p data-start=\"2060\" data-end=\"2155\">Que una camper completi m\u00e9s de dues setmanes en aquestes condicions sense incid\u00e8ncies parla de:<\/p>\n<ul data-start=\"2156\" data-end=\"2254\">\n<li data-start=\"2156\" data-end=\"2180\">\n<p data-start=\"2158\" data-end=\"2180\">Rigidesa estructural<\/p>\n<\/li>\n<li data-start=\"2181\" data-end=\"2205\">\n<p data-start=\"2183\" data-end=\"2205\">Qualitat de muntatge<\/p>\n<\/li>\n<li data-start=\"2206\" data-end=\"2230\">\n<p data-start=\"2208\" data-end=\"2230\">Bona gesti\u00f3 de pesos<\/p>\n<\/li>\n<li data-start=\"2231\" data-end=\"2254\">\n<p data-start=\"2233\" data-end=\"2254\">Preparaci\u00f3 coherent<\/p>\n<\/li>\n<\/ul>\n<p data-start=\"2256\" data-end=\"2313\">I aix\u00f2 \u00e9s el que realment importa quan parlem d\u2019aventura.<\/p>\n<hr data-start=\"2315\" data-end=\"2318\" \/>\n<h2 data-start=\"2320\" data-end=\"2388\"><span class=\"ez-toc-section\" id=\"No_necessites_correr_el_Dakar_pero_si_que_en_pots_treure_profit\"><\/span>No necessites c\u00f3rrer el Dakar (per\u00f2 s\u00ed que en pots treure profit)<span class=\"ez-toc-section-end\"><\/span><\/h2>\n<p data-start=\"2390\" data-end=\"2474\">La majoria de viatgers no travessar\u00e0 l\u2019Ar\u00e0bia Saudita seguint un roadbook de ral\u00b7li.<\/p>\n<p data-start=\"2476\" data-end=\"2500\">Per\u00f2 molts s\u00ed que volen:<\/p>\n<ul data-start=\"2501\" data-end=\"2659\">\n<li data-start=\"2501\" data-end=\"2525\">\n<p data-start=\"2503\" data-end=\"2525\">Fer pistes al Marroc<\/p>\n<\/li>\n<li data-start=\"2526\" data-end=\"2554\">\n<p data-start=\"2528\" data-end=\"2554\">Dormir a l\u2019alta muntanya<\/p>\n<\/li>\n<li data-start=\"2555\" data-end=\"2576\">\n<p data-start=\"2557\" data-end=\"2576\">Rec\u00f3rrer Isl\u00e0ndia<\/p>\n<\/li>\n<li data-start=\"2577\" data-end=\"2604\">\n<p data-start=\"2579\" data-end=\"2604\">Allunyar-se de l\u2019asfalt<\/p>\n<\/li>\n<li data-start=\"2605\" data-end=\"2627\">\n<p data-start=\"2607\" data-end=\"2627\">Viatjar a l\u2019hivern<\/p>\n<\/li>\n<li data-start=\"2628\" data-end=\"2659\">\n<p data-start=\"2630\" data-end=\"2659\">Ser energ\u00e8ticament aut\u00f2noms<\/p>\n<\/li>\n<\/ul>\n<p data-start=\"2661\" data-end=\"2682\">I aqu\u00ed hi ha la clau.<\/p>\n<p data-start=\"2684\" data-end=\"2812\">Una camper dissenyada per suportar condicions extremes es tradueix en una cosa molt m\u00e9s valuosa en el dia a dia: tranquil\u00b7litat.<\/p>\n<p data-start=\"2814\" data-end=\"2960\">Tranquil\u00b7litat quan la pista es complica.<br data-start=\"2855\" data-end=\"2858\" \/>Tranquil\u00b7litat quan fa fred.<br data-start=\"2886\" data-end=\"2889\" \/>Tranquil\u00b7litat quan passes diversos dies sense connectar-te a la xarxa.<\/p>\n<hr data-start=\"2962\" data-end=\"2965\" \/>\n<h2 data-start=\"2967\" data-end=\"3024\"><span class=\"ez-toc-section\" id=\"La_diferencia_entre_estetica_offroad_i_preparacio_real\"><\/span>La difer\u00e8ncia entre est\u00e8tica offroad i preparaci\u00f3 real<span class=\"ez-toc-section-end\"><\/span><\/h2>\n<p data-start=\"3026\" data-end=\"3148\">Moltes vegades el concepte \u201ccamper offroad\u201d es queda en l\u2019est\u00e8tica:<br \/>\nPneum\u00e0tics grans. Disseny agressiu. Imatge aventurera.<\/p>\n<p data-start=\"3150\" data-end=\"3192\">Per\u00f2 la preparaci\u00f3 real \u00e9s una altra cosa:<\/p>\n<ul data-start=\"3193\" data-end=\"3368\">\n<li data-start=\"3193\" data-end=\"3215\">\n<p data-start=\"3195\" data-end=\"3215\">Suspensi\u00f3 adequada<\/p>\n<\/li>\n<li data-start=\"3216\" data-end=\"3240\">\n<p data-start=\"3218\" data-end=\"3240\">Geometries correctes<\/p>\n<\/li>\n<li data-start=\"3241\" data-end=\"3265\">\n<p data-start=\"3243\" data-end=\"3265\">Components refor\u00e7ats<\/p>\n<\/li>\n<li data-start=\"3266\" data-end=\"3324\">\n<p data-start=\"3268\" data-end=\"3324\">Instal\u00b7laci\u00f3 el\u00e8ctrica pensada per suportar vibracions<\/p>\n<\/li>\n<li data-start=\"3325\" data-end=\"3368\">\n<p data-start=\"3327\" data-end=\"3368\">Autonomia real, no nom\u00e9s sobre el paper<\/p>\n<\/li>\n<\/ul>\n<p data-start=\"3370\" data-end=\"3512\">El cas del WEINSBERG X-PEDITION al Dakar demostra que una camper pot anar m\u00e9s enll\u00e0 del disseny i convertir-se en una eina d\u2019aventura seriosa.<\/p>\n<hr data-start=\"3514\" data-end=\"3517\" \/>\n<h2 data-start=\"3519\" data-end=\"3573\"><span class=\"ez-toc-section\" id=\"Tagradaria_descobrir_que_pot_oferir_una_WEINSBERG\"><\/span>T\u2019agradaria descobrir qu\u00e8 pot oferir una WEINSBERG?<span class=\"ez-toc-section-end\"><\/span><\/h2>\n<p data-start=\"3575\" data-end=\"3732\">A <strong data-start=\"3577\" data-end=\"3618\"><span class=\"hover:entity-accent entity-underline inline cursor-pointer align-baseline\"><span class=\"whitespace-normal\">M3 Caravaning<\/span><\/span><\/strong> treballem amb la gamma WEINSBERG perqu\u00e8 creiem en vehicles que combinen disseny, funcionalitat i fiabilitat real.<\/p>\n<p data-start=\"3734\" data-end=\"3917\">Si t\u2019atrau la idea d\u2019una camper preparada per anar m\u00e9s enll\u00e0 de l\u2019asfalt \u2014sense renunciar al confort\u2014 et convidem a venir a con\u00e8ixer els models WEINSBERG a les nostres instal\u00b7lacions.<\/p>\n<p data-start=\"3919\" data-end=\"3926\">Podr\u00e0s:<\/p>\n<ul data-start=\"3927\" data-end=\"4117\">\n<li data-start=\"3927\" data-end=\"3967\">\n<p data-start=\"3929\" data-end=\"3967\">Veure acabats i qualitats en persona<\/p>\n<\/li>\n<li data-start=\"3968\" data-end=\"4015\">\n<p data-start=\"3970\" data-end=\"4015\">Resoldre dubtes t\u00e8cnics amb el nostre equip<\/p>\n<\/li>\n<li data-start=\"4016\" data-end=\"4054\">\n<p data-start=\"4018\" data-end=\"4054\">Descobrir configuracions i opcions<\/p>\n<\/li>\n<li data-start=\"4055\" data-end=\"4117\">\n<p data-start=\"4057\" data-end=\"4117\">Trobar la camper que encaixi amb la teva manera de viatjar<\/p>\n<\/li>\n<\/ul>\n<p data-start=\"4119\" data-end=\"4158\">Perqu\u00e8 l\u2019aventura no comen\u00e7a al desert.<\/p>\n<p data-start=\"4160\" data-end=\"4211\">Comen\u00e7a el dia que decideixes fins on vols arribar.<\/p>\n","protected":false},"excerpt":{"rendered":"<p>Pot una camper sobreviure al Dakar? El WEINSBERG X-PEDITION ho ha demostrat Quan pensem en el Dakar, pensem en alguna cosa extrema. Calor abrasador. Sorra infinita. Pistes trencades. Mec\u00e0nica portada al l\u00edmit. Ara imagina posar en aquest escenari\u2026 una camper. No com a vehicle d\u2019exhibici\u00f3. No com a imatge publicit\u00e0ria. Sin\u00f3 com a part activa<\/p>\n","protected":false},"author":2,"featured_media":645914,"comment_status":"closed","ping_status":"closed","sticky":false,"template":"","format":"standard","meta":{"footnotes":""},"categories":[767,1335,2],"tags":[1337,1350,1351,1341],"class_list":["post-645915","post","type-post","status-publish","format-standard","has-post-thumbnail","hentry","category-camper-ca","category-furgoneta-camper-ca","category-sense-categoria","tag-camper-ca","tag-dakar-ca","tag-off-road-ca","tag-weinsberg-ca"],"yoast_head":"<!-- This site is optimized with the Yoast SEO plugin v22.4 - https:\/\/yoast.com\/wordpress\/plugins\/seo\/ -->\n<title>UNA CAMPER AL DAKAR: WEINSBERG X-PEDITION<\/title>\n<meta name=\"description\" content=\"La WEINSBERG X-PEDITION es posa a prova al Dakar 2026 i demostra la seva aut\u00e8ntica capacitat offroad. Informa&#039;t!\" \/>\n<meta name=\"robots\" content=\"index, follow, max-snippet:-1, max-image-preview:large, max-video-preview:-1\" \/>\n<link rel=\"canonical\" href=\"https:\/\/m3caravaning.com\/ca\/sense-categoria\/una-camper-al-dakar-weinsberg-x-pedition\/\" \/>\n<meta property=\"og:locale\" content=\"ca_ES\" \/>\n<meta property=\"og:type\" content=\"article\" \/>\n<meta property=\"og:title\" content=\"UNA CAMPER AL DAKAR: WEINSBERG X-PEDITION\" \/>\n<meta property=\"og:description\" content=\"La WEINSBERG X-PEDITION es posa a prova al Dakar 2026 i demostra la seva aut\u00e8ntica capacitat offroad. Informa&#039;t!\" \/>\n<meta property=\"og:url\" content=\"https:\/\/m3caravaning.com\/ca\/sense-categoria\/una-camper-al-dakar-weinsberg-x-pedition\/\" \/>\n<meta property=\"og:site_name\" content=\"Autocaravanas, caravanas y furgonetas campers nuevas, ocasi\u00f3n y segunda mano\" \/>\n<meta property=\"article:publisher\" content=\"https:\/\/www.facebook.com\/m3caravaning\" \/>\n<meta property=\"article:published_time\" content=\"2026-02-25T09:25:56+00:00\" \/>\n<meta property=\"og:image\" content=\"https:\/\/m3caravaning.com\/wp-content\/uploads\/2026\/02\/knaustabbert-press-2026-rallye-dakar-teaser.jpg\" \/>\n\t<meta property=\"og:image:width\" content=\"1024\" \/>\n\t<meta property=\"og:image:height\" content=\"768\" \/>\n\t<meta property=\"og:image:type\" content=\"image\/jpeg\" \/>\n<meta name=\"author\" content=\"M3 Caravaning\" \/>\n<meta name=\"twitter:card\" content=\"summary_large_image\" \/>\n<meta name=\"twitter:creator\" content=\"@M3Caravaning\" \/>\n<meta name=\"twitter:site\" content=\"@M3Caravaning\" \/>\n<meta name=\"twitter:label1\" content=\"Written by\" \/>\n\t<meta name=\"twitter:data1\" content=\"M3 Caravaning\" \/>\n\t<meta name=\"twitter:label2\" content=\"Est. reading time\" \/>\n\t<meta name=\"twitter:data2\" content=\"3 minutes\" \/>\n<script type=\"application\/ld+json\" class=\"yoast-schema-graph\">{\"@context\":\"https:\/\/schema.org\",\"@graph\":[{\"@type\":\"WebPage\",\"@id\":\"https:\/\/m3caravaning.com\/ca\/sense-categoria\/una-camper-al-dakar-weinsberg-x-pedition\/\",\"url\":\"https:\/\/m3caravaning.com\/ca\/sense-categoria\/una-camper-al-dakar-weinsberg-x-pedition\/\",\"name\":\"UNA CAMPER AL DAKAR: WEINSBERG X-PEDITION\",\"isPartOf\":{\"@id\":\"https:\/\/m3caravaning.com\/ca\/#website\"},\"primaryImageOfPage\":{\"@id\":\"https:\/\/m3caravaning.com\/ca\/sense-categoria\/una-camper-al-dakar-weinsberg-x-pedition\/#primaryimage\"},\"image\":{\"@id\":\"https:\/\/m3caravaning.com\/ca\/sense-categoria\/una-camper-al-dakar-weinsberg-x-pedition\/#primaryimage\"},\"thumbnailUrl\":\"https:\/\/m3caravaning.com\/wp-content\/uploads\/2026\/02\/knaustabbert-press-2026-rallye-dakar-teaser.jpg\",\"datePublished\":\"2026-02-25T09:25:56+00:00\",\"dateModified\":\"2026-02-25T09:25:56+00:00\",\"author\":{\"@id\":\"https:\/\/m3caravaning.com\/ca\/#\/schema\/person\/10e5f1edce4be1f414d4bde1bcf0c65f\"},\"description\":\"La WEINSBERG X-PEDITION es posa a prova al Dakar 2026 i demostra la seva aut\u00e8ntica capacitat offroad. Informa't!\",\"breadcrumb\":{\"@id\":\"https:\/\/m3caravaning.com\/ca\/sense-categoria\/una-camper-al-dakar-weinsberg-x-pedition\/#breadcrumb\"},\"inLanguage\":\"ca\",\"potentialAction\":[{\"@type\":\"ReadAction\",\"target\":[\"https:\/\/m3caravaning.com\/ca\/sense-categoria\/una-camper-al-dakar-weinsberg-x-pedition\/\"]}]},{\"@type\":\"ImageObject\",\"inLanguage\":\"ca\",\"@id\":\"https:\/\/m3caravaning.com\/ca\/sense-categoria\/una-camper-al-dakar-weinsberg-x-pedition\/#primaryimage\",\"url\":\"https:\/\/m3caravaning.com\/wp-content\/uploads\/2026\/02\/knaustabbert-press-2026-rallye-dakar-teaser.jpg\",\"contentUrl\":\"https:\/\/m3caravaning.com\/wp-content\/uploads\/2026\/02\/knaustabbert-press-2026-rallye-dakar-teaser.jpg\",\"width\":1024,\"height\":768},{\"@type\":\"BreadcrumbList\",\"@id\":\"https:\/\/m3caravaning.com\/ca\/sense-categoria\/una-camper-al-dakar-weinsberg-x-pedition\/#breadcrumb\",\"itemListElement\":[{\"@type\":\"ListItem\",\"position\":1,\"name\":\"Portada\",\"item\":\"https:\/\/m3caravaning.com\/ca\/\"},{\"@type\":\"ListItem\",\"position\":2,\"name\":\"POT UNA CAMPER SOBREVIURE AL DAKAR? LA WEINSBERG X-PEDITION HO HA DEMOSTRAT\"}]},{\"@type\":\"WebSite\",\"@id\":\"https:\/\/m3caravaning.com\/ca\/#website\",\"url\":\"https:\/\/m3caravaning.com\/ca\/\",\"name\":\"Autocaravanas, caravanas y furgonetas campers nuevas, ocasi\u00f3n y segunda mano\",\"description\":\"Tu tienda de autocaravanas, campers y caravanas nuevas y de segunda mano. Alquiler, tienda de recambios, taller, seguros, etc.\",\"potentialAction\":[{\"@type\":\"SearchAction\",\"target\":{\"@type\":\"EntryPoint\",\"urlTemplate\":\"https:\/\/m3caravaning.com\/ca\/?s={search_term_string}\"},\"query-input\":\"required name=search_term_string\"}],\"inLanguage\":\"ca\"},{\"@type\":\"Person\",\"@id\":\"https:\/\/m3caravaning.com\/ca\/#\/schema\/person\/10e5f1edce4be1f414d4bde1bcf0c65f\",\"name\":\"M3 Caravaning\",\"image\":{\"@type\":\"ImageObject\",\"inLanguage\":\"ca\",\"@id\":\"https:\/\/m3caravaning.com\/ca\/#\/schema\/person\/image\/\",\"url\":\"https:\/\/secure.gravatar.com\/avatar\/45cc9e7bfaa20654bd7626e499aa306a8db18ee338763b6b771e707ccbeef54c?s=96&d=mm&r=g\",\"contentUrl\":\"https:\/\/secure.gravatar.com\/avatar\/45cc9e7bfaa20654bd7626e499aa306a8db18ee338763b6b771e707ccbeef54c?s=96&d=mm&r=g\",\"caption\":\"M3 Caravaning\"}}]}<\/script>\n<!-- \/ Yoast SEO plugin. -->","yoast_head_json":{"title":"UNA CAMPER AL DAKAR: WEINSBERG X-PEDITION","description":"La WEINSBERG X-PEDITION es posa a prova al Dakar 2026 i demostra la seva aut\u00e8ntica capacitat offroad. Informa't!","robots":{"index":"index","follow":"follow","max-snippet":"max-snippet:-1","max-image-preview":"max-image-preview:large","max-video-preview":"max-video-preview:-1"},"canonical":"https:\/\/m3caravaning.com\/ca\/sense-categoria\/una-camper-al-dakar-weinsberg-x-pedition\/","og_locale":"ca_ES","og_type":"article","og_title":"UNA CAMPER AL DAKAR: WEINSBERG X-PEDITION","og_description":"La WEINSBERG X-PEDITION es posa a prova al Dakar 2026 i demostra la seva aut\u00e8ntica capacitat offroad. Informa't!","og_url":"https:\/\/m3caravaning.com\/ca\/sense-categoria\/una-camper-al-dakar-weinsberg-x-pedition\/","og_site_name":"Autocaravanas, caravanas y furgonetas campers nuevas, ocasi\u00f3n y segunda mano","article_publisher":"https:\/\/www.facebook.com\/m3caravaning","article_published_time":"2026-02-25T09:25:56+00:00","og_image":[{"width":1024,"height":768,"url":"https:\/\/m3caravaning.com\/wp-content\/uploads\/2026\/02\/knaustabbert-press-2026-rallye-dakar-teaser.jpg","type":"image\/jpeg"}],"author":"M3 Caravaning","twitter_card":"summary_large_image","twitter_creator":"@M3Caravaning","twitter_site":"@M3Caravaning","twitter_misc":{"Written by":"M3 Caravaning","Est. reading time":"3 minutes"},"schema":{"@context":"https:\/\/schema.org","@graph":[{"@type":"WebPage","@id":"https:\/\/m3caravaning.com\/ca\/sense-categoria\/una-camper-al-dakar-weinsberg-x-pedition\/","url":"https:\/\/m3caravaning.com\/ca\/sense-categoria\/una-camper-al-dakar-weinsberg-x-pedition\/","name":"UNA CAMPER AL DAKAR: WEINSBERG X-PEDITION","isPartOf":{"@id":"https:\/\/m3caravaning.com\/ca\/#website"},"primaryImageOfPage":{"@id":"https:\/\/m3caravaning.com\/ca\/sense-categoria\/una-camper-al-dakar-weinsberg-x-pedition\/#primaryimage"},"image":{"@id":"https:\/\/m3caravaning.com\/ca\/sense-categoria\/una-camper-al-dakar-weinsberg-x-pedition\/#primaryimage"},"thumbnailUrl":"https:\/\/m3caravaning.com\/wp-content\/uploads\/2026\/02\/knaustabbert-press-2026-rallye-dakar-teaser.jpg","datePublished":"2026-02-25T09:25:56+00:00","dateModified":"2026-02-25T09:25:56+00:00","author":{"@id":"https:\/\/m3caravaning.com\/ca\/#\/schema\/person\/10e5f1edce4be1f414d4bde1bcf0c65f"},"description":"La WEINSBERG X-PEDITION es posa a prova al Dakar 2026 i demostra la seva aut\u00e8ntica capacitat offroad. Informa't!","breadcrumb":{"@id":"https:\/\/m3caravaning.com\/ca\/sense-categoria\/una-camper-al-dakar-weinsberg-x-pedition\/#breadcrumb"},"inLanguage":"ca","potentialAction":[{"@type":"ReadAction","target":["https:\/\/m3caravaning.com\/ca\/sense-categoria\/una-camper-al-dakar-weinsberg-x-pedition\/"]}]},{"@type":"ImageObject","inLanguage":"ca","@id":"https:\/\/m3caravaning.com\/ca\/sense-categoria\/una-camper-al-dakar-weinsberg-x-pedition\/#primaryimage","url":"https:\/\/m3caravaning.com\/wp-content\/uploads\/2026\/02\/knaustabbert-press-2026-rallye-dakar-teaser.jpg","contentUrl":"https:\/\/m3caravaning.com\/wp-content\/uploads\/2026\/02\/knaustabbert-press-2026-rallye-dakar-teaser.jpg","width":1024,"height":768},{"@type":"BreadcrumbList","@id":"https:\/\/m3caravaning.com\/ca\/sense-categoria\/una-camper-al-dakar-weinsberg-x-pedition\/#breadcrumb","itemListElement":[{"@type":"ListItem","position":1,"name":"Portada","item":"https:\/\/m3caravaning.com\/ca\/"},{"@type":"ListItem","position":2,"name":"POT UNA CAMPER SOBREVIURE AL DAKAR? LA WEINSBERG X-PEDITION HO HA DEMOSTRAT"}]},{"@type":"WebSite","@id":"https:\/\/m3caravaning.com\/ca\/#website","url":"https:\/\/m3caravaning.com\/ca\/","name":"Autocaravanas, caravanas y furgonetas campers nuevas, ocasi\u00f3n y segunda mano","description":"Tu tienda de autocaravanas, campers y caravanas nuevas y de segunda mano. Alquiler, tienda de recambios, taller, seguros, etc.","potentialAction":[{"@type":"SearchAction","target":{"@type":"EntryPoint","urlTemplate":"https:\/\/m3caravaning.com\/ca\/?s={search_term_string}"},"query-input":"required name=search_term_string"}],"inLanguage":"ca"},{"@type":"Person","@id":"https:\/\/m3caravaning.com\/ca\/#\/schema\/person\/10e5f1edce4be1f414d4bde1bcf0c65f","name":"M3 Caravaning","image":{"@type":"ImageObject","inLanguage":"ca","@id":"https:\/\/m3caravaning.com\/ca\/#\/schema\/person\/image\/","url":"https:\/\/secure.gravatar.com\/avatar\/45cc9e7bfaa20654bd7626e499aa306a8db18ee338763b6b771e707ccbeef54c?s=96&d=mm&r=g","contentUrl":"https:\/\/secure.gravatar.com\/avatar\/45cc9e7bfaa20654bd7626e499aa306a8db18ee338763b6b771e707ccbeef54c?s=96&d=mm&r=g","caption":"M3 Caravaning"}}]}},"_links":{"self":[{"href":"https:\/\/m3caravaning.com\/ca\/wp-json\/wp\/v2\/posts\/645915","targetHints":{"allow":["GET"]}}],"collection":[{"href":"https:\/\/m3caravaning.com\/ca\/wp-json\/wp\/v2\/posts"}],"about":[{"href":"https:\/\/m3caravaning.com\/ca\/wp-json\/wp\/v2\/types\/post"}],"author":[{"embeddable":true,"href":"https:\/\/m3caravaning.com\/ca\/wp-json\/wp\/v2\/users\/2"}],"replies":[{"embeddable":true,"href":"https:\/\/m3caravaning.com\/ca\/wp-json\/wp\/v2\/comments?post=645915"}],"version-history":[{"count":1,"href":"https:\/\/m3caravaning.com\/ca\/wp-json\/wp\/v2\/posts\/645915\/revisions"}],"predecessor-version":[{"id":645916,"href":"https:\/\/m3caravaning.com\/ca\/wp-json\/wp\/v2\/posts\/645915\/revisions\/645916"}],"wp:featuredmedia":[{"embeddable":true,"href":"https:\/\/m3caravaning.com\/ca\/wp-json\/wp\/v2\/media\/645914"}],"wp:attachment":[{"href":"https:\/\/m3caravaning.com\/ca\/wp-json\/wp\/v2\/media?parent=645915"}],"wp:term":[{"taxonomy":"category","embeddable":true,"href":"https:\/\/m3caravaning.com\/ca\/wp-json\/wp\/v2\/categories?post=645915"},{"taxonomy":"post_tag","embeddable":true,"href":"https:\/\/m3caravaning.com\/ca\/wp-json\/wp\/v2\/tags?post=645915"}],"curies":[{"name":"wp","href":"https:\/\/api.w.org\/{rel}","templated":true}]}}