





{"id":621041,"date":"2024-07-01T12:10:06","date_gmt":"2024-07-01T10:10:06","guid":{"rendered":"https:\/\/m3caravaning.com\/sense-categoria\/derecho-a-estacionamiento-de-auto-caravanas-equitativo-2\/"},"modified":"2024-07-01T13:32:21","modified_gmt":"2024-07-01T11:32:21","slug":"dret-a-estacionament-dautocaravanes-equitatiu","status":"publish","type":"post","link":"https:\/\/m3caravaning.com\/ca\/actualitat\/dret-a-estacionament-dautocaravanes-equitatiu\/","title":{"rendered":"El Nou Reglament General de Circulaci\u00f3 Protegeix el Dret de les Autocaravanes a Aparcar"},"content":{"rendered":"<h2><strong>Aquesta \u00e9s una not\u00edcia que beneficiar\u00e0 els amants de les autocaravanes!!<\/strong><\/h2>\n<p>El Reglament General de Circulaci\u00f3 a Espanya ha adoptat noves mesures per garantir que aquests vehicles puguin estacionar com qualsevol altre. Aquesta decisi\u00f3 s&#8217;alinea amb la popularitat creixent de l&#8217;autocaravanisme i la necessitat d&#8217;oferir claredat i equitat en les normes d&#8217;estacionament.<\/p>\n<h3><strong>Regulaci\u00f3 Equitativa per Auto caravanes<\/strong><\/h3>\n<p>Fins ara, les autocaravanes enfrontaven desafiaments a causa de la manca de regulacions clares sobre el seu estacionament. Amb el nou reglament, es protegeix el seu dret a estacionar en igualtat de condicions que altres vehicles, sempre que compleixin certes normes b\u00e0siques:<\/p>\n<ul>\n<li aria-level=\"1\"><strong>Sense elements excel\u00b7lents: L&#8217;autocaravana no ha d&#8217;estendre res fora del contorn del vehicle.<\/strong><\/li>\n<\/ul>\n<ul>\n<li aria-level=\"1\"><strong>Recolzada a les rodes o falques de seguretat: Ha d&#8217;estar recolzada nom\u00e9s a les rodes o en falques de seguretat.<\/strong><\/li>\n<\/ul>\n<ul>\n<li aria-level=\"1\"><strong>Sense vessar l\u00edquids: No heu d&#8217;abocar fluids de l&#8217;interior.<\/strong><\/li>\n<\/ul>\n<h3><strong>Condicions Generals i Restriccions<\/strong><\/h3>\n<p>L&#8217;estacionament nom\u00e9s es pot veure limitat per restriccions generals de mida, pes o per limitacions temporals que afectin tots els vehicles. Aix\u00f2 assegura que les autocaravanes no siguin tractades de manera diferent a altres vehicles en situacions similars.<\/p>\n<h4><\/h4>\n<h4><img fetchpriority=\"high\" decoding=\"async\" class=\"alignnone size-large wp-image-621029\" src=\"https:\/\/m3caravaning.com\/wp-content\/uploads\/2024\/07\/parking-de-autocaravanas-2000x1200-1-1024x614.jpg\" alt=\"\" width=\"1024\" height=\"614\" srcset=\"https:\/\/m3caravaning.com\/wp-content\/uploads\/2024\/07\/parking-de-autocaravanas-2000x1200-1-1024x614.jpg 1024w, https:\/\/m3caravaning.com\/wp-content\/uploads\/2024\/07\/parking-de-autocaravanas-2000x1200-1-300x180.jpg 300w, https:\/\/m3caravaning.com\/wp-content\/uploads\/2024\/07\/parking-de-autocaravanas-2000x1200-1-768x461.jpg 768w, https:\/\/m3caravaning.com\/wp-content\/uploads\/2024\/07\/parking-de-autocaravanas-2000x1200-1-1536x922.jpg 1536w, https:\/\/m3caravaning.com\/wp-content\/uploads\/2024\/07\/parking-de-autocaravanas-2000x1200-1-124x74.jpg 124w, https:\/\/m3caravaning.com\/wp-content\/uploads\/2024\/07\/parking-de-autocaravanas-2000x1200-1-600x360.jpg 600w, https:\/\/m3caravaning.com\/wp-content\/uploads\/2024\/07\/parking-de-autocaravanas-2000x1200-1.jpg 2000w\" sizes=\"(max-width: 1024px) 100vw, 1024px\" \/><\/h4>\n<h3><strong>Cap a una Major Seguretat Jur\u00eddica<\/strong><\/h3>\n<p>Aquestes mesures tamb\u00e9 ofereixen una seguretat jur\u00eddica m\u00e9s gran per als usuaris d&#8217;autocaravanes, evitant la discriminaci\u00f3 i permetent-los gaudir del seu estil de vida amb m\u00e9s tranquil\u00b7litat. Les administracions locals nom\u00e9s poden sancionar l&#8217;incompliment de les condicions reglament\u00e0ries, per\u00f2 no poden imposar restriccions arbitr\u00e0ries.<\/p>\n<p>Amb aquesta actualitzaci\u00f3 del Reglament General de Circulaci\u00f3, Espanya es posa a l&#8217;avantguarda en la regulaci\u00f3 de l&#8217;autocaravanisme, brindant un marc clar i just per als entusiastes de les autocaravanes. Aix\u00f2 promet fomentar encara m\u00e9s el creixement del sector i millorar lexperi\u00e8ncia de viatge per a milers d&#8217;usuaris.<\/p>\n<h3><strong>Aquest \u00e9s un gran aven\u00e7 per a tots els autocaravanistes! Qu\u00e8 en penses, d&#8217;aquestes noves regulacions? Deixa&#8217;ns el teu comentari!!\u00a0<\/strong><b><img decoding=\"async\" class=\"emoji\" role=\"img\" draggable=\"false\" src=\"https:\/\/s.w.org\/images\/core\/emoji\/14.0.0\/svg\/2753.svg\" alt=\"\u2753\" \/><img decoding=\"async\" class=\"emoji\" role=\"img\" draggable=\"false\" src=\"https:\/\/s.w.org\/images\/core\/emoji\/14.0.0\/svg\/2049.svg\" alt=\"\u2049\ufe0f\" \/>\u00a0<\/b><\/h3>\n","protected":false},"excerpt":{"rendered":"<p>Aquesta \u00e9s una not\u00edcia que beneficiar\u00e0 els amants de les autocaravanes!! El Reglament General de Circulaci\u00f3 a Espanya ha adoptat noves mesures per garantir que aquests vehicles puguin estacionar com qualsevol altre. Aquesta decisi\u00f3 s&#8217;alinea amb la popularitat creixent de l&#8217;autocaravanisme i la necessitat d&#8217;oferir claredat i equitat en les normes d&#8217;estacionament. Regulaci\u00f3 Equitativa per<\/p>\n","protected":false},"author":2,"featured_media":621029,"comment_status":"closed","ping_status":"closed","sticky":false,"template":"","format":"standard","meta":{"footnotes":""},"categories":[14],"tags":[],"class_list":["post-621041","post","type-post","status-publish","format-standard","has-post-thumbnail","hentry","category-actualitat"],"yoast_head":"<!-- This site is optimized with the Yoast SEO plugin v22.4 - https:\/\/yoast.com\/wordpress\/plugins\/seo\/ -->\n<title>Dret a Estacionament d&#039;Autocaravanes Equitatiu<\/title>\n<meta name=\"description\" content=\"\u00a1\u00a1El nou reglament que garanteix la igualtat en estacionament per a usuaris d&#039;auto caravanes a Espanya!! % %\" \/>\n<meta name=\"robots\" content=\"index, follow, max-snippet:-1, max-image-preview:large, max-video-preview:-1\" \/>\n<link rel=\"canonical\" href=\"https:\/\/m3caravaning.com\/ca\/actualitat\/dret-a-estacionament-dautocaravanes-equitatiu\/\" \/>\n<meta property=\"og:locale\" content=\"ca_ES\" \/>\n<meta property=\"og:type\" content=\"article\" \/>\n<meta property=\"og:title\" content=\"Dret a Estacionament d&#039;Autocaravanes Equitatiu\" \/>\n<meta property=\"og:description\" content=\"\u00a1\u00a1El nou reglament que garanteix la igualtat en estacionament per a usuaris d&#039;auto caravanes a Espanya!! % %\" \/>\n<meta property=\"og:url\" content=\"https:\/\/m3caravaning.com\/ca\/actualitat\/dret-a-estacionament-dautocaravanes-equitatiu\/\" \/>\n<meta property=\"og:site_name\" content=\"Autocaravanas, caravanas y furgonetas campers nuevas, ocasi\u00f3n y segunda mano\" \/>\n<meta property=\"article:publisher\" content=\"https:\/\/www.facebook.com\/m3caravaning\" \/>\n<meta property=\"article:published_time\" content=\"2024-07-01T10:10:06+00:00\" \/>\n<meta property=\"article:modified_time\" content=\"2024-07-01T11:32:21+00:00\" \/>\n<meta property=\"og:image\" content=\"https:\/\/m3caravaning.com\/wp-content\/uploads\/2024\/07\/parking-de-autocaravanas-2000x1200-1.jpg\" \/>\n\t<meta property=\"og:image:width\" content=\"2000\" \/>\n\t<meta property=\"og:image:height\" content=\"1200\" \/>\n\t<meta property=\"og:image:type\" content=\"image\/jpeg\" \/>\n<meta name=\"author\" content=\"M3 Caravaning\" \/>\n<meta name=\"twitter:card\" content=\"summary_large_image\" \/>\n<meta name=\"twitter:creator\" content=\"@M3Caravaning\" \/>\n<meta name=\"twitter:site\" content=\"@M3Caravaning\" \/>\n<meta name=\"twitter:label1\" content=\"Written by\" \/>\n\t<meta name=\"twitter:data1\" content=\"M3 Caravaning\" \/>\n\t<meta name=\"twitter:label2\" content=\"Est. reading time\" \/>\n\t<meta name=\"twitter:data2\" content=\"3 minutes\" \/>\n<script type=\"application\/ld+json\" class=\"yoast-schema-graph\">{\"@context\":\"https:\/\/schema.org\",\"@graph\":[{\"@type\":\"WebPage\",\"@id\":\"https:\/\/m3caravaning.com\/ca\/actualitat\/dret-a-estacionament-dautocaravanes-equitatiu\/\",\"url\":\"https:\/\/m3caravaning.com\/ca\/actualitat\/dret-a-estacionament-dautocaravanes-equitatiu\/\",\"name\":\"Dret a Estacionament d'Autocaravanes Equitatiu\",\"isPartOf\":{\"@id\":\"https:\/\/m3caravaning.com\/ca\/#website\"},\"primaryImageOfPage\":{\"@id\":\"https:\/\/m3caravaning.com\/ca\/actualitat\/dret-a-estacionament-dautocaravanes-equitatiu\/#primaryimage\"},\"image\":{\"@id\":\"https:\/\/m3caravaning.com\/ca\/actualitat\/dret-a-estacionament-dautocaravanes-equitatiu\/#primaryimage\"},\"thumbnailUrl\":\"https:\/\/m3caravaning.com\/wp-content\/uploads\/2024\/07\/parking-de-autocaravanas-2000x1200-1.jpg\",\"datePublished\":\"2024-07-01T10:10:06+00:00\",\"dateModified\":\"2024-07-01T11:32:21+00:00\",\"author\":{\"@id\":\"https:\/\/m3caravaning.com\/ca\/#\/schema\/person\/10e5f1edce4be1f414d4bde1bcf0c65f\"},\"description\":\"\u00a1\u00a1El nou reglament que garanteix la igualtat en estacionament per a usuaris d'auto caravanes a Espanya!! % %\",\"breadcrumb\":{\"@id\":\"https:\/\/m3caravaning.com\/ca\/actualitat\/dret-a-estacionament-dautocaravanes-equitatiu\/#breadcrumb\"},\"inLanguage\":\"ca\",\"potentialAction\":[{\"@type\":\"ReadAction\",\"target\":[\"https:\/\/m3caravaning.com\/ca\/actualitat\/dret-a-estacionament-dautocaravanes-equitatiu\/\"]}]},{\"@type\":\"ImageObject\",\"inLanguage\":\"ca\",\"@id\":\"https:\/\/m3caravaning.com\/ca\/actualitat\/dret-a-estacionament-dautocaravanes-equitatiu\/#primaryimage\",\"url\":\"https:\/\/m3caravaning.com\/wp-content\/uploads\/2024\/07\/parking-de-autocaravanas-2000x1200-1.jpg\",\"contentUrl\":\"https:\/\/m3caravaning.com\/wp-content\/uploads\/2024\/07\/parking-de-autocaravanas-2000x1200-1.jpg\",\"width\":2000,\"height\":1200},{\"@type\":\"BreadcrumbList\",\"@id\":\"https:\/\/m3caravaning.com\/ca\/actualitat\/dret-a-estacionament-dautocaravanes-equitatiu\/#breadcrumb\",\"itemListElement\":[{\"@type\":\"ListItem\",\"position\":1,\"name\":\"Portada\",\"item\":\"https:\/\/m3caravaning.com\/ca\/\"},{\"@type\":\"ListItem\",\"position\":2,\"name\":\"El Nou Reglament General de Circulaci\u00f3 Protegeix el Dret de les Autocaravanes a Aparcar\"}]},{\"@type\":\"WebSite\",\"@id\":\"https:\/\/m3caravaning.com\/ca\/#website\",\"url\":\"https:\/\/m3caravaning.com\/ca\/\",\"name\":\"Autocaravanas, caravanas y furgonetas campers nuevas, ocasi\u00f3n y segunda mano\",\"description\":\"Tu tienda de autocaravanas, campers y caravanas nuevas y de segunda mano. Alquiler, tienda de recambios, taller, seguros, etc.\",\"potentialAction\":[{\"@type\":\"SearchAction\",\"target\":{\"@type\":\"EntryPoint\",\"urlTemplate\":\"https:\/\/m3caravaning.com\/ca\/?s={search_term_string}\"},\"query-input\":\"required name=search_term_string\"}],\"inLanguage\":\"ca\"},{\"@type\":\"Person\",\"@id\":\"https:\/\/m3caravaning.com\/ca\/#\/schema\/person\/10e5f1edce4be1f414d4bde1bcf0c65f\",\"name\":\"M3 Caravaning\",\"image\":{\"@type\":\"ImageObject\",\"inLanguage\":\"ca\",\"@id\":\"https:\/\/m3caravaning.com\/ca\/#\/schema\/person\/image\/\",\"url\":\"https:\/\/secure.gravatar.com\/avatar\/45cc9e7bfaa20654bd7626e499aa306a8db18ee338763b6b771e707ccbeef54c?s=96&d=mm&r=g\",\"contentUrl\":\"https:\/\/secure.gravatar.com\/avatar\/45cc9e7bfaa20654bd7626e499aa306a8db18ee338763b6b771e707ccbeef54c?s=96&d=mm&r=g\",\"caption\":\"M3 Caravaning\"}}]}<\/script>\n<!-- \/ Yoast SEO plugin. -->","yoast_head_json":{"title":"Dret a Estacionament d'Autocaravanes Equitatiu","description":"\u00a1\u00a1El nou reglament que garanteix la igualtat en estacionament per a usuaris d'auto caravanes a Espanya!! % %","robots":{"index":"index","follow":"follow","max-snippet":"max-snippet:-1","max-image-preview":"max-image-preview:large","max-video-preview":"max-video-preview:-1"},"canonical":"https:\/\/m3caravaning.com\/ca\/actualitat\/dret-a-estacionament-dautocaravanes-equitatiu\/","og_locale":"ca_ES","og_type":"article","og_title":"Dret a Estacionament d'Autocaravanes Equitatiu","og_description":"\u00a1\u00a1El nou reglament que garanteix la igualtat en estacionament per a usuaris d'auto caravanes a Espanya!! % %","og_url":"https:\/\/m3caravaning.com\/ca\/actualitat\/dret-a-estacionament-dautocaravanes-equitatiu\/","og_site_name":"Autocaravanas, caravanas y furgonetas campers nuevas, ocasi\u00f3n y segunda mano","article_publisher":"https:\/\/www.facebook.com\/m3caravaning","article_published_time":"2024-07-01T10:10:06+00:00","article_modified_time":"2024-07-01T11:32:21+00:00","og_image":[{"width":2000,"height":1200,"url":"https:\/\/m3caravaning.com\/wp-content\/uploads\/2024\/07\/parking-de-autocaravanas-2000x1200-1.jpg","type":"image\/jpeg"}],"author":"M3 Caravaning","twitter_card":"summary_large_image","twitter_creator":"@M3Caravaning","twitter_site":"@M3Caravaning","twitter_misc":{"Written by":"M3 Caravaning","Est. reading time":"3 minutes"},"schema":{"@context":"https:\/\/schema.org","@graph":[{"@type":"WebPage","@id":"https:\/\/m3caravaning.com\/ca\/actualitat\/dret-a-estacionament-dautocaravanes-equitatiu\/","url":"https:\/\/m3caravaning.com\/ca\/actualitat\/dret-a-estacionament-dautocaravanes-equitatiu\/","name":"Dret a Estacionament d'Autocaravanes Equitatiu","isPartOf":{"@id":"https:\/\/m3caravaning.com\/ca\/#website"},"primaryImageOfPage":{"@id":"https:\/\/m3caravaning.com\/ca\/actualitat\/dret-a-estacionament-dautocaravanes-equitatiu\/#primaryimage"},"image":{"@id":"https:\/\/m3caravaning.com\/ca\/actualitat\/dret-a-estacionament-dautocaravanes-equitatiu\/#primaryimage"},"thumbnailUrl":"https:\/\/m3caravaning.com\/wp-content\/uploads\/2024\/07\/parking-de-autocaravanas-2000x1200-1.jpg","datePublished":"2024-07-01T10:10:06+00:00","dateModified":"2024-07-01T11:32:21+00:00","author":{"@id":"https:\/\/m3caravaning.com\/ca\/#\/schema\/person\/10e5f1edce4be1f414d4bde1bcf0c65f"},"description":"\u00a1\u00a1El nou reglament que garanteix la igualtat en estacionament per a usuaris d'auto caravanes a Espanya!! % %","breadcrumb":{"@id":"https:\/\/m3caravaning.com\/ca\/actualitat\/dret-a-estacionament-dautocaravanes-equitatiu\/#breadcrumb"},"inLanguage":"ca","potentialAction":[{"@type":"ReadAction","target":["https:\/\/m3caravaning.com\/ca\/actualitat\/dret-a-estacionament-dautocaravanes-equitatiu\/"]}]},{"@type":"ImageObject","inLanguage":"ca","@id":"https:\/\/m3caravaning.com\/ca\/actualitat\/dret-a-estacionament-dautocaravanes-equitatiu\/#primaryimage","url":"https:\/\/m3caravaning.com\/wp-content\/uploads\/2024\/07\/parking-de-autocaravanas-2000x1200-1.jpg","contentUrl":"https:\/\/m3caravaning.com\/wp-content\/uploads\/2024\/07\/parking-de-autocaravanas-2000x1200-1.jpg","width":2000,"height":1200},{"@type":"BreadcrumbList","@id":"https:\/\/m3caravaning.com\/ca\/actualitat\/dret-a-estacionament-dautocaravanes-equitatiu\/#breadcrumb","itemListElement":[{"@type":"ListItem","position":1,"name":"Portada","item":"https:\/\/m3caravaning.com\/ca\/"},{"@type":"ListItem","position":2,"name":"El Nou Reglament General de Circulaci\u00f3 Protegeix el Dret de les Autocaravanes a Aparcar"}]},{"@type":"WebSite","@id":"https:\/\/m3caravaning.com\/ca\/#website","url":"https:\/\/m3caravaning.com\/ca\/","name":"Autocaravanas, caravanas y furgonetas campers nuevas, ocasi\u00f3n y segunda mano","description":"Tu tienda de autocaravanas, campers y caravanas nuevas y de segunda mano. Alquiler, tienda de recambios, taller, seguros, etc.","potentialAction":[{"@type":"SearchAction","target":{"@type":"EntryPoint","urlTemplate":"https:\/\/m3caravaning.com\/ca\/?s={search_term_string}"},"query-input":"required name=search_term_string"}],"inLanguage":"ca"},{"@type":"Person","@id":"https:\/\/m3caravaning.com\/ca\/#\/schema\/person\/10e5f1edce4be1f414d4bde1bcf0c65f","name":"M3 Caravaning","image":{"@type":"ImageObject","inLanguage":"ca","@id":"https:\/\/m3caravaning.com\/ca\/#\/schema\/person\/image\/","url":"https:\/\/secure.gravatar.com\/avatar\/45cc9e7bfaa20654bd7626e499aa306a8db18ee338763b6b771e707ccbeef54c?s=96&d=mm&r=g","contentUrl":"https:\/\/secure.gravatar.com\/avatar\/45cc9e7bfaa20654bd7626e499aa306a8db18ee338763b6b771e707ccbeef54c?s=96&d=mm&r=g","caption":"M3 Caravaning"}}]}},"_links":{"self":[{"href":"https:\/\/m3caravaning.com\/ca\/wp-json\/wp\/v2\/posts\/621041","targetHints":{"allow":["GET"]}}],"collection":[{"href":"https:\/\/m3caravaning.com\/ca\/wp-json\/wp\/v2\/posts"}],"about":[{"href":"https:\/\/m3caravaning.com\/ca\/wp-json\/wp\/v2\/types\/post"}],"author":[{"embeddable":true,"href":"https:\/\/m3caravaning.com\/ca\/wp-json\/wp\/v2\/users\/2"}],"replies":[{"embeddable":true,"href":"https:\/\/m3caravaning.com\/ca\/wp-json\/wp\/v2\/comments?post=621041"}],"version-history":[{"count":4,"href":"https:\/\/m3caravaning.com\/ca\/wp-json\/wp\/v2\/posts\/621041\/revisions"}],"predecessor-version":[{"id":621049,"href":"https:\/\/m3caravaning.com\/ca\/wp-json\/wp\/v2\/posts\/621041\/revisions\/621049"}],"wp:featuredmedia":[{"embeddable":true,"href":"https:\/\/m3caravaning.com\/ca\/wp-json\/wp\/v2\/media\/621029"}],"wp:attachment":[{"href":"https:\/\/m3caravaning.com\/ca\/wp-json\/wp\/v2\/media?parent=621041"}],"wp:term":[{"taxonomy":"category","embeddable":true,"href":"https:\/\/m3caravaning.com\/ca\/wp-json\/wp\/v2\/categories?post=621041"},{"taxonomy":"post_tag","embeddable":true,"href":"https:\/\/m3caravaning.com\/ca\/wp-json\/wp\/v2\/tags?post=621041"}],"curies":[{"name":"wp","href":"https:\/\/api.w.org\/{rel}","templated":true}]}}