





{"id":62,"date":"2020-05-11T12:36:49","date_gmt":"2020-05-11T10:36:49","guid":{"rendered":"https:\/\/m3caravaning.com\/?p=62"},"modified":"2023-07-19T12:33:13","modified_gmt":"2023-07-19T10:33:13","slug":"coneixent-una-mica-mes-la-caravana-fendt-shaphir-560-skm","status":"publish","type":"post","link":"https:\/\/m3caravaning.com\/ca\/caravanes\/coneixent-una-mica-mes-la-caravana-fendt-shaphir-560-skm\/","title":{"rendered":"Coneixent una mica m\u00e9s la caravana Fendt Shaphir 560 SKM"},"content":{"rendered":"<p>Que millor manera de gaudir de les teves vacances amb un dels models de\u00a0<strong>caravana<\/strong>\u00a0que presenta la marca\u00a0<strong>Fendt<\/strong>. Una de les marques que ofereix una major diversitat al m\u00f3n de les\u00a0<strong>caravanes<\/strong>\u00a0i en la qual es pot veure una qualitat notable a curt i llarg termini. Avui et presentem la\u00a0<strong>caravana Saphir 560 SKM<\/strong>, perfecta per a una fam\u00edlia ja que compta amb fins a 5 places per dormir.<\/p>\n<div id=\"ez-toc-container\" class=\"ez-toc-v2_0_82_2 counter-hierarchy ez-toc-counter ez-toc-custom ez-toc-container-direction\">\n<div class=\"ez-toc-title-container\">\n<p class=\"ez-toc-title ez-toc-toggle\" style=\"cursor:pointer\">Tabla de contenido<\/p>\n<span class=\"ez-toc-title-toggle\"><\/span><\/div>\n<nav><ul class='ez-toc-list ez-toc-list-level-1 ' ><li class='ez-toc-page-1 ez-toc-heading-level-2'><a class=\"ez-toc-link ez-toc-heading-1\" href=\"https:\/\/m3caravaning.com\/ca\/caravanes\/coneixent-una-mica-mes-la-caravana-fendt-shaphir-560-skm\/#Caracteristiques_de_la_caravana_Fendt_Shaphir_560_SKM\" >Caracter\u00edstiques de la caravana Fendt Shaphir 560 SKM<\/a><\/li><li class='ez-toc-page-1 ez-toc-heading-level-2'><a class=\"ez-toc-link ez-toc-heading-2\" href=\"https:\/\/m3caravaning.com\/ca\/caravanes\/coneixent-una-mica-mes-la-caravana-fendt-shaphir-560-skm\/#Detalls_de_la_caravana_Fendt_Shaphir_560_SKM\" >Detalls de la caravana Fendt Shaphir 560 SKM<\/a><\/li><li class='ez-toc-page-1 ez-toc-heading-level-2'><a class=\"ez-toc-link ez-toc-heading-3\" href=\"https:\/\/m3caravaning.com\/ca\/caravanes\/coneixent-una-mica-mes-la-caravana-fendt-shaphir-560-skm\/#Concessionari_de_caravanes\" >Concessionari de caravanes<\/a><\/li><\/ul><\/nav><\/div>\n<h2><span class=\"ez-toc-section\" id=\"Caracteristiques_de_la_caravana_Fendt_Shaphir_560_SKM\"><\/span>Caracter\u00edstiques de la caravana Fendt Shaphir 560 SKM<span class=\"ez-toc-section-end\"><\/span><\/h2>\n<p>Els m\u00e9s petits podran descansar d&#8217;un gran dia de vacances a la part posterior de la\u00a0<strong>caravana<\/strong>, on es troben les lliteres. Mentre que els pares podran fer-ho en el llit doble de la part davantera amb cortina. Els matalassos compten amb nucli de molls molt c\u00f2modes. A m\u00e9s, a la zona de les lliteres hi ha amb un cofre inferior per poder guardar tot el que calgui.<\/p>\n<p>El bany es troba davant de les lliteres i compta amb lavabo, dutxa i WC amb il\u00b7luminaci\u00f3 de LED de 12V. Els detalls s\u00f3n importants i tamb\u00e9 t\u00e9 incorporat un penja-robes i tovalloler.<\/p>\n<h2><span class=\"ez-toc-section\" id=\"Detalls_de_la_caravana_Fendt_Shaphir_560_SKM\"><\/span>Detalls de la caravana Fendt Shaphir 560 SKM<span class=\"ez-toc-section-end\"><\/span><\/h2>\n<p>El sal\u00f3 menjador est\u00e0 davant de la cuina, la qual compta amb bastants armaris per emmagatzemar tot els utensilis i el menjar necessari que pugui estar fora de la nevera. Depenent del model podr\u00e0 trobar 3 o 4 focs per poder cuinar, una aig\u00fcera i uns amplis fogons de treball per facilitar-te el fet de cuinar. No ens oblidem del frigor\u00edfic amb una capacitat de fins a 150 litres.<\/p>\n<p>El menjador d&#8217;aquesta caravana t\u00e9 taula abatible la qual pot transformar-se en un llit per si s&#8217;espera a algun convidat.<\/p>\n<h2><span class=\"ez-toc-section\" id=\"Concessionari_de_caravanes\"><\/span>Concessionari de caravanes<span class=\"ez-toc-section-end\"><\/span><\/h2>\n<p>En M3 Caravaning comptem amb aquest model de\u00a0<strong>caravana<\/strong>. Pots venir a veure-ho a les nostres instal\u00b7lacions i comprovar si realment \u00e9s el que necessites. A m\u00e9s, tenim molts m\u00e9s models disponibles de\u00a0<strong>caravanes, autocaravanes i furgonetes camper<\/strong>. Tenim el vehicle que necessites, vine a veure&#8217;ns o demana&#8217;ns informaci\u00f3.<\/p>\n","protected":false},"excerpt":{"rendered":"<p>Que millor manera de gaudir de les teves vacances amb un dels models de\u00a0caravana\u00a0que presenta la marca\u00a0Fendt. Una de les marques que ofereix una major diversitat al m\u00f3n de les\u00a0caravanes\u00a0i en la qual es pot veure una qualitat notable a curt i llarg termini. Avui et presentem la\u00a0caravana Saphir 560 SKM, perfecta per a una<\/p>\n","protected":false},"author":2,"featured_media":905,"comment_status":"closed","ping_status":"open","sticky":false,"template":"","format":"standard","meta":{"footnotes":""},"categories":[17],"tags":[],"class_list":["post-62","post","type-post","status-publish","format-standard","has-post-thumbnail","hentry","category-caravanes"],"yoast_head":"<!-- This site is optimized with the Yoast SEO plugin v22.4 - https:\/\/yoast.com\/wordpress\/plugins\/seo\/ -->\n<title>Coneixent una mica m\u00e9s la caravana Fendt Shaphir 560 SKM - Autocaravanas, caravanas y furgonetas campers nuevas, ocasi\u00f3n y segunda mano<\/title>\n<meta name=\"description\" content=\"En aquest article il\u00b7lustrat per M3 Caravaning acabarem coneixent una mica m\u00e9s la caravana Fendt Shaphir 560 SKM.\" \/>\n<meta name=\"robots\" content=\"index, follow, max-snippet:-1, max-image-preview:large, max-video-preview:-1\" \/>\n<link rel=\"canonical\" href=\"https:\/\/m3caravaning.com\/ca\/caravanes\/coneixent-una-mica-mes-la-caravana-fendt-shaphir-560-skm\/\" \/>\n<meta property=\"og:locale\" content=\"ca_ES\" \/>\n<meta property=\"og:type\" content=\"article\" \/>\n<meta property=\"og:title\" content=\"Coneixent una mica m\u00e9s la caravana Fendt Shaphir 560 SKM - Autocaravanas, caravanas y furgonetas campers nuevas, ocasi\u00f3n y segunda mano\" \/>\n<meta property=\"og:description\" content=\"En aquest article il\u00b7lustrat per M3 Caravaning acabarem coneixent una mica m\u00e9s la caravana Fendt Shaphir 560 SKM.\" \/>\n<meta property=\"og:url\" content=\"https:\/\/m3caravaning.com\/ca\/caravanes\/coneixent-una-mica-mes-la-caravana-fendt-shaphir-560-skm\/\" \/>\n<meta property=\"og:site_name\" content=\"Autocaravanas, caravanas y furgonetas campers nuevas, ocasi\u00f3n y segunda mano\" \/>\n<meta property=\"article:publisher\" content=\"https:\/\/www.facebook.com\/m3caravaning\" \/>\n<meta property=\"article:published_time\" content=\"2020-05-11T10:36:49+00:00\" \/>\n<meta property=\"article:modified_time\" content=\"2023-07-19T10:33:13+00:00\" \/>\n<meta property=\"og:image\" content=\"https:\/\/m3caravaning.com\/wp-content\/uploads\/2021\/01\/conociendo-un-poco-mas-la-caravana-fendt-shaphir-560-skm-id-167.jpg\" \/>\n\t<meta property=\"og:image:width\" content=\"1000\" \/>\n\t<meta property=\"og:image:height\" content=\"450\" \/>\n\t<meta property=\"og:image:type\" content=\"image\/jpeg\" \/>\n<meta name=\"author\" content=\"M3 Caravaning\" \/>\n<meta name=\"twitter:card\" content=\"summary_large_image\" \/>\n<meta name=\"twitter:creator\" content=\"@M3Caravaning\" \/>\n<meta name=\"twitter:site\" content=\"@M3Caravaning\" \/>\n<meta name=\"twitter:label1\" content=\"Written by\" \/>\n\t<meta name=\"twitter:data1\" content=\"M3 Caravaning\" \/>\n\t<meta name=\"twitter:label2\" content=\"Est. reading time\" \/>\n\t<meta name=\"twitter:data2\" content=\"2 minutes\" \/>\n<script type=\"application\/ld+json\" class=\"yoast-schema-graph\">{\"@context\":\"https:\/\/schema.org\",\"@graph\":[{\"@type\":\"WebPage\",\"@id\":\"https:\/\/m3caravaning.com\/ca\/caravanes\/coneixent-una-mica-mes-la-caravana-fendt-shaphir-560-skm\/\",\"url\":\"https:\/\/m3caravaning.com\/ca\/caravanes\/coneixent-una-mica-mes-la-caravana-fendt-shaphir-560-skm\/\",\"name\":\"Coneixent una mica m\u00e9s la caravana Fendt Shaphir 560 SKM - Autocaravanas, caravanas y furgonetas campers nuevas, ocasi\u00f3n y segunda mano\",\"isPartOf\":{\"@id\":\"https:\/\/m3caravaning.com\/ca\/#website\"},\"primaryImageOfPage\":{\"@id\":\"https:\/\/m3caravaning.com\/ca\/caravanes\/coneixent-una-mica-mes-la-caravana-fendt-shaphir-560-skm\/#primaryimage\"},\"image\":{\"@id\":\"https:\/\/m3caravaning.com\/ca\/caravanes\/coneixent-una-mica-mes-la-caravana-fendt-shaphir-560-skm\/#primaryimage\"},\"thumbnailUrl\":\"https:\/\/m3caravaning.com\/wp-content\/uploads\/2021\/01\/conociendo-un-poco-mas-la-caravana-fendt-shaphir-560-skm-id-167.jpg\",\"datePublished\":\"2020-05-11T10:36:49+00:00\",\"dateModified\":\"2023-07-19T10:33:13+00:00\",\"author\":{\"@id\":\"https:\/\/m3caravaning.com\/ca\/#\/schema\/person\/10e5f1edce4be1f414d4bde1bcf0c65f\"},\"description\":\"En aquest article il\u00b7lustrat per M3 Caravaning acabarem coneixent una mica m\u00e9s la caravana Fendt Shaphir 560 SKM.\",\"breadcrumb\":{\"@id\":\"https:\/\/m3caravaning.com\/ca\/caravanes\/coneixent-una-mica-mes-la-caravana-fendt-shaphir-560-skm\/#breadcrumb\"},\"inLanguage\":\"ca\",\"potentialAction\":[{\"@type\":\"ReadAction\",\"target\":[\"https:\/\/m3caravaning.com\/ca\/caravanes\/coneixent-una-mica-mes-la-caravana-fendt-shaphir-560-skm\/\"]}]},{\"@type\":\"ImageObject\",\"inLanguage\":\"ca\",\"@id\":\"https:\/\/m3caravaning.com\/ca\/caravanes\/coneixent-una-mica-mes-la-caravana-fendt-shaphir-560-skm\/#primaryimage\",\"url\":\"https:\/\/m3caravaning.com\/wp-content\/uploads\/2021\/01\/conociendo-un-poco-mas-la-caravana-fendt-shaphir-560-skm-id-167.jpg\",\"contentUrl\":\"https:\/\/m3caravaning.com\/wp-content\/uploads\/2021\/01\/conociendo-un-poco-mas-la-caravana-fendt-shaphir-560-skm-id-167.jpg\",\"width\":1000,\"height\":450},{\"@type\":\"BreadcrumbList\",\"@id\":\"https:\/\/m3caravaning.com\/ca\/caravanes\/coneixent-una-mica-mes-la-caravana-fendt-shaphir-560-skm\/#breadcrumb\",\"itemListElement\":[{\"@type\":\"ListItem\",\"position\":1,\"name\":\"Portada\",\"item\":\"https:\/\/m3caravaning.com\/ca\/\"},{\"@type\":\"ListItem\",\"position\":2,\"name\":\"Coneixent una mica m\u00e9s la caravana Fendt Shaphir 560 SKM\"}]},{\"@type\":\"WebSite\",\"@id\":\"https:\/\/m3caravaning.com\/ca\/#website\",\"url\":\"https:\/\/m3caravaning.com\/ca\/\",\"name\":\"Autocaravanas, caravanas y furgonetas campers nuevas, ocasi\u00f3n y segunda mano\",\"description\":\"Tu tienda de autocaravanas, campers y caravanas nuevas y de segunda mano. Alquiler, tienda de recambios, taller, seguros, etc.\",\"potentialAction\":[{\"@type\":\"SearchAction\",\"target\":{\"@type\":\"EntryPoint\",\"urlTemplate\":\"https:\/\/m3caravaning.com\/ca\/?s={search_term_string}\"},\"query-input\":\"required name=search_term_string\"}],\"inLanguage\":\"ca\"},{\"@type\":\"Person\",\"@id\":\"https:\/\/m3caravaning.com\/ca\/#\/schema\/person\/10e5f1edce4be1f414d4bde1bcf0c65f\",\"name\":\"M3 Caravaning\",\"image\":{\"@type\":\"ImageObject\",\"inLanguage\":\"ca\",\"@id\":\"https:\/\/m3caravaning.com\/ca\/#\/schema\/person\/image\/\",\"url\":\"https:\/\/secure.gravatar.com\/avatar\/45cc9e7bfaa20654bd7626e499aa306a8db18ee338763b6b771e707ccbeef54c?s=96&d=mm&r=g\",\"contentUrl\":\"https:\/\/secure.gravatar.com\/avatar\/45cc9e7bfaa20654bd7626e499aa306a8db18ee338763b6b771e707ccbeef54c?s=96&d=mm&r=g\",\"caption\":\"M3 Caravaning\"}}]}<\/script>\n<!-- \/ Yoast SEO plugin. -->","yoast_head_json":{"title":"Coneixent una mica m\u00e9s la caravana Fendt Shaphir 560 SKM - Autocaravanas, caravanas y furgonetas campers nuevas, ocasi\u00f3n y segunda mano","description":"En aquest article il\u00b7lustrat per M3 Caravaning acabarem coneixent una mica m\u00e9s la caravana Fendt Shaphir 560 SKM.","robots":{"index":"index","follow":"follow","max-snippet":"max-snippet:-1","max-image-preview":"max-image-preview:large","max-video-preview":"max-video-preview:-1"},"canonical":"https:\/\/m3caravaning.com\/ca\/caravanes\/coneixent-una-mica-mes-la-caravana-fendt-shaphir-560-skm\/","og_locale":"ca_ES","og_type":"article","og_title":"Coneixent una mica m\u00e9s la caravana Fendt Shaphir 560 SKM - Autocaravanas, caravanas y furgonetas campers nuevas, ocasi\u00f3n y segunda mano","og_description":"En aquest article il\u00b7lustrat per M3 Caravaning acabarem coneixent una mica m\u00e9s la caravana Fendt Shaphir 560 SKM.","og_url":"https:\/\/m3caravaning.com\/ca\/caravanes\/coneixent-una-mica-mes-la-caravana-fendt-shaphir-560-skm\/","og_site_name":"Autocaravanas, caravanas y furgonetas campers nuevas, ocasi\u00f3n y segunda mano","article_publisher":"https:\/\/www.facebook.com\/m3caravaning","article_published_time":"2020-05-11T10:36:49+00:00","article_modified_time":"2023-07-19T10:33:13+00:00","og_image":[{"width":1000,"height":450,"url":"https:\/\/m3caravaning.com\/wp-content\/uploads\/2021\/01\/conociendo-un-poco-mas-la-caravana-fendt-shaphir-560-skm-id-167.jpg","type":"image\/jpeg"}],"author":"M3 Caravaning","twitter_card":"summary_large_image","twitter_creator":"@M3Caravaning","twitter_site":"@M3Caravaning","twitter_misc":{"Written by":"M3 Caravaning","Est. reading time":"2 minutes"},"schema":{"@context":"https:\/\/schema.org","@graph":[{"@type":"WebPage","@id":"https:\/\/m3caravaning.com\/ca\/caravanes\/coneixent-una-mica-mes-la-caravana-fendt-shaphir-560-skm\/","url":"https:\/\/m3caravaning.com\/ca\/caravanes\/coneixent-una-mica-mes-la-caravana-fendt-shaphir-560-skm\/","name":"Coneixent una mica m\u00e9s la caravana Fendt Shaphir 560 SKM - Autocaravanas, caravanas y furgonetas campers nuevas, ocasi\u00f3n y segunda mano","isPartOf":{"@id":"https:\/\/m3caravaning.com\/ca\/#website"},"primaryImageOfPage":{"@id":"https:\/\/m3caravaning.com\/ca\/caravanes\/coneixent-una-mica-mes-la-caravana-fendt-shaphir-560-skm\/#primaryimage"},"image":{"@id":"https:\/\/m3caravaning.com\/ca\/caravanes\/coneixent-una-mica-mes-la-caravana-fendt-shaphir-560-skm\/#primaryimage"},"thumbnailUrl":"https:\/\/m3caravaning.com\/wp-content\/uploads\/2021\/01\/conociendo-un-poco-mas-la-caravana-fendt-shaphir-560-skm-id-167.jpg","datePublished":"2020-05-11T10:36:49+00:00","dateModified":"2023-07-19T10:33:13+00:00","author":{"@id":"https:\/\/m3caravaning.com\/ca\/#\/schema\/person\/10e5f1edce4be1f414d4bde1bcf0c65f"},"description":"En aquest article il\u00b7lustrat per M3 Caravaning acabarem coneixent una mica m\u00e9s la caravana Fendt Shaphir 560 SKM.","breadcrumb":{"@id":"https:\/\/m3caravaning.com\/ca\/caravanes\/coneixent-una-mica-mes-la-caravana-fendt-shaphir-560-skm\/#breadcrumb"},"inLanguage":"ca","potentialAction":[{"@type":"ReadAction","target":["https:\/\/m3caravaning.com\/ca\/caravanes\/coneixent-una-mica-mes-la-caravana-fendt-shaphir-560-skm\/"]}]},{"@type":"ImageObject","inLanguage":"ca","@id":"https:\/\/m3caravaning.com\/ca\/caravanes\/coneixent-una-mica-mes-la-caravana-fendt-shaphir-560-skm\/#primaryimage","url":"https:\/\/m3caravaning.com\/wp-content\/uploads\/2021\/01\/conociendo-un-poco-mas-la-caravana-fendt-shaphir-560-skm-id-167.jpg","contentUrl":"https:\/\/m3caravaning.com\/wp-content\/uploads\/2021\/01\/conociendo-un-poco-mas-la-caravana-fendt-shaphir-560-skm-id-167.jpg","width":1000,"height":450},{"@type":"BreadcrumbList","@id":"https:\/\/m3caravaning.com\/ca\/caravanes\/coneixent-una-mica-mes-la-caravana-fendt-shaphir-560-skm\/#breadcrumb","itemListElement":[{"@type":"ListItem","position":1,"name":"Portada","item":"https:\/\/m3caravaning.com\/ca\/"},{"@type":"ListItem","position":2,"name":"Coneixent una mica m\u00e9s la caravana Fendt Shaphir 560 SKM"}]},{"@type":"WebSite","@id":"https:\/\/m3caravaning.com\/ca\/#website","url":"https:\/\/m3caravaning.com\/ca\/","name":"Autocaravanas, caravanas y furgonetas campers nuevas, ocasi\u00f3n y segunda mano","description":"Tu tienda de autocaravanas, campers y caravanas nuevas y de segunda mano. Alquiler, tienda de recambios, taller, seguros, etc.","potentialAction":[{"@type":"SearchAction","target":{"@type":"EntryPoint","urlTemplate":"https:\/\/m3caravaning.com\/ca\/?s={search_term_string}"},"query-input":"required name=search_term_string"}],"inLanguage":"ca"},{"@type":"Person","@id":"https:\/\/m3caravaning.com\/ca\/#\/schema\/person\/10e5f1edce4be1f414d4bde1bcf0c65f","name":"M3 Caravaning","image":{"@type":"ImageObject","inLanguage":"ca","@id":"https:\/\/m3caravaning.com\/ca\/#\/schema\/person\/image\/","url":"https:\/\/secure.gravatar.com\/avatar\/45cc9e7bfaa20654bd7626e499aa306a8db18ee338763b6b771e707ccbeef54c?s=96&d=mm&r=g","contentUrl":"https:\/\/secure.gravatar.com\/avatar\/45cc9e7bfaa20654bd7626e499aa306a8db18ee338763b6b771e707ccbeef54c?s=96&d=mm&r=g","caption":"M3 Caravaning"}}]}},"_links":{"self":[{"href":"https:\/\/m3caravaning.com\/ca\/wp-json\/wp\/v2\/posts\/62","targetHints":{"allow":["GET"]}}],"collection":[{"href":"https:\/\/m3caravaning.com\/ca\/wp-json\/wp\/v2\/posts"}],"about":[{"href":"https:\/\/m3caravaning.com\/ca\/wp-json\/wp\/v2\/types\/post"}],"author":[{"embeddable":true,"href":"https:\/\/m3caravaning.com\/ca\/wp-json\/wp\/v2\/users\/2"}],"replies":[{"embeddable":true,"href":"https:\/\/m3caravaning.com\/ca\/wp-json\/wp\/v2\/comments?post=62"}],"version-history":[{"count":1,"href":"https:\/\/m3caravaning.com\/ca\/wp-json\/wp\/v2\/posts\/62\/revisions"}],"predecessor-version":[{"id":612439,"href":"https:\/\/m3caravaning.com\/ca\/wp-json\/wp\/v2\/posts\/62\/revisions\/612439"}],"wp:featuredmedia":[{"embeddable":true,"href":"https:\/\/m3caravaning.com\/ca\/wp-json\/wp\/v2\/media\/905"}],"wp:attachment":[{"href":"https:\/\/m3caravaning.com\/ca\/wp-json\/wp\/v2\/media?parent=62"}],"wp:term":[{"taxonomy":"category","embeddable":true,"href":"https:\/\/m3caravaning.com\/ca\/wp-json\/wp\/v2\/categories?post=62"},{"taxonomy":"post_tag","embeddable":true,"href":"https:\/\/m3caravaning.com\/ca\/wp-json\/wp\/v2\/tags?post=62"}],"curies":[{"name":"wp","href":"https:\/\/api.w.org\/{rel}","templated":true}]}}