





{"id":602255,"date":"2022-05-25T11:24:46","date_gmt":"2022-05-25T09:24:46","guid":{"rendered":"https:\/\/m3caravaning.com\/?p=602255"},"modified":"2022-05-25T11:45:28","modified_gmt":"2022-05-25T09:45:28","slug":"que-debo-tener-en-cuenta-para-pernoctar-con-mi-autocaravana-o-camper","status":"publish","type":"post","link":"https:\/\/m3caravaning.com\/ca\/autocaravanes\/que-debo-tener-en-cuenta-para-pernoctar-con-mi-autocaravana-o-camper\/","title":{"rendered":"Estacionar i Aparcar &#8211; Difer\u00e8ncies i Consells"},"content":{"rendered":"<div id=\"ez-toc-container\" class=\"ez-toc-v2_0_82_2 counter-hierarchy ez-toc-counter ez-toc-custom ez-toc-container-direction\">\n<div class=\"ez-toc-title-container\">\n<p class=\"ez-toc-title ez-toc-toggle\" style=\"cursor:pointer\">Tabla de contenido<\/p>\n<span class=\"ez-toc-title-toggle\"><\/span><\/div>\n<nav><ul class='ez-toc-list ez-toc-list-level-1 ' ><li class='ez-toc-page-1 ez-toc-heading-level-1'><a class=\"ez-toc-link ez-toc-heading-1\" href=\"https:\/\/m3caravaning.com\/ca\/autocaravanes\/que-debo-tener-en-cuenta-para-pernoctar-con-mi-autocaravana-o-camper\/#Que_he_de_tenir_en_compte_per_pernoctar_amb_la_meva_autocaravana_o_camper\" >Qu\u00e8 he de tenir en compte per pernoctar amb la meva autocaravana o camper?<\/a><ul class='ez-toc-list-level-2' ><li class='ez-toc-heading-level-2'><a class=\"ez-toc-link ez-toc-heading-2\" href=\"https:\/\/m3caravaning.com\/ca\/autocaravanes\/que-debo-tener-en-cuenta-para-pernoctar-con-mi-autocaravana-o-camper\/#Normativa_i_regulacio_sobre_estacionament_dautocaravanes_i_campers\" >Normativa i regulaci\u00f3 sobre estacionament d&#8217;autocaravanes i campers<\/a><\/li><\/ul><\/li><li class='ez-toc-page-1 ez-toc-heading-level-1'><a class=\"ez-toc-link ez-toc-heading-3\" href=\"https:\/\/m3caravaning.com\/ca\/autocaravanes\/que-debo-tener-en-cuenta-para-pernoctar-con-mi-autocaravana-o-camper\/#Diferencies_entre_Estacionar_i_Acampar\" >Difer\u00e8ncies entre Estacionar i Acampar<\/a><\/li><\/ul><\/nav><\/div>\n<h1><span class=\"ez-toc-section\" id=\"Que_he_de_tenir_en_compte_per_pernoctar_amb_la_meva_autocaravana_o_camper\"><\/span>Qu\u00e8 he de tenir en compte per pernoctar amb la meva autocaravana o camper?<span class=\"ez-toc-section-end\"><\/span><\/h1>\n<h2><span class=\"ez-toc-section\" id=\"Normativa_i_regulacio_sobre_estacionament_dautocaravanes_i_campers\"><\/span>Normativa i regulaci\u00f3 sobre estacionament d&#8217;autocaravanes i campers<span class=\"ez-toc-section-end\"><\/span><\/h2>\n<p>A Espanya no hi ha una normativa espec\u00edfica sobre l&#8217;estacionament d&#8217;autocaravana, encara que algunes comunitats aut\u00f2nomes comencen a regular aquest tipus de vehicles.<\/p>\n<ul>\n<li>La Directiva Europea 2001\/116\/CE defineix l&#8217;AUTOCARAVANA com un tipus de vehicle especial de categoria M fabricat de manera que inclogui una zona habitable&#8230;, per tant, se&#8217;ls ha d&#8217;aplicar les mateixes normes de tr\u00e0nsit que a un turisme.<\/li>\n<li>Al Reglament General de Vehicles-Annex II, es recull el que indica la Directiva Europea, reflectint que l&#8217;autocaravana \u00e9s un vehicle constru\u00eft.<\/li>\n<li>Pel que fa a l&#8217;aturada i l&#8217;estacionament, a l&#8217;Autocaravana o Camper l&#8217;afecta el cap\u00edtol VIII del Reglament General de Circulaci\u00f3 (RGC), com qualsevol altre vehicle de motor.<\/li>\n<li>A l&#8217;article 93 del RGC s&#8217;indica que la regulaci\u00f3 de la parada i estacionament en vies urbanes, ser\u00e0 disposada per les ordenances municipals de tr\u00e0nsit, per\u00f2 a l&#8217;apartat 2 de puntualitza que \u201cEn cap cas les ordenances municipals podran oposar-se, alterar, desvirtuar o induir a confusi\u00f3 amb els preceptes d&#8217;aquest reglament\u201d<\/li>\n<\/ul>\n<img fetchpriority=\"high\" decoding=\"async\" class=\"alignnone wp-image-602256\" src=\"https:\/\/m3caravaning.com\/wp-content\/uploads\/2022\/05\/Edito_PILOTE_P746FC-1-.jpg\" alt=\"\" width=\"747\" height=\"498\" srcset=\"https:\/\/m3caravaning.com\/wp-content\/uploads\/2022\/05\/Edito_PILOTE_P746FC-1-.jpg 1368w, https:\/\/m3caravaning.com\/wp-content\/uploads\/2022\/05\/Edito_PILOTE_P746FC-1--300x200.jpg 300w, https:\/\/m3caravaning.com\/wp-content\/uploads\/2022\/05\/Edito_PILOTE_P746FC-1--1024x683.jpg 1024w, https:\/\/m3caravaning.com\/wp-content\/uploads\/2022\/05\/Edito_PILOTE_P746FC-1--768x512.jpg 768w, https:\/\/m3caravaning.com\/wp-content\/uploads\/2022\/05\/Edito_PILOTE_P746FC-1--600x400.jpg 600w\" sizes=\"(max-width: 747px) 100vw, 747px\" \/>\n<h1><span class=\"ez-toc-section\" id=\"Diferencies_entre_Estacionar_i_Acampar\"><\/span>Difer\u00e8ncies entre Estacionar i Acampar<span class=\"ez-toc-section-end\"><\/span><\/h1>\n<p>Una autocaravana o camper, a m\u00e9s d&#8217;estacionar, pot acampar (als espais legals indicats per a aquesta pr\u00e0ctica, en la mesura que aix\u00f2 sigui possible).<\/p>\n<p>Per evitar conflictes es considera que una autocaravana o camper est\u00e0 aparcada i no acampada quan:<\/p>\n<ol>\n<li>Contacta amb el terra nom\u00e9s amb les rodes (excepte en pendent que es justificaran cal\u00e7os).<\/li>\n<li>No ocupa m\u00e9s espai que el de l&#8217;autocaravana o el camper tancat, sense abatre finestres o envair l&#8217;espai amb cadires, taules, tendals, etc.<\/li>\n<li>No es produeixi una emissi\u00f3 de fluids a l&#8217;exterior o sorolls molestos.<\/li>\n<\/ol>\n<p>Aconsellem que feu servir la Instrucci\u00f3 08\/v-74 que \u00e9s un document intern del Ministeri de l&#8217;Interior per a la seva aplicaci\u00f3 per part de les forces de seguretat de l&#8217;estat.\u00a0\u00a0 <a href=\"https:\/\/aseicar.org\/aseicar\/wp-content\/uploads\/2017\/03\/dgt.pdf\">Click aqu\u00ed per veure i descarregar el document de la Instrucci\u00f3n 08\/v-74<\/a><\/p>\n","protected":false},"excerpt":{"rendered":"<p>Qu\u00e8 he de tenir en compte per pernoctar amb la meva autocaravana o camper? Normativa i regulaci\u00f3 sobre estacionament d&#8217;autocaravanes i campers A Espanya no hi ha una normativa espec\u00edfica sobre l&#8217;estacionament d&#8217;autocaravana, encara que algunes comunitats aut\u00f2nomes comencen a regular aquest tipus de vehicles. La Directiva Europea 2001\/116\/CE defineix l&#8217;AUTOCARAVANA com un tipus de<\/p>\n","protected":false},"author":2,"featured_media":602256,"comment_status":"closed","ping_status":"closed","sticky":false,"template":"","format":"standard","meta":{"footnotes":""},"categories":[15],"tags":[],"class_list":["post-602255","post","type-post","status-publish","format-standard","has-post-thumbnail","hentry","category-autocaravanes"],"yoast_head":"<!-- This site is optimized with the Yoast SEO plugin v22.4 - https:\/\/yoast.com\/wordpress\/plugins\/seo\/ -->\n<title>Estacionar i Aparcar - Difer\u00e8ncies i Consells - Autocaravanas, caravanas y furgonetas campers nuevas, ocasi\u00f3n y segunda mano<\/title>\n<meta name=\"description\" content=\"A Espanya no hi ha una normativa espec\u00edfica sobre l&#039;estacionament d&#039;autocaravana, encara que algunes comunitats aut\u00f2nomes comencen a...\" \/>\n<meta name=\"robots\" content=\"index, follow, max-snippet:-1, max-image-preview:large, max-video-preview:-1\" \/>\n<link rel=\"canonical\" href=\"https:\/\/m3caravaning.com\/ca\/autocaravanes\/que-debo-tener-en-cuenta-para-pernoctar-con-mi-autocaravana-o-camper\/\" \/>\n<meta property=\"og:locale\" content=\"ca_ES\" \/>\n<meta property=\"og:type\" content=\"article\" \/>\n<meta property=\"og:title\" content=\"Estacionar i Aparcar - Difer\u00e8ncies i Consells - Autocaravanas, caravanas y furgonetas campers nuevas, ocasi\u00f3n y segunda mano\" \/>\n<meta property=\"og:description\" content=\"A Espanya no hi ha una normativa espec\u00edfica sobre l&#039;estacionament d&#039;autocaravana, encara que algunes comunitats aut\u00f2nomes comencen a...\" \/>\n<meta property=\"og:url\" content=\"https:\/\/m3caravaning.com\/ca\/autocaravanes\/que-debo-tener-en-cuenta-para-pernoctar-con-mi-autocaravana-o-camper\/\" \/>\n<meta property=\"og:site_name\" content=\"Autocaravanas, caravanas y furgonetas campers nuevas, ocasi\u00f3n y segunda mano\" \/>\n<meta property=\"article:publisher\" content=\"https:\/\/www.facebook.com\/m3caravaning\" \/>\n<meta property=\"article:published_time\" content=\"2022-05-25T09:24:46+00:00\" \/>\n<meta property=\"article:modified_time\" content=\"2022-05-25T09:45:28+00:00\" \/>\n<meta property=\"og:image\" content=\"https:\/\/m3caravaning.com\/wp-content\/uploads\/2022\/05\/Edito_PILOTE_P746FC-1-.jpg\" \/>\n\t<meta property=\"og:image:width\" content=\"1368\" \/>\n\t<meta property=\"og:image:height\" content=\"912\" \/>\n\t<meta property=\"og:image:type\" content=\"image\/jpeg\" \/>\n<meta name=\"author\" content=\"M3 Caravaning\" \/>\n<meta name=\"twitter:card\" content=\"summary_large_image\" \/>\n<meta name=\"twitter:creator\" content=\"@M3Caravaning\" \/>\n<meta name=\"twitter:site\" content=\"@M3Caravaning\" \/>\n<meta name=\"twitter:label1\" content=\"Written by\" \/>\n\t<meta name=\"twitter:data1\" content=\"M3 Caravaning\" \/>\n\t<meta name=\"twitter:label2\" content=\"Est. reading time\" \/>\n\t<meta name=\"twitter:data2\" content=\"2 minutes\" \/>\n<script type=\"application\/ld+json\" class=\"yoast-schema-graph\">{\"@context\":\"https:\/\/schema.org\",\"@graph\":[{\"@type\":\"WebPage\",\"@id\":\"https:\/\/m3caravaning.com\/ca\/autocaravanes\/que-debo-tener-en-cuenta-para-pernoctar-con-mi-autocaravana-o-camper\/\",\"url\":\"https:\/\/m3caravaning.com\/ca\/autocaravanes\/que-debo-tener-en-cuenta-para-pernoctar-con-mi-autocaravana-o-camper\/\",\"name\":\"Estacionar i Aparcar - Difer\u00e8ncies i Consells - Autocaravanas, caravanas y furgonetas campers nuevas, ocasi\u00f3n y segunda mano\",\"isPartOf\":{\"@id\":\"https:\/\/m3caravaning.com\/ca\/#website\"},\"primaryImageOfPage\":{\"@id\":\"https:\/\/m3caravaning.com\/ca\/autocaravanes\/que-debo-tener-en-cuenta-para-pernoctar-con-mi-autocaravana-o-camper\/#primaryimage\"},\"image\":{\"@id\":\"https:\/\/m3caravaning.com\/ca\/autocaravanes\/que-debo-tener-en-cuenta-para-pernoctar-con-mi-autocaravana-o-camper\/#primaryimage\"},\"thumbnailUrl\":\"https:\/\/m3caravaning.com\/wp-content\/uploads\/2022\/05\/Edito_PILOTE_P746FC-1-.jpg\",\"datePublished\":\"2022-05-25T09:24:46+00:00\",\"dateModified\":\"2022-05-25T09:45:28+00:00\",\"author\":{\"@id\":\"https:\/\/m3caravaning.com\/ca\/#\/schema\/person\/10e5f1edce4be1f414d4bde1bcf0c65f\"},\"description\":\"A Espanya no hi ha una normativa espec\u00edfica sobre l'estacionament d'autocaravana, encara que algunes comunitats aut\u00f2nomes comencen a...\",\"breadcrumb\":{\"@id\":\"https:\/\/m3caravaning.com\/ca\/autocaravanes\/que-debo-tener-en-cuenta-para-pernoctar-con-mi-autocaravana-o-camper\/#breadcrumb\"},\"inLanguage\":\"ca\",\"potentialAction\":[{\"@type\":\"ReadAction\",\"target\":[\"https:\/\/m3caravaning.com\/ca\/autocaravanes\/que-debo-tener-en-cuenta-para-pernoctar-con-mi-autocaravana-o-camper\/\"]}]},{\"@type\":\"ImageObject\",\"inLanguage\":\"ca\",\"@id\":\"https:\/\/m3caravaning.com\/ca\/autocaravanes\/que-debo-tener-en-cuenta-para-pernoctar-con-mi-autocaravana-o-camper\/#primaryimage\",\"url\":\"https:\/\/m3caravaning.com\/wp-content\/uploads\/2022\/05\/Edito_PILOTE_P746FC-1-.jpg\",\"contentUrl\":\"https:\/\/m3caravaning.com\/wp-content\/uploads\/2022\/05\/Edito_PILOTE_P746FC-1-.jpg\",\"width\":1368,\"height\":912},{\"@type\":\"BreadcrumbList\",\"@id\":\"https:\/\/m3caravaning.com\/ca\/autocaravanes\/que-debo-tener-en-cuenta-para-pernoctar-con-mi-autocaravana-o-camper\/#breadcrumb\",\"itemListElement\":[{\"@type\":\"ListItem\",\"position\":1,\"name\":\"Portada\",\"item\":\"https:\/\/m3caravaning.com\/ca\/\"},{\"@type\":\"ListItem\",\"position\":2,\"name\":\"Estacionar i Aparcar &#8211; Difer\u00e8ncies i Consells\"}]},{\"@type\":\"WebSite\",\"@id\":\"https:\/\/m3caravaning.com\/ca\/#website\",\"url\":\"https:\/\/m3caravaning.com\/ca\/\",\"name\":\"Autocaravanas, caravanas y furgonetas campers nuevas, ocasi\u00f3n y segunda mano\",\"description\":\"Tu tienda de autocaravanas, campers y caravanas nuevas y de segunda mano. Alquiler, tienda de recambios, taller, seguros, etc.\",\"potentialAction\":[{\"@type\":\"SearchAction\",\"target\":{\"@type\":\"EntryPoint\",\"urlTemplate\":\"https:\/\/m3caravaning.com\/ca\/?s={search_term_string}\"},\"query-input\":\"required name=search_term_string\"}],\"inLanguage\":\"ca\"},{\"@type\":\"Person\",\"@id\":\"https:\/\/m3caravaning.com\/ca\/#\/schema\/person\/10e5f1edce4be1f414d4bde1bcf0c65f\",\"name\":\"M3 Caravaning\",\"image\":{\"@type\":\"ImageObject\",\"inLanguage\":\"ca\",\"@id\":\"https:\/\/m3caravaning.com\/ca\/#\/schema\/person\/image\/\",\"url\":\"https:\/\/secure.gravatar.com\/avatar\/45cc9e7bfaa20654bd7626e499aa306a8db18ee338763b6b771e707ccbeef54c?s=96&d=mm&r=g\",\"contentUrl\":\"https:\/\/secure.gravatar.com\/avatar\/45cc9e7bfaa20654bd7626e499aa306a8db18ee338763b6b771e707ccbeef54c?s=96&d=mm&r=g\",\"caption\":\"M3 Caravaning\"}}]}<\/script>\n<!-- \/ Yoast SEO plugin. -->","yoast_head_json":{"title":"Estacionar i Aparcar - Difer\u00e8ncies i Consells - Autocaravanas, caravanas y furgonetas campers nuevas, ocasi\u00f3n y segunda mano","description":"A Espanya no hi ha una normativa espec\u00edfica sobre l'estacionament d'autocaravana, encara que algunes comunitats aut\u00f2nomes comencen a...","robots":{"index":"index","follow":"follow","max-snippet":"max-snippet:-1","max-image-preview":"max-image-preview:large","max-video-preview":"max-video-preview:-1"},"canonical":"https:\/\/m3caravaning.com\/ca\/autocaravanes\/que-debo-tener-en-cuenta-para-pernoctar-con-mi-autocaravana-o-camper\/","og_locale":"ca_ES","og_type":"article","og_title":"Estacionar i Aparcar - Difer\u00e8ncies i Consells - Autocaravanas, caravanas y furgonetas campers nuevas, ocasi\u00f3n y segunda mano","og_description":"A Espanya no hi ha una normativa espec\u00edfica sobre l'estacionament d'autocaravana, encara que algunes comunitats aut\u00f2nomes comencen a...","og_url":"https:\/\/m3caravaning.com\/ca\/autocaravanes\/que-debo-tener-en-cuenta-para-pernoctar-con-mi-autocaravana-o-camper\/","og_site_name":"Autocaravanas, caravanas y furgonetas campers nuevas, ocasi\u00f3n y segunda mano","article_publisher":"https:\/\/www.facebook.com\/m3caravaning","article_published_time":"2022-05-25T09:24:46+00:00","article_modified_time":"2022-05-25T09:45:28+00:00","og_image":[{"width":1368,"height":912,"url":"https:\/\/m3caravaning.com\/wp-content\/uploads\/2022\/05\/Edito_PILOTE_P746FC-1-.jpg","type":"image\/jpeg"}],"author":"M3 Caravaning","twitter_card":"summary_large_image","twitter_creator":"@M3Caravaning","twitter_site":"@M3Caravaning","twitter_misc":{"Written by":"M3 Caravaning","Est. reading time":"2 minutes"},"schema":{"@context":"https:\/\/schema.org","@graph":[{"@type":"WebPage","@id":"https:\/\/m3caravaning.com\/ca\/autocaravanes\/que-debo-tener-en-cuenta-para-pernoctar-con-mi-autocaravana-o-camper\/","url":"https:\/\/m3caravaning.com\/ca\/autocaravanes\/que-debo-tener-en-cuenta-para-pernoctar-con-mi-autocaravana-o-camper\/","name":"Estacionar i Aparcar - Difer\u00e8ncies i Consells - Autocaravanas, caravanas y furgonetas campers nuevas, ocasi\u00f3n y segunda mano","isPartOf":{"@id":"https:\/\/m3caravaning.com\/ca\/#website"},"primaryImageOfPage":{"@id":"https:\/\/m3caravaning.com\/ca\/autocaravanes\/que-debo-tener-en-cuenta-para-pernoctar-con-mi-autocaravana-o-camper\/#primaryimage"},"image":{"@id":"https:\/\/m3caravaning.com\/ca\/autocaravanes\/que-debo-tener-en-cuenta-para-pernoctar-con-mi-autocaravana-o-camper\/#primaryimage"},"thumbnailUrl":"https:\/\/m3caravaning.com\/wp-content\/uploads\/2022\/05\/Edito_PILOTE_P746FC-1-.jpg","datePublished":"2022-05-25T09:24:46+00:00","dateModified":"2022-05-25T09:45:28+00:00","author":{"@id":"https:\/\/m3caravaning.com\/ca\/#\/schema\/person\/10e5f1edce4be1f414d4bde1bcf0c65f"},"description":"A Espanya no hi ha una normativa espec\u00edfica sobre l'estacionament d'autocaravana, encara que algunes comunitats aut\u00f2nomes comencen a...","breadcrumb":{"@id":"https:\/\/m3caravaning.com\/ca\/autocaravanes\/que-debo-tener-en-cuenta-para-pernoctar-con-mi-autocaravana-o-camper\/#breadcrumb"},"inLanguage":"ca","potentialAction":[{"@type":"ReadAction","target":["https:\/\/m3caravaning.com\/ca\/autocaravanes\/que-debo-tener-en-cuenta-para-pernoctar-con-mi-autocaravana-o-camper\/"]}]},{"@type":"ImageObject","inLanguage":"ca","@id":"https:\/\/m3caravaning.com\/ca\/autocaravanes\/que-debo-tener-en-cuenta-para-pernoctar-con-mi-autocaravana-o-camper\/#primaryimage","url":"https:\/\/m3caravaning.com\/wp-content\/uploads\/2022\/05\/Edito_PILOTE_P746FC-1-.jpg","contentUrl":"https:\/\/m3caravaning.com\/wp-content\/uploads\/2022\/05\/Edito_PILOTE_P746FC-1-.jpg","width":1368,"height":912},{"@type":"BreadcrumbList","@id":"https:\/\/m3caravaning.com\/ca\/autocaravanes\/que-debo-tener-en-cuenta-para-pernoctar-con-mi-autocaravana-o-camper\/#breadcrumb","itemListElement":[{"@type":"ListItem","position":1,"name":"Portada","item":"https:\/\/m3caravaning.com\/ca\/"},{"@type":"ListItem","position":2,"name":"Estacionar i Aparcar &#8211; Difer\u00e8ncies i Consells"}]},{"@type":"WebSite","@id":"https:\/\/m3caravaning.com\/ca\/#website","url":"https:\/\/m3caravaning.com\/ca\/","name":"Autocaravanas, caravanas y furgonetas campers nuevas, ocasi\u00f3n y segunda mano","description":"Tu tienda de autocaravanas, campers y caravanas nuevas y de segunda mano. Alquiler, tienda de recambios, taller, seguros, etc.","potentialAction":[{"@type":"SearchAction","target":{"@type":"EntryPoint","urlTemplate":"https:\/\/m3caravaning.com\/ca\/?s={search_term_string}"},"query-input":"required name=search_term_string"}],"inLanguage":"ca"},{"@type":"Person","@id":"https:\/\/m3caravaning.com\/ca\/#\/schema\/person\/10e5f1edce4be1f414d4bde1bcf0c65f","name":"M3 Caravaning","image":{"@type":"ImageObject","inLanguage":"ca","@id":"https:\/\/m3caravaning.com\/ca\/#\/schema\/person\/image\/","url":"https:\/\/secure.gravatar.com\/avatar\/45cc9e7bfaa20654bd7626e499aa306a8db18ee338763b6b771e707ccbeef54c?s=96&d=mm&r=g","contentUrl":"https:\/\/secure.gravatar.com\/avatar\/45cc9e7bfaa20654bd7626e499aa306a8db18ee338763b6b771e707ccbeef54c?s=96&d=mm&r=g","caption":"M3 Caravaning"}}]}},"_links":{"self":[{"href":"https:\/\/m3caravaning.com\/ca\/wp-json\/wp\/v2\/posts\/602255","targetHints":{"allow":["GET"]}}],"collection":[{"href":"https:\/\/m3caravaning.com\/ca\/wp-json\/wp\/v2\/posts"}],"about":[{"href":"https:\/\/m3caravaning.com\/ca\/wp-json\/wp\/v2\/types\/post"}],"author":[{"embeddable":true,"href":"https:\/\/m3caravaning.com\/ca\/wp-json\/wp\/v2\/users\/2"}],"replies":[{"embeddable":true,"href":"https:\/\/m3caravaning.com\/ca\/wp-json\/wp\/v2\/comments?post=602255"}],"version-history":[{"count":4,"href":"https:\/\/m3caravaning.com\/ca\/wp-json\/wp\/v2\/posts\/602255\/revisions"}],"predecessor-version":[{"id":602270,"href":"https:\/\/m3caravaning.com\/ca\/wp-json\/wp\/v2\/posts\/602255\/revisions\/602270"}],"wp:featuredmedia":[{"embeddable":true,"href":"https:\/\/m3caravaning.com\/ca\/wp-json\/wp\/v2\/media\/602256"}],"wp:attachment":[{"href":"https:\/\/m3caravaning.com\/ca\/wp-json\/wp\/v2\/media?parent=602255"}],"wp:term":[{"taxonomy":"category","embeddable":true,"href":"https:\/\/m3caravaning.com\/ca\/wp-json\/wp\/v2\/categories?post=602255"},{"taxonomy":"post_tag","embeddable":true,"href":"https:\/\/m3caravaning.com\/ca\/wp-json\/wp\/v2\/tags?post=602255"}],"curies":[{"name":"wp","href":"https:\/\/api.w.org\/{rel}","templated":true}]}}