





{"id":596993,"date":"2021-11-16T17:17:56","date_gmt":"2021-11-16T16:17:56","guid":{"rendered":"https:\/\/m3caravaning.com\/sense-categoria\/ruta-autocaravana-mercados-navidenos\/"},"modified":"2021-11-16T17:26:08","modified_gmt":"2021-11-16T16:26:08","slug":"ruta-autocaravana-mercats-nadalencs","status":"publish","type":"post","link":"https:\/\/m3caravaning.com\/ca\/autocaravanes\/ruta-autocaravana-mercats-nadalencs\/","title":{"rendered":"Viatjar amb autocaravana per mercats nadalencs"},"content":{"rendered":"<div id=\"ez-toc-container\" class=\"ez-toc-v2_0_82_2 counter-hierarchy ez-toc-counter ez-toc-custom ez-toc-container-direction\">\n<div class=\"ez-toc-title-container\">\n<p class=\"ez-toc-title ez-toc-toggle\" style=\"cursor:pointer\">Tabla de contenido<\/p>\n<span class=\"ez-toc-title-toggle\"><\/span><\/div>\n<nav><ul class='ez-toc-list ez-toc-list-level-1 ' ><li class='ez-toc-page-1 ez-toc-heading-level-1'><a class=\"ez-toc-link ez-toc-heading-1\" href=\"https:\/\/m3caravaning.com\/ca\/autocaravanes\/ruta-autocaravana-mercats-nadalencs\/#Viatjar_amb_autocaravana_per_mercats_nadalencs\" >Viatjar amb autocaravana per mercats nadalencs<\/a><ul class='ez-toc-list-level-2' ><li class='ez-toc-heading-level-2'><a class=\"ez-toc-link ez-toc-heading-2\" href=\"https:\/\/m3caravaning.com\/ca\/autocaravanes\/ruta-autocaravana-mercats-nadalencs\/#Alsacia\" >Als\u00e0cia<\/a><\/li><li class='ez-toc-page-1 ez-toc-heading-level-2'><a class=\"ez-toc-link ez-toc-heading-3\" href=\"https:\/\/m3caravaning.com\/ca\/autocaravanes\/ruta-autocaravana-mercats-nadalencs\/#Viena\" >Viena<\/a><\/li><li class='ez-toc-page-1 ez-toc-heading-level-2'><a class=\"ez-toc-link ez-toc-heading-4\" href=\"https:\/\/m3caravaning.com\/ca\/autocaravanes\/ruta-autocaravana-mercats-nadalencs\/#Budapest\" >Budapest<\/a><\/li><li class='ez-toc-page-1 ez-toc-heading-level-2'><a class=\"ez-toc-link ez-toc-heading-5\" href=\"https:\/\/m3caravaning.com\/ca\/autocaravanes\/ruta-autocaravana-mercats-nadalencs\/#Praga\" >Praga<\/a><\/li><li class='ez-toc-page-1 ez-toc-heading-level-2'><a class=\"ez-toc-link ez-toc-heading-6\" href=\"https:\/\/m3caravaning.com\/ca\/autocaravanes\/ruta-autocaravana-mercats-nadalencs\/#Preguntes_frequents_sobre_viatjar_amb_autocaravana_per_mercats_nadalencs\" >Preguntes freq\u00fcents sobre viatjar amb autocaravana per mercats nadalencs<\/a><\/li><\/ul><\/li><\/ul><\/nav><\/div>\n<h1 style=\"text-align: left;\"><span class=\"ez-toc-section\" id=\"Viatjar_amb_autocaravana_per_mercats_nadalencs\"><\/span>Viatjar amb autocaravana per mercats nadalencs<span class=\"ez-toc-section-end\"><\/span><\/h1>\n<p style=\"text-align: justify;\">Viatjar amb autocaravana durant el Nadal \u00e9s una experi\u00e8ncia totalment satisfact\u00f2ria i original, que far\u00e0 que el teu i els teus acompanyants pugueu gaudir d&#8217;aquesta \u00e8poca de l&#8217;any d&#8217;una manera totalment diferent. I \u00e9s que una de les coses que destaquen d&#8217;Europa s\u00f3n els <strong>mercats nadalencs<\/strong>. Qu\u00e8 millor que poder rec\u00f3rrer-los amb autocaravana?<\/p>\n<h2 style=\"text-align: justify;\"><span class=\"ez-toc-section\" id=\"Alsacia\"><\/span>Als\u00e0cia<span class=\"ez-toc-section-end\"><\/span><\/h2>\n<p style=\"text-align: justify;\"><img fetchpriority=\"high\" decoding=\"async\" class=\"wp-image-596979 alignright\" src=\"https:\/\/m3caravaning.com\/wp-content\/uploads\/2021\/11\/mercadillo-300x175.jpg\" alt=\"Mercadillo navide\u00f1o\" width=\"464\" height=\"271\" srcset=\"https:\/\/m3caravaning.com\/wp-content\/uploads\/2021\/11\/mercadillo-300x175.jpg 300w, https:\/\/m3caravaning.com\/wp-content\/uploads\/2021\/11\/mercadillo-768x447.jpg 768w, https:\/\/m3caravaning.com\/wp-content\/uploads\/2021\/11\/mercadillo-600x350.jpg 600w, https:\/\/m3caravaning.com\/wp-content\/uploads\/2021\/11\/mercadillo.jpg 800w\" sizes=\"(max-width: 464px) 100vw, 464px\" \/><\/p>\n<p style=\"text-align: justify;\">Els mercats nadalencs d&#8217;aquesta regi\u00f3 francesa s\u00f3n uns dels m\u00e9s bonics que podem trobar a Europa. I \u00e9s que viatjar de Colmar a Estrasburg \u00e9s totalment m\u00e0gic. El <strong>Colmar<\/strong> \u00e9s la segona poblaci\u00f3 m\u00e9s gran d&#8217;Als\u00e0cia i est\u00e0 considerat un dels pobles m\u00e9s bonics del continent. Entre tots els nombrosos mercats que podem trobar, destaquem el Mercat de Nadal Place de l\u2019Ancienne Douane, el Mercat Interior Ko\u00effhus, el Mercat Petit Venise i el Mercat Place Jeanne d\u2019Arc.<\/p>\n<p style=\"text-align: justify;\">Seguint la ruta cap a <strong>Estrasburg<\/strong>, trobem un dels mercats m\u00e9s antics d&#8217;Europa. Es tracta del conegut Chriskindelsmarkt, situat a la Pla\u00e7a Broglie. Tamb\u00e9 podem trobar altres mercats com el de la Pla\u00e7a de la Catedral, el de la Pla\u00e7a Kleber, el del Palacoo Rohan i la Pla\u00e7a Marche-Aux-Poissons, aix\u00ed com el de la Pla\u00e7a Gutemberg.<\/p>\n<h2 style=\"text-align: justify;\"><span class=\"ez-toc-section\" id=\"Viena\"><\/span>Viena<span class=\"ez-toc-section-end\"><\/span><\/h2>\n<p style=\"text-align: justify;\">Juntament amb Als\u00e0cia, Viena \u00e9s un altre <strong>parad\u00eds del nadal<\/strong>. La capital d&#8217;\u00c0ustria s&#8217;omple durant aquesta \u00e8poca d&#8217;un esperit nadalenc que us deixar\u00e0 amb la boca oberta. Entre els diferents mercats destaquem el que est\u00e0 ubicat al Palau del Belvedere, on hi destaca l&#8217;ambient imperial, el de Spittelberg o el del Palau de Sch\u00f6nbrunn, situat en un enclavament que es considera <strong>patrimoni de la Humanitat<\/strong>.<\/p>\n<p style=\"text-align: justify;\"><img decoding=\"async\" class=\"wp-image-596981 alignright\" src=\"https:\/\/m3caravaning.com\/wp-content\/uploads\/2021\/11\/mercado-navidad-300x200.jpg\" alt=\"Mercado navidad europeo\" width=\"450\" height=\"300\" srcset=\"https:\/\/m3caravaning.com\/wp-content\/uploads\/2021\/11\/mercado-navidad-300x200.jpg 300w, https:\/\/m3caravaning.com\/wp-content\/uploads\/2021\/11\/mercado-navidad-768x513.jpg 768w, https:\/\/m3caravaning.com\/wp-content\/uploads\/2021\/11\/mercado-navidad-600x401.jpg 600w, https:\/\/m3caravaning.com\/wp-content\/uploads\/2021\/11\/mercado-navidad.jpg 800w\" sizes=\"(max-width: 450px) 100vw, 450px\" \/><\/p>\n<p style=\"text-align: justify;\">Sense cap mena de dubte, la gastronomia, l&#8217;oci i tota l&#8217;oferta que ofereix la capital austr\u00edaca faran d&#8217;aquesta experi\u00e8ncia un record totalment inoblidable. Podr\u00e0s gaudir-ne a partir del 8 de desembre.<\/p>\n<h2 style=\"text-align: justify;\"><span class=\"ez-toc-section\" id=\"Budapest\"><\/span>Budapest<span class=\"ez-toc-section-end\"><\/span><\/h2>\n<p style=\"text-align: justify;\">A nom\u00e9s uns minuts del riu Danubi, el mercat nadalenc m\u00e9s gran de Budapest obre les portes per poder gaudir de l&#8217;artesania local, aix\u00ed com el menjar t\u00edpic tradicional. A m\u00e9s d&#8217;aquest mercat nadalenc, ubicat a la Plasza V\u00f6r\u00f6smarty, tota la ciutat es converteix en una aut\u00e8ntica fira. \u00c9s una ocasi\u00f3 perfecta per gaudir tamb\u00e9 dels esdeveniments que se celebren a la capital hongaresa, com el festival del Trencanous a l&#8217;\u00d2pera Nacional d&#8217;Hongria. Una altra de les curiositats que acull Budapest \u00e9s que tota l&#8217;activitat i els ambients se centren en diferents <strong>segments de l&#8217;Advent<\/strong>.<\/p>\n<h2 style=\"text-align: justify;\"><span class=\"ez-toc-section\" id=\"Praga\"><\/span>Praga<span class=\"ez-toc-section-end\"><\/span><\/h2>\n<p style=\"text-align: justify;\">Per acabar, no pod\u00edem perdre&#8217;ns la m\u00e0gia que despr\u00e8n la capital de la Rep\u00fablica Txeca. Destaquen dos mercats principals, ubicats a la Pla\u00e7a de la Ciutat Vella ia la Pla\u00e7a de Wenceslao, aix\u00ed com altres de mida m\u00e9s redu\u00efda com el que s&#8217;ubica a Vinohrady ia la Pla\u00e7a de la Rep\u00fablica. Tots els podr\u00e0s visitar durant els mesos de novembre i desembre, amb especial ambient durant els caps de setmana.<\/p>\n<h2 style=\"text-align: justify;\"><\/h2>\n<h2 style=\"text-align: justify;\"><span class=\"ez-toc-section\" id=\"Preguntes_frequents_sobre_viatjar_amb_autocaravana_per_mercats_nadalencs\"><\/span>Preguntes freq\u00fcents sobre viatjar amb autocaravana per mercats nadalencs<span class=\"ez-toc-section-end\"><\/span><\/h2>\n<h3 style=\"text-align: justify;\">Per qu\u00e8 viatjar amb autocaravana per visitar mercats ambulants de Nadal?<\/h3>\n<p style=\"text-align: justify;\">La resposta \u00e9s senzilla. Optar per una autocaravana et proporciona m\u00e9s llibertat de moviment, aix\u00ed com l&#8217;opci\u00f3 de combinar allotjament i transport. A m\u00e9s, cal no oblidar que aix\u00ed podr\u00e0s visitar molts m\u00e9s llocs en un mateix viatge.<\/p>\n<h3 style=\"text-align: justify;\">Quant de temps necessito per rec\u00f3rrer en autocaravana els principals mercats de Nadal?<\/h3>\n<p style=\"text-align: justify;\">Dep\u00e8n. Pots optar per fer un viatge molt llarg que duri setmanes, i aix\u00ed poder visitar diferents capitals i regions europees, o b\u00e9 optar per quedar-te amb una \u00fanica zona. En aquest cas, podr\u00e0s fer un viatge d&#8217;entre 5 i 7 dies, amb els quals tindr\u00e0s prou temps per veure els enclavaments m\u00e9s destacats.<\/p>\n<p><script type=\"application\/ld+json\">{\"@context\":\"https:\/\/schema.org\",\"@type\":\"FAQPage\",\"mainEntity\":[{\"@type\":\"Question\",\"name\":\"Per qu\u00e8 viatjar amb autocaravana per visitar mercats ambulants de Nadal?\",\"acceptedAnswer\":{\"@type\":\"Answer\",\"text\":\"La resposta \u00e9s senzilla. Optar per una autocaravana et proporciona m\u00e9s llibertat de moviment, aix\u00ed com l'opci\u00f3 de combinar allotjament i transport. A m\u00e9s, cal no oblidar que aix\u00ed podr\u00e0s visitar molts m\u00e9s llocs en un mateix viatge.\"}},{\"@type\":\"Question\",\"name\":\"Quant de temps necessito per rec\u00f3rrer en autocaravana els principals mercats de Nadal?\",\"acceptedAnswer\":{\"@type\":\"Answer\",\"text\":\"Dep\u00e8n. Pots optar per fer un viatge molt llarg que duri setmanes, i aix\u00ed poder visitar diferents capitals i regions europees, o b\u00e9 optar per quedar-te amb una \u00fanica zona. En aquest cas, podr\u00e0s fer un viatge d'entre 5 i 7 dies, amb els quals tindr\u00e0s prou temps per veure els enclavaments m\u00e9s destacats.\"}}]}<\/script><\/p>\n","protected":false},"excerpt":{"rendered":"<p>Viatjar amb autocaravana per mercats nadalencs Viatjar amb autocaravana durant el Nadal \u00e9s una experi\u00e8ncia totalment satisfact\u00f2ria i original, que far\u00e0 que el teu i els teus acompanyants pugueu gaudir d&#8217;aquesta \u00e8poca de l&#8217;any d&#8217;una manera totalment diferent. I \u00e9s que una de les coses que destaquen d&#8217;Europa s\u00f3n els mercats nadalencs. Qu\u00e8 millor que<\/p>\n","protected":false},"author":8,"featured_media":596977,"comment_status":"closed","ping_status":"closed","sticky":false,"template":"","format":"standard","meta":{"footnotes":""},"categories":[15],"tags":[],"class_list":["post-596993","post","type-post","status-publish","format-standard","has-post-thumbnail","hentry","category-autocaravanes"],"yoast_head":"<!-- This site is optimized with the Yoast SEO plugin v22.4 - https:\/\/yoast.com\/wordpress\/plugins\/seo\/ -->\n<title>Viatjar amb Autocaravana per Mercats Nadalencs | M3 Caravaning<\/title>\n<meta name=\"description\" content=\"Viatjar amb autocaravana per veure els millors mercats nadalencs d&#039;europa \u00e9s la millor opci\u00f3 per gaudir del nadal. Entra ara!\" \/>\n<meta name=\"robots\" content=\"index, follow, max-snippet:-1, max-image-preview:large, max-video-preview:-1\" \/>\n<link rel=\"canonical\" href=\"https:\/\/m3caravaning.com\/ca\/autocaravanes\/ruta-autocaravana-mercats-nadalencs\/\" \/>\n<meta property=\"og:locale\" content=\"ca_ES\" \/>\n<meta property=\"og:type\" content=\"article\" \/>\n<meta property=\"og:title\" content=\"Viatjar amb Autocaravana per Mercats Nadalencs | M3 Caravaning\" \/>\n<meta property=\"og:description\" content=\"Viatjar amb autocaravana per veure els millors mercats nadalencs d&#039;europa \u00e9s la millor opci\u00f3 per gaudir del nadal. Entra ara!\" \/>\n<meta property=\"og:url\" content=\"https:\/\/m3caravaning.com\/ca\/autocaravanes\/ruta-autocaravana-mercats-nadalencs\/\" \/>\n<meta property=\"og:site_name\" content=\"Autocaravanas, caravanas y furgonetas campers nuevas, ocasi\u00f3n y segunda mano\" \/>\n<meta property=\"article:publisher\" content=\"https:\/\/www.facebook.com\/m3caravaning\" \/>\n<meta property=\"article:published_time\" content=\"2021-11-16T16:17:56+00:00\" \/>\n<meta property=\"article:modified_time\" content=\"2021-11-16T16:26:08+00:00\" \/>\n<meta property=\"og:image\" content=\"https:\/\/m3caravaning.com\/wp-content\/uploads\/2021\/11\/ruta-mercado-navidad.jpg\" \/>\n\t<meta property=\"og:image:width\" content=\"800\" \/>\n\t<meta property=\"og:image:height\" content=\"505\" \/>\n\t<meta property=\"og:image:type\" content=\"image\/jpeg\" \/>\n<meta name=\"author\" content=\"SEO VANTI\" \/>\n<meta name=\"twitter:card\" content=\"summary_large_image\" \/>\n<meta name=\"twitter:creator\" content=\"@M3Caravaning\" \/>\n<meta name=\"twitter:site\" content=\"@M3Caravaning\" \/>\n<meta name=\"twitter:label1\" content=\"Written by\" \/>\n\t<meta name=\"twitter:data1\" content=\"SEO VANTI\" \/>\n\t<meta name=\"twitter:label2\" content=\"Est. reading time\" \/>\n\t<meta name=\"twitter:data2\" content=\"3 minutes\" \/>\n<script type=\"application\/ld+json\" class=\"yoast-schema-graph\">{\"@context\":\"https:\/\/schema.org\",\"@graph\":[{\"@type\":\"WebPage\",\"@id\":\"https:\/\/m3caravaning.com\/ca\/autocaravanes\/ruta-autocaravana-mercats-nadalencs\/\",\"url\":\"https:\/\/m3caravaning.com\/ca\/autocaravanes\/ruta-autocaravana-mercats-nadalencs\/\",\"name\":\"Viatjar amb Autocaravana per Mercats Nadalencs | M3 Caravaning\",\"isPartOf\":{\"@id\":\"https:\/\/m3caravaning.com\/ca\/#website\"},\"primaryImageOfPage\":{\"@id\":\"https:\/\/m3caravaning.com\/ca\/autocaravanes\/ruta-autocaravana-mercats-nadalencs\/#primaryimage\"},\"image\":{\"@id\":\"https:\/\/m3caravaning.com\/ca\/autocaravanes\/ruta-autocaravana-mercats-nadalencs\/#primaryimage\"},\"thumbnailUrl\":\"https:\/\/m3caravaning.com\/wp-content\/uploads\/2021\/11\/ruta-mercado-navidad.jpg\",\"datePublished\":\"2021-11-16T16:17:56+00:00\",\"dateModified\":\"2021-11-16T16:26:08+00:00\",\"author\":{\"@id\":\"https:\/\/m3caravaning.com\/ca\/#\/schema\/person\/348231540ff3d3d7ba0c4fa6bd5ca194\"},\"description\":\"Viatjar amb autocaravana per veure els millors mercats nadalencs d'europa \u00e9s la millor opci\u00f3 per gaudir del nadal. Entra ara!\",\"breadcrumb\":{\"@id\":\"https:\/\/m3caravaning.com\/ca\/autocaravanes\/ruta-autocaravana-mercats-nadalencs\/#breadcrumb\"},\"inLanguage\":\"ca\",\"potentialAction\":[{\"@type\":\"ReadAction\",\"target\":[\"https:\/\/m3caravaning.com\/ca\/autocaravanes\/ruta-autocaravana-mercats-nadalencs\/\"]}]},{\"@type\":\"ImageObject\",\"inLanguage\":\"ca\",\"@id\":\"https:\/\/m3caravaning.com\/ca\/autocaravanes\/ruta-autocaravana-mercats-nadalencs\/#primaryimage\",\"url\":\"https:\/\/m3caravaning.com\/wp-content\/uploads\/2021\/11\/ruta-mercado-navidad.jpg\",\"contentUrl\":\"https:\/\/m3caravaning.com\/wp-content\/uploads\/2021\/11\/ruta-mercado-navidad.jpg\",\"width\":800,\"height\":505,\"caption\":\"Ruta por mercados de navidad\"},{\"@type\":\"BreadcrumbList\",\"@id\":\"https:\/\/m3caravaning.com\/ca\/autocaravanes\/ruta-autocaravana-mercats-nadalencs\/#breadcrumb\",\"itemListElement\":[{\"@type\":\"ListItem\",\"position\":1,\"name\":\"Portada\",\"item\":\"https:\/\/m3caravaning.com\/ca\/\"},{\"@type\":\"ListItem\",\"position\":2,\"name\":\"Viatjar amb autocaravana per mercats nadalencs\"}]},{\"@type\":\"WebSite\",\"@id\":\"https:\/\/m3caravaning.com\/ca\/#website\",\"url\":\"https:\/\/m3caravaning.com\/ca\/\",\"name\":\"Autocaravanas, caravanas y furgonetas campers nuevas, ocasi\u00f3n y segunda mano\",\"description\":\"Tu tienda de autocaravanas, campers y caravanas nuevas y de segunda mano. Alquiler, tienda de recambios, taller, seguros, etc.\",\"potentialAction\":[{\"@type\":\"SearchAction\",\"target\":{\"@type\":\"EntryPoint\",\"urlTemplate\":\"https:\/\/m3caravaning.com\/ca\/?s={search_term_string}\"},\"query-input\":\"required name=search_term_string\"}],\"inLanguage\":\"ca\"},{\"@type\":\"Person\",\"@id\":\"https:\/\/m3caravaning.com\/ca\/#\/schema\/person\/348231540ff3d3d7ba0c4fa6bd5ca194\",\"name\":\"SEO VANTI\",\"image\":{\"@type\":\"ImageObject\",\"inLanguage\":\"ca\",\"@id\":\"https:\/\/m3caravaning.com\/ca\/#\/schema\/person\/image\/\",\"url\":\"https:\/\/secure.gravatar.com\/avatar\/91ad9c1ee44f30ca9c4b14dfa7132af5515c5db381df6abe5ac7f1a470df1fdf?s=96&d=mm&r=g\",\"contentUrl\":\"https:\/\/secure.gravatar.com\/avatar\/91ad9c1ee44f30ca9c4b14dfa7132af5515c5db381df6abe5ac7f1a470df1fdf?s=96&d=mm&r=g\",\"caption\":\"SEO VANTI\"}}]}<\/script>\n<!-- \/ Yoast SEO plugin. -->","yoast_head_json":{"title":"Viatjar amb Autocaravana per Mercats Nadalencs | M3 Caravaning","description":"Viatjar amb autocaravana per veure els millors mercats nadalencs d'europa \u00e9s la millor opci\u00f3 per gaudir del nadal. Entra ara!","robots":{"index":"index","follow":"follow","max-snippet":"max-snippet:-1","max-image-preview":"max-image-preview:large","max-video-preview":"max-video-preview:-1"},"canonical":"https:\/\/m3caravaning.com\/ca\/autocaravanes\/ruta-autocaravana-mercats-nadalencs\/","og_locale":"ca_ES","og_type":"article","og_title":"Viatjar amb Autocaravana per Mercats Nadalencs | M3 Caravaning","og_description":"Viatjar amb autocaravana per veure els millors mercats nadalencs d'europa \u00e9s la millor opci\u00f3 per gaudir del nadal. Entra ara!","og_url":"https:\/\/m3caravaning.com\/ca\/autocaravanes\/ruta-autocaravana-mercats-nadalencs\/","og_site_name":"Autocaravanas, caravanas y furgonetas campers nuevas, ocasi\u00f3n y segunda mano","article_publisher":"https:\/\/www.facebook.com\/m3caravaning","article_published_time":"2021-11-16T16:17:56+00:00","article_modified_time":"2021-11-16T16:26:08+00:00","og_image":[{"width":800,"height":505,"url":"https:\/\/m3caravaning.com\/wp-content\/uploads\/2021\/11\/ruta-mercado-navidad.jpg","type":"image\/jpeg"}],"author":"SEO VANTI","twitter_card":"summary_large_image","twitter_creator":"@M3Caravaning","twitter_site":"@M3Caravaning","twitter_misc":{"Written by":"SEO VANTI","Est. reading time":"3 minutes"},"schema":{"@context":"https:\/\/schema.org","@graph":[{"@type":"WebPage","@id":"https:\/\/m3caravaning.com\/ca\/autocaravanes\/ruta-autocaravana-mercats-nadalencs\/","url":"https:\/\/m3caravaning.com\/ca\/autocaravanes\/ruta-autocaravana-mercats-nadalencs\/","name":"Viatjar amb Autocaravana per Mercats Nadalencs | M3 Caravaning","isPartOf":{"@id":"https:\/\/m3caravaning.com\/ca\/#website"},"primaryImageOfPage":{"@id":"https:\/\/m3caravaning.com\/ca\/autocaravanes\/ruta-autocaravana-mercats-nadalencs\/#primaryimage"},"image":{"@id":"https:\/\/m3caravaning.com\/ca\/autocaravanes\/ruta-autocaravana-mercats-nadalencs\/#primaryimage"},"thumbnailUrl":"https:\/\/m3caravaning.com\/wp-content\/uploads\/2021\/11\/ruta-mercado-navidad.jpg","datePublished":"2021-11-16T16:17:56+00:00","dateModified":"2021-11-16T16:26:08+00:00","author":{"@id":"https:\/\/m3caravaning.com\/ca\/#\/schema\/person\/348231540ff3d3d7ba0c4fa6bd5ca194"},"description":"Viatjar amb autocaravana per veure els millors mercats nadalencs d'europa \u00e9s la millor opci\u00f3 per gaudir del nadal. Entra ara!","breadcrumb":{"@id":"https:\/\/m3caravaning.com\/ca\/autocaravanes\/ruta-autocaravana-mercats-nadalencs\/#breadcrumb"},"inLanguage":"ca","potentialAction":[{"@type":"ReadAction","target":["https:\/\/m3caravaning.com\/ca\/autocaravanes\/ruta-autocaravana-mercats-nadalencs\/"]}]},{"@type":"ImageObject","inLanguage":"ca","@id":"https:\/\/m3caravaning.com\/ca\/autocaravanes\/ruta-autocaravana-mercats-nadalencs\/#primaryimage","url":"https:\/\/m3caravaning.com\/wp-content\/uploads\/2021\/11\/ruta-mercado-navidad.jpg","contentUrl":"https:\/\/m3caravaning.com\/wp-content\/uploads\/2021\/11\/ruta-mercado-navidad.jpg","width":800,"height":505,"caption":"Ruta por mercados de navidad"},{"@type":"BreadcrumbList","@id":"https:\/\/m3caravaning.com\/ca\/autocaravanes\/ruta-autocaravana-mercats-nadalencs\/#breadcrumb","itemListElement":[{"@type":"ListItem","position":1,"name":"Portada","item":"https:\/\/m3caravaning.com\/ca\/"},{"@type":"ListItem","position":2,"name":"Viatjar amb autocaravana per mercats nadalencs"}]},{"@type":"WebSite","@id":"https:\/\/m3caravaning.com\/ca\/#website","url":"https:\/\/m3caravaning.com\/ca\/","name":"Autocaravanas, caravanas y furgonetas campers nuevas, ocasi\u00f3n y segunda mano","description":"Tu tienda de autocaravanas, campers y caravanas nuevas y de segunda mano. Alquiler, tienda de recambios, taller, seguros, etc.","potentialAction":[{"@type":"SearchAction","target":{"@type":"EntryPoint","urlTemplate":"https:\/\/m3caravaning.com\/ca\/?s={search_term_string}"},"query-input":"required name=search_term_string"}],"inLanguage":"ca"},{"@type":"Person","@id":"https:\/\/m3caravaning.com\/ca\/#\/schema\/person\/348231540ff3d3d7ba0c4fa6bd5ca194","name":"SEO VANTI","image":{"@type":"ImageObject","inLanguage":"ca","@id":"https:\/\/m3caravaning.com\/ca\/#\/schema\/person\/image\/","url":"https:\/\/secure.gravatar.com\/avatar\/91ad9c1ee44f30ca9c4b14dfa7132af5515c5db381df6abe5ac7f1a470df1fdf?s=96&d=mm&r=g","contentUrl":"https:\/\/secure.gravatar.com\/avatar\/91ad9c1ee44f30ca9c4b14dfa7132af5515c5db381df6abe5ac7f1a470df1fdf?s=96&d=mm&r=g","caption":"SEO VANTI"}}]}},"_links":{"self":[{"href":"https:\/\/m3caravaning.com\/ca\/wp-json\/wp\/v2\/posts\/596993","targetHints":{"allow":["GET"]}}],"collection":[{"href":"https:\/\/m3caravaning.com\/ca\/wp-json\/wp\/v2\/posts"}],"about":[{"href":"https:\/\/m3caravaning.com\/ca\/wp-json\/wp\/v2\/types\/post"}],"author":[{"embeddable":true,"href":"https:\/\/m3caravaning.com\/ca\/wp-json\/wp\/v2\/users\/8"}],"replies":[{"embeddable":true,"href":"https:\/\/m3caravaning.com\/ca\/wp-json\/wp\/v2\/comments?post=596993"}],"version-history":[{"count":2,"href":"https:\/\/m3caravaning.com\/ca\/wp-json\/wp\/v2\/posts\/596993\/revisions"}],"predecessor-version":[{"id":596995,"href":"https:\/\/m3caravaning.com\/ca\/wp-json\/wp\/v2\/posts\/596993\/revisions\/596995"}],"wp:featuredmedia":[{"embeddable":true,"href":"https:\/\/m3caravaning.com\/ca\/wp-json\/wp\/v2\/media\/596977"}],"wp:attachment":[{"href":"https:\/\/m3caravaning.com\/ca\/wp-json\/wp\/v2\/media?parent=596993"}],"wp:term":[{"taxonomy":"category","embeddable":true,"href":"https:\/\/m3caravaning.com\/ca\/wp-json\/wp\/v2\/categories?post=596993"},{"taxonomy":"post_tag","embeddable":true,"href":"https:\/\/m3caravaning.com\/ca\/wp-json\/wp\/v2\/tags?post=596993"}],"curies":[{"name":"wp","href":"https:\/\/api.w.org\/{rel}","templated":true}]}}