





{"id":501350,"date":"2021-09-27T18:01:30","date_gmt":"2021-09-27T16:01:30","guid":{"rendered":"https:\/\/m3caravaning.com\/sense-categoria\/limpieza-mantenimiento-autocaravana\/"},"modified":"2021-09-27T18:07:33","modified_gmt":"2021-09-27T16:07:33","slug":"neteja-manteniment-autocaravana","status":"publish","type":"post","link":"https:\/\/m3caravaning.com\/ca\/autocaravanes\/neteja-manteniment-autocaravana\/","title":{"rendered":"Neteja i manteniment autocaravana"},"content":{"rendered":"<div id=\"ez-toc-container\" class=\"ez-toc-v2_0_82_2 counter-hierarchy ez-toc-counter ez-toc-custom ez-toc-container-direction\">\n<div class=\"ez-toc-title-container\">\n<p class=\"ez-toc-title ez-toc-toggle\" style=\"cursor:pointer\">Tabla de contenido<\/p>\n<span class=\"ez-toc-title-toggle\"><\/span><\/div>\n<nav><ul class='ez-toc-list ez-toc-list-level-1 ' ><li class='ez-toc-page-1 ez-toc-heading-level-1'><a class=\"ez-toc-link ez-toc-heading-1\" href=\"https:\/\/m3caravaning.com\/ca\/autocaravanes\/neteja-manteniment-autocaravana\/#Neteja_i_manteniment_autocaravana\" >Neteja i manteniment autocaravana<\/a><ul class='ez-toc-list-level-2' ><li class='ez-toc-heading-level-2'><a class=\"ez-toc-link ez-toc-heading-2\" href=\"https:\/\/m3caravaning.com\/ca\/autocaravanes\/neteja-manteniment-autocaravana\/#Cura_interior\" >Cura interior<\/a><\/li><li class='ez-toc-page-1 ez-toc-heading-level-2'><a class=\"ez-toc-link ez-toc-heading-3\" href=\"https:\/\/m3caravaning.com\/ca\/autocaravanes\/neteja-manteniment-autocaravana\/#Preguntes_frequents_sobre_neteja_i_manteniment_autocaravana\" >Preguntes freq\u00fcents sobre neteja i manteniment autocaravana<\/a><\/li><\/ul><\/li><\/ul><\/nav><\/div>\n<h1><span class=\"ez-toc-section\" id=\"Neteja_i_manteniment_autocaravana\"><\/span>Neteja i manteniment autocaravana<span class=\"ez-toc-section-end\"><\/span><\/h1>\n<p style=\"text-align: justify;\">Avui volem donar-te unes recomanacions perqu\u00e8 sempre tinguis llesta la teva autocaravana abans de qualsevol aventura que et proposis, perqu\u00e8 puguis gaudir d&#8217;un bon viatge.<\/p>\n<p style=\"text-align: justify;\">\u00c9s primordial mantenir<strong> neta i en bon estat<\/strong> la nostra autocaravana, per evitar aix\u00ed imprevistos que ens puguin entorpir les vacances. \u00c9s recomanable que quan tinguis la teva autocaravana en rep\u00f2s, la cobreixis amb una lona per evitar que s&#8217;ompli de pols o altres inclem\u00e8ncies. Aix\u00ed evitar\u00e0s la seva exposici\u00f3 solar continuada i els danys que aquesta pot ocasionar als materials m\u00e9s sensibles, com ara el metacrilat.<\/p>\n<p style=\"text-align: justify;\">A l&#8217;estar durant un llarg per\u00edode de temps estacionada, et recomanem que tinguis <a href=\"https:\/\/m3caravaning.com\/ca\/autocaravanes\/tipus-de-bateries-per-a-autocaravanes-noves\/\"><strong>especial cura de la bateria<\/strong><\/a> fent un c\u00e0rrega mensual, desmuntant les seves connexions i greixant els borns. Tamb\u00e9 pots greixar tots els panys i frontisses de la teva autocaravana i evitar grinyols desagradables.<\/p>\n<p style=\"text-align: justify;\">La revisi\u00f3 pr\u00e8via dels frens i els pneum\u00e0tics \u00e9s vital per garantir la seguretat en ruta. Quan la estacions fes \u00fas de tacs o s\u00f2cols per protegir el fre de m\u00e0.<\/p>\n<h2 style=\"text-align: justify;\"><span class=\"ez-toc-section\" id=\"Cura_interior\"><\/span><b>Cura interior<\/b><span class=\"ez-toc-section-end\"><\/span><\/h2>\n<ul>\n<li style=\"text-align: justify;\"><b><img fetchpriority=\"high\" decoding=\"async\" class=\"wp-image-501286 alignright\" src=\"https:\/\/m3caravaning.com\/wp-content\/uploads\/2021\/09\/mantenimiento-autocaravana-227x300.jpg\" alt=\"\" width=\"350\" height=\"463\" srcset=\"https:\/\/m3caravaning.com\/wp-content\/uploads\/2021\/09\/mantenimiento-autocaravana-227x300.jpg 227w, https:\/\/m3caravaning.com\/wp-content\/uploads\/2021\/09\/mantenimiento-autocaravana-600x794.jpg 600w, https:\/\/m3caravaning.com\/wp-content\/uploads\/2021\/09\/mantenimiento-autocaravana.jpg 640w\" sizes=\"(max-width: 350px) 100vw, 350px\" \/>Netejar el bany: <\/b>\u00e9s molt important mantenir neta aquesta zona tan transcorreguda, amb especial \u00e8mfasi al v\u00e0ter, on pots utilitzar un desinfectant. Tenir especial cura del producte que s&#8217;utilitzi segons el material que es vulgui netejar, garanteix la durabilitat i qualitat del mateix.<b><br \/>\n<\/b><\/li>\n<li style=\"text-align: justify;\"><strong>Netejar els dip\u00f2sits d&#8217;aigua:<\/strong> Totes les autocaravanes tenen testimonis que indiquen el seu estat. Per a l&#8217;aigua neta \u00e9s important que consideris la cal\u00e7 que l&#8217;aigua pot contenir, ja que aix\u00f2 pot arribar a danyar les canonades i aixetes del teu autocaravana. Les <strong>aig\u00fces grises i negres<\/strong> s\u00f3n les que es recullen de l&#8217;quadre de comandament, de la dutxa i \u00fas de l&#8217; lavabo. Normalment cada autocaravana t\u00e9 un <strong>testimoni<\/strong> que t&#8217;avisa quan els dip\u00f2sits estan plens per evitar m\u00e9s deposicions. Hem de buidar en els punts destinats, que la gran majoria d&#8217;estacions per a autocaravanes posseeixen. Podem fer <strong>\u00fas del vinagre<\/strong> per a la seva desinfecci\u00f3 i evitar generar males olors. Existeixen productes espec\u00edfics que eliminaran tant les olors com els residus que puguin quedar despr\u00e9s del buidatge.<\/li>\n<li style=\"text-align: justify;\"><strong>Netejar les finestres<\/strong>: depenent del seu material, pots fer \u00fas d&#8217;un producte o un altre, i netejar tant l&#8217;interior com l&#8217;exterior de les finestres. Veur\u00e0s la difer\u00e8ncia fins i tot en la llum que entra.<\/li>\n<li style=\"text-align: justify;\"><strong>Netejar el menjador:<\/strong> podem fer \u00fas d&#8217;un aspirador petit o de m\u00e0 per agilitzar i poder netejar amb m\u00e9s profunditat totes les superf\u00edcies. Sempre considerant el seu material, podr\u00e0s netejar juntament una baieta.<\/li>\n<li style=\"text-align: justify;\"><strong>Netejar els teixits:<\/strong> tot teixit que pugui anar a la rentadora, ho ha de fer, com les fundes dels coixins, la roba dels llits, cortines, tendals i altres. \u00c9s important que peri\u00f2dicament fem \u00fas de l&#8217;aspirador, ja que evitar\u00e0 l&#8217;acumulaci\u00f3 de pols i les males olors.<\/li>\n<li style=\"text-align: justify;\"><strong>Neteja de la cuina i quadre de comandament:<\/strong> la millor opci\u00f3 si \u00e9s possible \u00e9s cuinar fora, per evitar que les olors impregnen els teixits i mantenir la zona ben neta despr\u00e9s de cada \u00fas.<\/li>\n<li style=\"text-align: justify;\"><strong>Neteja de l&#8217;aire condicionat:<\/strong> netejar i canviar els filtres peri\u00f2dicament far\u00e0 que funcioni millor i que l&#8217;aire sigui de m\u00e9s qualitat.<\/li>\n<\/ul>\n<p>&nbsp;<\/p>\n<p style=\"text-align: justify;\">Mantenir la neteja del teu autocaravana et permetr\u00e0 gaudir a l&#8217;m\u00e0xim de la teva estada en ella i contribuir\u00e0 a una vida \u00fatil m\u00e9s llarga.<\/p>\n<h2 style=\"text-align: justify;\"><span class=\"ez-toc-section\" id=\"Preguntes_frequents_sobre_neteja_i_manteniment_autocaravana\"><\/span>Preguntes freq\u00fcents sobre neteja i manteniment autocaravana<span class=\"ez-toc-section-end\"><\/span><\/h2>\n<h3 style=\"text-align: justify;\">Hi ha productes de neteja espec\u00edfics per a cada zona de l&#8217;autocaravana?<\/h3>\n<p style=\"text-align: justify;\">Aix\u00ed \u00e9s. No nom\u00e9s hi ha productes diferents per a cadascuna de les zones, sin\u00f3 que tamb\u00e9 hi ha productes espec\u00edfics per a cada tipus de material que compon aquestes zones. Si fem servir cada producte de forma adequada, contribuirem a mantenir els mobles i materials en bon estat durant m\u00e9s temps.<\/p>\n<h3 style=\"text-align: justify;\">Cada quan cal fer una revisi\u00f3 de l&#8217;autocaravana?<\/h3>\n<p style=\"text-align: justify;\">En funci\u00f3 de l&#8217;fabricant i de el model d&#8217;autocaravana que tinguis. No obstant aix\u00f2, \u00e9s imprescindible que abans d&#8217;emprendre un viatge, comproves la pressi\u00f3 dels pneum\u00e0tics, el nivell d&#8217;oli, aix\u00ed com l&#8217;estat de la bateria, per evitar possibles contratemps.<\/p>\n","protected":false},"excerpt":{"rendered":"<p>Neteja i manteniment autocaravana Avui volem donar-te unes recomanacions perqu\u00e8 sempre tinguis llesta la teva autocaravana abans de qualsevol aventura que et proposis, perqu\u00e8 puguis gaudir d&#8217;un bon viatge. \u00c9s primordial mantenir neta i en bon estat la nostra autocaravana, per evitar aix\u00ed imprevistos que ens puguin entorpir les vacances. \u00c9s recomanable que quan tinguis<\/p>\n","protected":false},"author":8,"featured_media":501282,"comment_status":"closed","ping_status":"open","sticky":false,"template":"","format":"standard","meta":{"footnotes":""},"categories":[15],"tags":[],"class_list":["post-501350","post","type-post","status-publish","format-standard","has-post-thumbnail","hentry","category-autocaravanes"],"yoast_head":"<!-- This site is optimized with the Yoast SEO plugin v22.4 - https:\/\/yoast.com\/wordpress\/plugins\/seo\/ -->\n<title>Neteja i Manteniment Autocaravana | M3 Caravaning<\/title>\n<meta name=\"description\" content=\"Realitzar un manteniment peri\u00f2dic de la nostra autocaravana i mantenir-la neta, ens permetr\u00e0 gaudir de el viatge i tenir-la com nova.\" \/>\n<meta name=\"robots\" content=\"index, follow, max-snippet:-1, max-image-preview:large, max-video-preview:-1\" \/>\n<link rel=\"canonical\" href=\"https:\/\/m3caravaning.com\/ca\/autocaravanes\/neteja-manteniment-autocaravana\/\" \/>\n<meta property=\"og:locale\" content=\"ca_ES\" \/>\n<meta property=\"og:type\" content=\"article\" \/>\n<meta property=\"og:title\" content=\"Neteja i Manteniment Autocaravana | M3 Caravaning\" \/>\n<meta property=\"og:description\" content=\"Realitzar un manteniment peri\u00f2dic de la nostra autocaravana i mantenir-la neta, ens permetr\u00e0 gaudir de el viatge i tenir-la com nova.\" \/>\n<meta property=\"og:url\" content=\"https:\/\/m3caravaning.com\/ca\/autocaravanes\/neteja-manteniment-autocaravana\/\" \/>\n<meta property=\"og:site_name\" content=\"Autocaravanas, caravanas y furgonetas campers nuevas, ocasi\u00f3n y segunda mano\" \/>\n<meta property=\"article:publisher\" content=\"https:\/\/www.facebook.com\/m3caravaning\" \/>\n<meta property=\"article:published_time\" content=\"2021-09-27T16:01:30+00:00\" \/>\n<meta property=\"article:modified_time\" content=\"2021-09-27T16:07:33+00:00\" \/>\n<meta property=\"og:image\" content=\"https:\/\/m3caravaning.com\/wp-content\/uploads\/2021\/09\/limpieza-autocaravana.jpg\" \/>\n\t<meta property=\"og:image:width\" content=\"640\" \/>\n\t<meta property=\"og:image:height\" content=\"426\" \/>\n\t<meta property=\"og:image:type\" content=\"image\/jpeg\" \/>\n<meta name=\"author\" content=\"SEO VANTI\" \/>\n<meta name=\"twitter:card\" content=\"summary_large_image\" \/>\n<meta name=\"twitter:creator\" content=\"@M3Caravaning\" \/>\n<meta name=\"twitter:site\" content=\"@M3Caravaning\" \/>\n<meta name=\"twitter:label1\" content=\"Written by\" \/>\n\t<meta name=\"twitter:data1\" content=\"SEO VANTI\" \/>\n\t<meta name=\"twitter:label2\" content=\"Est. reading time\" \/>\n\t<meta name=\"twitter:data2\" content=\"4 minutes\" \/>\n<script type=\"application\/ld+json\" class=\"yoast-schema-graph\">{\"@context\":\"https:\/\/schema.org\",\"@graph\":[{\"@type\":\"WebPage\",\"@id\":\"https:\/\/m3caravaning.com\/ca\/autocaravanes\/neteja-manteniment-autocaravana\/\",\"url\":\"https:\/\/m3caravaning.com\/ca\/autocaravanes\/neteja-manteniment-autocaravana\/\",\"name\":\"Neteja i Manteniment Autocaravana | M3 Caravaning\",\"isPartOf\":{\"@id\":\"https:\/\/m3caravaning.com\/ca\/#website\"},\"primaryImageOfPage\":{\"@id\":\"https:\/\/m3caravaning.com\/ca\/autocaravanes\/neteja-manteniment-autocaravana\/#primaryimage\"},\"image\":{\"@id\":\"https:\/\/m3caravaning.com\/ca\/autocaravanes\/neteja-manteniment-autocaravana\/#primaryimage\"},\"thumbnailUrl\":\"https:\/\/m3caravaning.com\/wp-content\/uploads\/2021\/09\/limpieza-autocaravana.jpg\",\"datePublished\":\"2021-09-27T16:01:30+00:00\",\"dateModified\":\"2021-09-27T16:07:33+00:00\",\"author\":{\"@id\":\"https:\/\/m3caravaning.com\/ca\/#\/schema\/person\/348231540ff3d3d7ba0c4fa6bd5ca194\"},\"description\":\"Realitzar un manteniment peri\u00f2dic de la nostra autocaravana i mantenir-la neta, ens permetr\u00e0 gaudir de el viatge i tenir-la com nova.\",\"breadcrumb\":{\"@id\":\"https:\/\/m3caravaning.com\/ca\/autocaravanes\/neteja-manteniment-autocaravana\/#breadcrumb\"},\"inLanguage\":\"ca\",\"potentialAction\":[{\"@type\":\"ReadAction\",\"target\":[\"https:\/\/m3caravaning.com\/ca\/autocaravanes\/neteja-manteniment-autocaravana\/\"]}]},{\"@type\":\"ImageObject\",\"inLanguage\":\"ca\",\"@id\":\"https:\/\/m3caravaning.com\/ca\/autocaravanes\/neteja-manteniment-autocaravana\/#primaryimage\",\"url\":\"https:\/\/m3caravaning.com\/wp-content\/uploads\/2021\/09\/limpieza-autocaravana.jpg\",\"contentUrl\":\"https:\/\/m3caravaning.com\/wp-content\/uploads\/2021\/09\/limpieza-autocaravana.jpg\",\"width\":640,\"height\":426},{\"@type\":\"BreadcrumbList\",\"@id\":\"https:\/\/m3caravaning.com\/ca\/autocaravanes\/neteja-manteniment-autocaravana\/#breadcrumb\",\"itemListElement\":[{\"@type\":\"ListItem\",\"position\":1,\"name\":\"Portada\",\"item\":\"https:\/\/m3caravaning.com\/ca\/\"},{\"@type\":\"ListItem\",\"position\":2,\"name\":\"Neteja i manteniment autocaravana\"}]},{\"@type\":\"WebSite\",\"@id\":\"https:\/\/m3caravaning.com\/ca\/#website\",\"url\":\"https:\/\/m3caravaning.com\/ca\/\",\"name\":\"Autocaravanas, caravanas y furgonetas campers nuevas, ocasi\u00f3n y segunda mano\",\"description\":\"Tu tienda de autocaravanas, campers y caravanas nuevas y de segunda mano. Alquiler, tienda de recambios, taller, seguros, etc.\",\"potentialAction\":[{\"@type\":\"SearchAction\",\"target\":{\"@type\":\"EntryPoint\",\"urlTemplate\":\"https:\/\/m3caravaning.com\/ca\/?s={search_term_string}\"},\"query-input\":\"required name=search_term_string\"}],\"inLanguage\":\"ca\"},{\"@type\":\"Person\",\"@id\":\"https:\/\/m3caravaning.com\/ca\/#\/schema\/person\/348231540ff3d3d7ba0c4fa6bd5ca194\",\"name\":\"SEO VANTI\",\"image\":{\"@type\":\"ImageObject\",\"inLanguage\":\"ca\",\"@id\":\"https:\/\/m3caravaning.com\/ca\/#\/schema\/person\/image\/\",\"url\":\"https:\/\/secure.gravatar.com\/avatar\/91ad9c1ee44f30ca9c4b14dfa7132af5515c5db381df6abe5ac7f1a470df1fdf?s=96&d=mm&r=g\",\"contentUrl\":\"https:\/\/secure.gravatar.com\/avatar\/91ad9c1ee44f30ca9c4b14dfa7132af5515c5db381df6abe5ac7f1a470df1fdf?s=96&d=mm&r=g\",\"caption\":\"SEO VANTI\"}}]}<\/script>\n<!-- \/ Yoast SEO plugin. -->","yoast_head_json":{"title":"Neteja i Manteniment Autocaravana | M3 Caravaning","description":"Realitzar un manteniment peri\u00f2dic de la nostra autocaravana i mantenir-la neta, ens permetr\u00e0 gaudir de el viatge i tenir-la com nova.","robots":{"index":"index","follow":"follow","max-snippet":"max-snippet:-1","max-image-preview":"max-image-preview:large","max-video-preview":"max-video-preview:-1"},"canonical":"https:\/\/m3caravaning.com\/ca\/autocaravanes\/neteja-manteniment-autocaravana\/","og_locale":"ca_ES","og_type":"article","og_title":"Neteja i Manteniment Autocaravana | M3 Caravaning","og_description":"Realitzar un manteniment peri\u00f2dic de la nostra autocaravana i mantenir-la neta, ens permetr\u00e0 gaudir de el viatge i tenir-la com nova.","og_url":"https:\/\/m3caravaning.com\/ca\/autocaravanes\/neteja-manteniment-autocaravana\/","og_site_name":"Autocaravanas, caravanas y furgonetas campers nuevas, ocasi\u00f3n y segunda mano","article_publisher":"https:\/\/www.facebook.com\/m3caravaning","article_published_time":"2021-09-27T16:01:30+00:00","article_modified_time":"2021-09-27T16:07:33+00:00","og_image":[{"width":640,"height":426,"url":"https:\/\/m3caravaning.com\/wp-content\/uploads\/2021\/09\/limpieza-autocaravana.jpg","type":"image\/jpeg"}],"author":"SEO VANTI","twitter_card":"summary_large_image","twitter_creator":"@M3Caravaning","twitter_site":"@M3Caravaning","twitter_misc":{"Written by":"SEO VANTI","Est. reading time":"4 minutes"},"schema":{"@context":"https:\/\/schema.org","@graph":[{"@type":"WebPage","@id":"https:\/\/m3caravaning.com\/ca\/autocaravanes\/neteja-manteniment-autocaravana\/","url":"https:\/\/m3caravaning.com\/ca\/autocaravanes\/neteja-manteniment-autocaravana\/","name":"Neteja i Manteniment Autocaravana | M3 Caravaning","isPartOf":{"@id":"https:\/\/m3caravaning.com\/ca\/#website"},"primaryImageOfPage":{"@id":"https:\/\/m3caravaning.com\/ca\/autocaravanes\/neteja-manteniment-autocaravana\/#primaryimage"},"image":{"@id":"https:\/\/m3caravaning.com\/ca\/autocaravanes\/neteja-manteniment-autocaravana\/#primaryimage"},"thumbnailUrl":"https:\/\/m3caravaning.com\/wp-content\/uploads\/2021\/09\/limpieza-autocaravana.jpg","datePublished":"2021-09-27T16:01:30+00:00","dateModified":"2021-09-27T16:07:33+00:00","author":{"@id":"https:\/\/m3caravaning.com\/ca\/#\/schema\/person\/348231540ff3d3d7ba0c4fa6bd5ca194"},"description":"Realitzar un manteniment peri\u00f2dic de la nostra autocaravana i mantenir-la neta, ens permetr\u00e0 gaudir de el viatge i tenir-la com nova.","breadcrumb":{"@id":"https:\/\/m3caravaning.com\/ca\/autocaravanes\/neteja-manteniment-autocaravana\/#breadcrumb"},"inLanguage":"ca","potentialAction":[{"@type":"ReadAction","target":["https:\/\/m3caravaning.com\/ca\/autocaravanes\/neteja-manteniment-autocaravana\/"]}]},{"@type":"ImageObject","inLanguage":"ca","@id":"https:\/\/m3caravaning.com\/ca\/autocaravanes\/neteja-manteniment-autocaravana\/#primaryimage","url":"https:\/\/m3caravaning.com\/wp-content\/uploads\/2021\/09\/limpieza-autocaravana.jpg","contentUrl":"https:\/\/m3caravaning.com\/wp-content\/uploads\/2021\/09\/limpieza-autocaravana.jpg","width":640,"height":426},{"@type":"BreadcrumbList","@id":"https:\/\/m3caravaning.com\/ca\/autocaravanes\/neteja-manteniment-autocaravana\/#breadcrumb","itemListElement":[{"@type":"ListItem","position":1,"name":"Portada","item":"https:\/\/m3caravaning.com\/ca\/"},{"@type":"ListItem","position":2,"name":"Neteja i manteniment autocaravana"}]},{"@type":"WebSite","@id":"https:\/\/m3caravaning.com\/ca\/#website","url":"https:\/\/m3caravaning.com\/ca\/","name":"Autocaravanas, caravanas y furgonetas campers nuevas, ocasi\u00f3n y segunda mano","description":"Tu tienda de autocaravanas, campers y caravanas nuevas y de segunda mano. Alquiler, tienda de recambios, taller, seguros, etc.","potentialAction":[{"@type":"SearchAction","target":{"@type":"EntryPoint","urlTemplate":"https:\/\/m3caravaning.com\/ca\/?s={search_term_string}"},"query-input":"required name=search_term_string"}],"inLanguage":"ca"},{"@type":"Person","@id":"https:\/\/m3caravaning.com\/ca\/#\/schema\/person\/348231540ff3d3d7ba0c4fa6bd5ca194","name":"SEO VANTI","image":{"@type":"ImageObject","inLanguage":"ca","@id":"https:\/\/m3caravaning.com\/ca\/#\/schema\/person\/image\/","url":"https:\/\/secure.gravatar.com\/avatar\/91ad9c1ee44f30ca9c4b14dfa7132af5515c5db381df6abe5ac7f1a470df1fdf?s=96&d=mm&r=g","contentUrl":"https:\/\/secure.gravatar.com\/avatar\/91ad9c1ee44f30ca9c4b14dfa7132af5515c5db381df6abe5ac7f1a470df1fdf?s=96&d=mm&r=g","caption":"SEO VANTI"}}]}},"_links":{"self":[{"href":"https:\/\/m3caravaning.com\/ca\/wp-json\/wp\/v2\/posts\/501350","targetHints":{"allow":["GET"]}}],"collection":[{"href":"https:\/\/m3caravaning.com\/ca\/wp-json\/wp\/v2\/posts"}],"about":[{"href":"https:\/\/m3caravaning.com\/ca\/wp-json\/wp\/v2\/types\/post"}],"author":[{"embeddable":true,"href":"https:\/\/m3caravaning.com\/ca\/wp-json\/wp\/v2\/users\/8"}],"replies":[{"embeddable":true,"href":"https:\/\/m3caravaning.com\/ca\/wp-json\/wp\/v2\/comments?post=501350"}],"version-history":[{"count":0,"href":"https:\/\/m3caravaning.com\/ca\/wp-json\/wp\/v2\/posts\/501350\/revisions"}],"wp:featuredmedia":[{"embeddable":true,"href":"https:\/\/m3caravaning.com\/ca\/wp-json\/wp\/v2\/media\/501282"}],"wp:attachment":[{"href":"https:\/\/m3caravaning.com\/ca\/wp-json\/wp\/v2\/media?parent=501350"}],"wp:term":[{"taxonomy":"category","embeddable":true,"href":"https:\/\/m3caravaning.com\/ca\/wp-json\/wp\/v2\/categories?post=501350"},{"taxonomy":"post_tag","embeddable":true,"href":"https:\/\/m3caravaning.com\/ca\/wp-json\/wp\/v2\/tags?post=501350"}],"curies":[{"name":"wp","href":"https:\/\/api.w.org\/{rel}","templated":true}]}}