





{"id":325582,"date":"2021-09-01T12:05:23","date_gmt":"2021-09-01T10:05:23","guid":{"rendered":"https:\/\/m3caravaning.com\/?p=325582"},"modified":"2021-09-01T12:10:32","modified_gmt":"2021-09-01T10:10:32","slug":"ruta-pirineus-autocaravana","status":"publish","type":"post","link":"https:\/\/m3caravaning.com\/ca\/autocaravanes\/ruta-pirineus-autocaravana\/","title":{"rendered":"Pirineus en autocaravana"},"content":{"rendered":"<p style=\"text-align: justify;\">Una de les millors rutes que es pot fer per gaudir del fant\u00e0stic entorn natural de Catalunya \u00e9s la dels Pirineus, i qu\u00e8 millor que fer-la en autocaravana per poder gaudir al m\u00e0xim de l&#8217;experi\u00e8ncia. Prepara&#8217;t per gaudir d&#8217;una barreja de <strong>natura, patrimoni hist\u00f2ric i gastronomia local<\/strong> en aquesta ruta que et proposem pel Pirineu Catal\u00e0.<\/p>\n<div id=\"ez-toc-container\" class=\"ez-toc-v2_0_82_2 counter-hierarchy ez-toc-counter ez-toc-custom ez-toc-container-direction\">\n<div class=\"ez-toc-title-container\">\n<p class=\"ez-toc-title ez-toc-toggle\" style=\"cursor:pointer\">Tabla de contenido<\/p>\n<span class=\"ez-toc-title-toggle\"><\/span><\/div>\n<nav><ul class='ez-toc-list ez-toc-list-level-1 ' ><li class='ez-toc-page-1 ez-toc-heading-level-2'><a class=\"ez-toc-link ez-toc-heading-1\" href=\"https:\/\/m3caravaning.com\/ca\/autocaravanes\/ruta-pirineus-autocaravana\/#Ruta_pel_Pirineu_Catala\" >Ruta pel Pirineu Catal\u00e0<\/a><\/li><li class='ez-toc-page-1 ez-toc-heading-level-2'><a class=\"ez-toc-link ez-toc-heading-2\" href=\"https:\/\/m3caravaning.com\/ca\/autocaravanes\/ruta-pirineus-autocaravana\/#Que_no_et_pots_perdre\" >Qu\u00e8 no et pots perdre<\/a><\/li><li class='ez-toc-page-1 ez-toc-heading-level-2'><a class=\"ez-toc-link ez-toc-heading-3\" href=\"https:\/\/m3caravaning.com\/ca\/autocaravanes\/ruta-pirineus-autocaravana\/#Preguntes_frequents_sobre_Pirineus_en_autocaravana\" >Preguntes freq\u00fcents sobre Pirineus en autocaravana<\/a><\/li><\/ul><\/nav><\/div>\n<h2 style=\"text-align: justify;\"><span class=\"ez-toc-section\" id=\"Ruta_pel_Pirineu_Catala\"><\/span>Ruta pel Pirineu Catal\u00e0<span class=\"ez-toc-section-end\"><\/span><\/h2>\n<p style=\"text-align: justify;\">Sens dubte, el<strong> Pirineu Catal\u00e0<\/strong> \u00e9s l&#8217;opci\u00f3 perfecta per rec\u00f3rrer en autocaravana o furgoneta camper, ja que trobar\u00e0s una gran varietat de llocs on poder estacionar el teu vehicle i realitzar excursions o senderisme. El millor de tot \u00e9s que trobar\u00e0s<strong> itineraris aptes per a tots els nivells<\/strong>, de manera que podr\u00e0s emprendre aquesta aventura amb qui m\u00e9s desitgis.<\/p>\n<p style=\"text-align: justify;\">La ruta es pot comen\u00e7ar des de la prov\u00edncia catalana que prefereixis, podent fer parades durant el cam\u00ed per visitar llocs d&#8217;inter\u00e8s. Si sortim des de Barcelona, passarem per la fant\u00e0stica <strong>Montserrat<\/strong> fins arribar a les serres de Queralt i d&#8217;Ensija-Rasos de Peguera, on podrem observar a fons el <strong>mass\u00eds del Pedraforca<\/strong>. Aquest tram ens permet contemplar un paisatge singular que ens porta de cap a les portes del fant\u00e0stic <strong>Parc Natural del Cad\u00ed-Moixer\u00f3<\/strong>.<\/p>\n<h2 style=\"text-align: justify;\"><span class=\"ez-toc-section\" id=\"Que_no_et_pots_perdre\"><\/span>Qu\u00e8 no et pots perdre<span class=\"ez-toc-section-end\"><\/span><\/h2>\n<p style=\"text-align: justify;\"><img fetchpriority=\"high\" decoding=\"async\" class=\"alignleft wp-image-325649 size-full\" src=\"https:\/\/m3caravaning.com\/wp-content\/uploads\/2021\/09\/ruta-pirineos.jpg\" alt=\"Ruta pirineos catalanes\" width=\"500\" height=\"281\" srcset=\"https:\/\/m3caravaning.com\/wp-content\/uploads\/2021\/09\/ruta-pirineos.jpg 500w, https:\/\/m3caravaning.com\/wp-content\/uploads\/2021\/09\/ruta-pirineos-300x169.jpg 300w\" sizes=\"(max-width: 500px) 100vw, 500px\" \/>Podr\u00edem fixar <strong>tres parades obligat\u00f2ries<\/strong> en la nostra ruta pels Pirineus, comen\u00e7ant per <strong>la Seu d&#8217;Urgel<\/strong>l. Es tracta d&#8217;un fant\u00e0stic enclavament amb gran encant i hist\u00f2ria, on destaca la <strong>catedral rom\u00e0nica i el Parc de Segre<\/strong>, ideal per poder practicar qualsevol activitat al riu. Podr\u00e0s gaudir de restaurants amb el m\u00e9s pur encant pirinenc, on trobar\u00e0s el menjar t\u00edpic de l&#8217;Urgell i la Cerdanya.<\/p>\n<p style=\"text-align: justify;\">Seguint amb la nostra ruta, no ens podem perdre la seg\u00fcent ubicaci\u00f3, la fant\u00e0stica <strong>Vall d&#8217;Aran<\/strong>. La seva carretera est\u00e0 plena de miradors que et proporcionaran unes vistes d&#8217;all\u00f2 m\u00e9s singulars i \u00faniques. A <strong>Vielha<\/strong>, la capital, podr\u00e0s gaudir d&#8217;una fant\u00e0stica arquitectura amb aire franc\u00e8s, com <strong>l&#8217;esgl\u00e9sia Sant Miqu\u00e8u<\/strong>.<\/p>\n<p style=\"text-align: justify;\">Finalment, una parada imprescindible en la nostra ruta pels Pirineus \u00e9s <strong>El Parc Nacional d&#8217;Aig\u00fcestortes i Estany de Sant Maurici<\/strong>, un parad\u00eds on podr\u00e0s visitar m\u00e9s de 200 llacs. Es tracta, sense cap dubte, d&#8217;un dels enclavaments m\u00e9s bonics i especials de les terres catalanes. Recomanem fer una parada a <strong>Espot<\/strong> i visitar la cascada de la Ratera. Podr\u00e0s visitar tamb\u00e9 la vall de <strong>Bo\u00ed Ta\u00fcll<\/strong> i perdre&#8217;t entre els seus senders.<\/p>\n<h3 style=\"text-align: justify;\">Aparcaments al Pirineu<\/h3>\n<p style=\"text-align: justify;\">Per poder gaudir d&#8217;aquesta experi\u00e8ncia sense cap preocupaci\u00f3, hem seleccionat tres enclavaments que compten amb <strong>\u00e0rees d&#8217;aparcament i c\u00e0mpings<\/strong> on poder estacionar el teu vehicle i fins i tot allotjar.<\/p>\n<p style=\"text-align: justify;\">Com pots veure, fer una ruta en autocaravana pel Pirineu Catal\u00e0 \u00e9s una opci\u00f3 infal\u00b7lible on podr\u00e0s gaudir amb els teus d&#8217;una <strong>experi\u00e8ncia \u00fanica i enriquidora<\/strong>. Pots animar-te i organitzar noves rutes per les teves properes vacances com una visita als fant\u00e0stics <a href=\"https:\/\/m3caravaning.com\/ca\/autocaravanes\/ruta-extremadura-autocaravana\/\"><strong>paratges d&#8217;Extremadura.<\/strong><\/a> A m\u00e9s, si necessites<a href=\"https:\/\/m3caravaning.com\/ca\/lloguer-dautocaravanes-i-furgonetes-camper\/\"><strong> llogar una autocaravana<\/strong><\/a>, no dubtis a visitar la nostra p\u00e0gina on trobar\u00e0s els millors vehicles a el millor preu possible. T&#8217;animes?<\/p>\n<h2 style=\"text-align: justify;\"><span class=\"ez-toc-section\" id=\"Preguntes_frequents_sobre_Pirineus_en_autocaravana\"><\/span>Preguntes freq\u00fcents sobre Pirineus en autocaravana<span class=\"ez-toc-section-end\"><\/span><\/h2>\n<h3 style=\"text-align: justify;\">Puc aparcar el meu autocaravana a les parades de la ruta?<\/h3>\n<p style=\"text-align: justify;\">En efecte. Totes les parades que hem nomenat en aquest article compten amb \u00e0rees d&#8217;aparcament o c\u00e0mpings on podr\u00e0s allotjar, alhora que estacionar el teu vehicle per un preu molt econ\u00f2mic.<\/p>\n<h3 style=\"text-align: justify;\">Quant de temps necessito per fer la ruta?<\/h3>\n<p style=\"text-align: justify;\">Aquesta ruta es caracteritza per ser extremadament vers\u00e0til, de manera que es pot fer en els dies que vulguis. No obstant aix\u00f2, et recomanem una setmana per poder visitar tots els llocs esmentats sense pressa, gaudint de tot el que ofereixen.<\/p>\n<p><script type=\"application\/ld+json\">{\"@context\":\"https:\/\/schema.org\",\"@type\":\"FAQPage\",\"mainEntity\":[{\"@type\":\"Question\",\"name\":\"Puc aparcar el meu autocaravana a les parades de la ruta?\",\"acceptedAnswer\":{\"@type\":\"Answer\",\"text\":\"En efecte. Totes les parades que hem nomenat en aquest article compten amb \u00e0rees d'aparcament o c\u00e0mpings on podr\u00e0s allotjar, alhora que estacionar el teu vehicle per un preu molt econ\u00f2mic.\"}},{\"@type\":\"Question\",\"name\":\"Quant de temps necessito per fer la ruta?\",\"acceptedAnswer\":{\"@type\":\"Answer\",\"text\":\"Aquesta ruta es caracteritza per ser extremadament vers\u00e0til, de manera que es pot fer en els dies que vulguis. No obstant aix\u00f2, et recomanem una setmana per poder visitar tots els llocs esmentats sense pressa, gaudint de tot el que ofereixen.\"}}]}<\/script><\/p>\n","protected":false},"excerpt":{"rendered":"<p>Una de les millors rutes que es pot fer per gaudir del fant\u00e0stic entorn natural de Catalunya \u00e9s la dels Pirineus, i qu\u00e8 millor que fer-la en autocaravana per poder gaudir al m\u00e0xim de l&#8217;experi\u00e8ncia. Prepara&#8217;t per gaudir d&#8217;una barreja de natura, patrimoni hist\u00f2ric i gastronomia local en aquesta ruta que et proposem pel Pirineu<\/p>\n","protected":false},"author":8,"featured_media":630888,"comment_status":"closed","ping_status":"open","sticky":false,"template":"","format":"standard","meta":{"footnotes":""},"categories":[15],"tags":[],"class_list":["post-325582","post","type-post","status-publish","format-standard","has-post-thumbnail","hentry","category-autocaravanes"],"yoast_head":"<!-- This site is optimized with the Yoast SEO plugin v22.4 - https:\/\/yoast.com\/wordpress\/plugins\/seo\/ -->\n<title>Ruta pels Pirineus en Autocaravana | M3 Caravaning<\/title>\n<meta name=\"description\" content=\"Descobreix els racons in\u00e8dits que amaguen els Pirineus catalans amb aquesta fant\u00e0stica ruta en autocaravana. Entra i descobreix-ara!\" \/>\n<meta name=\"robots\" content=\"index, follow, max-snippet:-1, max-image-preview:large, max-video-preview:-1\" \/>\n<link rel=\"canonical\" href=\"https:\/\/m3caravaning.com\/ca\/autocaravanes\/ruta-pirineus-autocaravana\/\" \/>\n<meta property=\"og:locale\" content=\"ca_ES\" \/>\n<meta property=\"og:type\" content=\"article\" \/>\n<meta property=\"og:title\" content=\"Ruta pels Pirineus en Autocaravana | M3 Caravaning\" \/>\n<meta property=\"og:description\" content=\"Descobreix els racons in\u00e8dits que amaguen els Pirineus catalans amb aquesta fant\u00e0stica ruta en autocaravana. Entra i descobreix-ara!\" \/>\n<meta property=\"og:url\" content=\"https:\/\/m3caravaning.com\/ca\/autocaravanes\/ruta-pirineus-autocaravana\/\" \/>\n<meta property=\"og:site_name\" content=\"Autocaravanas, caravanas y furgonetas campers nuevas, ocasi\u00f3n y segunda mano\" \/>\n<meta property=\"article:publisher\" content=\"https:\/\/www.facebook.com\/m3caravaning\" \/>\n<meta property=\"article:published_time\" content=\"2021-09-01T10:05:23+00:00\" \/>\n<meta property=\"article:modified_time\" content=\"2021-09-01T10:10:32+00:00\" \/>\n<meta property=\"og:image\" content=\"https:\/\/m3caravaning.com\/wp-content\/uploads\/2021\/09\/rutas-pirineos-autocaravana.webp\" \/>\n\t<meta property=\"og:image:width\" content=\"847\" \/>\n\t<meta property=\"og:image:height\" content=\"452\" \/>\n\t<meta property=\"og:image:type\" content=\"image\/webp\" \/>\n<meta name=\"author\" content=\"SEO VANTI\" \/>\n<meta name=\"twitter:card\" content=\"summary_large_image\" \/>\n<meta name=\"twitter:creator\" content=\"@M3Caravaning\" \/>\n<meta name=\"twitter:site\" content=\"@M3Caravaning\" \/>\n<meta name=\"twitter:label1\" content=\"Written by\" \/>\n\t<meta name=\"twitter:data1\" content=\"SEO VANTI\" \/>\n\t<meta name=\"twitter:label2\" content=\"Est. reading time\" \/>\n\t<meta name=\"twitter:data2\" content=\"3 minutes\" \/>\n<script type=\"application\/ld+json\" class=\"yoast-schema-graph\">{\"@context\":\"https:\/\/schema.org\",\"@graph\":[{\"@type\":\"WebPage\",\"@id\":\"https:\/\/m3caravaning.com\/ca\/autocaravanes\/ruta-pirineus-autocaravana\/\",\"url\":\"https:\/\/m3caravaning.com\/ca\/autocaravanes\/ruta-pirineus-autocaravana\/\",\"name\":\"Ruta pels Pirineus en Autocaravana | M3 Caravaning\",\"isPartOf\":{\"@id\":\"https:\/\/m3caravaning.com\/ca\/#website\"},\"primaryImageOfPage\":{\"@id\":\"https:\/\/m3caravaning.com\/ca\/autocaravanes\/ruta-pirineus-autocaravana\/#primaryimage\"},\"image\":{\"@id\":\"https:\/\/m3caravaning.com\/ca\/autocaravanes\/ruta-pirineus-autocaravana\/#primaryimage\"},\"thumbnailUrl\":\"https:\/\/m3caravaning.com\/wp-content\/uploads\/2021\/09\/rutas-pirineos-autocaravana.webp\",\"datePublished\":\"2021-09-01T10:05:23+00:00\",\"dateModified\":\"2021-09-01T10:10:32+00:00\",\"author\":{\"@id\":\"https:\/\/m3caravaning.com\/ca\/#\/schema\/person\/348231540ff3d3d7ba0c4fa6bd5ca194\"},\"description\":\"Descobreix els racons in\u00e8dits que amaguen els Pirineus catalans amb aquesta fant\u00e0stica ruta en autocaravana. Entra i descobreix-ara!\",\"breadcrumb\":{\"@id\":\"https:\/\/m3caravaning.com\/ca\/autocaravanes\/ruta-pirineus-autocaravana\/#breadcrumb\"},\"inLanguage\":\"ca\",\"potentialAction\":[{\"@type\":\"ReadAction\",\"target\":[\"https:\/\/m3caravaning.com\/ca\/autocaravanes\/ruta-pirineus-autocaravana\/\"]}]},{\"@type\":\"ImageObject\",\"inLanguage\":\"ca\",\"@id\":\"https:\/\/m3caravaning.com\/ca\/autocaravanes\/ruta-pirineus-autocaravana\/#primaryimage\",\"url\":\"https:\/\/m3caravaning.com\/wp-content\/uploads\/2021\/09\/rutas-pirineos-autocaravana.webp\",\"contentUrl\":\"https:\/\/m3caravaning.com\/wp-content\/uploads\/2021\/09\/rutas-pirineos-autocaravana.webp\",\"width\":847,\"height\":452,\"caption\":\"Rutas por los pirineos en autocaravana\"},{\"@type\":\"BreadcrumbList\",\"@id\":\"https:\/\/m3caravaning.com\/ca\/autocaravanes\/ruta-pirineus-autocaravana\/#breadcrumb\",\"itemListElement\":[{\"@type\":\"ListItem\",\"position\":1,\"name\":\"Portada\",\"item\":\"https:\/\/m3caravaning.com\/ca\/\"},{\"@type\":\"ListItem\",\"position\":2,\"name\":\"Pirineus en autocaravana\"}]},{\"@type\":\"WebSite\",\"@id\":\"https:\/\/m3caravaning.com\/ca\/#website\",\"url\":\"https:\/\/m3caravaning.com\/ca\/\",\"name\":\"Autocaravanas, caravanas y furgonetas campers nuevas, ocasi\u00f3n y segunda mano\",\"description\":\"Tu tienda de autocaravanas, campers y caravanas nuevas y de segunda mano. Alquiler, tienda de recambios, taller, seguros, etc.\",\"potentialAction\":[{\"@type\":\"SearchAction\",\"target\":{\"@type\":\"EntryPoint\",\"urlTemplate\":\"https:\/\/m3caravaning.com\/ca\/?s={search_term_string}\"},\"query-input\":\"required name=search_term_string\"}],\"inLanguage\":\"ca\"},{\"@type\":\"Person\",\"@id\":\"https:\/\/m3caravaning.com\/ca\/#\/schema\/person\/348231540ff3d3d7ba0c4fa6bd5ca194\",\"name\":\"SEO VANTI\",\"image\":{\"@type\":\"ImageObject\",\"inLanguage\":\"ca\",\"@id\":\"https:\/\/m3caravaning.com\/ca\/#\/schema\/person\/image\/\",\"url\":\"https:\/\/secure.gravatar.com\/avatar\/91ad9c1ee44f30ca9c4b14dfa7132af5515c5db381df6abe5ac7f1a470df1fdf?s=96&d=mm&r=g\",\"contentUrl\":\"https:\/\/secure.gravatar.com\/avatar\/91ad9c1ee44f30ca9c4b14dfa7132af5515c5db381df6abe5ac7f1a470df1fdf?s=96&d=mm&r=g\",\"caption\":\"SEO VANTI\"}}]}<\/script>\n<!-- \/ Yoast SEO plugin. -->","yoast_head_json":{"title":"Ruta pels Pirineus en Autocaravana | M3 Caravaning","description":"Descobreix els racons in\u00e8dits que amaguen els Pirineus catalans amb aquesta fant\u00e0stica ruta en autocaravana. Entra i descobreix-ara!","robots":{"index":"index","follow":"follow","max-snippet":"max-snippet:-1","max-image-preview":"max-image-preview:large","max-video-preview":"max-video-preview:-1"},"canonical":"https:\/\/m3caravaning.com\/ca\/autocaravanes\/ruta-pirineus-autocaravana\/","og_locale":"ca_ES","og_type":"article","og_title":"Ruta pels Pirineus en Autocaravana | M3 Caravaning","og_description":"Descobreix els racons in\u00e8dits que amaguen els Pirineus catalans amb aquesta fant\u00e0stica ruta en autocaravana. Entra i descobreix-ara!","og_url":"https:\/\/m3caravaning.com\/ca\/autocaravanes\/ruta-pirineus-autocaravana\/","og_site_name":"Autocaravanas, caravanas y furgonetas campers nuevas, ocasi\u00f3n y segunda mano","article_publisher":"https:\/\/www.facebook.com\/m3caravaning","article_published_time":"2021-09-01T10:05:23+00:00","article_modified_time":"2021-09-01T10:10:32+00:00","og_image":[{"width":847,"height":452,"url":"https:\/\/m3caravaning.com\/wp-content\/uploads\/2021\/09\/rutas-pirineos-autocaravana.webp","type":"image\/webp"}],"author":"SEO VANTI","twitter_card":"summary_large_image","twitter_creator":"@M3Caravaning","twitter_site":"@M3Caravaning","twitter_misc":{"Written by":"SEO VANTI","Est. reading time":"3 minutes"},"schema":{"@context":"https:\/\/schema.org","@graph":[{"@type":"WebPage","@id":"https:\/\/m3caravaning.com\/ca\/autocaravanes\/ruta-pirineus-autocaravana\/","url":"https:\/\/m3caravaning.com\/ca\/autocaravanes\/ruta-pirineus-autocaravana\/","name":"Ruta pels Pirineus en Autocaravana | M3 Caravaning","isPartOf":{"@id":"https:\/\/m3caravaning.com\/ca\/#website"},"primaryImageOfPage":{"@id":"https:\/\/m3caravaning.com\/ca\/autocaravanes\/ruta-pirineus-autocaravana\/#primaryimage"},"image":{"@id":"https:\/\/m3caravaning.com\/ca\/autocaravanes\/ruta-pirineus-autocaravana\/#primaryimage"},"thumbnailUrl":"https:\/\/m3caravaning.com\/wp-content\/uploads\/2021\/09\/rutas-pirineos-autocaravana.webp","datePublished":"2021-09-01T10:05:23+00:00","dateModified":"2021-09-01T10:10:32+00:00","author":{"@id":"https:\/\/m3caravaning.com\/ca\/#\/schema\/person\/348231540ff3d3d7ba0c4fa6bd5ca194"},"description":"Descobreix els racons in\u00e8dits que amaguen els Pirineus catalans amb aquesta fant\u00e0stica ruta en autocaravana. Entra i descobreix-ara!","breadcrumb":{"@id":"https:\/\/m3caravaning.com\/ca\/autocaravanes\/ruta-pirineus-autocaravana\/#breadcrumb"},"inLanguage":"ca","potentialAction":[{"@type":"ReadAction","target":["https:\/\/m3caravaning.com\/ca\/autocaravanes\/ruta-pirineus-autocaravana\/"]}]},{"@type":"ImageObject","inLanguage":"ca","@id":"https:\/\/m3caravaning.com\/ca\/autocaravanes\/ruta-pirineus-autocaravana\/#primaryimage","url":"https:\/\/m3caravaning.com\/wp-content\/uploads\/2021\/09\/rutas-pirineos-autocaravana.webp","contentUrl":"https:\/\/m3caravaning.com\/wp-content\/uploads\/2021\/09\/rutas-pirineos-autocaravana.webp","width":847,"height":452,"caption":"Rutas por los pirineos en autocaravana"},{"@type":"BreadcrumbList","@id":"https:\/\/m3caravaning.com\/ca\/autocaravanes\/ruta-pirineus-autocaravana\/#breadcrumb","itemListElement":[{"@type":"ListItem","position":1,"name":"Portada","item":"https:\/\/m3caravaning.com\/ca\/"},{"@type":"ListItem","position":2,"name":"Pirineus en autocaravana"}]},{"@type":"WebSite","@id":"https:\/\/m3caravaning.com\/ca\/#website","url":"https:\/\/m3caravaning.com\/ca\/","name":"Autocaravanas, caravanas y furgonetas campers nuevas, ocasi\u00f3n y segunda mano","description":"Tu tienda de autocaravanas, campers y caravanas nuevas y de segunda mano. Alquiler, tienda de recambios, taller, seguros, etc.","potentialAction":[{"@type":"SearchAction","target":{"@type":"EntryPoint","urlTemplate":"https:\/\/m3caravaning.com\/ca\/?s={search_term_string}"},"query-input":"required name=search_term_string"}],"inLanguage":"ca"},{"@type":"Person","@id":"https:\/\/m3caravaning.com\/ca\/#\/schema\/person\/348231540ff3d3d7ba0c4fa6bd5ca194","name":"SEO VANTI","image":{"@type":"ImageObject","inLanguage":"ca","@id":"https:\/\/m3caravaning.com\/ca\/#\/schema\/person\/image\/","url":"https:\/\/secure.gravatar.com\/avatar\/91ad9c1ee44f30ca9c4b14dfa7132af5515c5db381df6abe5ac7f1a470df1fdf?s=96&d=mm&r=g","contentUrl":"https:\/\/secure.gravatar.com\/avatar\/91ad9c1ee44f30ca9c4b14dfa7132af5515c5db381df6abe5ac7f1a470df1fdf?s=96&d=mm&r=g","caption":"SEO VANTI"}}]}},"_links":{"self":[{"href":"https:\/\/m3caravaning.com\/ca\/wp-json\/wp\/v2\/posts\/325582","targetHints":{"allow":["GET"]}}],"collection":[{"href":"https:\/\/m3caravaning.com\/ca\/wp-json\/wp\/v2\/posts"}],"about":[{"href":"https:\/\/m3caravaning.com\/ca\/wp-json\/wp\/v2\/types\/post"}],"author":[{"embeddable":true,"href":"https:\/\/m3caravaning.com\/ca\/wp-json\/wp\/v2\/users\/8"}],"replies":[{"embeddable":true,"href":"https:\/\/m3caravaning.com\/ca\/wp-json\/wp\/v2\/comments?post=325582"}],"version-history":[{"count":0,"href":"https:\/\/m3caravaning.com\/ca\/wp-json\/wp\/v2\/posts\/325582\/revisions"}],"wp:featuredmedia":[{"embeddable":true,"href":"https:\/\/m3caravaning.com\/ca\/wp-json\/wp\/v2\/media\/630888"}],"wp:attachment":[{"href":"https:\/\/m3caravaning.com\/ca\/wp-json\/wp\/v2\/media?parent=325582"}],"wp:term":[{"taxonomy":"category","embeddable":true,"href":"https:\/\/m3caravaning.com\/ca\/wp-json\/wp\/v2\/categories?post=325582"},{"taxonomy":"post_tag","embeddable":true,"href":"https:\/\/m3caravaning.com\/ca\/wp-json\/wp\/v2\/tags?post=325582"}],"curies":[{"name":"wp","href":"https:\/\/api.w.org\/{rel}","templated":true}]}}