





{"id":32,"date":"2018-09-01T10:22:19","date_gmt":"2018-09-01T08:22:19","guid":{"rendered":"https:\/\/m3caravaning.com\/?p=32"},"modified":"2021-06-15T13:41:43","modified_gmt":"2021-06-15T11:41:43","slug":"tancats-per-vacances-fins-al-3-de-setembre-del-2018","status":"publish","type":"post","link":"https:\/\/m3caravaning.com\/ca\/sense-categoria\/tancats-per-vacances-fins-al-3-de-setembre-del-2018\/","title":{"rendered":"Tancats per vacances fins al 3 de setembre del 2018"},"content":{"rendered":"<p>Informem a tots els clients que al mes d&#8217;agost M3 Caravaning i les seves sucursals estaran tancades al p\u00fablic a causa de les Vacances d&#8217;estiu. Consulti aqu\u00ed els horaris:<\/p>\n<p>M3 Caravaning Vilafranca del Pened\u00e8s: Tancats per Vacances de l&#8217;estiu del:\u00a0<strong>10 d&#8217;agost al 02 de Septembre.<\/strong>\u00a0Tots dos inclosos.<\/p>\n<p>M3 C\u00e0mping Center de San Sebasti\u00e1n de los Reyes: Tancats per Vacances de l&#8217;estiu del:\u00a0<strong>12 ago al 02 de Septembre.<\/strong>\u00a0Tots dos inclosos.<\/p>\n<p>Expocaravan de Terrassa: Tancats per Vacances de l&#8217;estiu del:\u00a0<strong>12 ago al 02 de Septembre.<\/strong>\u00a0Tots dos inclosos.<\/p>\n<p>Tornarem al nostre horari habitual a partir del dilluns 3 de setembre a les 10h del mat\u00ed.<\/p>\n<p>Bones Vacances a tots!<\/p>\n","protected":false},"excerpt":{"rendered":"<p>Informem a tots els clients que al mes d&#8217;agost M3 Caravaning i les seves sucursals estaran tancades al p\u00fablic a causa de les Vacances d&#8217;estiu. Consulti aqu\u00ed els horaris: M3 Caravaning Vilafranca del Pened\u00e8s: Tancats per Vacances de l&#8217;estiu del:\u00a010 d&#8217;agost al 02 de Septembre.\u00a0Tots dos inclosos. M3 C\u00e0mping Center de San Sebasti\u00e1n de los<\/p>\n","protected":false},"author":2,"featured_media":409,"comment_status":"closed","ping_status":"open","sticky":false,"template":"","format":"standard","meta":{"footnotes":""},"categories":[2],"tags":[],"class_list":["post-32","post","type-post","status-publish","format-standard","has-post-thumbnail","hentry","category-sense-categoria"],"yoast_head":"<!-- This site is optimized with the Yoast SEO plugin v22.4 - https:\/\/yoast.com\/wordpress\/plugins\/seo\/ -->\n<title>TANCATS PER VACANCES FINS AL 3 DE SETEMBRE DEL 2018 - Autocaravanas, caravanas y furgonetas campers nuevas, ocasi\u00f3n y segunda mano<\/title>\n<meta name=\"description\" content=\"Estarem tancats per vacances fins al 3 de setembre del 2018! Tranquils amants del Caravaning, aviat tornarem per tu.\" \/>\n<meta name=\"robots\" content=\"index, follow, max-snippet:-1, max-image-preview:large, max-video-preview:-1\" \/>\n<link rel=\"canonical\" href=\"https:\/\/m3caravaning.com\/ca\/sense-categoria\/tancats-per-vacances-fins-al-3-de-setembre-del-2018\/\" \/>\n<meta property=\"og:locale\" content=\"ca_ES\" \/>\n<meta property=\"og:type\" content=\"article\" \/>\n<meta property=\"og:title\" content=\"TANCATS PER VACANCES FINS AL 3 DE SETEMBRE DEL 2018 - Autocaravanas, caravanas y furgonetas campers nuevas, ocasi\u00f3n y segunda mano\" \/>\n<meta property=\"og:description\" content=\"Estarem tancats per vacances fins al 3 de setembre del 2018! Tranquils amants del Caravaning, aviat tornarem per tu.\" \/>\n<meta property=\"og:url\" content=\"https:\/\/m3caravaning.com\/ca\/sense-categoria\/tancats-per-vacances-fins-al-3-de-setembre-del-2018\/\" \/>\n<meta property=\"og:site_name\" content=\"Autocaravanas, caravanas y furgonetas campers nuevas, ocasi\u00f3n y segunda mano\" \/>\n<meta property=\"article:publisher\" content=\"https:\/\/www.facebook.com\/m3caravaning\" \/>\n<meta property=\"article:published_time\" content=\"2018-09-01T08:22:19+00:00\" \/>\n<meta property=\"article:modified_time\" content=\"2021-06-15T11:41:43+00:00\" \/>\n<meta property=\"og:image\" content=\"https:\/\/m3caravaning.com\/wp-content\/uploads\/2021\/01\/cerrados-por-vacaciones-hasta-el-3-de-septiembre-id-206.jpg\" \/>\n\t<meta property=\"og:image:width\" content=\"713\" \/>\n\t<meta property=\"og:image:height\" content=\"696\" \/>\n\t<meta property=\"og:image:type\" content=\"image\/jpeg\" \/>\n<meta name=\"author\" content=\"M3 Caravaning\" \/>\n<meta name=\"twitter:card\" content=\"summary_large_image\" \/>\n<meta name=\"twitter:creator\" content=\"@M3Caravaning\" \/>\n<meta name=\"twitter:site\" content=\"@M3Caravaning\" \/>\n<meta name=\"twitter:label1\" content=\"Written by\" \/>\n\t<meta name=\"twitter:data1\" content=\"M3 Caravaning\" \/>\n\t<meta name=\"twitter:label2\" content=\"Est. reading time\" \/>\n\t<meta name=\"twitter:data2\" content=\"1 minute\" \/>\n<script type=\"application\/ld+json\" class=\"yoast-schema-graph\">{\"@context\":\"https:\/\/schema.org\",\"@graph\":[{\"@type\":\"WebPage\",\"@id\":\"https:\/\/m3caravaning.com\/ca\/sense-categoria\/tancats-per-vacances-fins-al-3-de-setembre-del-2018\/\",\"url\":\"https:\/\/m3caravaning.com\/ca\/sense-categoria\/tancats-per-vacances-fins-al-3-de-setembre-del-2018\/\",\"name\":\"TANCATS PER VACANCES FINS AL 3 DE SETEMBRE DEL 2018 - Autocaravanas, caravanas y furgonetas campers nuevas, ocasi\u00f3n y segunda mano\",\"isPartOf\":{\"@id\":\"https:\/\/m3caravaning.com\/ca\/#website\"},\"primaryImageOfPage\":{\"@id\":\"https:\/\/m3caravaning.com\/ca\/sense-categoria\/tancats-per-vacances-fins-al-3-de-setembre-del-2018\/#primaryimage\"},\"image\":{\"@id\":\"https:\/\/m3caravaning.com\/ca\/sense-categoria\/tancats-per-vacances-fins-al-3-de-setembre-del-2018\/#primaryimage\"},\"thumbnailUrl\":\"https:\/\/m3caravaning.com\/wp-content\/uploads\/2021\/01\/cerrados-por-vacaciones-hasta-el-3-de-septiembre-id-206.jpg\",\"datePublished\":\"2018-09-01T08:22:19+00:00\",\"dateModified\":\"2021-06-15T11:41:43+00:00\",\"author\":{\"@id\":\"https:\/\/m3caravaning.com\/ca\/#\/schema\/person\/10e5f1edce4be1f414d4bde1bcf0c65f\"},\"description\":\"Estarem tancats per vacances fins al 3 de setembre del 2018! Tranquils amants del Caravaning, aviat tornarem per tu.\",\"breadcrumb\":{\"@id\":\"https:\/\/m3caravaning.com\/ca\/sense-categoria\/tancats-per-vacances-fins-al-3-de-setembre-del-2018\/#breadcrumb\"},\"inLanguage\":\"ca\",\"potentialAction\":[{\"@type\":\"ReadAction\",\"target\":[\"https:\/\/m3caravaning.com\/ca\/sense-categoria\/tancats-per-vacances-fins-al-3-de-setembre-del-2018\/\"]}]},{\"@type\":\"ImageObject\",\"inLanguage\":\"ca\",\"@id\":\"https:\/\/m3caravaning.com\/ca\/sense-categoria\/tancats-per-vacances-fins-al-3-de-setembre-del-2018\/#primaryimage\",\"url\":\"https:\/\/m3caravaning.com\/wp-content\/uploads\/2021\/01\/cerrados-por-vacaciones-hasta-el-3-de-septiembre-id-206.jpg\",\"contentUrl\":\"https:\/\/m3caravaning.com\/wp-content\/uploads\/2021\/01\/cerrados-por-vacaciones-hasta-el-3-de-septiembre-id-206.jpg\",\"width\":713,\"height\":696},{\"@type\":\"BreadcrumbList\",\"@id\":\"https:\/\/m3caravaning.com\/ca\/sense-categoria\/tancats-per-vacances-fins-al-3-de-setembre-del-2018\/#breadcrumb\",\"itemListElement\":[{\"@type\":\"ListItem\",\"position\":1,\"name\":\"Portada\",\"item\":\"https:\/\/m3caravaning.com\/ca\/\"},{\"@type\":\"ListItem\",\"position\":2,\"name\":\"Tancats per vacances fins al 3 de setembre del 2018\"}]},{\"@type\":\"WebSite\",\"@id\":\"https:\/\/m3caravaning.com\/ca\/#website\",\"url\":\"https:\/\/m3caravaning.com\/ca\/\",\"name\":\"Autocaravanas, caravanas y furgonetas campers nuevas, ocasi\u00f3n y segunda mano\",\"description\":\"Tu tienda de autocaravanas, campers y caravanas nuevas y de segunda mano. Alquiler, tienda de recambios, taller, seguros, etc.\",\"potentialAction\":[{\"@type\":\"SearchAction\",\"target\":{\"@type\":\"EntryPoint\",\"urlTemplate\":\"https:\/\/m3caravaning.com\/ca\/?s={search_term_string}\"},\"query-input\":\"required name=search_term_string\"}],\"inLanguage\":\"ca\"},{\"@type\":\"Person\",\"@id\":\"https:\/\/m3caravaning.com\/ca\/#\/schema\/person\/10e5f1edce4be1f414d4bde1bcf0c65f\",\"name\":\"M3 Caravaning\",\"image\":{\"@type\":\"ImageObject\",\"inLanguage\":\"ca\",\"@id\":\"https:\/\/m3caravaning.com\/ca\/#\/schema\/person\/image\/\",\"url\":\"https:\/\/secure.gravatar.com\/avatar\/45cc9e7bfaa20654bd7626e499aa306a8db18ee338763b6b771e707ccbeef54c?s=96&d=mm&r=g\",\"contentUrl\":\"https:\/\/secure.gravatar.com\/avatar\/45cc9e7bfaa20654bd7626e499aa306a8db18ee338763b6b771e707ccbeef54c?s=96&d=mm&r=g\",\"caption\":\"M3 Caravaning\"}}]}<\/script>\n<!-- \/ Yoast SEO plugin. -->","yoast_head_json":{"title":"TANCATS PER VACANCES FINS AL 3 DE SETEMBRE DEL 2018 - Autocaravanas, caravanas y furgonetas campers nuevas, ocasi\u00f3n y segunda mano","description":"Estarem tancats per vacances fins al 3 de setembre del 2018! Tranquils amants del Caravaning, aviat tornarem per tu.","robots":{"index":"index","follow":"follow","max-snippet":"max-snippet:-1","max-image-preview":"max-image-preview:large","max-video-preview":"max-video-preview:-1"},"canonical":"https:\/\/m3caravaning.com\/ca\/sense-categoria\/tancats-per-vacances-fins-al-3-de-setembre-del-2018\/","og_locale":"ca_ES","og_type":"article","og_title":"TANCATS PER VACANCES FINS AL 3 DE SETEMBRE DEL 2018 - Autocaravanas, caravanas y furgonetas campers nuevas, ocasi\u00f3n y segunda mano","og_description":"Estarem tancats per vacances fins al 3 de setembre del 2018! Tranquils amants del Caravaning, aviat tornarem per tu.","og_url":"https:\/\/m3caravaning.com\/ca\/sense-categoria\/tancats-per-vacances-fins-al-3-de-setembre-del-2018\/","og_site_name":"Autocaravanas, caravanas y furgonetas campers nuevas, ocasi\u00f3n y segunda mano","article_publisher":"https:\/\/www.facebook.com\/m3caravaning","article_published_time":"2018-09-01T08:22:19+00:00","article_modified_time":"2021-06-15T11:41:43+00:00","og_image":[{"width":713,"height":696,"url":"https:\/\/m3caravaning.com\/wp-content\/uploads\/2021\/01\/cerrados-por-vacaciones-hasta-el-3-de-septiembre-id-206.jpg","type":"image\/jpeg"}],"author":"M3 Caravaning","twitter_card":"summary_large_image","twitter_creator":"@M3Caravaning","twitter_site":"@M3Caravaning","twitter_misc":{"Written by":"M3 Caravaning","Est. reading time":"1 minute"},"schema":{"@context":"https:\/\/schema.org","@graph":[{"@type":"WebPage","@id":"https:\/\/m3caravaning.com\/ca\/sense-categoria\/tancats-per-vacances-fins-al-3-de-setembre-del-2018\/","url":"https:\/\/m3caravaning.com\/ca\/sense-categoria\/tancats-per-vacances-fins-al-3-de-setembre-del-2018\/","name":"TANCATS PER VACANCES FINS AL 3 DE SETEMBRE DEL 2018 - Autocaravanas, caravanas y furgonetas campers nuevas, ocasi\u00f3n y segunda mano","isPartOf":{"@id":"https:\/\/m3caravaning.com\/ca\/#website"},"primaryImageOfPage":{"@id":"https:\/\/m3caravaning.com\/ca\/sense-categoria\/tancats-per-vacances-fins-al-3-de-setembre-del-2018\/#primaryimage"},"image":{"@id":"https:\/\/m3caravaning.com\/ca\/sense-categoria\/tancats-per-vacances-fins-al-3-de-setembre-del-2018\/#primaryimage"},"thumbnailUrl":"https:\/\/m3caravaning.com\/wp-content\/uploads\/2021\/01\/cerrados-por-vacaciones-hasta-el-3-de-septiembre-id-206.jpg","datePublished":"2018-09-01T08:22:19+00:00","dateModified":"2021-06-15T11:41:43+00:00","author":{"@id":"https:\/\/m3caravaning.com\/ca\/#\/schema\/person\/10e5f1edce4be1f414d4bde1bcf0c65f"},"description":"Estarem tancats per vacances fins al 3 de setembre del 2018! Tranquils amants del Caravaning, aviat tornarem per tu.","breadcrumb":{"@id":"https:\/\/m3caravaning.com\/ca\/sense-categoria\/tancats-per-vacances-fins-al-3-de-setembre-del-2018\/#breadcrumb"},"inLanguage":"ca","potentialAction":[{"@type":"ReadAction","target":["https:\/\/m3caravaning.com\/ca\/sense-categoria\/tancats-per-vacances-fins-al-3-de-setembre-del-2018\/"]}]},{"@type":"ImageObject","inLanguage":"ca","@id":"https:\/\/m3caravaning.com\/ca\/sense-categoria\/tancats-per-vacances-fins-al-3-de-setembre-del-2018\/#primaryimage","url":"https:\/\/m3caravaning.com\/wp-content\/uploads\/2021\/01\/cerrados-por-vacaciones-hasta-el-3-de-septiembre-id-206.jpg","contentUrl":"https:\/\/m3caravaning.com\/wp-content\/uploads\/2021\/01\/cerrados-por-vacaciones-hasta-el-3-de-septiembre-id-206.jpg","width":713,"height":696},{"@type":"BreadcrumbList","@id":"https:\/\/m3caravaning.com\/ca\/sense-categoria\/tancats-per-vacances-fins-al-3-de-setembre-del-2018\/#breadcrumb","itemListElement":[{"@type":"ListItem","position":1,"name":"Portada","item":"https:\/\/m3caravaning.com\/ca\/"},{"@type":"ListItem","position":2,"name":"Tancats per vacances fins al 3 de setembre del 2018"}]},{"@type":"WebSite","@id":"https:\/\/m3caravaning.com\/ca\/#website","url":"https:\/\/m3caravaning.com\/ca\/","name":"Autocaravanas, caravanas y furgonetas campers nuevas, ocasi\u00f3n y segunda mano","description":"Tu tienda de autocaravanas, campers y caravanas nuevas y de segunda mano. Alquiler, tienda de recambios, taller, seguros, etc.","potentialAction":[{"@type":"SearchAction","target":{"@type":"EntryPoint","urlTemplate":"https:\/\/m3caravaning.com\/ca\/?s={search_term_string}"},"query-input":"required name=search_term_string"}],"inLanguage":"ca"},{"@type":"Person","@id":"https:\/\/m3caravaning.com\/ca\/#\/schema\/person\/10e5f1edce4be1f414d4bde1bcf0c65f","name":"M3 Caravaning","image":{"@type":"ImageObject","inLanguage":"ca","@id":"https:\/\/m3caravaning.com\/ca\/#\/schema\/person\/image\/","url":"https:\/\/secure.gravatar.com\/avatar\/45cc9e7bfaa20654bd7626e499aa306a8db18ee338763b6b771e707ccbeef54c?s=96&d=mm&r=g","contentUrl":"https:\/\/secure.gravatar.com\/avatar\/45cc9e7bfaa20654bd7626e499aa306a8db18ee338763b6b771e707ccbeef54c?s=96&d=mm&r=g","caption":"M3 Caravaning"}}]}},"_links":{"self":[{"href":"https:\/\/m3caravaning.com\/ca\/wp-json\/wp\/v2\/posts\/32","targetHints":{"allow":["GET"]}}],"collection":[{"href":"https:\/\/m3caravaning.com\/ca\/wp-json\/wp\/v2\/posts"}],"about":[{"href":"https:\/\/m3caravaning.com\/ca\/wp-json\/wp\/v2\/types\/post"}],"author":[{"embeddable":true,"href":"https:\/\/m3caravaning.com\/ca\/wp-json\/wp\/v2\/users\/2"}],"replies":[{"embeddable":true,"href":"https:\/\/m3caravaning.com\/ca\/wp-json\/wp\/v2\/comments?post=32"}],"version-history":[{"count":0,"href":"https:\/\/m3caravaning.com\/ca\/wp-json\/wp\/v2\/posts\/32\/revisions"}],"wp:featuredmedia":[{"embeddable":true,"href":"https:\/\/m3caravaning.com\/ca\/wp-json\/wp\/v2\/media\/409"}],"wp:attachment":[{"href":"https:\/\/m3caravaning.com\/ca\/wp-json\/wp\/v2\/media?parent=32"}],"wp:term":[{"taxonomy":"category","embeddable":true,"href":"https:\/\/m3caravaning.com\/ca\/wp-json\/wp\/v2\/categories?post=32"},{"taxonomy":"post_tag","embeddable":true,"href":"https:\/\/m3caravaning.com\/ca\/wp-json\/wp\/v2\/tags?post=32"}],"curies":[{"name":"wp","href":"https:\/\/api.w.org\/{rel}","templated":true}]}}