





{"id":188919,"date":"2021-08-14T13:09:28","date_gmt":"2021-08-14T11:09:28","guid":{"rendered":"https:\/\/m3caravaning.com\/?p=188919"},"modified":"2021-08-14T13:11:29","modified_gmt":"2021-08-14T11:11:29","slug":"ruta-extremadura-autocaravana","status":"publish","type":"post","link":"https:\/\/m3caravaning.com\/ca\/autocaravanes\/ruta-extremadura-autocaravana\/","title":{"rendered":"Ruta per Extremadura en autocaravana"},"content":{"rendered":"<p style=\"text-align: justify;\">Extremadura \u00e9s sense cap dubte un aut\u00e8ntic parad\u00eds rec\u00f2ndit que amaga preciosos pobles i ciutats que val la pena visitar. Si est\u00e0s planejant anar-te de vacances amb autocaravana, et proposem una s\u00e8rie de parades i visites obligat\u00f2ries perqu\u00e8 puguis gaudir de la naturalesa i d&#8217;una aut\u00e8ntica aventura. Podr\u00e0s visitar la comunitat de nord a sud i fins i tot dormir gratis. Comencem?<\/p>\n<div id=\"ez-toc-container\" class=\"ez-toc-v2_0_82_2 counter-hierarchy ez-toc-counter ez-toc-custom ez-toc-container-direction\">\n<div class=\"ez-toc-title-container\">\n<p class=\"ez-toc-title ez-toc-toggle\" style=\"cursor:pointer\">Tabla de contenido<\/p>\n<span class=\"ez-toc-title-toggle\"><\/span><\/div>\n<nav><ul class='ez-toc-list ez-toc-list-level-1 ' ><li class='ez-toc-page-1 ez-toc-heading-level-2'><a class=\"ez-toc-link ez-toc-heading-1\" href=\"https:\/\/m3caravaning.com\/ca\/autocaravanes\/ruta-extremadura-autocaravana\/#Arees_dautocaravanes_per_Extremadura\" >\u00c0rees d&#8217;autocaravanes per Extremadura<\/a><\/li><li class='ez-toc-page-1 ez-toc-heading-level-2'><a class=\"ez-toc-link ez-toc-heading-2\" href=\"https:\/\/m3caravaning.com\/ca\/autocaravanes\/ruta-extremadura-autocaravana\/#Que_visitar\" >Qu\u00e8 visitar?<\/a><\/li><li class='ez-toc-page-1 ez-toc-heading-level-2'><a class=\"ez-toc-link ez-toc-heading-3\" href=\"https:\/\/m3caravaning.com\/ca\/autocaravanes\/ruta-extremadura-autocaravana\/#Preguntes_frequents_sobre_ruta_en_autocaravana_per_Extremadura\" >Preguntes freq\u00fcents sobre ruta en autocaravana per Extremadura<\/a><\/li><\/ul><\/nav><\/div>\n<h2 style=\"text-align: justify;\"><span class=\"ez-toc-section\" id=\"Arees_dautocaravanes_per_Extremadura\"><\/span>\u00c0rees d&#8217;autocaravanes per Extremadura<span class=\"ez-toc-section-end\"><\/span><\/h2>\n<div class=\"traductor-textarea form-group\">\n<div class=\"textarea-desti col-xs-12 col-sm-6\">\n<div class=\"form-control second-textarea\">Per a poder gaudir dels paisatges naturals que ens ofereix la Comunitat d&#8217;Extremadura, una de les millors opcions \u00e9s rec\u00f3rrer-la en caravana, ja que disposa de diverses \u00e0rees de p\u00e0rquing en les quals poder passar la nit tranquils i de manera gratuita. Entre totes les opcions destaquem les seg\u00fcents:<\/div>\n<\/div>\n<\/div>\n<ul style=\"text-align: justify;\">\n<li style=\"font-weight: 400;\" aria-level=\"1\">\n<div class=\"traductor-textarea form-group\">\n<div class=\"textarea-desti col-xs-12 col-sm-6\">\n<div class=\"form-control second-textarea\"><strong>\u00c0rea de\u00a0valhondo<\/strong>, a C\u00e0ceres. Disposa de 15 places i tenen un horari d&#8217;acc\u00e9s de vehicles (9.00 a 21.00). \u00c9s gratu\u00eft i amb estada m\u00ednima de 24h. El que et permet perdre&#8217;t per la naturalesa i gaudir de les vistes.<\/div>\n<\/div>\n<\/div>\n<\/li>\n<li style=\"font-weight: 400;\" aria-level=\"1\">Si la teva estada m\u00ednima ser\u00e0 de m\u00ednima 48 hores i et trobes prop de la frontera amb Portugal, tens la teva <strong>\u00c0rea a Valencia de Alc\u00e1ntara<\/strong>, tamb\u00e9 \u00e9s gratu\u00efta i en aquest cas podr\u00e0s buidar aig\u00fces grises i negres.<\/li>\n<li style=\"font-weight: 400;\" aria-level=\"1\">Per a estades superiors a quatre dies, la teva millor opci\u00f3 \u00e9s<strong> l&#8217;\u00c0rea del Parc del Guadiana.<\/strong> Tamb\u00e9 \u00e9s gratu\u00efta.<\/li>\n<li style=\"font-weight: 400;\" aria-level=\"1\"><strong>A M\u00e8rida<\/strong> tens una \u00e0rea per a les autocaravanes al p\u00e0rquing del <strong>Teatre Rom\u00e0<\/strong> amb m\u00e9s comoditats com a electricitat, banys i Wi-fi. Tamb\u00e9 podr\u00e0s buidar aig\u00fces grises i negres. En aquest cas, el p\u00e0rquing t\u00e9 un preu de 12\u20ac\/dia.<\/li>\n<\/ul>\n<div class=\"traductor-textarea form-group\">\n<div class=\"textarea-desti col-xs-12 col-sm-6\">\n<div class=\"form-control second-textarea\">Veient el f\u00e0cil i c\u00f2mode que \u00e9s pernoctar per la comunitat veurem quins racons i pobles preciosos pots visitar i preparar la teva ruta al complet.<\/div>\n<\/div>\n<\/div>\n<h2 style=\"text-align: justify;\"><span class=\"ez-toc-section\" id=\"Que_visitar\"><\/span><b>Qu\u00e8 visitar?<\/b><span class=\"ez-toc-section-end\"><\/span><\/h2>\n<img fetchpriority=\"high\" decoding=\"async\" class=\"wp-image-142927 alignleft\" src=\"https:\/\/m3caravaning.com\/wp-content\/uploads\/2021\/08\/extremadura.jpg\" alt=\"Extremadura en autocaravana\" width=\"400\" height=\"300\" srcset=\"https:\/\/m3caravaning.com\/wp-content\/uploads\/2021\/08\/extremadura.jpg 600w, https:\/\/m3caravaning.com\/wp-content\/uploads\/2021\/08\/extremadura-300x225.jpg 300w, https:\/\/m3caravaning.com\/wp-content\/uploads\/2021\/08\/extremadura-430x321.jpg 430w\" sizes=\"(max-width: 400px) 100vw, 400px\" \/>\n<p style=\"text-align: justify;\">Extremadura est\u00e0 repleta d&#8217;encant, amb pobles i paratges naturals que t&#8217;omplen de bones vibracions i on poder-te banyar i gaudir de cascades precioses. Nom\u00e9s a la prov\u00edncia de C\u00e0ceres tens tres pobles pertanyents a l&#8217;associaci\u00f3 dels pobles m\u00e9s bonics d&#8217;Espanya: Trujillo, Guadalupe i Sant Mart\u00ed del\u00a0Trevejo.<\/p>\n<p>Trujillo t\u00e9 una gran mem\u00f2ria hist\u00f2rica amb grans batalles que van albergar les muralles. Tota aquesta mescla de cultures es veu reflectida en l&#8217;arquitectura del poble, donant lloc a racons \u00fanics. Per aix\u00f2, ha estat escenari de diversos rodatges de s\u00e8ries tan rellevants com Joc de Trons, Romeo i Julieta i La Pesta. El seu castell medieval sobre el pujol ens deixa un paisatge perfecte per a deixar lliure a la imaginaci\u00f3 i somiar desperts.<\/p>\n<p style=\"text-align: justify;\">Molt prop de C\u00e0ceres tamb\u00e9 pots veure el Monument Natural dels\u00a0Barruecos, un rec\u00e9s de pau i un altre gran escenari de Joc de Trons. Tens una parada obligat\u00f2ria en el museu de\u00a0Vostell\u00a0Marpartida.<\/p>\n<p>Cada poble d&#8217;Extremadura alberga grans paisatges o fins i tot muralles hist\u00f2riques del segle XIII, com \u00e9s el cas de\u00a0Llerena, o les restes arqueol\u00f2giques de diferents \u00e8poques a Medell\u00edn. A M\u00e8rida trobem gran patrimoni de l&#8217;\u00e8poca romana. Realment, tant C\u00e0ceres com Badajoz ens ofereixen gran varietat de monuments hist\u00f2rics que visitar, des d&#8217;un amfiteatre, com el teatre rom\u00e0, el circ rom\u00e0, els ponts, i un sense fi d&#8217;opcions que visitar i que sens dubte no et deixar\u00e0 indiferent.<\/p>\n<p>A part de les obres d&#8217;art de l&#8217;arquitectura, tamb\u00e9 tenim les obres naturals una mica m\u00e9s amagades de l&#8217;urbs, tens les piscines naturals. Zones naturals del riu condicionades per a poder assegurar un bany pl\u00e0cid i segur, pel poc corrent que t\u00e9 el fa apte per a totes la fam\u00edlia.<\/p>\n<p style=\"text-align: justify;\">Al nord de la comunitat et trobes gran varietat de piscines a Las Hurdes, on podr\u00e0s gaudir del Charco de la Olla en Les Mestas, el Charco Morisco en Pinofranqueado, o la Piscina Natural de Horcajo, entre altres.<\/p>\n<p>A la prov\u00edncia de Badajoz destaca La Platja Costa\u00a0Dulce\u00a0de\u00a0Orellana, la primera platja d&#8217;aigua dol\u00e7a amb el distintiu de bandera blava, per la seva gran qualitat i accessibilitat, una gran opci\u00f3 sens dubte. Finalment volem destacar un de els\u00a0 llacs artificials m\u00e9s grans d&#8217;Europa, el\u00a0Alqueva, en el qual podr\u00e0s practicar diverses activitats com anar amb vaixell.<\/p>\n<h2><span class=\"ez-toc-section\" id=\"Preguntes_frequents_sobre_ruta_en_autocaravana_per_Extremadura\"><\/span>Preguntes freq\u00fcents sobre ruta en autocaravana per Extremadura<span class=\"ez-toc-section-end\"><\/span><\/h2>\n<h3>Quant temps es triga de C\u00e0ceres a Badajoz?<\/h3>\n<p>Entre aquestes dues principals ciutats extremenyes hi ha tan sols uns 50 minuts de dist\u00e0ncia, per la qual cosa podr\u00e0s visitar-les totes dues encara que tri\u00efs fer la ruta en pocs dies. Recorda que si no disposes d&#8217;autocaravana, a M3 Caravaning posem a la teva disposici\u00f3 un fant\u00e0stic <a href=\"https:\/\/m3caravaning.com\/ca\/lloguer-dautocaravanes-i-furgonetes-camper\/\">servei de lloguer<\/a>.<\/p>\n<h3>Per qu\u00e8 anar en autocaravana a Extremadura?<\/h3>\n<p>Com t&#8217;hem comentat, Extremadura compta amb l&#8217;encant dels seus pobles i ciutats, en els quals cal fer parada obligat\u00f2ria, aix\u00ed com espais naturals d&#8217;obligada visita, en els quals descobrir\u00e0s el veritable encant del paisatge extremeny. En optar fer la ruta en autocaravana, no sols evitar\u00e0s haver de buscar allotjament, sin\u00f3 que podr\u00e0s viure l&#8217;experi\u00e8ncia d&#8217;una forma molt m\u00e9s aut\u00e8ntica.<\/p>\n<p><script type=\"application\/ld+json\">{\"@context\":\"https:\/\/schema.org\",\"@type\":\"FAQPage\",\"mainEntity\":[{\"@type\":\"Question\",\"name\":\"Quant temps es triga de C\u00e0ceres a Badajoz?\",\"acceptedAnswer\":{\"@type\":\"Answer\",\"text\":\"Entre aquestes dues principals ciutats extremenyes hi ha tan sols uns 50 minuts de dist\u00e0ncia, per la qual cosa podr\u00e0s visitar-les totes dues encara que tri\u00efs fer la ruta en pocs dies. Recorda que si no disposes d'autocaravana, a M3 Caravaning posem a la teva disposici\u00f3 un fant\u00e0stic <a href=\\\"https:\/\/m3caravaning.com\/ca\/lloguer-dautocaravanes-i-furgonetes-camper\/\\\">servei de lloguer<\/a>.\"}},{\"@type\":\"Question\",\"name\":\"Per qu\u00e8 anar en autocaravana a Extremadura?\",\"acceptedAnswer\":{\"@type\":\"Answer\",\"text\":\"Com t'hem comentat, Extremadura compta amb l'encant dels seus pobles i ciutats, en els quals cal fer parada obligat\u00f2ria, aix\u00ed com espais naturals d'obligada visita, en els quals descobrir\u00e0s el veritable encant del paisatge extremeny. En optar fer la ruta en autocaravana, no sols evitar\u00e0s haver de buscar allotjament, sin\u00f3 que podr\u00e0s viure l'experi\u00e8ncia d'una forma molt m\u00e9s aut\u00e8ntica.\"}}]}<\/script><\/p>\n","protected":false},"excerpt":{"rendered":"<p>Extremadura \u00e9s sense cap dubte un aut\u00e8ntic parad\u00eds rec\u00f2ndit que amaga preciosos pobles i ciutats que val la pena visitar. Si est\u00e0s planejant anar-te de vacances amb autocaravana, et proposem una s\u00e8rie de parades i visites obligat\u00f2ries perqu\u00e8 puguis gaudir de la naturalesa i d&#8217;una aut\u00e8ntica aventura. Podr\u00e0s visitar la comunitat de nord a sud<\/p>\n","protected":false},"author":8,"featured_media":142927,"comment_status":"closed","ping_status":"open","sticky":false,"template":"","format":"standard","meta":{"footnotes":""},"categories":[15,695],"tags":[],"class_list":["post-188919","post","type-post","status-publish","format-standard","has-post-thumbnail","hentry","category-autocaravanes","category-blog-ca"],"yoast_head":"<!-- This site is optimized with the Yoast SEO plugin v22.4 - https:\/\/yoast.com\/wordpress\/plugins\/seo\/ -->\n<title>Ruta per Extremadura en Autocaravana | M3 Caravaning<\/title>\n<meta name=\"description\" content=\"Planeja les teves pr\u00f2ximes vacances fent una ruta per Extremadura en autocaravana. Una forma aut\u00e8ntica de viure aquesta aventura!\" \/>\n<meta name=\"robots\" content=\"index, follow, max-snippet:-1, max-image-preview:large, max-video-preview:-1\" \/>\n<link rel=\"canonical\" href=\"https:\/\/m3caravaning.com\/ca\/autocaravanes\/ruta-extremadura-autocaravana\/\" \/>\n<meta property=\"og:locale\" content=\"ca_ES\" \/>\n<meta property=\"og:type\" content=\"article\" \/>\n<meta property=\"og:title\" content=\"Ruta per Extremadura en Autocaravana | M3 Caravaning\" \/>\n<meta property=\"og:description\" content=\"Planeja les teves pr\u00f2ximes vacances fent una ruta per Extremadura en autocaravana. Una forma aut\u00e8ntica de viure aquesta aventura!\" \/>\n<meta property=\"og:url\" content=\"https:\/\/m3caravaning.com\/ca\/autocaravanes\/ruta-extremadura-autocaravana\/\" \/>\n<meta property=\"og:site_name\" content=\"Autocaravanas, caravanas y furgonetas campers nuevas, ocasi\u00f3n y segunda mano\" \/>\n<meta property=\"article:publisher\" content=\"https:\/\/www.facebook.com\/m3caravaning\" \/>\n<meta property=\"article:published_time\" content=\"2021-08-14T11:09:28+00:00\" \/>\n<meta property=\"article:modified_time\" content=\"2021-08-14T11:11:29+00:00\" \/>\n<meta property=\"og:image\" content=\"https:\/\/m3caravaning.com\/wp-content\/uploads\/2021\/08\/extremadura.jpg\" \/>\n\t<meta property=\"og:image:width\" content=\"600\" \/>\n\t<meta property=\"og:image:height\" content=\"450\" \/>\n\t<meta property=\"og:image:type\" content=\"image\/jpeg\" \/>\n<meta name=\"author\" content=\"SEO VANTI\" \/>\n<meta name=\"twitter:card\" content=\"summary_large_image\" \/>\n<meta name=\"twitter:creator\" content=\"@M3Caravaning\" \/>\n<meta name=\"twitter:site\" content=\"@M3Caravaning\" \/>\n<meta name=\"twitter:label1\" content=\"Written by\" \/>\n\t<meta name=\"twitter:data1\" content=\"SEO VANTI\" \/>\n\t<meta name=\"twitter:label2\" content=\"Est. reading time\" \/>\n\t<meta name=\"twitter:data2\" content=\"5 minutes\" \/>\n<script type=\"application\/ld+json\" class=\"yoast-schema-graph\">{\"@context\":\"https:\/\/schema.org\",\"@graph\":[{\"@type\":\"WebPage\",\"@id\":\"https:\/\/m3caravaning.com\/ca\/autocaravanes\/ruta-extremadura-autocaravana\/\",\"url\":\"https:\/\/m3caravaning.com\/ca\/autocaravanes\/ruta-extremadura-autocaravana\/\",\"name\":\"Ruta per Extremadura en Autocaravana | M3 Caravaning\",\"isPartOf\":{\"@id\":\"https:\/\/m3caravaning.com\/ca\/#website\"},\"primaryImageOfPage\":{\"@id\":\"https:\/\/m3caravaning.com\/ca\/autocaravanes\/ruta-extremadura-autocaravana\/#primaryimage\"},\"image\":{\"@id\":\"https:\/\/m3caravaning.com\/ca\/autocaravanes\/ruta-extremadura-autocaravana\/#primaryimage\"},\"thumbnailUrl\":\"https:\/\/m3caravaning.com\/wp-content\/uploads\/2021\/08\/extremadura.jpg\",\"datePublished\":\"2021-08-14T11:09:28+00:00\",\"dateModified\":\"2021-08-14T11:11:29+00:00\",\"author\":{\"@id\":\"https:\/\/m3caravaning.com\/ca\/#\/schema\/person\/348231540ff3d3d7ba0c4fa6bd5ca194\"},\"description\":\"Planeja les teves pr\u00f2ximes vacances fent una ruta per Extremadura en autocaravana. Una forma aut\u00e8ntica de viure aquesta aventura!\",\"breadcrumb\":{\"@id\":\"https:\/\/m3caravaning.com\/ca\/autocaravanes\/ruta-extremadura-autocaravana\/#breadcrumb\"},\"inLanguage\":\"ca\",\"potentialAction\":[{\"@type\":\"ReadAction\",\"target\":[\"https:\/\/m3caravaning.com\/ca\/autocaravanes\/ruta-extremadura-autocaravana\/\"]}]},{\"@type\":\"ImageObject\",\"inLanguage\":\"ca\",\"@id\":\"https:\/\/m3caravaning.com\/ca\/autocaravanes\/ruta-extremadura-autocaravana\/#primaryimage\",\"url\":\"https:\/\/m3caravaning.com\/wp-content\/uploads\/2021\/08\/extremadura.jpg\",\"contentUrl\":\"https:\/\/m3caravaning.com\/wp-content\/uploads\/2021\/08\/extremadura.jpg\",\"width\":600,\"height\":450,\"caption\":\"Extremadura en autocaravana\"},{\"@type\":\"BreadcrumbList\",\"@id\":\"https:\/\/m3caravaning.com\/ca\/autocaravanes\/ruta-extremadura-autocaravana\/#breadcrumb\",\"itemListElement\":[{\"@type\":\"ListItem\",\"position\":1,\"name\":\"Portada\",\"item\":\"https:\/\/m3caravaning.com\/ca\/\"},{\"@type\":\"ListItem\",\"position\":2,\"name\":\"Ruta per Extremadura en autocaravana\"}]},{\"@type\":\"WebSite\",\"@id\":\"https:\/\/m3caravaning.com\/ca\/#website\",\"url\":\"https:\/\/m3caravaning.com\/ca\/\",\"name\":\"Autocaravanas, caravanas y furgonetas campers nuevas, ocasi\u00f3n y segunda mano\",\"description\":\"Tu tienda de autocaravanas, campers y caravanas nuevas y de segunda mano. Alquiler, tienda de recambios, taller, seguros, etc.\",\"potentialAction\":[{\"@type\":\"SearchAction\",\"target\":{\"@type\":\"EntryPoint\",\"urlTemplate\":\"https:\/\/m3caravaning.com\/ca\/?s={search_term_string}\"},\"query-input\":\"required name=search_term_string\"}],\"inLanguage\":\"ca\"},{\"@type\":\"Person\",\"@id\":\"https:\/\/m3caravaning.com\/ca\/#\/schema\/person\/348231540ff3d3d7ba0c4fa6bd5ca194\",\"name\":\"SEO VANTI\",\"image\":{\"@type\":\"ImageObject\",\"inLanguage\":\"ca\",\"@id\":\"https:\/\/m3caravaning.com\/ca\/#\/schema\/person\/image\/\",\"url\":\"https:\/\/secure.gravatar.com\/avatar\/91ad9c1ee44f30ca9c4b14dfa7132af5515c5db381df6abe5ac7f1a470df1fdf?s=96&d=mm&r=g\",\"contentUrl\":\"https:\/\/secure.gravatar.com\/avatar\/91ad9c1ee44f30ca9c4b14dfa7132af5515c5db381df6abe5ac7f1a470df1fdf?s=96&d=mm&r=g\",\"caption\":\"SEO VANTI\"}}]}<\/script>\n<!-- \/ Yoast SEO plugin. -->","yoast_head_json":{"title":"Ruta per Extremadura en Autocaravana | M3 Caravaning","description":"Planeja les teves pr\u00f2ximes vacances fent una ruta per Extremadura en autocaravana. Una forma aut\u00e8ntica de viure aquesta aventura!","robots":{"index":"index","follow":"follow","max-snippet":"max-snippet:-1","max-image-preview":"max-image-preview:large","max-video-preview":"max-video-preview:-1"},"canonical":"https:\/\/m3caravaning.com\/ca\/autocaravanes\/ruta-extremadura-autocaravana\/","og_locale":"ca_ES","og_type":"article","og_title":"Ruta per Extremadura en Autocaravana | M3 Caravaning","og_description":"Planeja les teves pr\u00f2ximes vacances fent una ruta per Extremadura en autocaravana. Una forma aut\u00e8ntica de viure aquesta aventura!","og_url":"https:\/\/m3caravaning.com\/ca\/autocaravanes\/ruta-extremadura-autocaravana\/","og_site_name":"Autocaravanas, caravanas y furgonetas campers nuevas, ocasi\u00f3n y segunda mano","article_publisher":"https:\/\/www.facebook.com\/m3caravaning","article_published_time":"2021-08-14T11:09:28+00:00","article_modified_time":"2021-08-14T11:11:29+00:00","og_image":[{"width":600,"height":450,"url":"https:\/\/m3caravaning.com\/wp-content\/uploads\/2021\/08\/extremadura.jpg","type":"image\/jpeg"}],"author":"SEO VANTI","twitter_card":"summary_large_image","twitter_creator":"@M3Caravaning","twitter_site":"@M3Caravaning","twitter_misc":{"Written by":"SEO VANTI","Est. reading time":"5 minutes"},"schema":{"@context":"https:\/\/schema.org","@graph":[{"@type":"WebPage","@id":"https:\/\/m3caravaning.com\/ca\/autocaravanes\/ruta-extremadura-autocaravana\/","url":"https:\/\/m3caravaning.com\/ca\/autocaravanes\/ruta-extremadura-autocaravana\/","name":"Ruta per Extremadura en Autocaravana | M3 Caravaning","isPartOf":{"@id":"https:\/\/m3caravaning.com\/ca\/#website"},"primaryImageOfPage":{"@id":"https:\/\/m3caravaning.com\/ca\/autocaravanes\/ruta-extremadura-autocaravana\/#primaryimage"},"image":{"@id":"https:\/\/m3caravaning.com\/ca\/autocaravanes\/ruta-extremadura-autocaravana\/#primaryimage"},"thumbnailUrl":"https:\/\/m3caravaning.com\/wp-content\/uploads\/2021\/08\/extremadura.jpg","datePublished":"2021-08-14T11:09:28+00:00","dateModified":"2021-08-14T11:11:29+00:00","author":{"@id":"https:\/\/m3caravaning.com\/ca\/#\/schema\/person\/348231540ff3d3d7ba0c4fa6bd5ca194"},"description":"Planeja les teves pr\u00f2ximes vacances fent una ruta per Extremadura en autocaravana. Una forma aut\u00e8ntica de viure aquesta aventura!","breadcrumb":{"@id":"https:\/\/m3caravaning.com\/ca\/autocaravanes\/ruta-extremadura-autocaravana\/#breadcrumb"},"inLanguage":"ca","potentialAction":[{"@type":"ReadAction","target":["https:\/\/m3caravaning.com\/ca\/autocaravanes\/ruta-extremadura-autocaravana\/"]}]},{"@type":"ImageObject","inLanguage":"ca","@id":"https:\/\/m3caravaning.com\/ca\/autocaravanes\/ruta-extremadura-autocaravana\/#primaryimage","url":"https:\/\/m3caravaning.com\/wp-content\/uploads\/2021\/08\/extremadura.jpg","contentUrl":"https:\/\/m3caravaning.com\/wp-content\/uploads\/2021\/08\/extremadura.jpg","width":600,"height":450,"caption":"Extremadura en autocaravana"},{"@type":"BreadcrumbList","@id":"https:\/\/m3caravaning.com\/ca\/autocaravanes\/ruta-extremadura-autocaravana\/#breadcrumb","itemListElement":[{"@type":"ListItem","position":1,"name":"Portada","item":"https:\/\/m3caravaning.com\/ca\/"},{"@type":"ListItem","position":2,"name":"Ruta per Extremadura en autocaravana"}]},{"@type":"WebSite","@id":"https:\/\/m3caravaning.com\/ca\/#website","url":"https:\/\/m3caravaning.com\/ca\/","name":"Autocaravanas, caravanas y furgonetas campers nuevas, ocasi\u00f3n y segunda mano","description":"Tu tienda de autocaravanas, campers y caravanas nuevas y de segunda mano. Alquiler, tienda de recambios, taller, seguros, etc.","potentialAction":[{"@type":"SearchAction","target":{"@type":"EntryPoint","urlTemplate":"https:\/\/m3caravaning.com\/ca\/?s={search_term_string}"},"query-input":"required name=search_term_string"}],"inLanguage":"ca"},{"@type":"Person","@id":"https:\/\/m3caravaning.com\/ca\/#\/schema\/person\/348231540ff3d3d7ba0c4fa6bd5ca194","name":"SEO VANTI","image":{"@type":"ImageObject","inLanguage":"ca","@id":"https:\/\/m3caravaning.com\/ca\/#\/schema\/person\/image\/","url":"https:\/\/secure.gravatar.com\/avatar\/91ad9c1ee44f30ca9c4b14dfa7132af5515c5db381df6abe5ac7f1a470df1fdf?s=96&d=mm&r=g","contentUrl":"https:\/\/secure.gravatar.com\/avatar\/91ad9c1ee44f30ca9c4b14dfa7132af5515c5db381df6abe5ac7f1a470df1fdf?s=96&d=mm&r=g","caption":"SEO VANTI"}}]}},"_links":{"self":[{"href":"https:\/\/m3caravaning.com\/ca\/wp-json\/wp\/v2\/posts\/188919","targetHints":{"allow":["GET"]}}],"collection":[{"href":"https:\/\/m3caravaning.com\/ca\/wp-json\/wp\/v2\/posts"}],"about":[{"href":"https:\/\/m3caravaning.com\/ca\/wp-json\/wp\/v2\/types\/post"}],"author":[{"embeddable":true,"href":"https:\/\/m3caravaning.com\/ca\/wp-json\/wp\/v2\/users\/8"}],"replies":[{"embeddable":true,"href":"https:\/\/m3caravaning.com\/ca\/wp-json\/wp\/v2\/comments?post=188919"}],"version-history":[{"count":0,"href":"https:\/\/m3caravaning.com\/ca\/wp-json\/wp\/v2\/posts\/188919\/revisions"}],"wp:featuredmedia":[{"embeddable":true,"href":"https:\/\/m3caravaning.com\/ca\/wp-json\/wp\/v2\/media\/142927"}],"wp:attachment":[{"href":"https:\/\/m3caravaning.com\/ca\/wp-json\/wp\/v2\/media?parent=188919"}],"wp:term":[{"taxonomy":"category","embeddable":true,"href":"https:\/\/m3caravaning.com\/ca\/wp-json\/wp\/v2\/categories?post=188919"},{"taxonomy":"post_tag","embeddable":true,"href":"https:\/\/m3caravaning.com\/ca\/wp-json\/wp\/v2\/tags?post=188919"}],"curies":[{"name":"wp","href":"https:\/\/api.w.org\/{rel}","templated":true}]}}