





{"id":1625,"date":"2019-02-24T12:54:54","date_gmt":"2019-02-24T11:54:54","guid":{"rendered":"https:\/\/m3caravaning.com\/?p=1625"},"modified":"2024-05-24T10:27:13","modified_gmt":"2024-05-24T08:27:13","slug":"consells-en-la-conduccio-de-la-teva-caravana","status":"publish","type":"post","link":"https:\/\/m3caravaning.com\/ca\/caravanes\/consells-en-la-conduccio-de-la-teva-caravana\/","title":{"rendered":"Consells en la conducci\u00f3 de la teva caravana"},"content":{"rendered":"<p><strong>El caravanista i la seguretat<\/strong><\/p>\n<p>Els caravanistes s\u00f3n cada vegada m\u00e9s nombrosos. Aix\u00f2 no t\u00e9 res de sorprenent quan se saben els avantatges que proporciona aquesta nova forma de realitzar les teves vacances, al c\u00e0mping o viatjant.<\/p>\n<p>No obstant aix\u00f2, aquesta multiplicaci\u00f3 de caravanes, relativament voluminoses, no han de comportar riscos d&#8217;accident. Certament els cotxes que remolquen una caravana s\u00f3n condu\u00efts per automobilistes que no tenen massa prosa ni estan massa preocupats, els quals, per ra\u00f3 i per necessitat no circulen r\u00e0pids.<\/p>\n<p>Cal assenyalar que els escassos accidents que es produeixen conduint una caravana generalment nom\u00e9s produeixen danys materials, per\u00f2 no per aix\u00f2 s\u00f3n menys molestos i que d&#8217;altra banda signifiquen, normalment, la fi prematur de les vacances.<\/p>\n<p>Un no caravanista diria que les caravanes a causa de la seva marxa i del seu volum provoquen, de vegades, accidents en els quals elles mateixes no estan directament implicades. La seguretat \u00e9s tamb\u00e9 la dels altres.<\/p>\n<p><strong>El coche i la seva caravana<\/strong><\/p>\n<img decoding=\"async\" class=\"alignnone size-medium wp-image-1626\" src=\"https:\/\/m3caravaning.com\/wp-content\/uploads\/2021\/02\/consejosconduccioncaravana01-300x129.jpg\" alt=\"\" width=\"300\" height=\"129\" \/>\n<p>La soluci\u00f3 ideal seria escollir primer la caravana que s&#8217;adapti als seus desitjos i necessitats i despr\u00e9s el cotxe m\u00e9s indicat. De fet sovint, es procedeix de manera inversa: tenim ja un cotxe i ens preguntem que caravana podem enganxar.<\/p>\n<p>En tot cas, hem de pensar que el cotxe i la caravana constitueixen un conjunt i que si un dels dos t\u00e9 una caracter\u00edstiques que no convenen a l&#8217;altre s&#8217;ha d&#8217;esperar que sorgeixin problemes, tant si es tracta de problemes mec\u00e0nics o d&#8217;accident causats per una mala conducci\u00f3 en carretera. El cotxe i el seu remolc han de formar una parella ben avinguda.<\/p>\n<p>Per descomptat tamb\u00e9 est\u00e0 prohibit per la reglamentaci\u00f3 realitzar certs enganxalls que serien particularment perillosos.<\/p>\n<p>Tots els vehicles autom\u00f2bils tenen un pes m\u00e0xim remolcable, el qual no es pot sobrepassar. Aquest pes est\u00e0 fixat pel Ministeri d&#8217;Ind\u00fastria i est\u00e0 inscrit en la Fitxa d&#8217;inspecci\u00f3 t\u00e8cnica de vehicles que \u00e9s obligat\u00f2ria acompanyar el perm\u00eds de circulaci\u00f3 del vehicle.<\/p>\n<p>Igualment la caravana t\u00e9 un pes m\u00e0xim autoritzat pel fabricant i posteriorment fixat pel Ministeri d&#8217;Ind\u00fastria en l&#8217;acte de la revisi\u00f3 t\u00e8cnica i que tampoc \u00e9s convenient sobrepassar.<\/p>\n<p>El m\u00e9s important a tenir en compte \u00e9s que una caravana amb la seva c\u00e0rrega no hauria de pesar mai m\u00e9s que el vehicle tractor en buit. \u00c9s una q\u00fcesti\u00f3 d&#8217;exig\u00e8ncia, de seguretat i tamb\u00e9 de facilitat en la conducci\u00f3.<\/p>\n<p><strong>El sistema de enganche<\/strong><\/p>\n<img fetchpriority=\"high\" decoding=\"async\" class=\"alignnone size-medium wp-image-1628\" src=\"https:\/\/m3caravaning.com\/wp-content\/uploads\/2021\/02\/consejosconduccioncaravana02-300x232.jpg\" alt=\"\" width=\"300\" height=\"232\" \/>\n<p>No cal insistir en la import\u00e0ncia de vigilar el seu bon estat. Els diferents cables el\u00e8ctrics que van del cotxe a la caravana han de ser prou llargs, per\u00f2 no massa. Perillarien de ser enganxats o trencats. Excepte en els casos excepcionals en qu\u00e8 la caravana estigu\u00e9s prove\u00efda d&#8217;un dispositiu autom\u00e0tic de frenada en cas de trencament de connexi\u00f3, les preses d&#8217;emerg\u00e8ncia s\u00f3n obligatoris i estan constitu\u00efts per cadenes o cables met\u00e0l\u00b7lics.<\/p>\n<p><strong>El motor<\/strong><\/p>\n<img decoding=\"async\" class=\"alignnone size-medium wp-image-1630\" src=\"https:\/\/m3caravaning.com\/wp-content\/uploads\/2021\/02\/consejosconduccioncaravana03-300x159.jpg\" alt=\"\" width=\"300\" height=\"159\" \/>\n<p>Vost\u00e8 va a demanar al seu motor, uns esfor\u00e7os suplementaris Podr\u00e0 facilitar-sense problemes? Aix\u00f2 dep\u00e8n de les seves possibilitats. El nombre de cavalls fiscals aix\u00ed com el nombre de cavalls reals no d\u00f3na m\u00e9s que una indicaci\u00f3 molt vaga i imprecisa. Els que ha de saber-se \u00e9s al fet que r\u00e8gim el motor obt\u00e9 la seva pot\u00e8ncia m\u00e0xima, \u00e9s a dir la millor transformaci\u00f3 de l&#8217;energia calor\u00edfica en energia mec\u00e0nica. \u00c9s a aquesta velocitat de rotaci\u00f3 en la qual es disposa de la major part de la for\u00e7a del motor i que aquest est\u00e0 en el seu millor rendiment. \u00c9s tamb\u00e9 el r\u00e8gim en qu\u00e8 obt\u00e9 la seva pot\u00e8ncia m\u00e0xima.<\/p>\n<p>El r\u00e8gim corresponent a la pot\u00e8ncia m\u00e0xima \u00e9s el que d\u00f3na la m\u00e0xima velocitat quan el cotxe va en buit. No s&#8217;ha d&#8217;assolir mai quan el vehicle est\u00e0 enganxat, excepte en els casos en qu\u00e8 l&#8217;acceleraci\u00f3 \u00e9s indispensable en un moment donat per escapar d&#8217;una situaci\u00f3 perillosa.<\/p>\n<p>El r\u00e8gim compr\u00e8s entre el de parell motor m\u00e0xim i el que no s&#8217;ha de sobrepassar en marxa normal correspon al que els especialistes anomenen &#8220;marge d&#8217;utilitzaci\u00f3&#8221;.<\/p>\n<p>Si aquest marge d&#8217;utilitzaci\u00f3 \u00e9s llarg, la conducci\u00f3 ser\u00e0 suau i f\u00e0cil pel que romanent en ella el motor treballar\u00e0 en bones condicions.<\/p>\n<p>L&#8217;ideal seria tenir en compte les revolucions en el tablier. Per\u00f2 amb una mica de costum es nota quan el motor pateix o quan s&#8217;accelera.<\/p>\n<p>Quan pateix est\u00e0 en un r\u00e8gim baix, no gira prou r\u00e0pid o sigui est\u00e0 per sota del parell m\u00e0xim. El consum de carburant s&#8217;eleva i el desgast \u00e9s anormal.<\/p>\n<p>Al contrari, quan s&#8217;accelera est\u00e0 per sobre del seu r\u00e8gim, gira massa de pressa. Perd llavors la seva pot\u00e8ncia i es desgasta r\u00e0pidament.<\/p>\n<p><strong>Tracci\u00f3 delantera o trasera<\/strong><\/p>\n<p>Hi bons vehicles tractors en les dues categories. Evidentment una tracci\u00f3 davantera massa carregat per un pes sobre la fletxa tindria tend\u00e8ncia a p\u00e8rdues d&#8217;adher\u00e8ncia de les rodes davanteres que podrien fer dif\u00edcil una posada en marxa en un pendent o impedir la precisi\u00f3 de la direcci\u00f3. Aquests inconvenients no existeixen amb un cotxe amb tracci\u00f3 enrere ja que la c\u00e0rrega del darrere s&#8217;exerceix sobre les rodes motrius. No obstant aix\u00f2, una certa p\u00e8rdua de precisi\u00f3 pot subsistir en la direcci\u00f3.<\/p>\n<p>**Canvio autom\u00e0tic **<\/p>\n<p>Veurem que arrossegant una caravana s&#8217;ha de canviar de velocitat m\u00e9s sovint que en conducci\u00f3 ordin\u00e0ria. Un canvi autom\u00e0tic far\u00e0 el treball per vost\u00e8. O gaireb\u00e9 tot ja que ser\u00e0 necessari utilitzar m\u00e9s sovint que de costum les posicions baixes del selector.<\/p>\n<p>**Els retrovisors **<\/p>\n<img loading=\"lazy\" decoding=\"async\" class=\"alignnone size-medium wp-image-1632\" src=\"https:\/\/m3caravaning.com\/wp-content\/uploads\/2021\/02\/consejosconduccioncaravana04-300x208.jpg\" alt=\"\" width=\"300\" height=\"208\" \/>\n<p>Com que la caravana m\u00e9s ampla que el cotxe i amagar la visi\u00f3 al retrovisor interior, \u00e9s obligatori col\u00b7locar un segon retrovisor exterior a la dreta i esquerra.<\/p>\n<p>Evidentment aquests retrovisors han d&#8217;estar sostinguts per uns bra\u00e7os prou llargs perqu\u00e8 el seu camp de visi\u00f3 no quedi ocult per la caravana.<\/p>\n<p>Hi ha alguns que tenen un m\u00e0nec telesc\u00f2pic que permet utilitzar-los quan es circula sense la caravana.<\/p>\n<p>Els retrovisors poden sobrepassar 20cm. de m\u00e9s l&#8217;amplada de la caravana. Quan m\u00e9s separats estiguin, millor es veu. Ha de ser d&#8217;un model homologat. Es troben retrovisors de mirall pla, de mirall convex o amb dos miralls. En aquests \u00faltims el camp de visi\u00f3 \u00e9s, sens dubte, menys ample, per\u00f2 l&#8217;apreciaci\u00f3 de les dist\u00e0ncia \u00e9s m\u00e9s f\u00e0cil i m\u00e9s exacta.<\/p>\n<p>Es \u00fatil recalcar que los retrovisores son imprescindibles para la seguridad de un conjunto de coche+caravana que frecuentemente ser\u00e1 adelantado por otros veh\u00edculos y que para que estos cumplan su misi\u00f3n primordial deben estar siempre limpios y bien regulados. Son los ojos que tiene detr\u00e1s de la cabeza y el peligro, a menudo viene por detr\u00e1s.<\/p>\n<p>Para m\u00e1s cualquier duda consulte con\u00a0<a href=\"https:\/\/m3caravaning.com\/contacto\/\">nosotros aqu\u00ed<\/a> o al 938182500<\/p>\n","protected":false},"excerpt":{"rendered":"<p>El caravanista i la seguretat Els caravanistes s\u00f3n cada vegada m\u00e9s nombrosos. Aix\u00f2 no t\u00e9 res de sorprenent quan se saben els avantatges que proporciona aquesta nova forma de realitzar les teves vacances, al c\u00e0mping o viatjant. No obstant aix\u00f2, aquesta multiplicaci\u00f3 de caravanes, relativament voluminoses, no han de comportar riscos d&#8217;accident. Certament els cotxes<\/p>\n","protected":false},"author":2,"featured_media":593,"comment_status":"closed","ping_status":"open","sticky":false,"template":"","format":"standard","meta":{"footnotes":""},"categories":[17],"tags":[],"class_list":["post-1625","post","type-post","status-publish","format-standard","has-post-thumbnail","hentry","category-caravanes"],"yoast_head":"<!-- This site is optimized with the Yoast SEO plugin v22.4 - https:\/\/yoast.com\/wordpress\/plugins\/seo\/ -->\n<title>Consells en la conducci\u00f3 de la teva caravana - Autocaravanas, caravanas y furgonetas campers nuevas, ocasi\u00f3n y segunda mano<\/title>\n<meta name=\"description\" content=\"En M3 Caravaning t&#039;oferim tot tipus de consells en la conducci\u00f3 de la teva caravana per als amants del caravaning\" \/>\n<meta name=\"robots\" content=\"index, follow, max-snippet:-1, max-image-preview:large, max-video-preview:-1\" \/>\n<link rel=\"canonical\" href=\"https:\/\/m3caravaning.com\/ca\/caravanes\/consells-en-la-conduccio-de-la-teva-caravana\/\" \/>\n<meta property=\"og:locale\" content=\"ca_ES\" \/>\n<meta property=\"og:type\" content=\"article\" \/>\n<meta property=\"og:title\" content=\"Consells en la conducci\u00f3 de la teva caravana - Autocaravanas, caravanas y furgonetas campers nuevas, ocasi\u00f3n y segunda mano\" \/>\n<meta property=\"og:description\" content=\"En M3 Caravaning t&#039;oferim tot tipus de consells en la conducci\u00f3 de la teva caravana per als amants del caravaning\" \/>\n<meta property=\"og:url\" content=\"https:\/\/m3caravaning.com\/ca\/caravanes\/consells-en-la-conduccio-de-la-teva-caravana\/\" \/>\n<meta property=\"og:site_name\" content=\"Autocaravanas, caravanas y furgonetas campers nuevas, ocasi\u00f3n y segunda mano\" \/>\n<meta property=\"article:publisher\" content=\"https:\/\/www.facebook.com\/m3caravaning\" \/>\n<meta property=\"article:published_time\" content=\"2019-02-24T11:54:54+00:00\" \/>\n<meta property=\"article:modified_time\" content=\"2024-05-24T08:27:13+00:00\" \/>\n<meta property=\"og:image\" content=\"https:\/\/m3caravaning.com\/wp-content\/uploads\/2021\/01\/consejos-en-la-conduccion-de-tu-caravana-id-69.jpg\" \/>\n\t<meta property=\"og:image:width\" content=\"1280\" \/>\n\t<meta property=\"og:image:height\" content=\"680\" \/>\n\t<meta property=\"og:image:type\" content=\"image\/jpeg\" \/>\n<meta name=\"author\" content=\"M3 Caravaning\" \/>\n<meta name=\"twitter:card\" content=\"summary_large_image\" \/>\n<meta name=\"twitter:creator\" content=\"@M3Caravaning\" \/>\n<meta name=\"twitter:site\" content=\"@M3Caravaning\" \/>\n<meta name=\"twitter:label1\" content=\"Written by\" \/>\n\t<meta name=\"twitter:data1\" content=\"M3 Caravaning\" \/>\n\t<meta name=\"twitter:label2\" content=\"Est. reading time\" \/>\n\t<meta name=\"twitter:data2\" content=\"6 minutes\" \/>\n<script type=\"application\/ld+json\" class=\"yoast-schema-graph\">{\"@context\":\"https:\/\/schema.org\",\"@graph\":[{\"@type\":\"WebPage\",\"@id\":\"https:\/\/m3caravaning.com\/ca\/caravanes\/consells-en-la-conduccio-de-la-teva-caravana\/\",\"url\":\"https:\/\/m3caravaning.com\/ca\/caravanes\/consells-en-la-conduccio-de-la-teva-caravana\/\",\"name\":\"Consells en la conducci\u00f3 de la teva caravana - Autocaravanas, caravanas y furgonetas campers nuevas, ocasi\u00f3n y segunda mano\",\"isPartOf\":{\"@id\":\"https:\/\/m3caravaning.com\/ca\/#website\"},\"primaryImageOfPage\":{\"@id\":\"https:\/\/m3caravaning.com\/ca\/caravanes\/consells-en-la-conduccio-de-la-teva-caravana\/#primaryimage\"},\"image\":{\"@id\":\"https:\/\/m3caravaning.com\/ca\/caravanes\/consells-en-la-conduccio-de-la-teva-caravana\/#primaryimage\"},\"thumbnailUrl\":\"https:\/\/m3caravaning.com\/wp-content\/uploads\/2021\/01\/consejos-en-la-conduccion-de-tu-caravana-id-69.jpg\",\"datePublished\":\"2019-02-24T11:54:54+00:00\",\"dateModified\":\"2024-05-24T08:27:13+00:00\",\"author\":{\"@id\":\"https:\/\/m3caravaning.com\/ca\/#\/schema\/person\/10e5f1edce4be1f414d4bde1bcf0c65f\"},\"description\":\"En M3 Caravaning t'oferim tot tipus de consells en la conducci\u00f3 de la teva caravana per als amants del caravaning\",\"breadcrumb\":{\"@id\":\"https:\/\/m3caravaning.com\/ca\/caravanes\/consells-en-la-conduccio-de-la-teva-caravana\/#breadcrumb\"},\"inLanguage\":\"ca\",\"potentialAction\":[{\"@type\":\"ReadAction\",\"target\":[\"https:\/\/m3caravaning.com\/ca\/caravanes\/consells-en-la-conduccio-de-la-teva-caravana\/\"]}]},{\"@type\":\"ImageObject\",\"inLanguage\":\"ca\",\"@id\":\"https:\/\/m3caravaning.com\/ca\/caravanes\/consells-en-la-conduccio-de-la-teva-caravana\/#primaryimage\",\"url\":\"https:\/\/m3caravaning.com\/wp-content\/uploads\/2021\/01\/consejos-en-la-conduccion-de-tu-caravana-id-69.jpg\",\"contentUrl\":\"https:\/\/m3caravaning.com\/wp-content\/uploads\/2021\/01\/consejos-en-la-conduccion-de-tu-caravana-id-69.jpg\",\"width\":1280,\"height\":680},{\"@type\":\"BreadcrumbList\",\"@id\":\"https:\/\/m3caravaning.com\/ca\/caravanes\/consells-en-la-conduccio-de-la-teva-caravana\/#breadcrumb\",\"itemListElement\":[{\"@type\":\"ListItem\",\"position\":1,\"name\":\"Portada\",\"item\":\"https:\/\/m3caravaning.com\/ca\/\"},{\"@type\":\"ListItem\",\"position\":2,\"name\":\"Consells en la conducci\u00f3 de la teva caravana\"}]},{\"@type\":\"WebSite\",\"@id\":\"https:\/\/m3caravaning.com\/ca\/#website\",\"url\":\"https:\/\/m3caravaning.com\/ca\/\",\"name\":\"Autocaravanas, caravanas y furgonetas campers nuevas, ocasi\u00f3n y segunda mano\",\"description\":\"Tu tienda de autocaravanas, campers y caravanas nuevas y de segunda mano. Alquiler, tienda de recambios, taller, seguros, etc.\",\"potentialAction\":[{\"@type\":\"SearchAction\",\"target\":{\"@type\":\"EntryPoint\",\"urlTemplate\":\"https:\/\/m3caravaning.com\/ca\/?s={search_term_string}\"},\"query-input\":\"required name=search_term_string\"}],\"inLanguage\":\"ca\"},{\"@type\":\"Person\",\"@id\":\"https:\/\/m3caravaning.com\/ca\/#\/schema\/person\/10e5f1edce4be1f414d4bde1bcf0c65f\",\"name\":\"M3 Caravaning\",\"image\":{\"@type\":\"ImageObject\",\"inLanguage\":\"ca\",\"@id\":\"https:\/\/m3caravaning.com\/ca\/#\/schema\/person\/image\/\",\"url\":\"https:\/\/secure.gravatar.com\/avatar\/45cc9e7bfaa20654bd7626e499aa306a8db18ee338763b6b771e707ccbeef54c?s=96&d=mm&r=g\",\"contentUrl\":\"https:\/\/secure.gravatar.com\/avatar\/45cc9e7bfaa20654bd7626e499aa306a8db18ee338763b6b771e707ccbeef54c?s=96&d=mm&r=g\",\"caption\":\"M3 Caravaning\"}}]}<\/script>\n<!-- \/ Yoast SEO plugin. -->","yoast_head_json":{"title":"Consells en la conducci\u00f3 de la teva caravana - Autocaravanas, caravanas y furgonetas campers nuevas, ocasi\u00f3n y segunda mano","description":"En M3 Caravaning t'oferim tot tipus de consells en la conducci\u00f3 de la teva caravana per als amants del caravaning","robots":{"index":"index","follow":"follow","max-snippet":"max-snippet:-1","max-image-preview":"max-image-preview:large","max-video-preview":"max-video-preview:-1"},"canonical":"https:\/\/m3caravaning.com\/ca\/caravanes\/consells-en-la-conduccio-de-la-teva-caravana\/","og_locale":"ca_ES","og_type":"article","og_title":"Consells en la conducci\u00f3 de la teva caravana - Autocaravanas, caravanas y furgonetas campers nuevas, ocasi\u00f3n y segunda mano","og_description":"En M3 Caravaning t'oferim tot tipus de consells en la conducci\u00f3 de la teva caravana per als amants del caravaning","og_url":"https:\/\/m3caravaning.com\/ca\/caravanes\/consells-en-la-conduccio-de-la-teva-caravana\/","og_site_name":"Autocaravanas, caravanas y furgonetas campers nuevas, ocasi\u00f3n y segunda mano","article_publisher":"https:\/\/www.facebook.com\/m3caravaning","article_published_time":"2019-02-24T11:54:54+00:00","article_modified_time":"2024-05-24T08:27:13+00:00","og_image":[{"width":1280,"height":680,"url":"https:\/\/m3caravaning.com\/wp-content\/uploads\/2021\/01\/consejos-en-la-conduccion-de-tu-caravana-id-69.jpg","type":"image\/jpeg"}],"author":"M3 Caravaning","twitter_card":"summary_large_image","twitter_creator":"@M3Caravaning","twitter_site":"@M3Caravaning","twitter_misc":{"Written by":"M3 Caravaning","Est. reading time":"6 minutes"},"schema":{"@context":"https:\/\/schema.org","@graph":[{"@type":"WebPage","@id":"https:\/\/m3caravaning.com\/ca\/caravanes\/consells-en-la-conduccio-de-la-teva-caravana\/","url":"https:\/\/m3caravaning.com\/ca\/caravanes\/consells-en-la-conduccio-de-la-teva-caravana\/","name":"Consells en la conducci\u00f3 de la teva caravana - Autocaravanas, caravanas y furgonetas campers nuevas, ocasi\u00f3n y segunda mano","isPartOf":{"@id":"https:\/\/m3caravaning.com\/ca\/#website"},"primaryImageOfPage":{"@id":"https:\/\/m3caravaning.com\/ca\/caravanes\/consells-en-la-conduccio-de-la-teva-caravana\/#primaryimage"},"image":{"@id":"https:\/\/m3caravaning.com\/ca\/caravanes\/consells-en-la-conduccio-de-la-teva-caravana\/#primaryimage"},"thumbnailUrl":"https:\/\/m3caravaning.com\/wp-content\/uploads\/2021\/01\/consejos-en-la-conduccion-de-tu-caravana-id-69.jpg","datePublished":"2019-02-24T11:54:54+00:00","dateModified":"2024-05-24T08:27:13+00:00","author":{"@id":"https:\/\/m3caravaning.com\/ca\/#\/schema\/person\/10e5f1edce4be1f414d4bde1bcf0c65f"},"description":"En M3 Caravaning t'oferim tot tipus de consells en la conducci\u00f3 de la teva caravana per als amants del caravaning","breadcrumb":{"@id":"https:\/\/m3caravaning.com\/ca\/caravanes\/consells-en-la-conduccio-de-la-teva-caravana\/#breadcrumb"},"inLanguage":"ca","potentialAction":[{"@type":"ReadAction","target":["https:\/\/m3caravaning.com\/ca\/caravanes\/consells-en-la-conduccio-de-la-teva-caravana\/"]}]},{"@type":"ImageObject","inLanguage":"ca","@id":"https:\/\/m3caravaning.com\/ca\/caravanes\/consells-en-la-conduccio-de-la-teva-caravana\/#primaryimage","url":"https:\/\/m3caravaning.com\/wp-content\/uploads\/2021\/01\/consejos-en-la-conduccion-de-tu-caravana-id-69.jpg","contentUrl":"https:\/\/m3caravaning.com\/wp-content\/uploads\/2021\/01\/consejos-en-la-conduccion-de-tu-caravana-id-69.jpg","width":1280,"height":680},{"@type":"BreadcrumbList","@id":"https:\/\/m3caravaning.com\/ca\/caravanes\/consells-en-la-conduccio-de-la-teva-caravana\/#breadcrumb","itemListElement":[{"@type":"ListItem","position":1,"name":"Portada","item":"https:\/\/m3caravaning.com\/ca\/"},{"@type":"ListItem","position":2,"name":"Consells en la conducci\u00f3 de la teva caravana"}]},{"@type":"WebSite","@id":"https:\/\/m3caravaning.com\/ca\/#website","url":"https:\/\/m3caravaning.com\/ca\/","name":"Autocaravanas, caravanas y furgonetas campers nuevas, ocasi\u00f3n y segunda mano","description":"Tu tienda de autocaravanas, campers y caravanas nuevas y de segunda mano. Alquiler, tienda de recambios, taller, seguros, etc.","potentialAction":[{"@type":"SearchAction","target":{"@type":"EntryPoint","urlTemplate":"https:\/\/m3caravaning.com\/ca\/?s={search_term_string}"},"query-input":"required name=search_term_string"}],"inLanguage":"ca"},{"@type":"Person","@id":"https:\/\/m3caravaning.com\/ca\/#\/schema\/person\/10e5f1edce4be1f414d4bde1bcf0c65f","name":"M3 Caravaning","image":{"@type":"ImageObject","inLanguage":"ca","@id":"https:\/\/m3caravaning.com\/ca\/#\/schema\/person\/image\/","url":"https:\/\/secure.gravatar.com\/avatar\/45cc9e7bfaa20654bd7626e499aa306a8db18ee338763b6b771e707ccbeef54c?s=96&d=mm&r=g","contentUrl":"https:\/\/secure.gravatar.com\/avatar\/45cc9e7bfaa20654bd7626e499aa306a8db18ee338763b6b771e707ccbeef54c?s=96&d=mm&r=g","caption":"M3 Caravaning"}}]}},"_links":{"self":[{"href":"https:\/\/m3caravaning.com\/ca\/wp-json\/wp\/v2\/posts\/1625","targetHints":{"allow":["GET"]}}],"collection":[{"href":"https:\/\/m3caravaning.com\/ca\/wp-json\/wp\/v2\/posts"}],"about":[{"href":"https:\/\/m3caravaning.com\/ca\/wp-json\/wp\/v2\/types\/post"}],"author":[{"embeddable":true,"href":"https:\/\/m3caravaning.com\/ca\/wp-json\/wp\/v2\/users\/2"}],"replies":[{"embeddable":true,"href":"https:\/\/m3caravaning.com\/ca\/wp-json\/wp\/v2\/comments?post=1625"}],"version-history":[{"count":1,"href":"https:\/\/m3caravaning.com\/ca\/wp-json\/wp\/v2\/posts\/1625\/revisions"}],"predecessor-version":[{"id":619479,"href":"https:\/\/m3caravaning.com\/ca\/wp-json\/wp\/v2\/posts\/1625\/revisions\/619479"}],"wp:featuredmedia":[{"embeddable":true,"href":"https:\/\/m3caravaning.com\/ca\/wp-json\/wp\/v2\/media\/593"}],"wp:attachment":[{"href":"https:\/\/m3caravaning.com\/ca\/wp-json\/wp\/v2\/media?parent=1625"}],"wp:term":[{"taxonomy":"category","embeddable":true,"href":"https:\/\/m3caravaning.com\/ca\/wp-json\/wp\/v2\/categories?post=1625"},{"taxonomy":"post_tag","embeddable":true,"href":"https:\/\/m3caravaning.com\/ca\/wp-json\/wp\/v2\/tags?post=1625"}],"curies":[{"name":"wp","href":"https:\/\/api.w.org\/{rel}","templated":true}]}}